{"id":438400,"date":"2026-04-09T14:23:00","date_gmt":"2026-04-09T17:23:00","guid":{"rendered":"https:\/\/portaltela.pt\/noticias\/2026\/04\/09\/da-locutora-a-voluntaria-vitimas-do-ataque-de-israel-no-libano\/"},"modified":"2026-04-09T14:23:00","modified_gmt":"2026-04-09T17:23:00","slug":"da-locutora-a-voluntaria-vitimas-do-ataque-de-israel-no-libano","status":"publish","type":"post","link":"https:\/\/portaltela.pt\/guerra\/2026\/04\/09\/da-locutora-a-voluntaria-vitimas-do-ataque-de-israel-no-libano\/","title":{"rendered":"Da locutora \u00e0 volunt\u00e1ria, v\u00edtimas do ataque de Israel no L\u00edbano"},"content":{"rendered":"<p>O ataque israelita de quarta-feira, descrito pelo Ex\u00e9rcito de Israel como alvo a cerca de 100 centros de comando e instala\u00e7\u00f5es militares do Hezbollah, provocou mais de 200 mortes no L\u00edbano, a maioria civis, segundo uma fonte militar libanesa \u00e0 AFP. O confronto ocorre ap\u00f3s o maior bombardeamento desde o in\u00edcio do conflito. O Hezbollah permanece como parte envolvida, com o contexto de intensa batalha na regi\u00e3o.<\/p>\n<p>Beirute e Tiro foram os lugares mais afetados, com edif\u00edcios destru\u00eddos e servi\u00e7os interrompidos. O ataque intensificou-se num momento de desloca\u00e7\u00e3o de pessoas para abrigos improvisados, aumentando o peso humano da ofensiva. A situa\u00e7\u00e3o humanit\u00e1ria permanece tensa, com falta de recursos b\u00e1sicos em v\u00e1rias zonas.<\/p>\n<h3>Locutora de r\u00e1dio em teletrabalho<\/h3>\n<p>Ghada Dayekh, de 60 anos, era locutora veterana na r\u00e1dio Sawt Al-Farah. Um ataque destruiu a casa dela, em Tiro, levando \u00e0 sua morte. O propriet\u00e1rio da esta\u00e7\u00e3o descreve-a como mentora de v\u00e1rias gera\u00e7\u00f5es de jornalistas. Dayekh trabalhava a partir de casa desde o ataque anterior ao escrit\u00f3rio.<\/p>\n<p>O dono da r\u00e1dio lembra a personalidade cativante de Dayekh e o seu compromisso com a alegria na programa\u00e7\u00e3o. Ela costumava apresentar-se pela voz da esta\u00e7\u00e3o, mantendo o esp\u00edrito de trabalho mesmo em momentos de crise.<\/p>\n<h3>A gentil poetisa<\/h3>\n<p>Khatoun Salma, poetisa que residia em Beirute, faleceu em casa, ao lado do marido, na noite de quarta-feira. V\u00edtima de um ataque, foi descrita por amigos como  e m\u00e3e dedicada, deixando para tr\u00e1s uma fam\u00edlia fragilizada.<\/p>\n<p>O casal era pr\u00f3ximo de uma comunidade cultural local, com mem\u00f3rias de noites de poesia na cidade. A fam\u00edlia lamenta a perda e recorda a liga\u00e7\u00e3o com a vida cultural de Tiro e Beirute.<\/p>\n<h3>O mestre torrefador de cora\u00e7\u00e3o bondoso<\/h3>\n<p>Nader Khalil trabalhava h\u00e1 35 anos na torrefa\u00e7\u00e3o Rifai, em Beirute. Foi morto durante o ataque que atingiu a zona da Corniche Al-Mazraa, num ponto de alta densidade populacional no hor\u00e1rio de ponta.<\/p>\n<p>A empresa descreve Khalil como dedicado e com paix\u00e3o pelo of\u00edcio. Em redes sociais, empregados e clientes destacam o seu car\u00e1ter af\u00e1vel e o contributo para a comunidade local.<\/p>\n<h3>Morreu ap\u00f3s perder marido em explos\u00e3o do porto de Beirute<\/h3>\n<p>Ola Al-Attar, de 32 anos, perdeu o marido na explos\u00e3o do porto em 2020. As filhas, com oito e 11 anos, passaram a morar com a m\u00e3e ap\u00f3s a trag\u00e9dia anterior. Uma nova imagem de dor surge com a morte de Ola, ocorrida numa cl\u00ednica m\u00e9dica no bairro de Ouzai.<\/p>\n<p>Um ativista de fam\u00edlias das v\u00edtimas recorda que Ola lutava pela verdade e pela justi\u00e7a na investiga\u00e7\u00e3o do porto. A fam\u00edlia compromete-se a continuar essa busca, apesar do novo luto.<\/p>\n<h3>Volunt\u00e1ria morta em farm\u00e1cia<\/h3>\n<p>Rana Shaya dirigia-se a uma farm\u00e1cia gerida por uma ONG para distribuir medicamentos a deslocados. O ataque a\u00e9reo vitimou-a, al\u00e9m dos presentes na farm\u00e1cia. Shaya deixa o marido e dois filhos.<\/p>\n<p>A fam\u00edlia descreve Rana como determinada e cheia de vida. Os amigos recordam a sua energia e o desejo de ajudar quem precisa, mantendo viva a mem\u00f3ria da volunt\u00e1ria.<\/p>\n","protected":false},"excerpt":{"rendered":"<ul>\n<li>O Ex\u00e9rcito de Israel afirmou ter visado aproximadamente 100 centros de comando e instala\u00e7\u00f5es militares do Hezbollah, num ataque que deixou cerca de 200 mortos, a maioria civis, segundo uma fonte militar libanesa \u00e0 AFP.<\/li>\n<li>Ghada Dayekh, locutora de r\u00e1dio de 60 anos, morreu quando a habita\u00e7\u00e3o em Tiro, no sul do L\u00edbano, foi atingida pelo bombardeamento; era considerada mentora na esta\u00e7\u00e3o Sawt Al-Farah.<\/li>\n<li>A poetisa Khatoun Salma morreu em casa, no bairro de Tallet al-Khayyat, Beirute, ao lado do marido, conforme confirmam membros da comunidade art\u00edstica.<\/li>\n<li>O torrefador Nader Khalil, com 35 anos de servi\u00e7o, morreu na torrefa\u00e7\u00e3o Rifai, em Beirute, ap\u00f3s o ataque que devastou a \u00e1rea da Corniche Al-Mazraa.<\/li>\n<li>Rana Shaya, volunt\u00e1ria de Baysur, morreu ao entrar numa farm\u00e1cia gerida por uma ONG em Aley, onde recolhia medicamentos para deslocados; deixa marido e dois filhos.<\/li>\n<\/ul>\n","protected":false},"author":2,"featured_media":438404,"comment_status":"closed","ping_status":"closed","sticky":false,"template":"","format":"standard","meta":{"footnotes":""},"categories":[6790,6804],"tags":[6552,145,4617,3708,5707,6421],"class_list":["post-438400","post","type-post","status-publish","format-standard","has-post-thumbnail","hentry","category-conflitos","category-guerra","tag-beirute","tag-cultura","tag-deslocados","tag-israel","tag-jornalistas","tag-mortos"],"yoast_head":"<!-- This site is optimized with the Yoast SEO plugin v27.2 - https:\/\/yoast.com\/product\/yoast-seo-wordpress\/ -->\n<title>Da locutora \u00e0 volunt\u00e1ria, v\u00edtimas do ataque de Israel no L\u00edbano - Portal Tela Portugal<\/title>\n<meta name=\"robots\" content=\"index, follow, max-snippet:-1, max-image-preview:large, max-video-preview:-1\" \/>\n<meta property=\"og:locale\" content=\"pt_PT\" \/>\n<meta property=\"og:type\" content=\"article\" \/>\n<meta property=\"og:title\" content=\"Da locutora \u00e0 volunt\u00e1ria, v\u00edtimas do ataque de Israel no L\u00edbano - Portal Tela Portugal\" \/>\n<meta property=\"og:description\" content=\"O Ex\u00e9rcito de Israel afirmou ter visado aproximadamente 100 centros de comando e instala\u00e7\u00f5es militares do Hezbollah, num ataque que deixou cerca de 200 mortos, a maioria civis, segundo uma fonte militar libanesa \u00e0 AFP. Ghada Dayekh, locutora de r\u00e1dio de 60 anos, morreu quando a habita\u00e7\u00e3o em Tiro, no sul do L\u00edbano, foi atingida pelo bombardeamento; era considerada mentora na esta\u00e7\u00e3o Sawt Al-Farah. A poetisa Khatoun Salma morreu em casa, no bairro de Tallet al-Khayyat, Beirute, ao lado do marido, conforme confirmam membros da comunidade art\u00edstica. O torrefador Nader Khalil, com 35 anos de servi\u00e7o, morreu na torrefa\u00e7\u00e3o Rifai, em Beirute, ap\u00f3s o ataque que devastou a \u00e1rea da Corniche Al-Mazraa. Rana Shaya, volunt\u00e1ria de Baysur, morreu ao entrar numa farm\u00e1cia gerida por uma ONG em Aley, onde recolhia medicamentos para deslocados; deixa marido e dois filhos.\" \/>\n<meta property=\"og:url\" content=\"https:\/\/portaltela.pt\/noticias\/2026\/04\/09\/da-locutora-a-voluntaria-vitimas-do-ataque-de-israel-no-libano\/\" \/>\n<meta property=\"og:site_name\" content=\"Portal Tela Portugal\" \/>\n<meta property=\"article:published_time\" content=\"2026-04-09T17:23:00+00:00\" \/>\n<meta name=\"author\" content=\"Telinha\" \/>\n<meta name=\"twitter:card\" content=\"summary_large_image\" \/>\n<meta name=\"twitter:label1\" content=\"Escrito por\" \/>\n\t<meta name=\"twitter:data1\" content=\"Telinha\" \/>\n\t<meta name=\"twitter:label2\" content=\"Tempo estimado de leitura\" \/>\n\t<meta name=\"twitter:data2\" content=\"3 minutos\" \/>\n<script type=\"application\/ld+json\" class=\"yoast-schema-graph\">{\"@context\":\"https:\/\/schema.org\",\"@graph\":[{\"@type\":\"Article\",\"@id\":\"https:\/\/portaltela.pt\/noticias\/2026\/04\/09\/da-locutora-a-voluntaria-vitimas-do-ataque-de-israel-no-libano\/#article\",\"isPartOf\":{\"@id\":\"https:\/\/portaltela.pt\/noticias\/2026\/04\/09\/da-locutora-a-voluntaria-vitimas-do-ataque-de-israel-no-libano\/\"},\"author\":{\"name\":\"Telinha\",\"@id\":\"https:\/\/portaltela.pt\/#\/schema\/person\/c4278d4a6028830caff9ee44b42d32ed\"},\"headline\":\"Da locutora \u00e0 volunt\u00e1ria, v\u00edtimas do ataque de Israel no L\u00edbano\",\"datePublished\":\"2026-04-09T17:23:00+00:00\",\"mainEntityOfPage\":{\"@id\":\"https:\/\/portaltela.pt\/noticias\/2026\/04\/09\/da-locutora-a-voluntaria-vitimas-do-ataque-de-israel-no-libano\/\"},\"wordCount\":562,\"image\":{\"@id\":\"https:\/\/portaltela.pt\/noticias\/2026\/04\/09\/da-locutora-a-voluntaria-vitimas-do-ataque-de-israel-no-libano\/#primaryimage\"},\"thumbnailUrl\":\"https:\/\/portaltela.pt\/s.01k8rhncp4jt1\/2026\/04\/image-534.jpg\",\"keywords\":[\"Beirute\",\"cultura\",\"deslocados\",\"Israel\",\"jornalistas\",\"mortos\"],\"articleSection\":[\"Conflitos\",\"Guerra\"],\"inLanguage\":\"pt-PT\"},{\"@type\":\"WebPage\",\"@id\":\"https:\/\/portaltela.pt\/noticias\/2026\/04\/09\/da-locutora-a-voluntaria-vitimas-do-ataque-de-israel-no-libano\/\",\"url\":\"https:\/\/portaltela.pt\/noticias\/2026\/04\/09\/da-locutora-a-voluntaria-vitimas-do-ataque-de-israel-no-libano\/\",\"name\":\"Da locutora \u00e0 volunt\u00e1ria, v\u00edtimas do ataque de Israel no L\u00edbano - Portal Tela Portugal\",\"isPartOf\":{\"@id\":\"https:\/\/portaltela.pt\/#website\"},\"primaryImageOfPage\":{\"@id\":\"https:\/\/portaltela.pt\/noticias\/2026\/04\/09\/da-locutora-a-voluntaria-vitimas-do-ataque-de-israel-no-libano\/#primaryimage\"},\"image\":{\"@id\":\"https:\/\/portaltela.pt\/noticias\/2026\/04\/09\/da-locutora-a-voluntaria-vitimas-do-ataque-de-israel-no-libano\/#primaryimage\"},\"thumbnailUrl\":\"https:\/\/portaltela.pt\/s.01k8rhncp4jt1\/2026\/04\/image-534.jpg\",\"datePublished\":\"2026-04-09T17:23:00+00:00\",\"author\":{\"@id\":\"https:\/\/portaltela.pt\/#\/schema\/person\/c4278d4a6028830caff9ee44b42d32ed\"},\"breadcrumb\":{\"@id\":\"https:\/\/portaltela.pt\/noticias\/2026\/04\/09\/da-locutora-a-voluntaria-vitimas-do-ataque-de-israel-no-libano\/#breadcrumb\"},\"inLanguage\":\"pt-PT\",\"potentialAction\":[{\"@type\":\"ReadAction\",\"target\":[\"https:\/\/portaltela.pt\/noticias\/2026\/04\/09\/da-locutora-a-voluntaria-vitimas-do-ataque-de-israel-no-libano\/\"]}]},{\"@type\":\"ImageObject\",\"inLanguage\":\"pt-PT\",\"@id\":\"https:\/\/portaltela.pt\/noticias\/2026\/04\/09\/da-locutora-a-voluntaria-vitimas-do-ataque-de-israel-no-libano\/#primaryimage\",\"url\":\"https:\/\/portaltela.pt\/s.01k8rhncp4jt1\/2026\/04\/image-534.jpg\",\"contentUrl\":\"https:\/\/portaltela.pt\/s.01k8rhncp4jt1\/2026\/04\/image-534.jpg\",\"width\":796,\"height\":448,\"caption\":\"Foto: Direitos reservados\"},{\"@type\":\"BreadcrumbList\",\"@id\":\"https:\/\/portaltela.pt\/noticias\/2026\/04\/09\/da-locutora-a-voluntaria-vitimas-do-ataque-de-israel-no-libano\/#breadcrumb\",\"itemListElement\":[{\"@type\":\"ListItem\",\"position\":1,\"name\":\"In\u00edcio\",\"item\":\"https:\/\/portaltela.pt\/\"},{\"@type\":\"ListItem\",\"position\":2,\"name\":\"Da locutora \u00e0 volunt\u00e1ria, v\u00edtimas do ataque de Israel no L\u00edbano\"}]},{\"@type\":\"WebSite\",\"@id\":\"https:\/\/portaltela.pt\/#website\",\"url\":\"https:\/\/portaltela.pt\/\",\"name\":\"Portal Tela Portugal\",\"description\":\"\",\"potentialAction\":[{\"@type\":\"SearchAction\",\"target\":{\"@type\":\"EntryPoint\",\"urlTemplate\":\"https:\/\/portaltela.pt\/?s={search_term_string}\"},\"query-input\":{\"@type\":\"PropertyValueSpecification\",\"valueRequired\":true,\"valueName\":\"search_term_string\"}}],\"inLanguage\":\"pt-PT\"},{\"@type\":\"Person\",\"@id\":\"https:\/\/portaltela.pt\/#\/schema\/person\/c4278d4a6028830caff9ee44b42d32ed\",\"name\":\"Telinha\",\"image\":{\"@type\":\"ImageObject\",\"inLanguage\":\"pt-PT\",\"@id\":\"https:\/\/portaltela.pt\/s.01k8rhncp4jt1\/2025\/11\/talking-bot-125x125.png\",\"url\":\"https:\/\/portaltela.pt\/s.01k8rhncp4jt1\/2025\/11\/talking-bot-125x125.png\",\"contentUrl\":\"https:\/\/portaltela.pt\/s.01k8rhncp4jt1\/2025\/11\/talking-bot-125x125.png\",\"caption\":\"Telinha\"},\"sameAs\":[\"https:\/\/portaltela.pt\/\"],\"url\":\"https:\/\/portaltela.pt\/por\/367410592786\/\"}]}<\/script>\n<!-- \/ Yoast SEO plugin. -->","yoast_head_json":{"title":"Da locutora \u00e0 volunt\u00e1ria, v\u00edtimas do ataque de Israel no L\u00edbano - Portal Tela Portugal","robots":{"index":"index","follow":"follow","max-snippet":"max-snippet:-1","max-image-preview":"max-image-preview:large","max-video-preview":"max-video-preview:-1"},"og_locale":"pt_PT","og_type":"article","og_title":"Da locutora \u00e0 volunt\u00e1ria, v\u00edtimas do ataque de Israel no L\u00edbano - Portal Tela Portugal","og_description":"O Ex\u00e9rcito de Israel afirmou ter visado aproximadamente 100 centros de comando e instala\u00e7\u00f5es militares do Hezbollah, num ataque que deixou cerca de 200 mortos, a maioria civis, segundo uma fonte militar libanesa \u00e0 AFP. Ghada Dayekh, locutora de r\u00e1dio de 60 anos, morreu quando a habita\u00e7\u00e3o em Tiro, no sul do L\u00edbano, foi atingida pelo bombardeamento; era considerada mentora na esta\u00e7\u00e3o Sawt Al-Farah. A poetisa Khatoun Salma morreu em casa, no bairro de Tallet al-Khayyat, Beirute, ao lado do marido, conforme confirmam membros da comunidade art\u00edstica. O torrefador Nader Khalil, com 35 anos de servi\u00e7o, morreu na torrefa\u00e7\u00e3o Rifai, em Beirute, ap\u00f3s o ataque que devastou a \u00e1rea da Corniche Al-Mazraa. Rana Shaya, volunt\u00e1ria de Baysur, morreu ao entrar numa farm\u00e1cia gerida por uma ONG em Aley, onde recolhia medicamentos para deslocados; deixa marido e dois filhos.","og_url":"https:\/\/portaltela.pt\/noticias\/2026\/04\/09\/da-locutora-a-voluntaria-vitimas-do-ataque-de-israel-no-libano\/","og_site_name":"Portal Tela Portugal","article_published_time":"2026-04-09T17:23:00+00:00","author":"Telinha","twitter_card":"summary_large_image","twitter_misc":{"Escrito por":"Telinha","Tempo estimado de leitura":"3 minutos"},"schema":{"@context":"https:\/\/schema.org","@graph":[{"@type":"Article","@id":"https:\/\/portaltela.pt\/noticias\/2026\/04\/09\/da-locutora-a-voluntaria-vitimas-do-ataque-de-israel-no-libano\/#article","isPartOf":{"@id":"https:\/\/portaltela.pt\/noticias\/2026\/04\/09\/da-locutora-a-voluntaria-vitimas-do-ataque-de-israel-no-libano\/"},"author":{"name":"Telinha","@id":"https:\/\/portaltela.pt\/#\/schema\/person\/c4278d4a6028830caff9ee44b42d32ed"},"headline":"Da locutora \u00e0 volunt\u00e1ria, v\u00edtimas do ataque de Israel no L\u00edbano","datePublished":"2026-04-09T17:23:00+00:00","mainEntityOfPage":{"@id":"https:\/\/portaltela.pt\/noticias\/2026\/04\/09\/da-locutora-a-voluntaria-vitimas-do-ataque-de-israel-no-libano\/"},"wordCount":562,"image":{"@id":"https:\/\/portaltela.pt\/noticias\/2026\/04\/09\/da-locutora-a-voluntaria-vitimas-do-ataque-de-israel-no-libano\/#primaryimage"},"thumbnailUrl":"https:\/\/portaltela.pt\/s.01k8rhncp4jt1\/2026\/04\/image-534.jpg","keywords":["Beirute","cultura","deslocados","Israel","jornalistas","mortos"],"articleSection":["Conflitos","Guerra"],"inLanguage":"pt-PT"},{"@type":"WebPage","@id":"https:\/\/portaltela.pt\/noticias\/2026\/04\/09\/da-locutora-a-voluntaria-vitimas-do-ataque-de-israel-no-libano\/","url":"https:\/\/portaltela.pt\/noticias\/2026\/04\/09\/da-locutora-a-voluntaria-vitimas-do-ataque-de-israel-no-libano\/","name":"Da locutora \u00e0 volunt\u00e1ria, v\u00edtimas do ataque de Israel no L\u00edbano - Portal Tela Portugal","isPartOf":{"@id":"https:\/\/portaltela.pt\/#website"},"primaryImageOfPage":{"@id":"https:\/\/portaltela.pt\/noticias\/2026\/04\/09\/da-locutora-a-voluntaria-vitimas-do-ataque-de-israel-no-libano\/#primaryimage"},"image":{"@id":"https:\/\/portaltela.pt\/noticias\/2026\/04\/09\/da-locutora-a-voluntaria-vitimas-do-ataque-de-israel-no-libano\/#primaryimage"},"thumbnailUrl":"https:\/\/portaltela.pt\/s.01k8rhncp4jt1\/2026\/04\/image-534.jpg","datePublished":"2026-04-09T17:23:00+00:00","author":{"@id":"https:\/\/portaltela.pt\/#\/schema\/person\/c4278d4a6028830caff9ee44b42d32ed"},"breadcrumb":{"@id":"https:\/\/portaltela.pt\/noticias\/2026\/04\/09\/da-locutora-a-voluntaria-vitimas-do-ataque-de-israel-no-libano\/#breadcrumb"},"inLanguage":"pt-PT","potentialAction":[{"@type":"ReadAction","target":["https:\/\/portaltela.pt\/noticias\/2026\/04\/09\/da-locutora-a-voluntaria-vitimas-do-ataque-de-israel-no-libano\/"]}]},{"@type":"ImageObject","inLanguage":"pt-PT","@id":"https:\/\/portaltela.pt\/noticias\/2026\/04\/09\/da-locutora-a-voluntaria-vitimas-do-ataque-de-israel-no-libano\/#primaryimage","url":"https:\/\/portaltela.pt\/s.01k8rhncp4jt1\/2026\/04\/image-534.jpg","contentUrl":"https:\/\/portaltela.pt\/s.01k8rhncp4jt1\/2026\/04\/image-534.jpg","width":796,"height":448,"caption":"Foto: Direitos reservados"},{"@type":"BreadcrumbList","@id":"https:\/\/portaltela.pt\/noticias\/2026\/04\/09\/da-locutora-a-voluntaria-vitimas-do-ataque-de-israel-no-libano\/#breadcrumb","itemListElement":[{"@type":"ListItem","position":1,"name":"In\u00edcio","item":"https:\/\/portaltela.pt\/"},{"@type":"ListItem","position":2,"name":"Da locutora \u00e0 volunt\u00e1ria, v\u00edtimas do ataque de Israel no L\u00edbano"}]},{"@type":"WebSite","@id":"https:\/\/portaltela.pt\/#website","url":"https:\/\/portaltela.pt\/","name":"Portal Tela Portugal","description":"","potentialAction":[{"@type":"SearchAction","target":{"@type":"EntryPoint","urlTemplate":"https:\/\/portaltela.pt\/?s={search_term_string}"},"query-input":{"@type":"PropertyValueSpecification","valueRequired":true,"valueName":"search_term_string"}}],"inLanguage":"pt-PT"},{"@type":"Person","@id":"https:\/\/portaltela.pt\/#\/schema\/person\/c4278d4a6028830caff9ee44b42d32ed","name":"Telinha","image":{"@type":"ImageObject","inLanguage":"pt-PT","@id":"https:\/\/portaltela.pt\/s.01k8rhncp4jt1\/2025\/11\/talking-bot-125x125.png","url":"https:\/\/portaltela.pt\/s.01k8rhncp4jt1\/2025\/11\/talking-bot-125x125.png","contentUrl":"https:\/\/portaltela.pt\/s.01k8rhncp4jt1\/2025\/11\/talking-bot-125x125.png","caption":"Telinha"},"sameAs":["https:\/\/portaltela.pt\/"],"url":"https:\/\/portaltela.pt\/por\/367410592786\/"}]}},"_links":{"self":[{"href":"https:\/\/portaltela.pt\/api\/wp\/v2\/posts\/438400","targetHints":{"allow":["GET"]}}],"collection":[{"href":"https:\/\/portaltela.pt\/api\/wp\/v2\/posts"}],"about":[{"href":"https:\/\/portaltela.pt\/api\/wp\/v2\/types\/post"}],"author":[{"embeddable":true,"href":"https:\/\/portaltela.pt\/api\/wp\/v2\/users\/2"}],"replies":[{"embeddable":true,"href":"https:\/\/portaltela.pt\/api\/wp\/v2\/comments?post=438400"}],"version-history":[{"count":0,"href":"https:\/\/portaltela.pt\/api\/wp\/v2\/posts\/438400\/revisions"}],"wp:featuredmedia":[{"embeddable":true,"href":"https:\/\/portaltela.pt\/api\/wp\/v2\/media\/438404"}],"wp:attachment":[{"href":"https:\/\/portaltela.pt\/api\/wp\/v2\/media?parent=438400"}],"wp:term":[{"taxonomy":"category","embeddable":true,"href":"https:\/\/portaltela.pt\/api\/wp\/v2\/categories?post=438400"},{"taxonomy":"post_tag","embeddable":true,"href":"https:\/\/portaltela.pt\/api\/wp\/v2\/tags?post=438400"}],"curies":[{"name":"wp","href":"https:\/\/api.w.org\/{rel}","templated":true}]}}