{"id":438368,"date":"2026-04-09T14:17:20","date_gmt":"2026-04-09T17:17:20","guid":{"rendered":"https:\/\/portaltela.pt\/noticias\/2026\/04\/09\/chega-oferece-apoio-ao-governo-a-lei-laboral-com-condicoes-ps-recusa-colaborar\/"},"modified":"2026-04-09T14:17:20","modified_gmt":"2026-04-09T17:17:20","slug":"chega-oferece-apoio-ao-governo-a-lei-laboral-com-condicoes-ps-recusa-colaborar","status":"publish","type":"post","link":"https:\/\/portaltela.pt\/noticias\/politica\/2026\/04\/09\/chega-oferece-apoio-ao-governo-a-lei-laboral-com-condicoes-ps-recusa-colaborar\/","title":{"rendered":"Chega oferece apoio ao Governo \u00e0 lei laboral com condi\u00e7\u00f5es; PS recusa colaborar"},"content":{"rendered":"<p>O Governo enfrenta o desfecho das negocia\u00e7\u00f5es da revis\u00e3o laboral em concerta\u00e7\u00e3o social. Com o aparente fim das conversa\u00e7\u00f5es, deve seguir para a Assembleia da Rep\u00fablica. Chega e Iniciativa Liberal (IL) incentivaram Lu\u00eds Montenegro a avan\u00e7ar rapidamente.<\/p>\n<p>O Chega, liderado por Andr\u00e9 Ventura, mostrou disponibilidade para apoiar o Governo na aprova\u00e7\u00e3o de uma nova lei laboral, desde que sejam atendidas condi\u00e7\u00f5es. A IL afirma concordar em quase tudo com o executivo, segundo as \u00faltimas informa\u00e7\u00f5es.<\/p>\n<p>A Federa\u00e7\u00e3o da UGT recusou a proposta apresentada pelo Governo, o que impacta o cen\u00e1rio pol\u00edtico. A not\u00edcia surge num momento de interesse em concluir o processo legislativo, ap\u00f3s diverg\u00eancias no consenso social.<\/p>\n<h3>Apoio condicionado e rea\u00e7\u00f5es<\/h3>\n<p>Ventura aponta que o apoio pode ocorrer nas pr\u00f3ximas semanas ou meses, desde que o Governo ceda em pontos-chave. Entre as linhas de interven\u00e7\u00e3o, contam-se parentalidade, despedimentos e trabalho por turnos.<\/p>\n<p>PS critica posi\u00e7\u00e3o de Montenegro, acusando-o de preferir alian\u00e7as \u00e0 direita. O partido enfatiza a necessidade de alternativas que garantam equil\u00edbrio entre pol\u00edticas p\u00fablicas e responsabiliza\u00e7\u00e3o social.<\/p>\n","protected":false},"excerpt":{"rendered":"<ul>\n<li>O Governo dever\u00e1 levar a revis\u00e3o laboral para a Assembleia da Rep\u00fablica, depois de parecer encerrar o ciclo de concerta\u00e7\u00e3o social.<\/li>\n<li>O Chega disse estar dispon\u00edvel para apoiar o Governo a avan\u00e7ar com uma nova lei laboral nas pr\u00f3ximas semanas ou meses, desde que sejam apresentadas condi\u00e7\u00f5es.<\/li>\n<li>A Iniciativa Liberal afirma concordar em quase tudo com o executivo relativamente \u00e0 medida laboral.<\/li>\n<li>O PS lamenta que o presidente do PSD, Lu\u00eds Montenegro, prefira fazer alian\u00e7as \u00e0 direita na negocia\u00e7\u00e3o da lei laboral.<\/li>\n<li>A negocia\u00e7\u00e3o ficou emperrada ap\u00f3s a UGT ter rejeitado a proposta do Governo.<\/li>\n<\/ul>\n","protected":false},"author":2,"featured_media":438376,"comment_status":"closed","ping_status":"closed","sticky":false,"template":"","format":"standard","meta":{"footnotes":""},"categories":[1,5],"tags":[4211,2142,34,1482,3897,2832],"class_list":["post-438368","post","type-post","status-publish","format-standard","has-post-thumbnail","hentry","category-noticias","category-politica","tag-assembleia-nacional","tag-chega","tag-governo","tag-iniciativa-liberal","tag-negociacoes","tag-politica"],"yoast_head":"<!-- This site is optimized with the Yoast SEO plugin v27.2 - https:\/\/yoast.com\/product\/yoast-seo-wordpress\/ -->\n<title>Chega oferece apoio ao Governo \u00e0 lei laboral com condi\u00e7\u00f5es; PS recusa colaborar - Portal Tela Portugal<\/title>\n<meta name=\"robots\" content=\"index, follow, max-snippet:-1, max-image-preview:large, max-video-preview:-1\" \/>\n<meta property=\"og:locale\" content=\"pt_PT\" \/>\n<meta property=\"og:type\" content=\"article\" \/>\n<meta property=\"og:title\" content=\"Chega oferece apoio ao Governo \u00e0 lei laboral com condi\u00e7\u00f5es; PS recusa colaborar - Portal Tela Portugal\" \/>\n<meta property=\"og:description\" content=\"O Governo dever\u00e1 levar a revis\u00e3o laboral para a Assembleia da Rep\u00fablica, depois de parecer encerrar o ciclo de concerta\u00e7\u00e3o social. O Chega disse estar dispon\u00edvel para apoiar o Governo a avan\u00e7ar com uma nova lei laboral nas pr\u00f3ximas semanas ou meses, desde que sejam apresentadas condi\u00e7\u00f5es. A Iniciativa Liberal afirma concordar em quase tudo com o executivo relativamente \u00e0 medida laboral. O PS lamenta que o presidente do PSD, Lu\u00eds Montenegro, prefira fazer alian\u00e7as \u00e0 direita na negocia\u00e7\u00e3o da lei laboral. A negocia\u00e7\u00e3o ficou emperrada ap\u00f3s a UGT ter rejeitado a proposta do Governo.\" \/>\n<meta property=\"og:url\" content=\"https:\/\/portaltela.pt\/noticias\/2026\/04\/09\/chega-oferece-apoio-ao-governo-a-lei-laboral-com-condicoes-ps-recusa-colaborar\/\" \/>\n<meta property=\"og:site_name\" content=\"Portal Tela Portugal\" \/>\n<meta property=\"article:published_time\" content=\"2026-04-09T17:17:20+00:00\" \/>\n<meta name=\"author\" content=\"Telinha\" \/>\n<meta name=\"twitter:card\" content=\"summary_large_image\" \/>\n<meta name=\"twitter:label1\" content=\"Escrito por\" \/>\n\t<meta name=\"twitter:data1\" content=\"Telinha\" \/>\n\t<meta name=\"twitter:label2\" content=\"Tempo estimado de leitura\" \/>\n\t<meta name=\"twitter:data2\" content=\"1 minuto\" \/>\n<script type=\"application\/ld+json\" class=\"yoast-schema-graph\">{\"@context\":\"https:\/\/schema.org\",\"@graph\":[{\"@type\":\"Article\",\"@id\":\"https:\/\/portaltela.pt\/noticias\/2026\/04\/09\/chega-oferece-apoio-ao-governo-a-lei-laboral-com-condicoes-ps-recusa-colaborar\/#article\",\"isPartOf\":{\"@id\":\"https:\/\/portaltela.pt\/noticias\/2026\/04\/09\/chega-oferece-apoio-ao-governo-a-lei-laboral-com-condicoes-ps-recusa-colaborar\/\"},\"author\":{\"name\":\"Telinha\",\"@id\":\"https:\/\/portaltela.pt\/#\/schema\/person\/c4278d4a6028830caff9ee44b42d32ed\"},\"headline\":\"Chega oferece apoio ao Governo \u00e0 lei laboral com condi\u00e7\u00f5es; PS recusa colaborar\",\"datePublished\":\"2026-04-09T17:17:20+00:00\",\"mainEntityOfPage\":{\"@id\":\"https:\/\/portaltela.pt\/noticias\/2026\/04\/09\/chega-oferece-apoio-ao-governo-a-lei-laboral-com-condicoes-ps-recusa-colaborar\/\"},\"wordCount\":207,\"image\":{\"@id\":\"https:\/\/portaltela.pt\/noticias\/2026\/04\/09\/chega-oferece-apoio-ao-governo-a-lei-laboral-com-condicoes-ps-recusa-colaborar\/#primaryimage\"},\"thumbnailUrl\":\"https:\/\/portaltela.pt\/s.01k8rhncp4jt1\/2026\/04\/2080308.jpg\",\"keywords\":[\"Assembleia Nacional\",\"CHEGA\",\"governo\",\"Iniciativa Liberal\",\"negocia\u00e7\u00f5es\",\"pol\u00edtica\"],\"articleSection\":[\"Not\u00edcias\",\"Pol\u00edtica\"],\"inLanguage\":\"pt-PT\"},{\"@type\":\"WebPage\",\"@id\":\"https:\/\/portaltela.pt\/noticias\/2026\/04\/09\/chega-oferece-apoio-ao-governo-a-lei-laboral-com-condicoes-ps-recusa-colaborar\/\",\"url\":\"https:\/\/portaltela.pt\/noticias\/2026\/04\/09\/chega-oferece-apoio-ao-governo-a-lei-laboral-com-condicoes-ps-recusa-colaborar\/\",\"name\":\"Chega oferece apoio ao Governo \u00e0 lei laboral com condi\u00e7\u00f5es; PS recusa colaborar - Portal Tela Portugal\",\"isPartOf\":{\"@id\":\"https:\/\/portaltela.pt\/#website\"},\"primaryImageOfPage\":{\"@id\":\"https:\/\/portaltela.pt\/noticias\/2026\/04\/09\/chega-oferece-apoio-ao-governo-a-lei-laboral-com-condicoes-ps-recusa-colaborar\/#primaryimage\"},\"image\":{\"@id\":\"https:\/\/portaltela.pt\/noticias\/2026\/04\/09\/chega-oferece-apoio-ao-governo-a-lei-laboral-com-condicoes-ps-recusa-colaborar\/#primaryimage\"},\"thumbnailUrl\":\"https:\/\/portaltela.pt\/s.01k8rhncp4jt1\/2026\/04\/2080308.jpg\",\"datePublished\":\"2026-04-09T17:17:20+00:00\",\"author\":{\"@id\":\"https:\/\/portaltela.pt\/#\/schema\/person\/c4278d4a6028830caff9ee44b42d32ed\"},\"breadcrumb\":{\"@id\":\"https:\/\/portaltela.pt\/noticias\/2026\/04\/09\/chega-oferece-apoio-ao-governo-a-lei-laboral-com-condicoes-ps-recusa-colaborar\/#breadcrumb\"},\"inLanguage\":\"pt-PT\",\"potentialAction\":[{\"@type\":\"ReadAction\",\"target\":[\"https:\/\/portaltela.pt\/noticias\/2026\/04\/09\/chega-oferece-apoio-ao-governo-a-lei-laboral-com-condicoes-ps-recusa-colaborar\/\"]}]},{\"@type\":\"ImageObject\",\"inLanguage\":\"pt-PT\",\"@id\":\"https:\/\/portaltela.pt\/noticias\/2026\/04\/09\/chega-oferece-apoio-ao-governo-a-lei-laboral-com-condicoes-ps-recusa-colaborar\/#primaryimage\",\"url\":\"https:\/\/portaltela.pt\/s.01k8rhncp4jt1\/2026\/04\/2080308.jpg\",\"contentUrl\":\"https:\/\/portaltela.pt\/s.01k8rhncp4jt1\/2026\/04\/2080308.jpg\",\"width\":796,\"height\":448,\"caption\":\"Lider do Chega disposto a ajudar Lu\u00eds Montenegro a aprovar a revis\u00e3o da lei laboral no Parlamento\"},{\"@type\":\"BreadcrumbList\",\"@id\":\"https:\/\/portaltela.pt\/noticias\/2026\/04\/09\/chega-oferece-apoio-ao-governo-a-lei-laboral-com-condicoes-ps-recusa-colaborar\/#breadcrumb\",\"itemListElement\":[{\"@type\":\"ListItem\",\"position\":1,\"name\":\"In\u00edcio\",\"item\":\"https:\/\/portaltela.pt\/\"},{\"@type\":\"ListItem\",\"position\":2,\"name\":\"Chega oferece apoio ao Governo \u00e0 lei laboral com condi\u00e7\u00f5es; PS recusa colaborar\"}]},{\"@type\":\"WebSite\",\"@id\":\"https:\/\/portaltela.pt\/#website\",\"url\":\"https:\/\/portaltela.pt\/\",\"name\":\"Portal Tela Portugal\",\"description\":\"\",\"potentialAction\":[{\"@type\":\"SearchAction\",\"target\":{\"@type\":\"EntryPoint\",\"urlTemplate\":\"https:\/\/portaltela.pt\/?s={search_term_string}\"},\"query-input\":{\"@type\":\"PropertyValueSpecification\",\"valueRequired\":true,\"valueName\":\"search_term_string\"}}],\"inLanguage\":\"pt-PT\"},{\"@type\":\"Person\",\"@id\":\"https:\/\/portaltela.pt\/#\/schema\/person\/c4278d4a6028830caff9ee44b42d32ed\",\"name\":\"Telinha\",\"image\":{\"@type\":\"ImageObject\",\"inLanguage\":\"pt-PT\",\"@id\":\"https:\/\/portaltela.pt\/s.01k8rhncp4jt1\/2025\/11\/talking-bot-125x125.png\",\"url\":\"https:\/\/portaltela.pt\/s.01k8rhncp4jt1\/2025\/11\/talking-bot-125x125.png\",\"contentUrl\":\"https:\/\/portaltela.pt\/s.01k8rhncp4jt1\/2025\/11\/talking-bot-125x125.png\",\"caption\":\"Telinha\"},\"sameAs\":[\"https:\/\/portaltela.pt\/\"],\"url\":\"https:\/\/portaltela.pt\/por\/367410592786\/\"}]}<\/script>\n<!-- \/ Yoast SEO plugin. -->","yoast_head_json":{"title":"Chega oferece apoio ao Governo \u00e0 lei laboral com condi\u00e7\u00f5es; PS recusa colaborar - Portal Tela Portugal","robots":{"index":"index","follow":"follow","max-snippet":"max-snippet:-1","max-image-preview":"max-image-preview:large","max-video-preview":"max-video-preview:-1"},"og_locale":"pt_PT","og_type":"article","og_title":"Chega oferece apoio ao Governo \u00e0 lei laboral com condi\u00e7\u00f5es; PS recusa colaborar - Portal Tela Portugal","og_description":"O Governo dever\u00e1 levar a revis\u00e3o laboral para a Assembleia da Rep\u00fablica, depois de parecer encerrar o ciclo de concerta\u00e7\u00e3o social. O Chega disse estar dispon\u00edvel para apoiar o Governo a avan\u00e7ar com uma nova lei laboral nas pr\u00f3ximas semanas ou meses, desde que sejam apresentadas condi\u00e7\u00f5es. A Iniciativa Liberal afirma concordar em quase tudo com o executivo relativamente \u00e0 medida laboral. O PS lamenta que o presidente do PSD, Lu\u00eds Montenegro, prefira fazer alian\u00e7as \u00e0 direita na negocia\u00e7\u00e3o da lei laboral. A negocia\u00e7\u00e3o ficou emperrada ap\u00f3s a UGT ter rejeitado a proposta do Governo.","og_url":"https:\/\/portaltela.pt\/noticias\/2026\/04\/09\/chega-oferece-apoio-ao-governo-a-lei-laboral-com-condicoes-ps-recusa-colaborar\/","og_site_name":"Portal Tela Portugal","article_published_time":"2026-04-09T17:17:20+00:00","author":"Telinha","twitter_card":"summary_large_image","twitter_misc":{"Escrito por":"Telinha","Tempo estimado de leitura":"1 minuto"},"schema":{"@context":"https:\/\/schema.org","@graph":[{"@type":"Article","@id":"https:\/\/portaltela.pt\/noticias\/2026\/04\/09\/chega-oferece-apoio-ao-governo-a-lei-laboral-com-condicoes-ps-recusa-colaborar\/#article","isPartOf":{"@id":"https:\/\/portaltela.pt\/noticias\/2026\/04\/09\/chega-oferece-apoio-ao-governo-a-lei-laboral-com-condicoes-ps-recusa-colaborar\/"},"author":{"name":"Telinha","@id":"https:\/\/portaltela.pt\/#\/schema\/person\/c4278d4a6028830caff9ee44b42d32ed"},"headline":"Chega oferece apoio ao Governo \u00e0 lei laboral com condi\u00e7\u00f5es; PS recusa colaborar","datePublished":"2026-04-09T17:17:20+00:00","mainEntityOfPage":{"@id":"https:\/\/portaltela.pt\/noticias\/2026\/04\/09\/chega-oferece-apoio-ao-governo-a-lei-laboral-com-condicoes-ps-recusa-colaborar\/"},"wordCount":207,"image":{"@id":"https:\/\/portaltela.pt\/noticias\/2026\/04\/09\/chega-oferece-apoio-ao-governo-a-lei-laboral-com-condicoes-ps-recusa-colaborar\/#primaryimage"},"thumbnailUrl":"https:\/\/portaltela.pt\/s.01k8rhncp4jt1\/2026\/04\/2080308.jpg","keywords":["Assembleia Nacional","CHEGA","governo","Iniciativa Liberal","negocia\u00e7\u00f5es","pol\u00edtica"],"articleSection":["Not\u00edcias","Pol\u00edtica"],"inLanguage":"pt-PT"},{"@type":"WebPage","@id":"https:\/\/portaltela.pt\/noticias\/2026\/04\/09\/chega-oferece-apoio-ao-governo-a-lei-laboral-com-condicoes-ps-recusa-colaborar\/","url":"https:\/\/portaltela.pt\/noticias\/2026\/04\/09\/chega-oferece-apoio-ao-governo-a-lei-laboral-com-condicoes-ps-recusa-colaborar\/","name":"Chega oferece apoio ao Governo \u00e0 lei laboral com condi\u00e7\u00f5es; PS recusa colaborar - Portal Tela Portugal","isPartOf":{"@id":"https:\/\/portaltela.pt\/#website"},"primaryImageOfPage":{"@id":"https:\/\/portaltela.pt\/noticias\/2026\/04\/09\/chega-oferece-apoio-ao-governo-a-lei-laboral-com-condicoes-ps-recusa-colaborar\/#primaryimage"},"image":{"@id":"https:\/\/portaltela.pt\/noticias\/2026\/04\/09\/chega-oferece-apoio-ao-governo-a-lei-laboral-com-condicoes-ps-recusa-colaborar\/#primaryimage"},"thumbnailUrl":"https:\/\/portaltela.pt\/s.01k8rhncp4jt1\/2026\/04\/2080308.jpg","datePublished":"2026-04-09T17:17:20+00:00","author":{"@id":"https:\/\/portaltela.pt\/#\/schema\/person\/c4278d4a6028830caff9ee44b42d32ed"},"breadcrumb":{"@id":"https:\/\/portaltela.pt\/noticias\/2026\/04\/09\/chega-oferece-apoio-ao-governo-a-lei-laboral-com-condicoes-ps-recusa-colaborar\/#breadcrumb"},"inLanguage":"pt-PT","potentialAction":[{"@type":"ReadAction","target":["https:\/\/portaltela.pt\/noticias\/2026\/04\/09\/chega-oferece-apoio-ao-governo-a-lei-laboral-com-condicoes-ps-recusa-colaborar\/"]}]},{"@type":"ImageObject","inLanguage":"pt-PT","@id":"https:\/\/portaltela.pt\/noticias\/2026\/04\/09\/chega-oferece-apoio-ao-governo-a-lei-laboral-com-condicoes-ps-recusa-colaborar\/#primaryimage","url":"https:\/\/portaltela.pt\/s.01k8rhncp4jt1\/2026\/04\/2080308.jpg","contentUrl":"https:\/\/portaltela.pt\/s.01k8rhncp4jt1\/2026\/04\/2080308.jpg","width":796,"height":448,"caption":"Lider do Chega disposto a ajudar Lu\u00eds Montenegro a aprovar a revis\u00e3o da lei laboral no Parlamento"},{"@type":"BreadcrumbList","@id":"https:\/\/portaltela.pt\/noticias\/2026\/04\/09\/chega-oferece-apoio-ao-governo-a-lei-laboral-com-condicoes-ps-recusa-colaborar\/#breadcrumb","itemListElement":[{"@type":"ListItem","position":1,"name":"In\u00edcio","item":"https:\/\/portaltela.pt\/"},{"@type":"ListItem","position":2,"name":"Chega oferece apoio ao Governo \u00e0 lei laboral com condi\u00e7\u00f5es; PS recusa colaborar"}]},{"@type":"WebSite","@id":"https:\/\/portaltela.pt\/#website","url":"https:\/\/portaltela.pt\/","name":"Portal Tela Portugal","description":"","potentialAction":[{"@type":"SearchAction","target":{"@type":"EntryPoint","urlTemplate":"https:\/\/portaltela.pt\/?s={search_term_string}"},"query-input":{"@type":"PropertyValueSpecification","valueRequired":true,"valueName":"search_term_string"}}],"inLanguage":"pt-PT"},{"@type":"Person","@id":"https:\/\/portaltela.pt\/#\/schema\/person\/c4278d4a6028830caff9ee44b42d32ed","name":"Telinha","image":{"@type":"ImageObject","inLanguage":"pt-PT","@id":"https:\/\/portaltela.pt\/s.01k8rhncp4jt1\/2025\/11\/talking-bot-125x125.png","url":"https:\/\/portaltela.pt\/s.01k8rhncp4jt1\/2025\/11\/talking-bot-125x125.png","contentUrl":"https:\/\/portaltela.pt\/s.01k8rhncp4jt1\/2025\/11\/talking-bot-125x125.png","caption":"Telinha"},"sameAs":["https:\/\/portaltela.pt\/"],"url":"https:\/\/portaltela.pt\/por\/367410592786\/"}]}},"_links":{"self":[{"href":"https:\/\/portaltela.pt\/api\/wp\/v2\/posts\/438368","targetHints":{"allow":["GET"]}}],"collection":[{"href":"https:\/\/portaltela.pt\/api\/wp\/v2\/posts"}],"about":[{"href":"https:\/\/portaltela.pt\/api\/wp\/v2\/types\/post"}],"author":[{"embeddable":true,"href":"https:\/\/portaltela.pt\/api\/wp\/v2\/users\/2"}],"replies":[{"embeddable":true,"href":"https:\/\/portaltela.pt\/api\/wp\/v2\/comments?post=438368"}],"version-history":[{"count":0,"href":"https:\/\/portaltela.pt\/api\/wp\/v2\/posts\/438368\/revisions"}],"wp:featuredmedia":[{"embeddable":true,"href":"https:\/\/portaltela.pt\/api\/wp\/v2\/media\/438376"}],"wp:attachment":[{"href":"https:\/\/portaltela.pt\/api\/wp\/v2\/media?parent=438368"}],"wp:term":[{"taxonomy":"category","embeddable":true,"href":"https:\/\/portaltela.pt\/api\/wp\/v2\/categories?post=438368"},{"taxonomy":"post_tag","embeddable":true,"href":"https:\/\/portaltela.pt\/api\/wp\/v2\/tags?post=438368"}],"curies":[{"name":"wp","href":"https:\/\/api.w.org\/{rel}","templated":true}]}}