{"id":438367,"date":"2026-04-09T14:17:20","date_gmt":"2026-04-09T17:17:20","guid":{"rendered":"https:\/\/portaltela.pt\/noticias\/2026\/04\/09\/coimbra-pretende-suspender-o-pdm-e-por-fim-a-regras-castradoras\/"},"modified":"2026-04-09T14:17:20","modified_gmt":"2026-04-09T17:17:20","slug":"coimbra-pretende-suspender-o-pdm-e-por-fim-a-regras-castradoras","status":"publish","type":"post","link":"https:\/\/portaltela.pt\/sociedade\/2026\/04\/09\/coimbra-pretende-suspender-o-pdm-e-por-fim-a-regras-castradoras\/","title":{"rendered":"Coimbra pretende suspender o PDM e p\u00f4r fim a \u201cregras castradoras\u201d"},"content":{"rendered":"<p>O executivo da C\u00e2mara Municipal de Coimbra vai analisar, nesta sexta-feira, a proposta de suspens\u00e3o parcial do Plano Diretor Municipal (PDM) e as medidas preventivas associadas. A aprecia\u00e7\u00e3o ocorre ap\u00f3s a apresenta\u00e7\u00e3o das linhas gerais, feita na manh\u00e3 desta quinta-feira, em Coimbra.<\/p>\n<p>Ana Abrunhosa pediu que a C\u00e2mara e a Assembleia Municipal rectifiquem a proposta de suspens\u00e3o. A respons\u00e1vel aponta como justificativas a cria\u00e7\u00e3o de habita\u00e7\u00e3o acess\u00edvel e a capta\u00e7\u00e3o de investimento para o concelho.<\/p>\n<p>A proposta de suspens\u00e3o parcial do PDM dever\u00e1 ser votada na C\u00e2mara e, posteriormente, pela Assembleia Municipal ainda este m\u00eas. O objetivo \u00e9 alinhar o plano com a estrat\u00e9gia de desenvolvimento local e de atra\u00e7\u00e3o de recursos externos.<\/p>\n<p>Segundo fontes do munic\u00edpio, o processo pretende simplificar regras urban\u00edsticas consideradas restritivas. A delibera\u00e7\u00e3o final depender\u00e1 da vota\u00e7\u00e3o e da eventual necessidade de ajustes.<\/p>\n","protected":false},"excerpt":{"rendered":"<ul>\n<li>A C\u00e2mara de Coimbra vai analisar, na sexta-feira, a proposta de suspens\u00e3o parcial do Plano Diretor Municipal (PDM) e das medidas preventivas.<\/li>\n<li>Ana Abrunhosa espera que a C\u00e2mara Municipal e a Assembleia Municipal rectifiquem a proposta de suspens\u00e3o parcial do PDM.<\/li>\n<li>A decis\u00e3o \u00e9 respaldada pela cria\u00e7\u00e3o de habita\u00e7\u00e3o acess\u00edvel e pela capta\u00e7\u00e3o de investimento.<\/li>\n<li>A reuni\u00e3o acontece depois da apresenta\u00e7\u00e3o das linhas gerais, na manh\u00e3 desta quinta-feira, com a vota\u00e7\u00e3o prevista ainda neste m\u00eas pela Assembleia Municipal.<\/li>\n<li>O objetivo \u00e9 suspender parcialmente o PDM e acabar com as \u201cregras castradoras\u201d.<\/li>\n<\/ul>\n","protected":false},"author":2,"featured_media":438373,"comment_status":"closed","ping_status":"closed","sticky":false,"template":"","format":"standard","meta":{"footnotes":""},"categories":[6871],"tags":[6115,7791,7815,4846,1070,3148],"class_list":["post-438367","post","type-post","status-publish","format-standard","has-post-thumbnail","hentry","category-sociedade","tag-_economia","tag-_habitacao","tag-_habitacao-publica","tag-administracao-local","tag-coimbra","tag-planeamento-urbano"],"yoast_head":"<!-- This site is optimized with the Yoast SEO plugin v27.2 - https:\/\/yoast.com\/product\/yoast-seo-wordpress\/ -->\n<title>Coimbra pretende suspender o PDM e p\u00f4r fim a \u201cregras castradoras\u201d - Portal Tela Portugal<\/title>\n<meta name=\"robots\" content=\"index, follow, max-snippet:-1, max-image-preview:large, max-video-preview:-1\" \/>\n<meta property=\"og:locale\" content=\"pt_PT\" \/>\n<meta property=\"og:type\" content=\"article\" \/>\n<meta property=\"og:title\" content=\"Coimbra pretende suspender o PDM e p\u00f4r fim a \u201cregras castradoras\u201d - Portal Tela Portugal\" \/>\n<meta property=\"og:description\" content=\"A C\u00e2mara de Coimbra vai analisar, na sexta-feira, a proposta de suspens\u00e3o parcial do Plano Diretor Municipal (PDM) e das medidas preventivas. Ana Abrunhosa espera que a C\u00e2mara Municipal e a Assembleia Municipal rectifiquem a proposta de suspens\u00e3o parcial do PDM. A decis\u00e3o \u00e9 respaldada pela cria\u00e7\u00e3o de habita\u00e7\u00e3o acess\u00edvel e pela capta\u00e7\u00e3o de investimento. A reuni\u00e3o acontece depois da apresenta\u00e7\u00e3o das linhas gerais, na manh\u00e3 desta quinta-feira, com a vota\u00e7\u00e3o prevista ainda neste m\u00eas pela Assembleia Municipal. O objetivo \u00e9 suspender parcialmente o PDM e acabar com as \u201cregras castradoras\u201d.\" \/>\n<meta property=\"og:url\" content=\"https:\/\/portaltela.pt\/noticias\/2026\/04\/09\/coimbra-pretende-suspender-o-pdm-e-por-fim-a-regras-castradoras\/\" \/>\n<meta property=\"og:site_name\" content=\"Portal Tela Portugal\" \/>\n<meta property=\"article:published_time\" content=\"2026-04-09T17:17:20+00:00\" \/>\n<meta name=\"author\" content=\"Telinha\" \/>\n<meta name=\"twitter:card\" content=\"summary_large_image\" \/>\n<meta name=\"twitter:label1\" content=\"Escrito por\" \/>\n\t<meta name=\"twitter:data1\" content=\"Telinha\" \/>\n\t<meta name=\"twitter:label2\" content=\"Tempo estimado de leitura\" \/>\n\t<meta name=\"twitter:data2\" content=\"1 minuto\" \/>\n<script type=\"application\/ld+json\" class=\"yoast-schema-graph\">{\"@context\":\"https:\/\/schema.org\",\"@graph\":[{\"@type\":\"Article\",\"@id\":\"https:\/\/portaltela.pt\/noticias\/2026\/04\/09\/coimbra-pretende-suspender-o-pdm-e-por-fim-a-regras-castradoras\/#article\",\"isPartOf\":{\"@id\":\"https:\/\/portaltela.pt\/noticias\/2026\/04\/09\/coimbra-pretende-suspender-o-pdm-e-por-fim-a-regras-castradoras\/\"},\"author\":{\"name\":\"Telinha\",\"@id\":\"https:\/\/portaltela.pt\/#\/schema\/person\/c4278d4a6028830caff9ee44b42d32ed\"},\"headline\":\"Coimbra pretende suspender o PDM e p\u00f4r fim a \u201cregras castradoras\u201d\",\"datePublished\":\"2026-04-09T17:17:20+00:00\",\"mainEntityOfPage\":{\"@id\":\"https:\/\/portaltela.pt\/noticias\/2026\/04\/09\/coimbra-pretende-suspender-o-pdm-e-por-fim-a-regras-castradoras\/\"},\"wordCount\":169,\"image\":{\"@id\":\"https:\/\/portaltela.pt\/noticias\/2026\/04\/09\/coimbra-pretende-suspender-o-pdm-e-por-fim-a-regras-castradoras\/#primaryimage\"},\"thumbnailUrl\":\"https:\/\/portaltela.pt\/s.01k8rhncp4jt1\/2026\/04\/2080305.jpg\",\"keywords\":[\"_economia\",\"_habita\u00e7\u00e3o\",\"_habita\u00e7\u00e3o p\u00fablica\",\"Administra\u00e7\u00e3o Local\",\"Coimbra\",\"planeamento urbano\"],\"articleSection\":[\"Sociedade\"],\"inLanguage\":\"pt-PT\"},{\"@type\":\"WebPage\",\"@id\":\"https:\/\/portaltela.pt\/noticias\/2026\/04\/09\/coimbra-pretende-suspender-o-pdm-e-por-fim-a-regras-castradoras\/\",\"url\":\"https:\/\/portaltela.pt\/noticias\/2026\/04\/09\/coimbra-pretende-suspender-o-pdm-e-por-fim-a-regras-castradoras\/\",\"name\":\"Coimbra pretende suspender o PDM e p\u00f4r fim a \u201cregras castradoras\u201d - Portal Tela Portugal\",\"isPartOf\":{\"@id\":\"https:\/\/portaltela.pt\/#website\"},\"primaryImageOfPage\":{\"@id\":\"https:\/\/portaltela.pt\/noticias\/2026\/04\/09\/coimbra-pretende-suspender-o-pdm-e-por-fim-a-regras-castradoras\/#primaryimage\"},\"image\":{\"@id\":\"https:\/\/portaltela.pt\/noticias\/2026\/04\/09\/coimbra-pretende-suspender-o-pdm-e-por-fim-a-regras-castradoras\/#primaryimage\"},\"thumbnailUrl\":\"https:\/\/portaltela.pt\/s.01k8rhncp4jt1\/2026\/04\/2080305.jpg\",\"datePublished\":\"2026-04-09T17:17:20+00:00\",\"author\":{\"@id\":\"https:\/\/portaltela.pt\/#\/schema\/person\/c4278d4a6028830caff9ee44b42d32ed\"},\"breadcrumb\":{\"@id\":\"https:\/\/portaltela.pt\/noticias\/2026\/04\/09\/coimbra-pretende-suspender-o-pdm-e-por-fim-a-regras-castradoras\/#breadcrumb\"},\"inLanguage\":\"pt-PT\",\"potentialAction\":[{\"@type\":\"ReadAction\",\"target\":[\"https:\/\/portaltela.pt\/noticias\/2026\/04\/09\/coimbra-pretende-suspender-o-pdm-e-por-fim-a-regras-castradoras\/\"]}]},{\"@type\":\"ImageObject\",\"inLanguage\":\"pt-PT\",\"@id\":\"https:\/\/portaltela.pt\/noticias\/2026\/04\/09\/coimbra-pretende-suspender-o-pdm-e-por-fim-a-regras-castradoras\/#primaryimage\",\"url\":\"https:\/\/portaltela.pt\/s.01k8rhncp4jt1\/2026\/04\/2080305.jpg\",\"contentUrl\":\"https:\/\/portaltela.pt\/s.01k8rhncp4jt1\/2026\/04\/2080305.jpg\",\"width\":796,\"height\":448,\"caption\":\"Para Ana Abrunhosa, o actual PDM \u00e9 desajustado face \u00e0s mudan\u00e7as por que Coimbra tem passado\"},{\"@type\":\"BreadcrumbList\",\"@id\":\"https:\/\/portaltela.pt\/noticias\/2026\/04\/09\/coimbra-pretende-suspender-o-pdm-e-por-fim-a-regras-castradoras\/#breadcrumb\",\"itemListElement\":[{\"@type\":\"ListItem\",\"position\":1,\"name\":\"In\u00edcio\",\"item\":\"https:\/\/portaltela.pt\/\"},{\"@type\":\"ListItem\",\"position\":2,\"name\":\"Coimbra pretende suspender o PDM e p\u00f4r fim a \u201cregras castradoras\u201d\"}]},{\"@type\":\"WebSite\",\"@id\":\"https:\/\/portaltela.pt\/#website\",\"url\":\"https:\/\/portaltela.pt\/\",\"name\":\"Portal Tela Portugal\",\"description\":\"\",\"potentialAction\":[{\"@type\":\"SearchAction\",\"target\":{\"@type\":\"EntryPoint\",\"urlTemplate\":\"https:\/\/portaltela.pt\/?s={search_term_string}\"},\"query-input\":{\"@type\":\"PropertyValueSpecification\",\"valueRequired\":true,\"valueName\":\"search_term_string\"}}],\"inLanguage\":\"pt-PT\"},{\"@type\":\"Person\",\"@id\":\"https:\/\/portaltela.pt\/#\/schema\/person\/c4278d4a6028830caff9ee44b42d32ed\",\"name\":\"Telinha\",\"image\":{\"@type\":\"ImageObject\",\"inLanguage\":\"pt-PT\",\"@id\":\"https:\/\/portaltela.pt\/s.01k8rhncp4jt1\/2025\/11\/talking-bot-125x125.png\",\"url\":\"https:\/\/portaltela.pt\/s.01k8rhncp4jt1\/2025\/11\/talking-bot-125x125.png\",\"contentUrl\":\"https:\/\/portaltela.pt\/s.01k8rhncp4jt1\/2025\/11\/talking-bot-125x125.png\",\"caption\":\"Telinha\"},\"sameAs\":[\"https:\/\/portaltela.pt\/\"],\"url\":\"https:\/\/portaltela.pt\/por\/367410592786\/\"}]}<\/script>\n<!-- \/ Yoast SEO plugin. -->","yoast_head_json":{"title":"Coimbra pretende suspender o PDM e p\u00f4r fim a \u201cregras castradoras\u201d - Portal Tela Portugal","robots":{"index":"index","follow":"follow","max-snippet":"max-snippet:-1","max-image-preview":"max-image-preview:large","max-video-preview":"max-video-preview:-1"},"og_locale":"pt_PT","og_type":"article","og_title":"Coimbra pretende suspender o PDM e p\u00f4r fim a \u201cregras castradoras\u201d - Portal Tela Portugal","og_description":"A C\u00e2mara de Coimbra vai analisar, na sexta-feira, a proposta de suspens\u00e3o parcial do Plano Diretor Municipal (PDM) e das medidas preventivas. Ana Abrunhosa espera que a C\u00e2mara Municipal e a Assembleia Municipal rectifiquem a proposta de suspens\u00e3o parcial do PDM. A decis\u00e3o \u00e9 respaldada pela cria\u00e7\u00e3o de habita\u00e7\u00e3o acess\u00edvel e pela capta\u00e7\u00e3o de investimento. A reuni\u00e3o acontece depois da apresenta\u00e7\u00e3o das linhas gerais, na manh\u00e3 desta quinta-feira, com a vota\u00e7\u00e3o prevista ainda neste m\u00eas pela Assembleia Municipal. O objetivo \u00e9 suspender parcialmente o PDM e acabar com as \u201cregras castradoras\u201d.","og_url":"https:\/\/portaltela.pt\/noticias\/2026\/04\/09\/coimbra-pretende-suspender-o-pdm-e-por-fim-a-regras-castradoras\/","og_site_name":"Portal Tela Portugal","article_published_time":"2026-04-09T17:17:20+00:00","author":"Telinha","twitter_card":"summary_large_image","twitter_misc":{"Escrito por":"Telinha","Tempo estimado de leitura":"1 minuto"},"schema":{"@context":"https:\/\/schema.org","@graph":[{"@type":"Article","@id":"https:\/\/portaltela.pt\/noticias\/2026\/04\/09\/coimbra-pretende-suspender-o-pdm-e-por-fim-a-regras-castradoras\/#article","isPartOf":{"@id":"https:\/\/portaltela.pt\/noticias\/2026\/04\/09\/coimbra-pretende-suspender-o-pdm-e-por-fim-a-regras-castradoras\/"},"author":{"name":"Telinha","@id":"https:\/\/portaltela.pt\/#\/schema\/person\/c4278d4a6028830caff9ee44b42d32ed"},"headline":"Coimbra pretende suspender o PDM e p\u00f4r fim a \u201cregras castradoras\u201d","datePublished":"2026-04-09T17:17:20+00:00","mainEntityOfPage":{"@id":"https:\/\/portaltela.pt\/noticias\/2026\/04\/09\/coimbra-pretende-suspender-o-pdm-e-por-fim-a-regras-castradoras\/"},"wordCount":169,"image":{"@id":"https:\/\/portaltela.pt\/noticias\/2026\/04\/09\/coimbra-pretende-suspender-o-pdm-e-por-fim-a-regras-castradoras\/#primaryimage"},"thumbnailUrl":"https:\/\/portaltela.pt\/s.01k8rhncp4jt1\/2026\/04\/2080305.jpg","keywords":["_economia","_habita\u00e7\u00e3o","_habita\u00e7\u00e3o p\u00fablica","Administra\u00e7\u00e3o Local","Coimbra","planeamento urbano"],"articleSection":["Sociedade"],"inLanguage":"pt-PT"},{"@type":"WebPage","@id":"https:\/\/portaltela.pt\/noticias\/2026\/04\/09\/coimbra-pretende-suspender-o-pdm-e-por-fim-a-regras-castradoras\/","url":"https:\/\/portaltela.pt\/noticias\/2026\/04\/09\/coimbra-pretende-suspender-o-pdm-e-por-fim-a-regras-castradoras\/","name":"Coimbra pretende suspender o PDM e p\u00f4r fim a \u201cregras castradoras\u201d - Portal Tela Portugal","isPartOf":{"@id":"https:\/\/portaltela.pt\/#website"},"primaryImageOfPage":{"@id":"https:\/\/portaltela.pt\/noticias\/2026\/04\/09\/coimbra-pretende-suspender-o-pdm-e-por-fim-a-regras-castradoras\/#primaryimage"},"image":{"@id":"https:\/\/portaltela.pt\/noticias\/2026\/04\/09\/coimbra-pretende-suspender-o-pdm-e-por-fim-a-regras-castradoras\/#primaryimage"},"thumbnailUrl":"https:\/\/portaltela.pt\/s.01k8rhncp4jt1\/2026\/04\/2080305.jpg","datePublished":"2026-04-09T17:17:20+00:00","author":{"@id":"https:\/\/portaltela.pt\/#\/schema\/person\/c4278d4a6028830caff9ee44b42d32ed"},"breadcrumb":{"@id":"https:\/\/portaltela.pt\/noticias\/2026\/04\/09\/coimbra-pretende-suspender-o-pdm-e-por-fim-a-regras-castradoras\/#breadcrumb"},"inLanguage":"pt-PT","potentialAction":[{"@type":"ReadAction","target":["https:\/\/portaltela.pt\/noticias\/2026\/04\/09\/coimbra-pretende-suspender-o-pdm-e-por-fim-a-regras-castradoras\/"]}]},{"@type":"ImageObject","inLanguage":"pt-PT","@id":"https:\/\/portaltela.pt\/noticias\/2026\/04\/09\/coimbra-pretende-suspender-o-pdm-e-por-fim-a-regras-castradoras\/#primaryimage","url":"https:\/\/portaltela.pt\/s.01k8rhncp4jt1\/2026\/04\/2080305.jpg","contentUrl":"https:\/\/portaltela.pt\/s.01k8rhncp4jt1\/2026\/04\/2080305.jpg","width":796,"height":448,"caption":"Para Ana Abrunhosa, o actual PDM \u00e9 desajustado face \u00e0s mudan\u00e7as por que Coimbra tem passado"},{"@type":"BreadcrumbList","@id":"https:\/\/portaltela.pt\/noticias\/2026\/04\/09\/coimbra-pretende-suspender-o-pdm-e-por-fim-a-regras-castradoras\/#breadcrumb","itemListElement":[{"@type":"ListItem","position":1,"name":"In\u00edcio","item":"https:\/\/portaltela.pt\/"},{"@type":"ListItem","position":2,"name":"Coimbra pretende suspender o PDM e p\u00f4r fim a \u201cregras castradoras\u201d"}]},{"@type":"WebSite","@id":"https:\/\/portaltela.pt\/#website","url":"https:\/\/portaltela.pt\/","name":"Portal Tela Portugal","description":"","potentialAction":[{"@type":"SearchAction","target":{"@type":"EntryPoint","urlTemplate":"https:\/\/portaltela.pt\/?s={search_term_string}"},"query-input":{"@type":"PropertyValueSpecification","valueRequired":true,"valueName":"search_term_string"}}],"inLanguage":"pt-PT"},{"@type":"Person","@id":"https:\/\/portaltela.pt\/#\/schema\/person\/c4278d4a6028830caff9ee44b42d32ed","name":"Telinha","image":{"@type":"ImageObject","inLanguage":"pt-PT","@id":"https:\/\/portaltela.pt\/s.01k8rhncp4jt1\/2025\/11\/talking-bot-125x125.png","url":"https:\/\/portaltela.pt\/s.01k8rhncp4jt1\/2025\/11\/talking-bot-125x125.png","contentUrl":"https:\/\/portaltela.pt\/s.01k8rhncp4jt1\/2025\/11\/talking-bot-125x125.png","caption":"Telinha"},"sameAs":["https:\/\/portaltela.pt\/"],"url":"https:\/\/portaltela.pt\/por\/367410592786\/"}]}},"_links":{"self":[{"href":"https:\/\/portaltela.pt\/api\/wp\/v2\/posts\/438367","targetHints":{"allow":["GET"]}}],"collection":[{"href":"https:\/\/portaltela.pt\/api\/wp\/v2\/posts"}],"about":[{"href":"https:\/\/portaltela.pt\/api\/wp\/v2\/types\/post"}],"author":[{"embeddable":true,"href":"https:\/\/portaltela.pt\/api\/wp\/v2\/users\/2"}],"replies":[{"embeddable":true,"href":"https:\/\/portaltela.pt\/api\/wp\/v2\/comments?post=438367"}],"version-history":[{"count":0,"href":"https:\/\/portaltela.pt\/api\/wp\/v2\/posts\/438367\/revisions"}],"wp:featuredmedia":[{"embeddable":true,"href":"https:\/\/portaltela.pt\/api\/wp\/v2\/media\/438373"}],"wp:attachment":[{"href":"https:\/\/portaltela.pt\/api\/wp\/v2\/media?parent=438367"}],"wp:term":[{"taxonomy":"category","embeddable":true,"href":"https:\/\/portaltela.pt\/api\/wp\/v2\/categories?post=438367"},{"taxonomy":"post_tag","embeddable":true,"href":"https:\/\/portaltela.pt\/api\/wp\/v2\/tags?post=438367"}],"curies":[{"name":"wp","href":"https:\/\/api.w.org\/{rel}","templated":true}]}}