{"id":438364,"date":"2026-04-09T14:17:18","date_gmt":"2026-04-09T17:17:18","guid":{"rendered":"https:\/\/portaltela.pt\/noticias\/2026\/04\/09\/governo-propoe-isentar-visto-previo-do-tc-para-contratos-ate-10m\/"},"modified":"2026-04-09T14:17:18","modified_gmt":"2026-04-09T17:17:18","slug":"governo-propoe-isentar-visto-previo-do-tc-para-contratos-ate-10m","status":"publish","type":"post","link":"https:\/\/portaltela.pt\/noticias\/politica\/2026\/04\/09\/governo-propoe-isentar-visto-previo-do-tc-para-contratos-ate-10m\/","title":{"rendered":"Governo prop\u00f5e isentar visto pr\u00e9vio do TC para contratos at\u00e9 10M\u20ac"},"content":{"rendered":"<p>O Governo apresentou uma proposta para isentar o visto pr\u00e9vio do Tribunal de Contas em contratos at\u00e9 10 milh\u00f5es de euros, segundo informa\u00e7\u00f5es dispon\u00edveis para subscritores.<\/p>\n<p>A medida envolve o Executivo e o Tribunal de Contas, com o objetivo de acelerar a tramita\u00e7\u00e3o de contratos p\u00fablicos at\u00e9 esse teto.<\/p>\n<p>Detalhes sobre data, local ou cronograma ainda n\u00e3o foram confirmados publicamente.<\/p>\n<p>O objetivo central \u00e9 reduzir a burocracia e o tempo de aprova\u00e7\u00e3o, mantendo a fiscaliza\u00e7\u00e3o necess\u00e1ria para contratos at\u00e9 10 milh\u00f5es de euros.<\/p>\n","protected":false},"excerpt":{"rendered":"<ul>\n<li>O governo quer isentar de visto pr\u00e9vio do Tribunal de Contas contratos at\u00e9 10 ME.<\/li>\n<li>O conte\u00fado completo da not\u00edcia est\u00e1 dispon\u00edvel apenas para subscritores.<\/li>\n<\/ul>\n","protected":false},"author":2,"featured_media":438370,"comment_status":"closed","ping_status":"closed","sticky":false,"template":"","format":"standard","meta":{"footnotes":""},"categories":[1,5],"tags":[1125,5822,28,34,2832,6208],"class_list":["post-438364","post","type-post","status-publish","format-standard","has-post-thumbnail","hentry","category-noticias","category-politica","tag-contratos","tag-contratos-publicos","tag-economia","tag-governo","tag-politica","tag-tribunais"],"yoast_head":"<!-- This site is optimized with the Yoast SEO plugin v27.2 - https:\/\/yoast.com\/product\/yoast-seo-wordpress\/ -->\n<title>Governo prop\u00f5e isentar visto pr\u00e9vio do TC para contratos at\u00e9 10M\u20ac - Portal Tela Portugal<\/title>\n<meta name=\"robots\" content=\"index, follow, max-snippet:-1, max-image-preview:large, max-video-preview:-1\" \/>\n<meta property=\"og:locale\" content=\"pt_PT\" \/>\n<meta property=\"og:type\" content=\"article\" \/>\n<meta property=\"og:title\" content=\"Governo prop\u00f5e isentar visto pr\u00e9vio do TC para contratos at\u00e9 10M\u20ac - Portal Tela Portugal\" \/>\n<meta property=\"og:description\" content=\"O governo quer isentar de visto pr\u00e9vio do Tribunal de Contas contratos at\u00e9 10 ME. O conte\u00fado completo da not\u00edcia est\u00e1 dispon\u00edvel apenas para subscritores.\" \/>\n<meta property=\"og:url\" content=\"https:\/\/portaltela.pt\/noticias\/2026\/04\/09\/governo-propoe-isentar-visto-previo-do-tc-para-contratos-ate-10m\/\" \/>\n<meta property=\"og:site_name\" content=\"Portal Tela Portugal\" \/>\n<meta property=\"article:published_time\" content=\"2026-04-09T17:17:18+00:00\" \/>\n<meta name=\"author\" content=\"Telinha\" \/>\n<meta name=\"twitter:card\" content=\"summary_large_image\" \/>\n<meta name=\"twitter:label1\" content=\"Escrito por\" \/>\n\t<meta name=\"twitter:data1\" content=\"Telinha\" \/>\n<script type=\"application\/ld+json\" class=\"yoast-schema-graph\">{\"@context\":\"https:\/\/schema.org\",\"@graph\":[{\"@type\":\"Article\",\"@id\":\"https:\/\/portaltela.pt\/noticias\/2026\/04\/09\/governo-propoe-isentar-visto-previo-do-tc-para-contratos-ate-10m\/#article\",\"isPartOf\":{\"@id\":\"https:\/\/portaltela.pt\/noticias\/2026\/04\/09\/governo-propoe-isentar-visto-previo-do-tc-para-contratos-ate-10m\/\"},\"author\":{\"name\":\"Telinha\",\"@id\":\"https:\/\/portaltela.pt\/#\/schema\/person\/c4278d4a6028830caff9ee44b42d32ed\"},\"headline\":\"Governo prop\u00f5e isentar visto pr\u00e9vio do TC para contratos at\u00e9 10M\u20ac\",\"datePublished\":\"2026-04-09T17:17:18+00:00\",\"mainEntityOfPage\":{\"@id\":\"https:\/\/portaltela.pt\/noticias\/2026\/04\/09\/governo-propoe-isentar-visto-previo-do-tc-para-contratos-ate-10m\/\"},\"wordCount\":104,\"image\":{\"@id\":\"https:\/\/portaltela.pt\/noticias\/2026\/04\/09\/governo-propoe-isentar-visto-previo-do-tc-para-contratos-ate-10m\/#primaryimage\"},\"thumbnailUrl\":\"https:\/\/portaltela.pt\/s.01k8rhncp4jt1\/2026\/04\/CACHE_780X1200_ANALOG_WATERMARKED_46902497_5733945_09042026054010.jpg\",\"keywords\":[\"contratos\",\"contratos p\u00fablicos\",\"economia\",\"governo\",\"pol\u00edtica\",\"Tribunais\"],\"articleSection\":[\"Not\u00edcias\",\"Pol\u00edtica\"],\"inLanguage\":\"pt-PT\"},{\"@type\":\"WebPage\",\"@id\":\"https:\/\/portaltela.pt\/noticias\/2026\/04\/09\/governo-propoe-isentar-visto-previo-do-tc-para-contratos-ate-10m\/\",\"url\":\"https:\/\/portaltela.pt\/noticias\/2026\/04\/09\/governo-propoe-isentar-visto-previo-do-tc-para-contratos-ate-10m\/\",\"name\":\"Governo prop\u00f5e isentar visto pr\u00e9vio do TC para contratos at\u00e9 10M\u20ac - Portal Tela Portugal\",\"isPartOf\":{\"@id\":\"https:\/\/portaltela.pt\/#website\"},\"primaryImageOfPage\":{\"@id\":\"https:\/\/portaltela.pt\/noticias\/2026\/04\/09\/governo-propoe-isentar-visto-previo-do-tc-para-contratos-ate-10m\/#primaryimage\"},\"image\":{\"@id\":\"https:\/\/portaltela.pt\/noticias\/2026\/04\/09\/governo-propoe-isentar-visto-previo-do-tc-para-contratos-ate-10m\/#primaryimage\"},\"thumbnailUrl\":\"https:\/\/portaltela.pt\/s.01k8rhncp4jt1\/2026\/04\/CACHE_780X1200_ANALOG_WATERMARKED_46902497_5733945_09042026054010.jpg\",\"datePublished\":\"2026-04-09T17:17:18+00:00\",\"author\":{\"@id\":\"https:\/\/portaltela.pt\/#\/schema\/person\/c4278d4a6028830caff9ee44b42d32ed\"},\"breadcrumb\":{\"@id\":\"https:\/\/portaltela.pt\/noticias\/2026\/04\/09\/governo-propoe-isentar-visto-previo-do-tc-para-contratos-ate-10m\/#breadcrumb\"},\"inLanguage\":\"pt-PT\",\"potentialAction\":[{\"@type\":\"ReadAction\",\"target\":[\"https:\/\/portaltela.pt\/noticias\/2026\/04\/09\/governo-propoe-isentar-visto-previo-do-tc-para-contratos-ate-10m\/\"]}]},{\"@type\":\"ImageObject\",\"inLanguage\":\"pt-PT\",\"@id\":\"https:\/\/portaltela.pt\/noticias\/2026\/04\/09\/governo-propoe-isentar-visto-previo-do-tc-para-contratos-ate-10m\/#primaryimage\",\"url\":\"https:\/\/portaltela.pt\/s.01k8rhncp4jt1\/2026\/04\/CACHE_780X1200_ANALOG_WATERMARKED_46902497_5733945_09042026054010.jpg\",\"contentUrl\":\"https:\/\/portaltela.pt\/s.01k8rhncp4jt1\/2026\/04\/CACHE_780X1200_ANALOG_WATERMARKED_46902497_5733945_09042026054010.jpg\",\"width\":796,\"height\":448,\"caption\":\"Governo quer isentar de visto pr\u00e9vio do Tribunal de Contas contratos at\u00e9 10 ME\"},{\"@type\":\"BreadcrumbList\",\"@id\":\"https:\/\/portaltela.pt\/noticias\/2026\/04\/09\/governo-propoe-isentar-visto-previo-do-tc-para-contratos-ate-10m\/#breadcrumb\",\"itemListElement\":[{\"@type\":\"ListItem\",\"position\":1,\"name\":\"In\u00edcio\",\"item\":\"https:\/\/portaltela.pt\/\"},{\"@type\":\"ListItem\",\"position\":2,\"name\":\"Governo prop\u00f5e isentar visto pr\u00e9vio do TC para contratos at\u00e9 10M\u20ac\"}]},{\"@type\":\"WebSite\",\"@id\":\"https:\/\/portaltela.pt\/#website\",\"url\":\"https:\/\/portaltela.pt\/\",\"name\":\"Portal Tela Portugal\",\"description\":\"\",\"potentialAction\":[{\"@type\":\"SearchAction\",\"target\":{\"@type\":\"EntryPoint\",\"urlTemplate\":\"https:\/\/portaltela.pt\/?s={search_term_string}\"},\"query-input\":{\"@type\":\"PropertyValueSpecification\",\"valueRequired\":true,\"valueName\":\"search_term_string\"}}],\"inLanguage\":\"pt-PT\"},{\"@type\":\"Person\",\"@id\":\"https:\/\/portaltela.pt\/#\/schema\/person\/c4278d4a6028830caff9ee44b42d32ed\",\"name\":\"Telinha\",\"image\":{\"@type\":\"ImageObject\",\"inLanguage\":\"pt-PT\",\"@id\":\"https:\/\/portaltela.pt\/s.01k8rhncp4jt1\/2025\/11\/talking-bot-125x125.png\",\"url\":\"https:\/\/portaltela.pt\/s.01k8rhncp4jt1\/2025\/11\/talking-bot-125x125.png\",\"contentUrl\":\"https:\/\/portaltela.pt\/s.01k8rhncp4jt1\/2025\/11\/talking-bot-125x125.png\",\"caption\":\"Telinha\"},\"sameAs\":[\"https:\/\/portaltela.pt\/\"],\"url\":\"https:\/\/portaltela.pt\/por\/367410592786\/\"}]}<\/script>\n<!-- \/ Yoast SEO plugin. -->","yoast_head_json":{"title":"Governo prop\u00f5e isentar visto pr\u00e9vio do TC para contratos at\u00e9 10M\u20ac - Portal Tela Portugal","robots":{"index":"index","follow":"follow","max-snippet":"max-snippet:-1","max-image-preview":"max-image-preview:large","max-video-preview":"max-video-preview:-1"},"og_locale":"pt_PT","og_type":"article","og_title":"Governo prop\u00f5e isentar visto pr\u00e9vio do TC para contratos at\u00e9 10M\u20ac - Portal Tela Portugal","og_description":"O governo quer isentar de visto pr\u00e9vio do Tribunal de Contas contratos at\u00e9 10 ME. O conte\u00fado completo da not\u00edcia est\u00e1 dispon\u00edvel apenas para subscritores.","og_url":"https:\/\/portaltela.pt\/noticias\/2026\/04\/09\/governo-propoe-isentar-visto-previo-do-tc-para-contratos-ate-10m\/","og_site_name":"Portal Tela Portugal","article_published_time":"2026-04-09T17:17:18+00:00","author":"Telinha","twitter_card":"summary_large_image","twitter_misc":{"Escrito por":"Telinha"},"schema":{"@context":"https:\/\/schema.org","@graph":[{"@type":"Article","@id":"https:\/\/portaltela.pt\/noticias\/2026\/04\/09\/governo-propoe-isentar-visto-previo-do-tc-para-contratos-ate-10m\/#article","isPartOf":{"@id":"https:\/\/portaltela.pt\/noticias\/2026\/04\/09\/governo-propoe-isentar-visto-previo-do-tc-para-contratos-ate-10m\/"},"author":{"name":"Telinha","@id":"https:\/\/portaltela.pt\/#\/schema\/person\/c4278d4a6028830caff9ee44b42d32ed"},"headline":"Governo prop\u00f5e isentar visto pr\u00e9vio do TC para contratos at\u00e9 10M\u20ac","datePublished":"2026-04-09T17:17:18+00:00","mainEntityOfPage":{"@id":"https:\/\/portaltela.pt\/noticias\/2026\/04\/09\/governo-propoe-isentar-visto-previo-do-tc-para-contratos-ate-10m\/"},"wordCount":104,"image":{"@id":"https:\/\/portaltela.pt\/noticias\/2026\/04\/09\/governo-propoe-isentar-visto-previo-do-tc-para-contratos-ate-10m\/#primaryimage"},"thumbnailUrl":"https:\/\/portaltela.pt\/s.01k8rhncp4jt1\/2026\/04\/CACHE_780X1200_ANALOG_WATERMARKED_46902497_5733945_09042026054010.jpg","keywords":["contratos","contratos p\u00fablicos","economia","governo","pol\u00edtica","Tribunais"],"articleSection":["Not\u00edcias","Pol\u00edtica"],"inLanguage":"pt-PT"},{"@type":"WebPage","@id":"https:\/\/portaltela.pt\/noticias\/2026\/04\/09\/governo-propoe-isentar-visto-previo-do-tc-para-contratos-ate-10m\/","url":"https:\/\/portaltela.pt\/noticias\/2026\/04\/09\/governo-propoe-isentar-visto-previo-do-tc-para-contratos-ate-10m\/","name":"Governo prop\u00f5e isentar visto pr\u00e9vio do TC para contratos at\u00e9 10M\u20ac - Portal Tela Portugal","isPartOf":{"@id":"https:\/\/portaltela.pt\/#website"},"primaryImageOfPage":{"@id":"https:\/\/portaltela.pt\/noticias\/2026\/04\/09\/governo-propoe-isentar-visto-previo-do-tc-para-contratos-ate-10m\/#primaryimage"},"image":{"@id":"https:\/\/portaltela.pt\/noticias\/2026\/04\/09\/governo-propoe-isentar-visto-previo-do-tc-para-contratos-ate-10m\/#primaryimage"},"thumbnailUrl":"https:\/\/portaltela.pt\/s.01k8rhncp4jt1\/2026\/04\/CACHE_780X1200_ANALOG_WATERMARKED_46902497_5733945_09042026054010.jpg","datePublished":"2026-04-09T17:17:18+00:00","author":{"@id":"https:\/\/portaltela.pt\/#\/schema\/person\/c4278d4a6028830caff9ee44b42d32ed"},"breadcrumb":{"@id":"https:\/\/portaltela.pt\/noticias\/2026\/04\/09\/governo-propoe-isentar-visto-previo-do-tc-para-contratos-ate-10m\/#breadcrumb"},"inLanguage":"pt-PT","potentialAction":[{"@type":"ReadAction","target":["https:\/\/portaltela.pt\/noticias\/2026\/04\/09\/governo-propoe-isentar-visto-previo-do-tc-para-contratos-ate-10m\/"]}]},{"@type":"ImageObject","inLanguage":"pt-PT","@id":"https:\/\/portaltela.pt\/noticias\/2026\/04\/09\/governo-propoe-isentar-visto-previo-do-tc-para-contratos-ate-10m\/#primaryimage","url":"https:\/\/portaltela.pt\/s.01k8rhncp4jt1\/2026\/04\/CACHE_780X1200_ANALOG_WATERMARKED_46902497_5733945_09042026054010.jpg","contentUrl":"https:\/\/portaltela.pt\/s.01k8rhncp4jt1\/2026\/04\/CACHE_780X1200_ANALOG_WATERMARKED_46902497_5733945_09042026054010.jpg","width":796,"height":448,"caption":"Governo quer isentar de visto pr\u00e9vio do Tribunal de Contas contratos at\u00e9 10 ME"},{"@type":"BreadcrumbList","@id":"https:\/\/portaltela.pt\/noticias\/2026\/04\/09\/governo-propoe-isentar-visto-previo-do-tc-para-contratos-ate-10m\/#breadcrumb","itemListElement":[{"@type":"ListItem","position":1,"name":"In\u00edcio","item":"https:\/\/portaltela.pt\/"},{"@type":"ListItem","position":2,"name":"Governo prop\u00f5e isentar visto pr\u00e9vio do TC para contratos at\u00e9 10M\u20ac"}]},{"@type":"WebSite","@id":"https:\/\/portaltela.pt\/#website","url":"https:\/\/portaltela.pt\/","name":"Portal Tela Portugal","description":"","potentialAction":[{"@type":"SearchAction","target":{"@type":"EntryPoint","urlTemplate":"https:\/\/portaltela.pt\/?s={search_term_string}"},"query-input":{"@type":"PropertyValueSpecification","valueRequired":true,"valueName":"search_term_string"}}],"inLanguage":"pt-PT"},{"@type":"Person","@id":"https:\/\/portaltela.pt\/#\/schema\/person\/c4278d4a6028830caff9ee44b42d32ed","name":"Telinha","image":{"@type":"ImageObject","inLanguage":"pt-PT","@id":"https:\/\/portaltela.pt\/s.01k8rhncp4jt1\/2025\/11\/talking-bot-125x125.png","url":"https:\/\/portaltela.pt\/s.01k8rhncp4jt1\/2025\/11\/talking-bot-125x125.png","contentUrl":"https:\/\/portaltela.pt\/s.01k8rhncp4jt1\/2025\/11\/talking-bot-125x125.png","caption":"Telinha"},"sameAs":["https:\/\/portaltela.pt\/"],"url":"https:\/\/portaltela.pt\/por\/367410592786\/"}]}},"_links":{"self":[{"href":"https:\/\/portaltela.pt\/api\/wp\/v2\/posts\/438364","targetHints":{"allow":["GET"]}}],"collection":[{"href":"https:\/\/portaltela.pt\/api\/wp\/v2\/posts"}],"about":[{"href":"https:\/\/portaltela.pt\/api\/wp\/v2\/types\/post"}],"author":[{"embeddable":true,"href":"https:\/\/portaltela.pt\/api\/wp\/v2\/users\/2"}],"replies":[{"embeddable":true,"href":"https:\/\/portaltela.pt\/api\/wp\/v2\/comments?post=438364"}],"version-history":[{"count":0,"href":"https:\/\/portaltela.pt\/api\/wp\/v2\/posts\/438364\/revisions"}],"wp:featuredmedia":[{"embeddable":true,"href":"https:\/\/portaltela.pt\/api\/wp\/v2\/media\/438370"}],"wp:attachment":[{"href":"https:\/\/portaltela.pt\/api\/wp\/v2\/media?parent=438364"}],"wp:term":[{"taxonomy":"category","embeddable":true,"href":"https:\/\/portaltela.pt\/api\/wp\/v2\/categories?post=438364"},{"taxonomy":"post_tag","embeddable":true,"href":"https:\/\/portaltela.pt\/api\/wp\/v2\/tags?post=438364"}],"curies":[{"name":"wp","href":"https:\/\/api.w.org\/{rel}","templated":true}]}}