{"id":438344,"date":"2026-04-09T14:02:28","date_gmt":"2026-04-09T17:02:28","guid":{"rendered":"https:\/\/portaltela.pt\/noticias\/2026\/04\/09\/governo-propoe-isentar-de-visto-previo-do-tc-contratos-ate-10-m\/"},"modified":"2026-04-09T14:02:28","modified_gmt":"2026-04-09T17:02:28","slug":"governo-propoe-isentar-de-visto-previo-do-tc-contratos-ate-10-m","status":"publish","type":"post","link":"https:\/\/portaltela.pt\/noticias\/politica\/2026\/04\/09\/governo-propoe-isentar-de-visto-previo-do-tc-contratos-ate-10-m\/","title":{"rendered":"Governo prop\u00f5e isentar de visto pr\u00e9vio do TC contratos at\u00e9 10 M\u20ac"},"content":{"rendered":"<p>O Governo aprovou uma proposta de lei que pretende isentar de controlo pr\u00e9vio as despesas at\u00e9 10 milh\u00f5es de euros nos contratos p\u00fablicos, anunciou o ministro da Reforma do Estado. A medida visa rever as regras de fiscaliza\u00e7\u00e3o pelo Tribunal de Contas (TdC).<\/p>\n<p>Gon\u00e7alo Matias, em confer\u00eancia de imprensa ap\u00f3s a reuni\u00e3o do Conselho de Ministros, disse que a mudan\u00e7a ser\u00e1 implementada de forma respons\u00e1vel e gradual. A isen\u00e7\u00e3o at\u00e9 10 milh\u00f5es de euros permitir\u00e1 eliminar a fiscaliza\u00e7\u00e3o pr\u00e9via em mais de 90% dos contratos.<\/p>\n<p>Para contratos acima de 10 milh\u00f5es, a decis\u00e3o de submeter ao crivo pr\u00e9vio do TdC fica a cargo da entidade que celebra o contrato. Pode optar pela fiscaliza\u00e7\u00e3o pr\u00e9via ou adotar um mecanismo de controlo interno certificado pela Inspe\u00e7\u00e3o-Geral de Finan\u00e7as.<\/p>\n<h3>Detalhes da proposta<\/h3>\n<p>Trata-se de uma lei nova, pensada de raiz, que representa uma reforma de fundo, explicou o ministro. N\u00e3o haver\u00e1 elimina\u00e7\u00e3o da responsabilidade dos gestores p\u00fablicos e a responsabiliza\u00e7\u00e3o ser\u00e1 razo\u00e1vel e proporcional.<\/p>\n<p>Matias refor\u00e7ou que a mudan\u00e7a pretende simplificar processos sem abrir espa\u00e7o a abusos. A atual abordagem \u00e9 descrita como excessivamente desproporcional, segundo o governo, justificando a revis\u00e3o.<\/p>\n","protected":false},"excerpt":{"rendered":"<ul>\n<li>O Governo aprovou uma proposta de lei que isenta de controlo pr\u00e9vio do Tribunal de Contas despesas at\u00e9 10 milh\u00f5es de euros.<\/li>\n<li>A medida foi anunciada pelo ministro da Reforma do Estado, Gon\u00e7alo Matias, ap\u00f3s a reuni\u00e3o do Conselho de Ministros.<\/li>\n<li>A mudan\u00e7a ser\u00e1 implementada de forma respons\u00e1vel e gradual, eliminando a fiscaliza\u00e7\u00e3o pr\u00e9via em mais de 90% dos contratos.<\/li>\n<li>Para contratos acima de dez milh\u00f5es de euros, a decis\u00e3o de submeter ao TdC fica a cargo da entidade contratante, que pode ainda optar por um mecanismo de controlo interno certificado pela Inspe\u00e7\u00e3o-Geral de Finan\u00e7as.<\/li>\n<li>A medida \u00e9 descrita como uma reforma de fundo, mantendo a responsabilidade dos gestores p\u00fablicos, com responsabiliza\u00e7\u00e3o descrita como proporcional.<\/li>\n<\/ul>\n","protected":false},"author":2,"featured_media":438347,"comment_status":"closed","ping_status":"closed","sticky":false,"template":"","format":"standard","meta":{"footnotes":""},"categories":[1,5],"tags":[6115,5822,695,5334,34,2832],"class_list":["post-438344","post","type-post","status-publish","format-standard","has-post-thumbnail","hentry","category-noticias","category-politica","tag-_economia","tag-contratos-publicos","tag-fiscalizacao","tag-gestao-publica","tag-governo","tag-politica"],"yoast_head":"<!-- This site is optimized with the Yoast SEO plugin v27.2 - https:\/\/yoast.com\/product\/yoast-seo-wordpress\/ -->\n<title>Governo prop\u00f5e isentar de visto pr\u00e9vio do TC contratos at\u00e9 10 M\u20ac - Portal Tela Portugal<\/title>\n<meta name=\"robots\" content=\"index, follow, max-snippet:-1, max-image-preview:large, max-video-preview:-1\" \/>\n<meta property=\"og:locale\" content=\"pt_PT\" \/>\n<meta property=\"og:type\" content=\"article\" \/>\n<meta property=\"og:title\" content=\"Governo prop\u00f5e isentar de visto pr\u00e9vio do TC contratos at\u00e9 10 M\u20ac - Portal Tela Portugal\" \/>\n<meta property=\"og:description\" content=\"O Governo aprovou uma proposta de lei que isenta de controlo pr\u00e9vio do Tribunal de Contas despesas at\u00e9 10 milh\u00f5es de euros. A medida foi anunciada pelo ministro da Reforma do Estado, Gon\u00e7alo Matias, ap\u00f3s a reuni\u00e3o do Conselho de Ministros. A mudan\u00e7a ser\u00e1 implementada de forma respons\u00e1vel e gradual, eliminando a fiscaliza\u00e7\u00e3o pr\u00e9via em mais de 90% dos contratos. Para contratos acima de dez milh\u00f5es de euros, a decis\u00e3o de submeter ao TdC fica a cargo da entidade contratante, que pode ainda optar por um mecanismo de controlo interno certificado pela Inspe\u00e7\u00e3o-Geral de Finan\u00e7as. A medida \u00e9 descrita como uma reforma de fundo, mantendo a responsabilidade dos gestores p\u00fablicos, com responsabiliza\u00e7\u00e3o descrita como proporcional.\" \/>\n<meta property=\"og:url\" content=\"https:\/\/portaltela.pt\/noticias\/2026\/04\/09\/governo-propoe-isentar-de-visto-previo-do-tc-contratos-ate-10-m\/\" \/>\n<meta property=\"og:site_name\" content=\"Portal Tela Portugal\" \/>\n<meta property=\"article:published_time\" content=\"2026-04-09T17:02:28+00:00\" \/>\n<meta name=\"author\" content=\"Telinha\" \/>\n<meta name=\"twitter:card\" content=\"summary_large_image\" \/>\n<meta name=\"twitter:label1\" content=\"Escrito por\" \/>\n\t<meta name=\"twitter:data1\" content=\"Telinha\" \/>\n\t<meta name=\"twitter:label2\" content=\"Tempo estimado de leitura\" \/>\n\t<meta name=\"twitter:data2\" content=\"1 minuto\" \/>\n<script type=\"application\/ld+json\" class=\"yoast-schema-graph\">{\"@context\":\"https:\/\/schema.org\",\"@graph\":[{\"@type\":\"Article\",\"@id\":\"https:\/\/portaltela.pt\/noticias\/2026\/04\/09\/governo-propoe-isentar-de-visto-previo-do-tc-contratos-ate-10-m\/#article\",\"isPartOf\":{\"@id\":\"https:\/\/portaltela.pt\/noticias\/2026\/04\/09\/governo-propoe-isentar-de-visto-previo-do-tc-contratos-ate-10-m\/\"},\"author\":{\"name\":\"Telinha\",\"@id\":\"https:\/\/portaltela.pt\/#\/schema\/person\/c4278d4a6028830caff9ee44b42d32ed\"},\"headline\":\"Governo prop\u00f5e isentar de visto pr\u00e9vio do TC contratos at\u00e9 10 M\u20ac\",\"datePublished\":\"2026-04-09T17:02:28+00:00\",\"mainEntityOfPage\":{\"@id\":\"https:\/\/portaltela.pt\/noticias\/2026\/04\/09\/governo-propoe-isentar-de-visto-previo-do-tc-contratos-ate-10-m\/\"},\"wordCount\":226,\"image\":{\"@id\":\"https:\/\/portaltela.pt\/noticias\/2026\/04\/09\/governo-propoe-isentar-de-visto-previo-do-tc-contratos-ate-10-m\/#primaryimage\"},\"thumbnailUrl\":\"https:\/\/portaltela.pt\/s.01k8rhncp4jt1\/2026\/04\/img_1280x721uu2026-01-20-16-59-48-2261534.jpg\",\"keywords\":[\"_economia\",\"contratos p\u00fablicos\",\"fiscaliza\u00e7\u00e3o\",\"gest\u00e3o p\u00fablica\",\"governo\",\"pol\u00edtica\"],\"articleSection\":[\"Not\u00edcias\",\"Pol\u00edtica\"],\"inLanguage\":\"pt-PT\"},{\"@type\":\"WebPage\",\"@id\":\"https:\/\/portaltela.pt\/noticias\/2026\/04\/09\/governo-propoe-isentar-de-visto-previo-do-tc-contratos-ate-10-m\/\",\"url\":\"https:\/\/portaltela.pt\/noticias\/2026\/04\/09\/governo-propoe-isentar-de-visto-previo-do-tc-contratos-ate-10-m\/\",\"name\":\"Governo prop\u00f5e isentar de visto pr\u00e9vio do TC contratos at\u00e9 10 M\u20ac - Portal Tela Portugal\",\"isPartOf\":{\"@id\":\"https:\/\/portaltela.pt\/#website\"},\"primaryImageOfPage\":{\"@id\":\"https:\/\/portaltela.pt\/noticias\/2026\/04\/09\/governo-propoe-isentar-de-visto-previo-do-tc-contratos-ate-10-m\/#primaryimage\"},\"image\":{\"@id\":\"https:\/\/portaltela.pt\/noticias\/2026\/04\/09\/governo-propoe-isentar-de-visto-previo-do-tc-contratos-ate-10-m\/#primaryimage\"},\"thumbnailUrl\":\"https:\/\/portaltela.pt\/s.01k8rhncp4jt1\/2026\/04\/img_1280x721uu2026-01-20-16-59-48-2261534.jpg\",\"datePublished\":\"2026-04-09T17:02:28+00:00\",\"author\":{\"@id\":\"https:\/\/portaltela.pt\/#\/schema\/person\/c4278d4a6028830caff9ee44b42d32ed\"},\"breadcrumb\":{\"@id\":\"https:\/\/portaltela.pt\/noticias\/2026\/04\/09\/governo-propoe-isentar-de-visto-previo-do-tc-contratos-ate-10-m\/#breadcrumb\"},\"inLanguage\":\"pt-PT\",\"potentialAction\":[{\"@type\":\"ReadAction\",\"target\":[\"https:\/\/portaltela.pt\/noticias\/2026\/04\/09\/governo-propoe-isentar-de-visto-previo-do-tc-contratos-ate-10-m\/\"]}]},{\"@type\":\"ImageObject\",\"inLanguage\":\"pt-PT\",\"@id\":\"https:\/\/portaltela.pt\/noticias\/2026\/04\/09\/governo-propoe-isentar-de-visto-previo-do-tc-contratos-ate-10-m\/#primaryimage\",\"url\":\"https:\/\/portaltela.pt\/s.01k8rhncp4jt1\/2026\/04\/img_1280x721uu2026-01-20-16-59-48-2261534.jpg\",\"contentUrl\":\"https:\/\/portaltela.pt\/s.01k8rhncp4jt1\/2026\/04\/img_1280x721uu2026-01-20-16-59-48-2261534.jpg\",\"width\":796,\"height\":448,\"caption\":\"Gon\u00e7alo Matias anuncia teste da Carteira Digital da Empresa para janeiro de 2026\"},{\"@type\":\"BreadcrumbList\",\"@id\":\"https:\/\/portaltela.pt\/noticias\/2026\/04\/09\/governo-propoe-isentar-de-visto-previo-do-tc-contratos-ate-10-m\/#breadcrumb\",\"itemListElement\":[{\"@type\":\"ListItem\",\"position\":1,\"name\":\"In\u00edcio\",\"item\":\"https:\/\/portaltela.pt\/\"},{\"@type\":\"ListItem\",\"position\":2,\"name\":\"Governo prop\u00f5e isentar de visto pr\u00e9vio do TC contratos at\u00e9 10 M\u20ac\"}]},{\"@type\":\"WebSite\",\"@id\":\"https:\/\/portaltela.pt\/#website\",\"url\":\"https:\/\/portaltela.pt\/\",\"name\":\"Portal Tela Portugal\",\"description\":\"\",\"potentialAction\":[{\"@type\":\"SearchAction\",\"target\":{\"@type\":\"EntryPoint\",\"urlTemplate\":\"https:\/\/portaltela.pt\/?s={search_term_string}\"},\"query-input\":{\"@type\":\"PropertyValueSpecification\",\"valueRequired\":true,\"valueName\":\"search_term_string\"}}],\"inLanguage\":\"pt-PT\"},{\"@type\":\"Person\",\"@id\":\"https:\/\/portaltela.pt\/#\/schema\/person\/c4278d4a6028830caff9ee44b42d32ed\",\"name\":\"Telinha\",\"image\":{\"@type\":\"ImageObject\",\"inLanguage\":\"pt-PT\",\"@id\":\"https:\/\/portaltela.pt\/s.01k8rhncp4jt1\/2025\/11\/talking-bot-125x125.png\",\"url\":\"https:\/\/portaltela.pt\/s.01k8rhncp4jt1\/2025\/11\/talking-bot-125x125.png\",\"contentUrl\":\"https:\/\/portaltela.pt\/s.01k8rhncp4jt1\/2025\/11\/talking-bot-125x125.png\",\"caption\":\"Telinha\"},\"sameAs\":[\"https:\/\/portaltela.pt\/\"],\"url\":\"https:\/\/portaltela.pt\/por\/367410592786\/\"}]}<\/script>\n<!-- \/ Yoast SEO plugin. -->","yoast_head_json":{"title":"Governo prop\u00f5e isentar de visto pr\u00e9vio do TC contratos at\u00e9 10 M\u20ac - Portal Tela Portugal","robots":{"index":"index","follow":"follow","max-snippet":"max-snippet:-1","max-image-preview":"max-image-preview:large","max-video-preview":"max-video-preview:-1"},"og_locale":"pt_PT","og_type":"article","og_title":"Governo prop\u00f5e isentar de visto pr\u00e9vio do TC contratos at\u00e9 10 M\u20ac - Portal Tela Portugal","og_description":"O Governo aprovou uma proposta de lei que isenta de controlo pr\u00e9vio do Tribunal de Contas despesas at\u00e9 10 milh\u00f5es de euros. A medida foi anunciada pelo ministro da Reforma do Estado, Gon\u00e7alo Matias, ap\u00f3s a reuni\u00e3o do Conselho de Ministros. A mudan\u00e7a ser\u00e1 implementada de forma respons\u00e1vel e gradual, eliminando a fiscaliza\u00e7\u00e3o pr\u00e9via em mais de 90% dos contratos. Para contratos acima de dez milh\u00f5es de euros, a decis\u00e3o de submeter ao TdC fica a cargo da entidade contratante, que pode ainda optar por um mecanismo de controlo interno certificado pela Inspe\u00e7\u00e3o-Geral de Finan\u00e7as. A medida \u00e9 descrita como uma reforma de fundo, mantendo a responsabilidade dos gestores p\u00fablicos, com responsabiliza\u00e7\u00e3o descrita como proporcional.","og_url":"https:\/\/portaltela.pt\/noticias\/2026\/04\/09\/governo-propoe-isentar-de-visto-previo-do-tc-contratos-ate-10-m\/","og_site_name":"Portal Tela Portugal","article_published_time":"2026-04-09T17:02:28+00:00","author":"Telinha","twitter_card":"summary_large_image","twitter_misc":{"Escrito por":"Telinha","Tempo estimado de leitura":"1 minuto"},"schema":{"@context":"https:\/\/schema.org","@graph":[{"@type":"Article","@id":"https:\/\/portaltela.pt\/noticias\/2026\/04\/09\/governo-propoe-isentar-de-visto-previo-do-tc-contratos-ate-10-m\/#article","isPartOf":{"@id":"https:\/\/portaltela.pt\/noticias\/2026\/04\/09\/governo-propoe-isentar-de-visto-previo-do-tc-contratos-ate-10-m\/"},"author":{"name":"Telinha","@id":"https:\/\/portaltela.pt\/#\/schema\/person\/c4278d4a6028830caff9ee44b42d32ed"},"headline":"Governo prop\u00f5e isentar de visto pr\u00e9vio do TC contratos at\u00e9 10 M\u20ac","datePublished":"2026-04-09T17:02:28+00:00","mainEntityOfPage":{"@id":"https:\/\/portaltela.pt\/noticias\/2026\/04\/09\/governo-propoe-isentar-de-visto-previo-do-tc-contratos-ate-10-m\/"},"wordCount":226,"image":{"@id":"https:\/\/portaltela.pt\/noticias\/2026\/04\/09\/governo-propoe-isentar-de-visto-previo-do-tc-contratos-ate-10-m\/#primaryimage"},"thumbnailUrl":"https:\/\/portaltela.pt\/s.01k8rhncp4jt1\/2026\/04\/img_1280x721uu2026-01-20-16-59-48-2261534.jpg","keywords":["_economia","contratos p\u00fablicos","fiscaliza\u00e7\u00e3o","gest\u00e3o p\u00fablica","governo","pol\u00edtica"],"articleSection":["Not\u00edcias","Pol\u00edtica"],"inLanguage":"pt-PT"},{"@type":"WebPage","@id":"https:\/\/portaltela.pt\/noticias\/2026\/04\/09\/governo-propoe-isentar-de-visto-previo-do-tc-contratos-ate-10-m\/","url":"https:\/\/portaltela.pt\/noticias\/2026\/04\/09\/governo-propoe-isentar-de-visto-previo-do-tc-contratos-ate-10-m\/","name":"Governo prop\u00f5e isentar de visto pr\u00e9vio do TC contratos at\u00e9 10 M\u20ac - Portal Tela Portugal","isPartOf":{"@id":"https:\/\/portaltela.pt\/#website"},"primaryImageOfPage":{"@id":"https:\/\/portaltela.pt\/noticias\/2026\/04\/09\/governo-propoe-isentar-de-visto-previo-do-tc-contratos-ate-10-m\/#primaryimage"},"image":{"@id":"https:\/\/portaltela.pt\/noticias\/2026\/04\/09\/governo-propoe-isentar-de-visto-previo-do-tc-contratos-ate-10-m\/#primaryimage"},"thumbnailUrl":"https:\/\/portaltela.pt\/s.01k8rhncp4jt1\/2026\/04\/img_1280x721uu2026-01-20-16-59-48-2261534.jpg","datePublished":"2026-04-09T17:02:28+00:00","author":{"@id":"https:\/\/portaltela.pt\/#\/schema\/person\/c4278d4a6028830caff9ee44b42d32ed"},"breadcrumb":{"@id":"https:\/\/portaltela.pt\/noticias\/2026\/04\/09\/governo-propoe-isentar-de-visto-previo-do-tc-contratos-ate-10-m\/#breadcrumb"},"inLanguage":"pt-PT","potentialAction":[{"@type":"ReadAction","target":["https:\/\/portaltela.pt\/noticias\/2026\/04\/09\/governo-propoe-isentar-de-visto-previo-do-tc-contratos-ate-10-m\/"]}]},{"@type":"ImageObject","inLanguage":"pt-PT","@id":"https:\/\/portaltela.pt\/noticias\/2026\/04\/09\/governo-propoe-isentar-de-visto-previo-do-tc-contratos-ate-10-m\/#primaryimage","url":"https:\/\/portaltela.pt\/s.01k8rhncp4jt1\/2026\/04\/img_1280x721uu2026-01-20-16-59-48-2261534.jpg","contentUrl":"https:\/\/portaltela.pt\/s.01k8rhncp4jt1\/2026\/04\/img_1280x721uu2026-01-20-16-59-48-2261534.jpg","width":796,"height":448,"caption":"Gon\u00e7alo Matias anuncia teste da Carteira Digital da Empresa para janeiro de 2026"},{"@type":"BreadcrumbList","@id":"https:\/\/portaltela.pt\/noticias\/2026\/04\/09\/governo-propoe-isentar-de-visto-previo-do-tc-contratos-ate-10-m\/#breadcrumb","itemListElement":[{"@type":"ListItem","position":1,"name":"In\u00edcio","item":"https:\/\/portaltela.pt\/"},{"@type":"ListItem","position":2,"name":"Governo prop\u00f5e isentar de visto pr\u00e9vio do TC contratos at\u00e9 10 M\u20ac"}]},{"@type":"WebSite","@id":"https:\/\/portaltela.pt\/#website","url":"https:\/\/portaltela.pt\/","name":"Portal Tela Portugal","description":"","potentialAction":[{"@type":"SearchAction","target":{"@type":"EntryPoint","urlTemplate":"https:\/\/portaltela.pt\/?s={search_term_string}"},"query-input":{"@type":"PropertyValueSpecification","valueRequired":true,"valueName":"search_term_string"}}],"inLanguage":"pt-PT"},{"@type":"Person","@id":"https:\/\/portaltela.pt\/#\/schema\/person\/c4278d4a6028830caff9ee44b42d32ed","name":"Telinha","image":{"@type":"ImageObject","inLanguage":"pt-PT","@id":"https:\/\/portaltela.pt\/s.01k8rhncp4jt1\/2025\/11\/talking-bot-125x125.png","url":"https:\/\/portaltela.pt\/s.01k8rhncp4jt1\/2025\/11\/talking-bot-125x125.png","contentUrl":"https:\/\/portaltela.pt\/s.01k8rhncp4jt1\/2025\/11\/talking-bot-125x125.png","caption":"Telinha"},"sameAs":["https:\/\/portaltela.pt\/"],"url":"https:\/\/portaltela.pt\/por\/367410592786\/"}]}},"_links":{"self":[{"href":"https:\/\/portaltela.pt\/api\/wp\/v2\/posts\/438344","targetHints":{"allow":["GET"]}}],"collection":[{"href":"https:\/\/portaltela.pt\/api\/wp\/v2\/posts"}],"about":[{"href":"https:\/\/portaltela.pt\/api\/wp\/v2\/types\/post"}],"author":[{"embeddable":true,"href":"https:\/\/portaltela.pt\/api\/wp\/v2\/users\/2"}],"replies":[{"embeddable":true,"href":"https:\/\/portaltela.pt\/api\/wp\/v2\/comments?post=438344"}],"version-history":[{"count":0,"href":"https:\/\/portaltela.pt\/api\/wp\/v2\/posts\/438344\/revisions"}],"wp:featuredmedia":[{"embeddable":true,"href":"https:\/\/portaltela.pt\/api\/wp\/v2\/media\/438347"}],"wp:attachment":[{"href":"https:\/\/portaltela.pt\/api\/wp\/v2\/media?parent=438344"}],"wp:term":[{"taxonomy":"category","embeddable":true,"href":"https:\/\/portaltela.pt\/api\/wp\/v2\/categories?post=438344"},{"taxonomy":"post_tag","embeddable":true,"href":"https:\/\/portaltela.pt\/api\/wp\/v2\/tags?post=438344"}],"curies":[{"name":"wp","href":"https:\/\/api.w.org\/{rel}","templated":true}]}}