{"id":438325,"date":"2026-04-09T12:41:00","date_gmt":"2026-04-09T15:41:00","guid":{"rendered":"https:\/\/portaltela.pt\/noticias\/2026\/04\/09\/trump-ataca-a-nato-dizendo-que-nao-a-compreende-sem-pressao\/"},"modified":"2026-04-09T12:41:00","modified_gmt":"2026-04-09T15:41:00","slug":"trump-ataca-a-nato-dizendo-que-nao-a-compreende-sem-pressao","status":"publish","type":"post","link":"https:\/\/portaltela.pt\/geopolitica\/2026\/04\/09\/trump-ataca-a-nato-dizendo-que-nao-a-compreende-sem-pressao\/","title":{"rendered":"Trump ataca a NATO, dizendo que n\u00e3o a compreende sem press\u00e3o"},"content":{"rendered":"<p>O ex-presidente dos EUA, Donald Trump, criticou a NATO, afirmando que a alian\u00e7a \u201cn\u00e3o entende nada a menos que seja pressionada\u201d. A declara\u00e7\u00e3o, em tom contundente, coloca novamente a rela\u00e7\u00e3o entre Washington e os aliados sob escrut\u00ednio.<\/p>\n<p>Segundo o t\u00edtulo da pe\u00e7a, Trump sustenta que a NATO s\u00f3 reage sob press\u00e3o, dist\u00e2ncia que alimenta debates sobre a efic\u00e1cia e o papel da alian\u00e7a na seguran\u00e7a euro-atl\u00e2ntica. N\u00e3o h\u00e1 confirma\u00e7\u00e3o de contexto espec\u00edfico ou exemplos citados pelo registo p\u00fablico.<\/p>\n<p>O conte\u00fado completo da not\u00edcia encontra-se dispon\u00edvel apenas para subscritores. N\u00e3o foram divulgadas datas, locais ou detalhes adicionais neste extracto oferecido. Fontes oficiais n\u00e3o foram citadas neste trecho.<\/p>\n","protected":false},"excerpt":{"rendered":"<ul>\n<li>Donald Trump atacou a Organiza\u00e7\u00e3o do Tratado do Atl\u00e2ntico Norte (NATO) dizendo que a alian\u00e7a \u201cn\u00e3o compreende nada a menos que seja pressionada\u201d.<\/li>\n<li>As declara\u00e7\u00f5es foram proferidas numa interven\u00e7\u00e3o p\u00fablica recente.<\/li>\n<li>O coment\u00e1rio insere-se numa cr\u00edtica continuada \u00e0s alian\u00e7as de defesa ocidentais.<\/li>\n<li>O conte\u00fado completo da not\u00edcia est\u00e1 dispon\u00edvel apenas para subscritores.<\/li>\n<\/ul>\n","protected":false},"author":2,"featured_media":438327,"comment_status":"closed","ping_status":"closed","sticky":false,"template":"","format":"standard","meta":{"footnotes":""},"categories":[6814],"tags":[3496,1600,2832,7439,5698,27],"class_list":["post-438325","post","type-post","status-publish","format-standard","has-post-thumbnail","hentry","category-geopolitica","tag-aliancas-internacionais","tag-estados-unidos","tag-politica","tag-politica-externa","tag-politica-internacional","tag-relacoes-internacionais"],"yoast_head":"<!-- This site is optimized with the Yoast SEO plugin v27.2 - https:\/\/yoast.com\/product\/yoast-seo-wordpress\/ -->\n<title>Trump ataca a NATO, dizendo que n\u00e3o a compreende sem press\u00e3o - Portal Tela Portugal<\/title>\n<meta name=\"robots\" content=\"index, follow, max-snippet:-1, max-image-preview:large, max-video-preview:-1\" \/>\n<meta property=\"og:locale\" content=\"pt_PT\" \/>\n<meta property=\"og:type\" content=\"article\" \/>\n<meta property=\"og:title\" content=\"Trump ataca a NATO, dizendo que n\u00e3o a compreende sem press\u00e3o - Portal Tela Portugal\" \/>\n<meta property=\"og:description\" content=\"Donald Trump atacou a Organiza\u00e7\u00e3o do Tratado do Atl\u00e2ntico Norte (NATO) dizendo que a alian\u00e7a \u201cn\u00e3o compreende nada a menos que seja pressionada\u201d. As declara\u00e7\u00f5es foram proferidas numa interven\u00e7\u00e3o p\u00fablica recente. O coment\u00e1rio insere-se numa cr\u00edtica continuada \u00e0s alian\u00e7as de defesa ocidentais. O conte\u00fado completo da not\u00edcia est\u00e1 dispon\u00edvel apenas para subscritores.\" \/>\n<meta property=\"og:url\" content=\"https:\/\/portaltela.pt\/noticias\/2026\/04\/09\/trump-ataca-a-nato-dizendo-que-nao-a-compreende-sem-pressao\/\" \/>\n<meta property=\"og:site_name\" content=\"Portal Tela Portugal\" \/>\n<meta property=\"article:published_time\" content=\"2026-04-09T15:41:00+00:00\" \/>\n<meta name=\"author\" content=\"Telinha\" \/>\n<meta name=\"twitter:card\" content=\"summary_large_image\" \/>\n<meta name=\"twitter:label1\" content=\"Escrito por\" \/>\n\t<meta name=\"twitter:data1\" content=\"Telinha\" \/>\n\t<meta name=\"twitter:label2\" content=\"Tempo estimado de leitura\" \/>\n\t<meta name=\"twitter:data2\" content=\"1 minuto\" \/>\n<script type=\"application\/ld+json\" class=\"yoast-schema-graph\">{\"@context\":\"https:\/\/schema.org\",\"@graph\":[{\"@type\":\"Article\",\"@id\":\"https:\/\/portaltela.pt\/noticias\/2026\/04\/09\/trump-ataca-a-nato-dizendo-que-nao-a-compreende-sem-pressao\/#article\",\"isPartOf\":{\"@id\":\"https:\/\/portaltela.pt\/noticias\/2026\/04\/09\/trump-ataca-a-nato-dizendo-que-nao-a-compreende-sem-pressao\/\"},\"author\":{\"name\":\"Telinha\",\"@id\":\"https:\/\/portaltela.pt\/#\/schema\/person\/c4278d4a6028830caff9ee44b42d32ed\"},\"headline\":\"Trump ataca a NATO, dizendo que n\u00e3o a compreende sem press\u00e3o\",\"datePublished\":\"2026-04-09T15:41:00+00:00\",\"mainEntityOfPage\":{\"@id\":\"https:\/\/portaltela.pt\/noticias\/2026\/04\/09\/trump-ataca-a-nato-dizendo-que-nao-a-compreende-sem-pressao\/\"},\"wordCount\":141,\"image\":{\"@id\":\"https:\/\/portaltela.pt\/noticias\/2026\/04\/09\/trump-ataca-a-nato-dizendo-que-nao-a-compreende-sem-pressao\/#primaryimage\"},\"thumbnailUrl\":\"https:\/\/portaltela.pt\/s.01k8rhncp4jt1\/2026\/04\/CACHE_780X1200_ANALOG_WATERMARKED_46884679_679421924000077.jpg\",\"keywords\":[\"alian\u00e7as internacionais\",\"Estados Unidos\",\"pol\u00edtica\",\"pol\u00edtica externa\",\"pol\u00edtica internacional\",\"rela\u00e7\u00f5es internacionais\"],\"articleSection\":[\"Geopol\u00edtica\"],\"inLanguage\":\"pt-PT\"},{\"@type\":\"WebPage\",\"@id\":\"https:\/\/portaltela.pt\/noticias\/2026\/04\/09\/trump-ataca-a-nato-dizendo-que-nao-a-compreende-sem-pressao\/\",\"url\":\"https:\/\/portaltela.pt\/noticias\/2026\/04\/09\/trump-ataca-a-nato-dizendo-que-nao-a-compreende-sem-pressao\/\",\"name\":\"Trump ataca a NATO, dizendo que n\u00e3o a compreende sem press\u00e3o - Portal Tela Portugal\",\"isPartOf\":{\"@id\":\"https:\/\/portaltela.pt\/#website\"},\"primaryImageOfPage\":{\"@id\":\"https:\/\/portaltela.pt\/noticias\/2026\/04\/09\/trump-ataca-a-nato-dizendo-que-nao-a-compreende-sem-pressao\/#primaryimage\"},\"image\":{\"@id\":\"https:\/\/portaltela.pt\/noticias\/2026\/04\/09\/trump-ataca-a-nato-dizendo-que-nao-a-compreende-sem-pressao\/#primaryimage\"},\"thumbnailUrl\":\"https:\/\/portaltela.pt\/s.01k8rhncp4jt1\/2026\/04\/CACHE_780X1200_ANALOG_WATERMARKED_46884679_679421924000077.jpg\",\"datePublished\":\"2026-04-09T15:41:00+00:00\",\"author\":{\"@id\":\"https:\/\/portaltela.pt\/#\/schema\/person\/c4278d4a6028830caff9ee44b42d32ed\"},\"breadcrumb\":{\"@id\":\"https:\/\/portaltela.pt\/noticias\/2026\/04\/09\/trump-ataca-a-nato-dizendo-que-nao-a-compreende-sem-pressao\/#breadcrumb\"},\"inLanguage\":\"pt-PT\",\"potentialAction\":[{\"@type\":\"ReadAction\",\"target\":[\"https:\/\/portaltela.pt\/noticias\/2026\/04\/09\/trump-ataca-a-nato-dizendo-que-nao-a-compreende-sem-pressao\/\"]}]},{\"@type\":\"ImageObject\",\"inLanguage\":\"pt-PT\",\"@id\":\"https:\/\/portaltela.pt\/noticias\/2026\/04\/09\/trump-ataca-a-nato-dizendo-que-nao-a-compreende-sem-pressao\/#primaryimage\",\"url\":\"https:\/\/portaltela.pt\/s.01k8rhncp4jt1\/2026\/04\/CACHE_780X1200_ANALOG_WATERMARKED_46884679_679421924000077.jpg\",\"contentUrl\":\"https:\/\/portaltela.pt\/s.01k8rhncp4jt1\/2026\/04\/CACHE_780X1200_ANALOG_WATERMARKED_46884679_679421924000077.jpg\",\"width\":796,\"height\":448,\"caption\":\"Trump ataca NATO que n\u00e3o compreende nada a menos que seja pressionada\"},{\"@type\":\"BreadcrumbList\",\"@id\":\"https:\/\/portaltela.pt\/noticias\/2026\/04\/09\/trump-ataca-a-nato-dizendo-que-nao-a-compreende-sem-pressao\/#breadcrumb\",\"itemListElement\":[{\"@type\":\"ListItem\",\"position\":1,\"name\":\"In\u00edcio\",\"item\":\"https:\/\/portaltela.pt\/\"},{\"@type\":\"ListItem\",\"position\":2,\"name\":\"Trump ataca a NATO, dizendo que n\u00e3o a compreende sem press\u00e3o\"}]},{\"@type\":\"WebSite\",\"@id\":\"https:\/\/portaltela.pt\/#website\",\"url\":\"https:\/\/portaltela.pt\/\",\"name\":\"Portal Tela Portugal\",\"description\":\"\",\"potentialAction\":[{\"@type\":\"SearchAction\",\"target\":{\"@type\":\"EntryPoint\",\"urlTemplate\":\"https:\/\/portaltela.pt\/?s={search_term_string}\"},\"query-input\":{\"@type\":\"PropertyValueSpecification\",\"valueRequired\":true,\"valueName\":\"search_term_string\"}}],\"inLanguage\":\"pt-PT\"},{\"@type\":\"Person\",\"@id\":\"https:\/\/portaltela.pt\/#\/schema\/person\/c4278d4a6028830caff9ee44b42d32ed\",\"name\":\"Telinha\",\"image\":{\"@type\":\"ImageObject\",\"inLanguage\":\"pt-PT\",\"@id\":\"https:\/\/portaltela.pt\/s.01k8rhncp4jt1\/2025\/11\/talking-bot-125x125.png\",\"url\":\"https:\/\/portaltela.pt\/s.01k8rhncp4jt1\/2025\/11\/talking-bot-125x125.png\",\"contentUrl\":\"https:\/\/portaltela.pt\/s.01k8rhncp4jt1\/2025\/11\/talking-bot-125x125.png\",\"caption\":\"Telinha\"},\"sameAs\":[\"https:\/\/portaltela.pt\/\"],\"url\":\"https:\/\/portaltela.pt\/por\/367410592786\/\"}]}<\/script>\n<!-- \/ Yoast SEO plugin. -->","yoast_head_json":{"title":"Trump ataca a NATO, dizendo que n\u00e3o a compreende sem press\u00e3o - Portal Tela Portugal","robots":{"index":"index","follow":"follow","max-snippet":"max-snippet:-1","max-image-preview":"max-image-preview:large","max-video-preview":"max-video-preview:-1"},"og_locale":"pt_PT","og_type":"article","og_title":"Trump ataca a NATO, dizendo que n\u00e3o a compreende sem press\u00e3o - Portal Tela Portugal","og_description":"Donald Trump atacou a Organiza\u00e7\u00e3o do Tratado do Atl\u00e2ntico Norte (NATO) dizendo que a alian\u00e7a \u201cn\u00e3o compreende nada a menos que seja pressionada\u201d. As declara\u00e7\u00f5es foram proferidas numa interven\u00e7\u00e3o p\u00fablica recente. O coment\u00e1rio insere-se numa cr\u00edtica continuada \u00e0s alian\u00e7as de defesa ocidentais. O conte\u00fado completo da not\u00edcia est\u00e1 dispon\u00edvel apenas para subscritores.","og_url":"https:\/\/portaltela.pt\/noticias\/2026\/04\/09\/trump-ataca-a-nato-dizendo-que-nao-a-compreende-sem-pressao\/","og_site_name":"Portal Tela Portugal","article_published_time":"2026-04-09T15:41:00+00:00","author":"Telinha","twitter_card":"summary_large_image","twitter_misc":{"Escrito por":"Telinha","Tempo estimado de leitura":"1 minuto"},"schema":{"@context":"https:\/\/schema.org","@graph":[{"@type":"Article","@id":"https:\/\/portaltela.pt\/noticias\/2026\/04\/09\/trump-ataca-a-nato-dizendo-que-nao-a-compreende-sem-pressao\/#article","isPartOf":{"@id":"https:\/\/portaltela.pt\/noticias\/2026\/04\/09\/trump-ataca-a-nato-dizendo-que-nao-a-compreende-sem-pressao\/"},"author":{"name":"Telinha","@id":"https:\/\/portaltela.pt\/#\/schema\/person\/c4278d4a6028830caff9ee44b42d32ed"},"headline":"Trump ataca a NATO, dizendo que n\u00e3o a compreende sem press\u00e3o","datePublished":"2026-04-09T15:41:00+00:00","mainEntityOfPage":{"@id":"https:\/\/portaltela.pt\/noticias\/2026\/04\/09\/trump-ataca-a-nato-dizendo-que-nao-a-compreende-sem-pressao\/"},"wordCount":141,"image":{"@id":"https:\/\/portaltela.pt\/noticias\/2026\/04\/09\/trump-ataca-a-nato-dizendo-que-nao-a-compreende-sem-pressao\/#primaryimage"},"thumbnailUrl":"https:\/\/portaltela.pt\/s.01k8rhncp4jt1\/2026\/04\/CACHE_780X1200_ANALOG_WATERMARKED_46884679_679421924000077.jpg","keywords":["alian\u00e7as internacionais","Estados Unidos","pol\u00edtica","pol\u00edtica externa","pol\u00edtica internacional","rela\u00e7\u00f5es internacionais"],"articleSection":["Geopol\u00edtica"],"inLanguage":"pt-PT"},{"@type":"WebPage","@id":"https:\/\/portaltela.pt\/noticias\/2026\/04\/09\/trump-ataca-a-nato-dizendo-que-nao-a-compreende-sem-pressao\/","url":"https:\/\/portaltela.pt\/noticias\/2026\/04\/09\/trump-ataca-a-nato-dizendo-que-nao-a-compreende-sem-pressao\/","name":"Trump ataca a NATO, dizendo que n\u00e3o a compreende sem press\u00e3o - Portal Tela Portugal","isPartOf":{"@id":"https:\/\/portaltela.pt\/#website"},"primaryImageOfPage":{"@id":"https:\/\/portaltela.pt\/noticias\/2026\/04\/09\/trump-ataca-a-nato-dizendo-que-nao-a-compreende-sem-pressao\/#primaryimage"},"image":{"@id":"https:\/\/portaltela.pt\/noticias\/2026\/04\/09\/trump-ataca-a-nato-dizendo-que-nao-a-compreende-sem-pressao\/#primaryimage"},"thumbnailUrl":"https:\/\/portaltela.pt\/s.01k8rhncp4jt1\/2026\/04\/CACHE_780X1200_ANALOG_WATERMARKED_46884679_679421924000077.jpg","datePublished":"2026-04-09T15:41:00+00:00","author":{"@id":"https:\/\/portaltela.pt\/#\/schema\/person\/c4278d4a6028830caff9ee44b42d32ed"},"breadcrumb":{"@id":"https:\/\/portaltela.pt\/noticias\/2026\/04\/09\/trump-ataca-a-nato-dizendo-que-nao-a-compreende-sem-pressao\/#breadcrumb"},"inLanguage":"pt-PT","potentialAction":[{"@type":"ReadAction","target":["https:\/\/portaltela.pt\/noticias\/2026\/04\/09\/trump-ataca-a-nato-dizendo-que-nao-a-compreende-sem-pressao\/"]}]},{"@type":"ImageObject","inLanguage":"pt-PT","@id":"https:\/\/portaltela.pt\/noticias\/2026\/04\/09\/trump-ataca-a-nato-dizendo-que-nao-a-compreende-sem-pressao\/#primaryimage","url":"https:\/\/portaltela.pt\/s.01k8rhncp4jt1\/2026\/04\/CACHE_780X1200_ANALOG_WATERMARKED_46884679_679421924000077.jpg","contentUrl":"https:\/\/portaltela.pt\/s.01k8rhncp4jt1\/2026\/04\/CACHE_780X1200_ANALOG_WATERMARKED_46884679_679421924000077.jpg","width":796,"height":448,"caption":"Trump ataca NATO que n\u00e3o compreende nada a menos que seja pressionada"},{"@type":"BreadcrumbList","@id":"https:\/\/portaltela.pt\/noticias\/2026\/04\/09\/trump-ataca-a-nato-dizendo-que-nao-a-compreende-sem-pressao\/#breadcrumb","itemListElement":[{"@type":"ListItem","position":1,"name":"In\u00edcio","item":"https:\/\/portaltela.pt\/"},{"@type":"ListItem","position":2,"name":"Trump ataca a NATO, dizendo que n\u00e3o a compreende sem press\u00e3o"}]},{"@type":"WebSite","@id":"https:\/\/portaltela.pt\/#website","url":"https:\/\/portaltela.pt\/","name":"Portal Tela Portugal","description":"","potentialAction":[{"@type":"SearchAction","target":{"@type":"EntryPoint","urlTemplate":"https:\/\/portaltela.pt\/?s={search_term_string}"},"query-input":{"@type":"PropertyValueSpecification","valueRequired":true,"valueName":"search_term_string"}}],"inLanguage":"pt-PT"},{"@type":"Person","@id":"https:\/\/portaltela.pt\/#\/schema\/person\/c4278d4a6028830caff9ee44b42d32ed","name":"Telinha","image":{"@type":"ImageObject","inLanguage":"pt-PT","@id":"https:\/\/portaltela.pt\/s.01k8rhncp4jt1\/2025\/11\/talking-bot-125x125.png","url":"https:\/\/portaltela.pt\/s.01k8rhncp4jt1\/2025\/11\/talking-bot-125x125.png","contentUrl":"https:\/\/portaltela.pt\/s.01k8rhncp4jt1\/2025\/11\/talking-bot-125x125.png","caption":"Telinha"},"sameAs":["https:\/\/portaltela.pt\/"],"url":"https:\/\/portaltela.pt\/por\/367410592786\/"}]}},"_links":{"self":[{"href":"https:\/\/portaltela.pt\/api\/wp\/v2\/posts\/438325","targetHints":{"allow":["GET"]}}],"collection":[{"href":"https:\/\/portaltela.pt\/api\/wp\/v2\/posts"}],"about":[{"href":"https:\/\/portaltela.pt\/api\/wp\/v2\/types\/post"}],"author":[{"embeddable":true,"href":"https:\/\/portaltela.pt\/api\/wp\/v2\/users\/2"}],"replies":[{"embeddable":true,"href":"https:\/\/portaltela.pt\/api\/wp\/v2\/comments?post=438325"}],"version-history":[{"count":0,"href":"https:\/\/portaltela.pt\/api\/wp\/v2\/posts\/438325\/revisions"}],"wp:featuredmedia":[{"embeddable":true,"href":"https:\/\/portaltela.pt\/api\/wp\/v2\/media\/438327"}],"wp:attachment":[{"href":"https:\/\/portaltela.pt\/api\/wp\/v2\/media?parent=438325"}],"wp:term":[{"taxonomy":"category","embeddable":true,"href":"https:\/\/portaltela.pt\/api\/wp\/v2\/categories?post=438325"},{"taxonomy":"post_tag","embeddable":true,"href":"https:\/\/portaltela.pt\/api\/wp\/v2\/tags?post=438325"}],"curies":[{"name":"wp","href":"https:\/\/api.w.org\/{rel}","templated":true}]}}