{"id":438315,"date":"2026-04-09T13:32:55","date_gmt":"2026-04-09T16:32:55","guid":{"rendered":"https:\/\/portaltela.pt\/noticias\/2026\/04\/09\/projeto-unidos-pelo-futebol-entrega-2-mil-euros-e-20-bolas-a-af-porto\/"},"modified":"2026-04-09T13:32:55","modified_gmt":"2026-04-09T16:32:55","slug":"projeto-unidos-pelo-futebol-entrega-2-mil-euros-e-20-bolas-a-af-porto","status":"publish","type":"post","link":"https:\/\/portaltela.pt\/desporto\/futebol\/2026\/04\/09\/projeto-unidos-pelo-futebol-entrega-2-mil-euros-e-20-bolas-a-af-porto\/","title":{"rendered":"Projeto Unidos pelo Futebol entrega 2 mil euros e 20 bolas \u00e0 AF Porto"},"content":{"rendered":"<p>O projeto Unidos pelo Futebol, promovido pela Funda\u00e7\u00e3o FPF, Miss\u00e3o Continente e Puma, entregou 2 mil euros e 20 bolas de futebol \u00e0 Associa\u00e7\u00e3o de Futebol do Porto. A cerim\u00f3nia ocorreu esta quinta-feira \u00e0 tarde no Continente do Alameda Shopping, no Porto.<\/p>\n<p>A comitiva da Federa\u00e7\u00e3o Portuguesa de Futebol foi chefiada pelo diretor Vasco Pinho e contou com os vice-presidentes Domingos Paci\u00eancia, Toni e Daniel Carri\u00e7o. Estiveram ainda Jos\u00e9 Neves, presidente da AF Porto, Ricardo Moreira, representante da C\u00e2mara Municipal do Porto, e Jos\u00e9 Maria, da Miss\u00e3o Continente.<\/p>\n<p>Vasco Pinho destacou a descentraliza\u00e7\u00e3o da FPF, associando o ato \u00e0 celebra\u00e7\u00e3o dos 112 anos da Federa\u00e7\u00e3o, que se celebra no Porto. O respons\u00e1vel sublinhou que o apoio financeiro visa, sobretudo, fortalecer as camadas de forma\u00e7\u00e3o.<\/p>\n<h3>Entidades envolvidas e objetivos<\/h3>\n<p>Jos\u00e9 Neves agradeceu a colabora\u00e7\u00e3o entre Miss\u00e3o Continente, Funda\u00e7\u00e3o FPF e Puma, considerando as a\u00e7\u00f5es descentralizadas parte do ADN da AF Porto e salientando que o talento nasce na base e precisa de recursos.<\/p>\n<p>Ricardo Moreira, pela CM Porto, afirmou que a iniciativa liga solidariedade, comunidade e desporto, num esfor\u00e7o para levar atividade f\u00edsica e competi\u00e7\u00e3o federada a quem mais necessita.<\/p>\n<p>Jo\u00e3o Maria, representando a Miss\u00e3o Continente, apontou o alinhamento da iniciativa com o foco em desporto e vida saud\u00e1vel, refor\u00e7ando o envolvimento comunit\u00e1rio da marca.<\/p>\n<p>Domingos Paci\u00eancia, vice-presidente da FPF, disse que a a\u00e7\u00e3o aproxima o futebol das pessoas e que a dire\u00e7\u00e3o quer levar o apoio a diversas localidades, come\u00e7ando pela cidade do Porto.<\/p>\n","protected":false},"excerpt":{"rendered":"<ul>\n<li>O projeto Unidos pelo Futebol entregou 2 mil euros e 20 bolas de futebol \u00e0 Associa\u00e7\u00e3o de Futebol do Porto.<\/li>\n<li>A cerim\u00f3nia decorreu \u00e0 tarde de quinta-feira no Continente do Alameda Shopping, no Porto.<\/li>\n<li>A comitiva da Federa\u00e7\u00e3o Portuguesa de Futebol foi chefiada pelo diretor Vasco Pinho e incluiu os vice-presidentes Domingos Paci\u00eancia, Toni e Daniel Carri\u00e7o.<\/li>\n<li>Integravam a comitiva Jos\u00e9 Neves (presidente da AF Porto), Ricardo Moreira (representante da C\u00e2mara Municipal do Porto) e Jos\u00e9 Maria (Miss\u00e3o Continente).<\/li>\n<li>Vasco Pinho destacou a descentraliza\u00e7\u00e3o da FPF e o apoio aos escal\u00f5es de base, real\u00e7ando que a iniciativa ocorre na cidade do Porto para celebrar os 112 anos da institui\u00e7\u00e3o.<\/li>\n<\/ul>\n","protected":false},"author":2,"featured_media":438316,"comment_status":"closed","ping_status":"closed","sticky":false,"template":"","format":"standard","meta":{"footnotes":""},"categories":[21,24],"tags":[7755,4834,152,982,1014,4071],"class_list":["post-438315","post","type-post","status-publish","format-standard","has-post-thumbnail","hentry","category-desporto","category-futebol","tag-_futebol","tag-af-porto","tag-desporto","tag-porto","tag-portugal","tag-solidariedade-social"],"yoast_head":"<!-- This site is optimized with the Yoast SEO plugin v27.2 - https:\/\/yoast.com\/product\/yoast-seo-wordpress\/ -->\n<title>Projeto Unidos pelo Futebol entrega 2 mil euros e 20 bolas \u00e0 AF Porto - Portal Tela Portugal<\/title>\n<meta name=\"robots\" content=\"index, follow, max-snippet:-1, max-image-preview:large, max-video-preview:-1\" \/>\n<meta property=\"og:locale\" content=\"pt_PT\" \/>\n<meta property=\"og:type\" content=\"article\" \/>\n<meta property=\"og:title\" content=\"Projeto Unidos pelo Futebol entrega 2 mil euros e 20 bolas \u00e0 AF Porto - Portal Tela Portugal\" \/>\n<meta property=\"og:description\" content=\"O projeto Unidos pelo Futebol entregou 2 mil euros e 20 bolas de futebol \u00e0 Associa\u00e7\u00e3o de Futebol do Porto. A cerim\u00f3nia decorreu \u00e0 tarde de quinta-feira no Continente do Alameda Shopping, no Porto. A comitiva da Federa\u00e7\u00e3o Portuguesa de Futebol foi chefiada pelo diretor Vasco Pinho e incluiu os vice-presidentes Domingos Paci\u00eancia, Toni e Daniel Carri\u00e7o. Integravam a comitiva Jos\u00e9 Neves (presidente da AF Porto), Ricardo Moreira (representante da C\u00e2mara Municipal do Porto) e Jos\u00e9 Maria (Miss\u00e3o Continente). Vasco Pinho destacou a descentraliza\u00e7\u00e3o da FPF e o apoio aos escal\u00f5es de base, real\u00e7ando que a iniciativa ocorre na cidade do Porto para celebrar os 112 anos da institui\u00e7\u00e3o.\" \/>\n<meta property=\"og:url\" content=\"https:\/\/portaltela.pt\/noticias\/2026\/04\/09\/projeto-unidos-pelo-futebol-entrega-2-mil-euros-e-20-bolas-a-af-porto\/\" \/>\n<meta property=\"og:site_name\" content=\"Portal Tela Portugal\" \/>\n<meta property=\"article:published_time\" content=\"2026-04-09T16:32:55+00:00\" \/>\n<meta name=\"author\" content=\"Telinha\" \/>\n<meta name=\"twitter:card\" content=\"summary_large_image\" \/>\n<meta name=\"twitter:label1\" content=\"Escrito por\" \/>\n\t<meta name=\"twitter:data1\" content=\"Telinha\" \/>\n\t<meta name=\"twitter:label2\" content=\"Tempo estimado de leitura\" \/>\n\t<meta name=\"twitter:data2\" content=\"1 minuto\" \/>\n<script type=\"application\/ld+json\" class=\"yoast-schema-graph\">{\"@context\":\"https:\/\/schema.org\",\"@graph\":[{\"@type\":\"Article\",\"@id\":\"https:\/\/portaltela.pt\/noticias\/2026\/04\/09\/projeto-unidos-pelo-futebol-entrega-2-mil-euros-e-20-bolas-a-af-porto\/#article\",\"isPartOf\":{\"@id\":\"https:\/\/portaltela.pt\/noticias\/2026\/04\/09\/projeto-unidos-pelo-futebol-entrega-2-mil-euros-e-20-bolas-a-af-porto\/\"},\"author\":{\"name\":\"Telinha\",\"@id\":\"https:\/\/portaltela.pt\/#\/schema\/person\/c4278d4a6028830caff9ee44b42d32ed\"},\"headline\":\"Projeto Unidos pelo Futebol entrega 2 mil euros e 20 bolas \u00e0 AF Porto\",\"datePublished\":\"2026-04-09T16:32:55+00:00\",\"mainEntityOfPage\":{\"@id\":\"https:\/\/portaltela.pt\/noticias\/2026\/04\/09\/projeto-unidos-pelo-futebol-entrega-2-mil-euros-e-20-bolas-a-af-porto\/\"},\"wordCount\":279,\"image\":{\"@id\":\"https:\/\/portaltela.pt\/noticias\/2026\/04\/09\/projeto-unidos-pelo-futebol-entrega-2-mil-euros-e-20-bolas-a-af-porto\/#primaryimage\"},\"thumbnailUrl\":\"https:\/\/portaltela.pt\/s.01k8rhncp4jt1\/2026\/04\/img_1200x721uu2026-04-09-17-27-22-2432021.jpg\",\"keywords\":[\"_futebol\",\"AF Porto\",\"desporto\",\"Porto\",\"Portugal\",\"Solidariedade Social\"],\"articleSection\":[\"Desporto\",\"Futebol\"],\"inLanguage\":\"pt-PT\"},{\"@type\":\"WebPage\",\"@id\":\"https:\/\/portaltela.pt\/noticias\/2026\/04\/09\/projeto-unidos-pelo-futebol-entrega-2-mil-euros-e-20-bolas-a-af-porto\/\",\"url\":\"https:\/\/portaltela.pt\/noticias\/2026\/04\/09\/projeto-unidos-pelo-futebol-entrega-2-mil-euros-e-20-bolas-a-af-porto\/\",\"name\":\"Projeto Unidos pelo Futebol entrega 2 mil euros e 20 bolas \u00e0 AF Porto - Portal Tela Portugal\",\"isPartOf\":{\"@id\":\"https:\/\/portaltela.pt\/#website\"},\"primaryImageOfPage\":{\"@id\":\"https:\/\/portaltela.pt\/noticias\/2026\/04\/09\/projeto-unidos-pelo-futebol-entrega-2-mil-euros-e-20-bolas-a-af-porto\/#primaryimage\"},\"image\":{\"@id\":\"https:\/\/portaltela.pt\/noticias\/2026\/04\/09\/projeto-unidos-pelo-futebol-entrega-2-mil-euros-e-20-bolas-a-af-porto\/#primaryimage\"},\"thumbnailUrl\":\"https:\/\/portaltela.pt\/s.01k8rhncp4jt1\/2026\/04\/img_1200x721uu2026-04-09-17-27-22-2432021.jpg\",\"datePublished\":\"2026-04-09T16:32:55+00:00\",\"author\":{\"@id\":\"https:\/\/portaltela.pt\/#\/schema\/person\/c4278d4a6028830caff9ee44b42d32ed\"},\"breadcrumb\":{\"@id\":\"https:\/\/portaltela.pt\/noticias\/2026\/04\/09\/projeto-unidos-pelo-futebol-entrega-2-mil-euros-e-20-bolas-a-af-porto\/#breadcrumb\"},\"inLanguage\":\"pt-PT\",\"potentialAction\":[{\"@type\":\"ReadAction\",\"target\":[\"https:\/\/portaltela.pt\/noticias\/2026\/04\/09\/projeto-unidos-pelo-futebol-entrega-2-mil-euros-e-20-bolas-a-af-porto\/\"]}]},{\"@type\":\"ImageObject\",\"inLanguage\":\"pt-PT\",\"@id\":\"https:\/\/portaltela.pt\/noticias\/2026\/04\/09\/projeto-unidos-pelo-futebol-entrega-2-mil-euros-e-20-bolas-a-af-porto\/#primaryimage\",\"url\":\"https:\/\/portaltela.pt\/s.01k8rhncp4jt1\/2026\/04\/img_1200x721uu2026-04-09-17-27-22-2432021.jpg\",\"contentUrl\":\"https:\/\/portaltela.pt\/s.01k8rhncp4jt1\/2026\/04\/img_1200x721uu2026-04-09-17-27-22-2432021.jpg\",\"width\":1200,\"height\":721,\"caption\":\"AF Porto recebe 2 mil euros do projeto 'Unidos pelo Futebol'\"},{\"@type\":\"BreadcrumbList\",\"@id\":\"https:\/\/portaltela.pt\/noticias\/2026\/04\/09\/projeto-unidos-pelo-futebol-entrega-2-mil-euros-e-20-bolas-a-af-porto\/#breadcrumb\",\"itemListElement\":[{\"@type\":\"ListItem\",\"position\":1,\"name\":\"In\u00edcio\",\"item\":\"https:\/\/portaltela.pt\/\"},{\"@type\":\"ListItem\",\"position\":2,\"name\":\"Projeto Unidos pelo Futebol entrega 2 mil euros e 20 bolas \u00e0 AF Porto\"}]},{\"@type\":\"WebSite\",\"@id\":\"https:\/\/portaltela.pt\/#website\",\"url\":\"https:\/\/portaltela.pt\/\",\"name\":\"Portal Tela Portugal\",\"description\":\"\",\"potentialAction\":[{\"@type\":\"SearchAction\",\"target\":{\"@type\":\"EntryPoint\",\"urlTemplate\":\"https:\/\/portaltela.pt\/?s={search_term_string}\"},\"query-input\":{\"@type\":\"PropertyValueSpecification\",\"valueRequired\":true,\"valueName\":\"search_term_string\"}}],\"inLanguage\":\"pt-PT\"},{\"@type\":\"Person\",\"@id\":\"https:\/\/portaltela.pt\/#\/schema\/person\/c4278d4a6028830caff9ee44b42d32ed\",\"name\":\"Telinha\",\"image\":{\"@type\":\"ImageObject\",\"inLanguage\":\"pt-PT\",\"@id\":\"https:\/\/portaltela.pt\/s.01k8rhncp4jt1\/2025\/11\/talking-bot-125x125.png\",\"url\":\"https:\/\/portaltela.pt\/s.01k8rhncp4jt1\/2025\/11\/talking-bot-125x125.png\",\"contentUrl\":\"https:\/\/portaltela.pt\/s.01k8rhncp4jt1\/2025\/11\/talking-bot-125x125.png\",\"caption\":\"Telinha\"},\"sameAs\":[\"https:\/\/portaltela.pt\/\"],\"url\":\"https:\/\/portaltela.pt\/por\/367410592786\/\"}]}<\/script>\n<!-- \/ Yoast SEO plugin. -->","yoast_head_json":{"title":"Projeto Unidos pelo Futebol entrega 2 mil euros e 20 bolas \u00e0 AF Porto - Portal Tela Portugal","robots":{"index":"index","follow":"follow","max-snippet":"max-snippet:-1","max-image-preview":"max-image-preview:large","max-video-preview":"max-video-preview:-1"},"og_locale":"pt_PT","og_type":"article","og_title":"Projeto Unidos pelo Futebol entrega 2 mil euros e 20 bolas \u00e0 AF Porto - Portal Tela Portugal","og_description":"O projeto Unidos pelo Futebol entregou 2 mil euros e 20 bolas de futebol \u00e0 Associa\u00e7\u00e3o de Futebol do Porto. A cerim\u00f3nia decorreu \u00e0 tarde de quinta-feira no Continente do Alameda Shopping, no Porto. A comitiva da Federa\u00e7\u00e3o Portuguesa de Futebol foi chefiada pelo diretor Vasco Pinho e incluiu os vice-presidentes Domingos Paci\u00eancia, Toni e Daniel Carri\u00e7o. Integravam a comitiva Jos\u00e9 Neves (presidente da AF Porto), Ricardo Moreira (representante da C\u00e2mara Municipal do Porto) e Jos\u00e9 Maria (Miss\u00e3o Continente). Vasco Pinho destacou a descentraliza\u00e7\u00e3o da FPF e o apoio aos escal\u00f5es de base, real\u00e7ando que a iniciativa ocorre na cidade do Porto para celebrar os 112 anos da institui\u00e7\u00e3o.","og_url":"https:\/\/portaltela.pt\/noticias\/2026\/04\/09\/projeto-unidos-pelo-futebol-entrega-2-mil-euros-e-20-bolas-a-af-porto\/","og_site_name":"Portal Tela Portugal","article_published_time":"2026-04-09T16:32:55+00:00","author":"Telinha","twitter_card":"summary_large_image","twitter_misc":{"Escrito por":"Telinha","Tempo estimado de leitura":"1 minuto"},"schema":{"@context":"https:\/\/schema.org","@graph":[{"@type":"Article","@id":"https:\/\/portaltela.pt\/noticias\/2026\/04\/09\/projeto-unidos-pelo-futebol-entrega-2-mil-euros-e-20-bolas-a-af-porto\/#article","isPartOf":{"@id":"https:\/\/portaltela.pt\/noticias\/2026\/04\/09\/projeto-unidos-pelo-futebol-entrega-2-mil-euros-e-20-bolas-a-af-porto\/"},"author":{"name":"Telinha","@id":"https:\/\/portaltela.pt\/#\/schema\/person\/c4278d4a6028830caff9ee44b42d32ed"},"headline":"Projeto Unidos pelo Futebol entrega 2 mil euros e 20 bolas \u00e0 AF Porto","datePublished":"2026-04-09T16:32:55+00:00","mainEntityOfPage":{"@id":"https:\/\/portaltela.pt\/noticias\/2026\/04\/09\/projeto-unidos-pelo-futebol-entrega-2-mil-euros-e-20-bolas-a-af-porto\/"},"wordCount":279,"image":{"@id":"https:\/\/portaltela.pt\/noticias\/2026\/04\/09\/projeto-unidos-pelo-futebol-entrega-2-mil-euros-e-20-bolas-a-af-porto\/#primaryimage"},"thumbnailUrl":"https:\/\/portaltela.pt\/s.01k8rhncp4jt1\/2026\/04\/img_1200x721uu2026-04-09-17-27-22-2432021.jpg","keywords":["_futebol","AF Porto","desporto","Porto","Portugal","Solidariedade Social"],"articleSection":["Desporto","Futebol"],"inLanguage":"pt-PT"},{"@type":"WebPage","@id":"https:\/\/portaltela.pt\/noticias\/2026\/04\/09\/projeto-unidos-pelo-futebol-entrega-2-mil-euros-e-20-bolas-a-af-porto\/","url":"https:\/\/portaltela.pt\/noticias\/2026\/04\/09\/projeto-unidos-pelo-futebol-entrega-2-mil-euros-e-20-bolas-a-af-porto\/","name":"Projeto Unidos pelo Futebol entrega 2 mil euros e 20 bolas \u00e0 AF Porto - Portal Tela Portugal","isPartOf":{"@id":"https:\/\/portaltela.pt\/#website"},"primaryImageOfPage":{"@id":"https:\/\/portaltela.pt\/noticias\/2026\/04\/09\/projeto-unidos-pelo-futebol-entrega-2-mil-euros-e-20-bolas-a-af-porto\/#primaryimage"},"image":{"@id":"https:\/\/portaltela.pt\/noticias\/2026\/04\/09\/projeto-unidos-pelo-futebol-entrega-2-mil-euros-e-20-bolas-a-af-porto\/#primaryimage"},"thumbnailUrl":"https:\/\/portaltela.pt\/s.01k8rhncp4jt1\/2026\/04\/img_1200x721uu2026-04-09-17-27-22-2432021.jpg","datePublished":"2026-04-09T16:32:55+00:00","author":{"@id":"https:\/\/portaltela.pt\/#\/schema\/person\/c4278d4a6028830caff9ee44b42d32ed"},"breadcrumb":{"@id":"https:\/\/portaltela.pt\/noticias\/2026\/04\/09\/projeto-unidos-pelo-futebol-entrega-2-mil-euros-e-20-bolas-a-af-porto\/#breadcrumb"},"inLanguage":"pt-PT","potentialAction":[{"@type":"ReadAction","target":["https:\/\/portaltela.pt\/noticias\/2026\/04\/09\/projeto-unidos-pelo-futebol-entrega-2-mil-euros-e-20-bolas-a-af-porto\/"]}]},{"@type":"ImageObject","inLanguage":"pt-PT","@id":"https:\/\/portaltela.pt\/noticias\/2026\/04\/09\/projeto-unidos-pelo-futebol-entrega-2-mil-euros-e-20-bolas-a-af-porto\/#primaryimage","url":"https:\/\/portaltela.pt\/s.01k8rhncp4jt1\/2026\/04\/img_1200x721uu2026-04-09-17-27-22-2432021.jpg","contentUrl":"https:\/\/portaltela.pt\/s.01k8rhncp4jt1\/2026\/04\/img_1200x721uu2026-04-09-17-27-22-2432021.jpg","width":1200,"height":721,"caption":"AF Porto recebe 2 mil euros do projeto 'Unidos pelo Futebol'"},{"@type":"BreadcrumbList","@id":"https:\/\/portaltela.pt\/noticias\/2026\/04\/09\/projeto-unidos-pelo-futebol-entrega-2-mil-euros-e-20-bolas-a-af-porto\/#breadcrumb","itemListElement":[{"@type":"ListItem","position":1,"name":"In\u00edcio","item":"https:\/\/portaltela.pt\/"},{"@type":"ListItem","position":2,"name":"Projeto Unidos pelo Futebol entrega 2 mil euros e 20 bolas \u00e0 AF Porto"}]},{"@type":"WebSite","@id":"https:\/\/portaltela.pt\/#website","url":"https:\/\/portaltela.pt\/","name":"Portal Tela Portugal","description":"","potentialAction":[{"@type":"SearchAction","target":{"@type":"EntryPoint","urlTemplate":"https:\/\/portaltela.pt\/?s={search_term_string}"},"query-input":{"@type":"PropertyValueSpecification","valueRequired":true,"valueName":"search_term_string"}}],"inLanguage":"pt-PT"},{"@type":"Person","@id":"https:\/\/portaltela.pt\/#\/schema\/person\/c4278d4a6028830caff9ee44b42d32ed","name":"Telinha","image":{"@type":"ImageObject","inLanguage":"pt-PT","@id":"https:\/\/portaltela.pt\/s.01k8rhncp4jt1\/2025\/11\/talking-bot-125x125.png","url":"https:\/\/portaltela.pt\/s.01k8rhncp4jt1\/2025\/11\/talking-bot-125x125.png","contentUrl":"https:\/\/portaltela.pt\/s.01k8rhncp4jt1\/2025\/11\/talking-bot-125x125.png","caption":"Telinha"},"sameAs":["https:\/\/portaltela.pt\/"],"url":"https:\/\/portaltela.pt\/por\/367410592786\/"}]}},"_links":{"self":[{"href":"https:\/\/portaltela.pt\/api\/wp\/v2\/posts\/438315","targetHints":{"allow":["GET"]}}],"collection":[{"href":"https:\/\/portaltela.pt\/api\/wp\/v2\/posts"}],"about":[{"href":"https:\/\/portaltela.pt\/api\/wp\/v2\/types\/post"}],"author":[{"embeddable":true,"href":"https:\/\/portaltela.pt\/api\/wp\/v2\/users\/2"}],"replies":[{"embeddable":true,"href":"https:\/\/portaltela.pt\/api\/wp\/v2\/comments?post=438315"}],"version-history":[{"count":0,"href":"https:\/\/portaltela.pt\/api\/wp\/v2\/posts\/438315\/revisions"}],"wp:featuredmedia":[{"embeddable":true,"href":"https:\/\/portaltela.pt\/api\/wp\/v2\/media\/438316"}],"wp:attachment":[{"href":"https:\/\/portaltela.pt\/api\/wp\/v2\/media?parent=438315"}],"wp:term":[{"taxonomy":"category","embeddable":true,"href":"https:\/\/portaltela.pt\/api\/wp\/v2\/categories?post=438315"},{"taxonomy":"post_tag","embeddable":true,"href":"https:\/\/portaltela.pt\/api\/wp\/v2\/tags?post=438315"}],"curies":[{"name":"wp","href":"https:\/\/api.w.org\/{rel}","templated":true}]}}