{"id":438308,"date":"2026-04-09T13:32:40","date_gmt":"2026-04-09T16:32:40","guid":{"rendered":"https:\/\/portaltela.pt\/noticias\/2026\/04\/09\/eduarda-freitas-define-trajetoria-multifacetada-na-festa-do-basquetebol\/"},"modified":"2026-04-09T13:32:40","modified_gmt":"2026-04-09T16:32:40","slug":"eduarda-freitas-define-trajetoria-multifacetada-na-festa-do-basquetebol","status":"publish","type":"post","link":"https:\/\/portaltela.pt\/desporto\/futebol\/2026\/04\/09\/eduarda-freitas-define-trajetoria-multifacetada-na-festa-do-basquetebol\/","title":{"rendered":"Eduarda Freitas define trajet\u00f3ria multifacetada na Festa do Basquetebol"},"content":{"rendered":"<p>A Festa do Basquetebol chegou \u00e0 sua 18.\u00aa edi\u00e7\u00e3o, com Eduarda Freitas a assumir v\u00e1rios pap\u00e9is ao longo da participa\u00e7\u00e3o da AB Madeira no evento. Nesta edi\u00e7\u00e3o, a dirigente assume o cargo de respons\u00e1vel pelos sub-14 masculinos.<\/p>\n<p>Freitas entrou pela primeira vez, em 2017, como atleta dos sub-16. Voltou em 2019 como espectadora da sele\u00e7\u00e3o da Madeira, tornou-se oficial de mesa e, no ano passado, atuou como treinadora-adjunto. Este ano \u00e9 dirigente.<\/p>\n<p>Al\u00e9m da identifica\u00e7\u00e3o com a AB Madeira, a participa\u00e7\u00e3o de Eduarda manteve-se constante ao longo dos anos, sempre com o emblema regional no peito. A Madeiras tem vindo a marcar presen\u00e7a com entusiasmo e dedica\u00e7\u00e3o.<\/p>\n<h3>Trajet\u00f3ria e impacto local<\/h3>\n<p>A respons\u00e1vel pela comitiva madeirense descreve a festa como uma oportunidade de competi\u00e7\u00e3o para atletas da regi\u00e3o, com menos op\u00e7\u00f5es locais de alto n\u00edvel. Diz que o torneio exp\u00f5e jovens a advers\u00e1rios mais competitivos.<\/p>\n<p>Sobre o estado da modalidade na ilha, admite que a Madeira presenta bons escal\u00f5es juvenis, mas enfrenta dificuldades acima disso, pela falta de equipas femininas e pela mobilidade estudantil. A assimetria costeja o desafio.<\/p>\n<p>Freitas relembra ainda o ambiente da Festa, que considera de grande conviv\u00eancia. Enaltece a conviv\u00eancia entre \u00e1rbitros, treinadores e atletas, al\u00e9m da possibilidade de ver jogadores que n\u00e3o aparecem com frequ\u00eancia nas fases finais.<\/p>\n<h3>Anedota de uma carreira multifuncional<\/h3>\n<p>Entre as mem\u00f3rias da sua participa\u00e7\u00e3o, Eduarda recorda um epis\u00f3dio em que foi nomeada para quatro jogos ao mesmo tempo como oficial de mesa. As associa\u00e7\u00f5es envolvidas resolveram o incidente de forma colaborativa.<\/p>\n","protected":false},"excerpt":{"rendered":"<ul>\n<li>A Festa do Basquetebol chegou \u00e0 18.\u00aa edi\u00e7\u00e3o, com Eduarda Freitas j\u00e1 tendo visto v\u00e1rias fun\u00e7\u00f5es dentro do evento pela AB Madeira.<\/li>\n<li>Participou pela primeira vez em 2017, como atleta sub-16; laterale foi espetadora, oficial de mesa, treinadora-adjunto e, este ano, dirigente dos sub-14 masculinos.<\/li>\n<li>Reitera que a festa \u00e9 crucial para o crescimento de atletas da Madeira, oferecendo competi\u00e7\u00e3o entre muitos jovens contra v\u00e1rias equipas.<\/li>\n<li>Sobre o basquetebol na regi\u00e3o, admite que h\u00e1 ambiente competitivo, mas que nos escal\u00f5es superiores h\u00e1 menos equipas devido a estudos fora da ilha; nos sub-18 n\u00e3o h\u00e1 equipa feminina.<\/li>\n<li>Descreve a Festa como divertida, destacando a conviv\u00eancia com \u00e1rbitros e colegas, e recorda uma situa\u00e7\u00e3o em que foi nomeada para quatro jogos em simult\u00e2neo por erro, resolvida com ajuda das associa\u00e7\u00f5es.<\/li>\n<\/ul>\n","protected":false},"author":2,"featured_media":438312,"comment_status":"closed","ping_status":"closed","sticky":false,"template":"","format":"standard","meta":{"footnotes":""},"categories":[21,24],"tags":[1264,1285,152,6220,5468,859],"class_list":["post-438308","post","type-post","status-publish","format-standard","has-post-thumbnail","hentry","category-desporto","category-futebol","tag-associacao-desportiva","tag-competicao","tag-desporto","tag-desporto-federado","tag-festa","tag-madeira"],"yoast_head":"<!-- This site is optimized with the Yoast SEO plugin v27.2 - https:\/\/yoast.com\/product\/yoast-seo-wordpress\/ -->\n<title>Eduarda Freitas define trajet\u00f3ria multifacetada na Festa do Basquetebol - Portal Tela Portugal<\/title>\n<meta name=\"robots\" content=\"index, follow, max-snippet:-1, max-image-preview:large, max-video-preview:-1\" \/>\n<meta property=\"og:locale\" content=\"pt_PT\" \/>\n<meta property=\"og:type\" content=\"article\" \/>\n<meta property=\"og:title\" content=\"Eduarda Freitas define trajet\u00f3ria multifacetada na Festa do Basquetebol - Portal Tela Portugal\" \/>\n<meta property=\"og:description\" content=\"A Festa do Basquetebol chegou \u00e0 18.\u00aa edi\u00e7\u00e3o, com Eduarda Freitas j\u00e1 tendo visto v\u00e1rias fun\u00e7\u00f5es dentro do evento pela AB Madeira. Participou pela primeira vez em 2017, como atleta sub-16; laterale foi espetadora, oficial de mesa, treinadora-adjunto e, este ano, dirigente dos sub-14 masculinos. Reitera que a festa \u00e9 crucial para o crescimento de atletas da Madeira, oferecendo competi\u00e7\u00e3o entre muitos jovens contra v\u00e1rias equipas. Sobre o basquetebol na regi\u00e3o, admite que h\u00e1 ambiente competitivo, mas que nos escal\u00f5es superiores h\u00e1 menos equipas devido a estudos fora da ilha; nos sub-18 n\u00e3o h\u00e1 equipa feminina. Descreve a Festa como divertida, destacando a conviv\u00eancia com \u00e1rbitros e colegas, e recorda uma situa\u00e7\u00e3o em que foi nomeada para quatro jogos em simult\u00e2neo por erro, resolvida com ajuda das associa\u00e7\u00f5es.\" \/>\n<meta property=\"og:url\" content=\"https:\/\/portaltela.pt\/noticias\/2026\/04\/09\/eduarda-freitas-define-trajetoria-multifacetada-na-festa-do-basquetebol\/\" \/>\n<meta property=\"og:site_name\" content=\"Portal Tela Portugal\" \/>\n<meta property=\"article:published_time\" content=\"2026-04-09T16:32:40+00:00\" \/>\n<meta name=\"author\" content=\"Telinha\" \/>\n<meta name=\"twitter:card\" content=\"summary_large_image\" \/>\n<meta name=\"twitter:label1\" content=\"Escrito por\" \/>\n\t<meta name=\"twitter:data1\" content=\"Telinha\" \/>\n\t<meta name=\"twitter:label2\" content=\"Tempo estimado de leitura\" \/>\n\t<meta name=\"twitter:data2\" content=\"1 minuto\" \/>\n<script type=\"application\/ld+json\" class=\"yoast-schema-graph\">{\"@context\":\"https:\/\/schema.org\",\"@graph\":[{\"@type\":\"Article\",\"@id\":\"https:\/\/portaltela.pt\/noticias\/2026\/04\/09\/eduarda-freitas-define-trajetoria-multifacetada-na-festa-do-basquetebol\/#article\",\"isPartOf\":{\"@id\":\"https:\/\/portaltela.pt\/noticias\/2026\/04\/09\/eduarda-freitas-define-trajetoria-multifacetada-na-festa-do-basquetebol\/\"},\"author\":{\"name\":\"Telinha\",\"@id\":\"https:\/\/portaltela.pt\/#\/schema\/person\/c4278d4a6028830caff9ee44b42d32ed\"},\"headline\":\"Eduarda Freitas define trajet\u00f3ria multifacetada na Festa do Basquetebol\",\"datePublished\":\"2026-04-09T16:32:40+00:00\",\"mainEntityOfPage\":{\"@id\":\"https:\/\/portaltela.pt\/noticias\/2026\/04\/09\/eduarda-freitas-define-trajetoria-multifacetada-na-festa-do-basquetebol\/\"},\"wordCount\":286,\"image\":{\"@id\":\"https:\/\/portaltela.pt\/noticias\/2026\/04\/09\/eduarda-freitas-define-trajetoria-multifacetada-na-festa-do-basquetebol\/#primaryimage\"},\"thumbnailUrl\":\"https:\/\/portaltela.pt\/s.01k8rhncp4jt1\/2026\/04\/img_920x518uu2026-04-09-16-50-22-2432011-im-639113502545190606.jpg\",\"keywords\":[\"associa\u00e7\u00e3o desportiva\",\"competi\u00e7\u00e3o\",\"desporto\",\"Desporto Federado\",\"festa\",\"Madeira\"],\"articleSection\":[\"Desporto\",\"Futebol\"],\"inLanguage\":\"pt-PT\"},{\"@type\":\"WebPage\",\"@id\":\"https:\/\/portaltela.pt\/noticias\/2026\/04\/09\/eduarda-freitas-define-trajetoria-multifacetada-na-festa-do-basquetebol\/\",\"url\":\"https:\/\/portaltela.pt\/noticias\/2026\/04\/09\/eduarda-freitas-define-trajetoria-multifacetada-na-festa-do-basquetebol\/\",\"name\":\"Eduarda Freitas define trajet\u00f3ria multifacetada na Festa do Basquetebol - Portal Tela Portugal\",\"isPartOf\":{\"@id\":\"https:\/\/portaltela.pt\/#website\"},\"primaryImageOfPage\":{\"@id\":\"https:\/\/portaltela.pt\/noticias\/2026\/04\/09\/eduarda-freitas-define-trajetoria-multifacetada-na-festa-do-basquetebol\/#primaryimage\"},\"image\":{\"@id\":\"https:\/\/portaltela.pt\/noticias\/2026\/04\/09\/eduarda-freitas-define-trajetoria-multifacetada-na-festa-do-basquetebol\/#primaryimage\"},\"thumbnailUrl\":\"https:\/\/portaltela.pt\/s.01k8rhncp4jt1\/2026\/04\/img_920x518uu2026-04-09-16-50-22-2432011-im-639113502545190606.jpg\",\"datePublished\":\"2026-04-09T16:32:40+00:00\",\"author\":{\"@id\":\"https:\/\/portaltela.pt\/#\/schema\/person\/c4278d4a6028830caff9ee44b42d32ed\"},\"breadcrumb\":{\"@id\":\"https:\/\/portaltela.pt\/noticias\/2026\/04\/09\/eduarda-freitas-define-trajetoria-multifacetada-na-festa-do-basquetebol\/#breadcrumb\"},\"inLanguage\":\"pt-PT\",\"potentialAction\":[{\"@type\":\"ReadAction\",\"target\":[\"https:\/\/portaltela.pt\/noticias\/2026\/04\/09\/eduarda-freitas-define-trajetoria-multifacetada-na-festa-do-basquetebol\/\"]}]},{\"@type\":\"ImageObject\",\"inLanguage\":\"pt-PT\",\"@id\":\"https:\/\/portaltela.pt\/noticias\/2026\/04\/09\/eduarda-freitas-define-trajetoria-multifacetada-na-festa-do-basquetebol\/#primaryimage\",\"url\":\"https:\/\/portaltela.pt\/s.01k8rhncp4jt1\/2026\/04\/img_920x518uu2026-04-09-16-50-22-2432011-im-639113502545190606.jpg\",\"contentUrl\":\"https:\/\/portaltela.pt\/s.01k8rhncp4jt1\/2026\/04\/img_920x518uu2026-04-09-16-50-22-2432011-im-639113502545190606.jpg\",\"width\":796,\"height\":448,\"caption\":\"Eduarda Freitas, dirigente dos sub-14 masculinos da AB Madeira\"},{\"@type\":\"BreadcrumbList\",\"@id\":\"https:\/\/portaltela.pt\/noticias\/2026\/04\/09\/eduarda-freitas-define-trajetoria-multifacetada-na-festa-do-basquetebol\/#breadcrumb\",\"itemListElement\":[{\"@type\":\"ListItem\",\"position\":1,\"name\":\"In\u00edcio\",\"item\":\"https:\/\/portaltela.pt\/\"},{\"@type\":\"ListItem\",\"position\":2,\"name\":\"Eduarda Freitas define trajet\u00f3ria multifacetada na Festa do Basquetebol\"}]},{\"@type\":\"WebSite\",\"@id\":\"https:\/\/portaltela.pt\/#website\",\"url\":\"https:\/\/portaltela.pt\/\",\"name\":\"Portal Tela Portugal\",\"description\":\"\",\"potentialAction\":[{\"@type\":\"SearchAction\",\"target\":{\"@type\":\"EntryPoint\",\"urlTemplate\":\"https:\/\/portaltela.pt\/?s={search_term_string}\"},\"query-input\":{\"@type\":\"PropertyValueSpecification\",\"valueRequired\":true,\"valueName\":\"search_term_string\"}}],\"inLanguage\":\"pt-PT\"},{\"@type\":\"Person\",\"@id\":\"https:\/\/portaltela.pt\/#\/schema\/person\/c4278d4a6028830caff9ee44b42d32ed\",\"name\":\"Telinha\",\"image\":{\"@type\":\"ImageObject\",\"inLanguage\":\"pt-PT\",\"@id\":\"https:\/\/portaltela.pt\/s.01k8rhncp4jt1\/2025\/11\/talking-bot-125x125.png\",\"url\":\"https:\/\/portaltela.pt\/s.01k8rhncp4jt1\/2025\/11\/talking-bot-125x125.png\",\"contentUrl\":\"https:\/\/portaltela.pt\/s.01k8rhncp4jt1\/2025\/11\/talking-bot-125x125.png\",\"caption\":\"Telinha\"},\"sameAs\":[\"https:\/\/portaltela.pt\/\"],\"url\":\"https:\/\/portaltela.pt\/por\/367410592786\/\"}]}<\/script>\n<!-- \/ Yoast SEO plugin. -->","yoast_head_json":{"title":"Eduarda Freitas define trajet\u00f3ria multifacetada na Festa do Basquetebol - Portal Tela Portugal","robots":{"index":"index","follow":"follow","max-snippet":"max-snippet:-1","max-image-preview":"max-image-preview:large","max-video-preview":"max-video-preview:-1"},"og_locale":"pt_PT","og_type":"article","og_title":"Eduarda Freitas define trajet\u00f3ria multifacetada na Festa do Basquetebol - Portal Tela Portugal","og_description":"A Festa do Basquetebol chegou \u00e0 18.\u00aa edi\u00e7\u00e3o, com Eduarda Freitas j\u00e1 tendo visto v\u00e1rias fun\u00e7\u00f5es dentro do evento pela AB Madeira. Participou pela primeira vez em 2017, como atleta sub-16; laterale foi espetadora, oficial de mesa, treinadora-adjunto e, este ano, dirigente dos sub-14 masculinos. Reitera que a festa \u00e9 crucial para o crescimento de atletas da Madeira, oferecendo competi\u00e7\u00e3o entre muitos jovens contra v\u00e1rias equipas. Sobre o basquetebol na regi\u00e3o, admite que h\u00e1 ambiente competitivo, mas que nos escal\u00f5es superiores h\u00e1 menos equipas devido a estudos fora da ilha; nos sub-18 n\u00e3o h\u00e1 equipa feminina. Descreve a Festa como divertida, destacando a conviv\u00eancia com \u00e1rbitros e colegas, e recorda uma situa\u00e7\u00e3o em que foi nomeada para quatro jogos em simult\u00e2neo por erro, resolvida com ajuda das associa\u00e7\u00f5es.","og_url":"https:\/\/portaltela.pt\/noticias\/2026\/04\/09\/eduarda-freitas-define-trajetoria-multifacetada-na-festa-do-basquetebol\/","og_site_name":"Portal Tela Portugal","article_published_time":"2026-04-09T16:32:40+00:00","author":"Telinha","twitter_card":"summary_large_image","twitter_misc":{"Escrito por":"Telinha","Tempo estimado de leitura":"1 minuto"},"schema":{"@context":"https:\/\/schema.org","@graph":[{"@type":"Article","@id":"https:\/\/portaltela.pt\/noticias\/2026\/04\/09\/eduarda-freitas-define-trajetoria-multifacetada-na-festa-do-basquetebol\/#article","isPartOf":{"@id":"https:\/\/portaltela.pt\/noticias\/2026\/04\/09\/eduarda-freitas-define-trajetoria-multifacetada-na-festa-do-basquetebol\/"},"author":{"name":"Telinha","@id":"https:\/\/portaltela.pt\/#\/schema\/person\/c4278d4a6028830caff9ee44b42d32ed"},"headline":"Eduarda Freitas define trajet\u00f3ria multifacetada na Festa do Basquetebol","datePublished":"2026-04-09T16:32:40+00:00","mainEntityOfPage":{"@id":"https:\/\/portaltela.pt\/noticias\/2026\/04\/09\/eduarda-freitas-define-trajetoria-multifacetada-na-festa-do-basquetebol\/"},"wordCount":286,"image":{"@id":"https:\/\/portaltela.pt\/noticias\/2026\/04\/09\/eduarda-freitas-define-trajetoria-multifacetada-na-festa-do-basquetebol\/#primaryimage"},"thumbnailUrl":"https:\/\/portaltela.pt\/s.01k8rhncp4jt1\/2026\/04\/img_920x518uu2026-04-09-16-50-22-2432011-im-639113502545190606.jpg","keywords":["associa\u00e7\u00e3o desportiva","competi\u00e7\u00e3o","desporto","Desporto Federado","festa","Madeira"],"articleSection":["Desporto","Futebol"],"inLanguage":"pt-PT"},{"@type":"WebPage","@id":"https:\/\/portaltela.pt\/noticias\/2026\/04\/09\/eduarda-freitas-define-trajetoria-multifacetada-na-festa-do-basquetebol\/","url":"https:\/\/portaltela.pt\/noticias\/2026\/04\/09\/eduarda-freitas-define-trajetoria-multifacetada-na-festa-do-basquetebol\/","name":"Eduarda Freitas define trajet\u00f3ria multifacetada na Festa do Basquetebol - Portal Tela Portugal","isPartOf":{"@id":"https:\/\/portaltela.pt\/#website"},"primaryImageOfPage":{"@id":"https:\/\/portaltela.pt\/noticias\/2026\/04\/09\/eduarda-freitas-define-trajetoria-multifacetada-na-festa-do-basquetebol\/#primaryimage"},"image":{"@id":"https:\/\/portaltela.pt\/noticias\/2026\/04\/09\/eduarda-freitas-define-trajetoria-multifacetada-na-festa-do-basquetebol\/#primaryimage"},"thumbnailUrl":"https:\/\/portaltela.pt\/s.01k8rhncp4jt1\/2026\/04\/img_920x518uu2026-04-09-16-50-22-2432011-im-639113502545190606.jpg","datePublished":"2026-04-09T16:32:40+00:00","author":{"@id":"https:\/\/portaltela.pt\/#\/schema\/person\/c4278d4a6028830caff9ee44b42d32ed"},"breadcrumb":{"@id":"https:\/\/portaltela.pt\/noticias\/2026\/04\/09\/eduarda-freitas-define-trajetoria-multifacetada-na-festa-do-basquetebol\/#breadcrumb"},"inLanguage":"pt-PT","potentialAction":[{"@type":"ReadAction","target":["https:\/\/portaltela.pt\/noticias\/2026\/04\/09\/eduarda-freitas-define-trajetoria-multifacetada-na-festa-do-basquetebol\/"]}]},{"@type":"ImageObject","inLanguage":"pt-PT","@id":"https:\/\/portaltela.pt\/noticias\/2026\/04\/09\/eduarda-freitas-define-trajetoria-multifacetada-na-festa-do-basquetebol\/#primaryimage","url":"https:\/\/portaltela.pt\/s.01k8rhncp4jt1\/2026\/04\/img_920x518uu2026-04-09-16-50-22-2432011-im-639113502545190606.jpg","contentUrl":"https:\/\/portaltela.pt\/s.01k8rhncp4jt1\/2026\/04\/img_920x518uu2026-04-09-16-50-22-2432011-im-639113502545190606.jpg","width":796,"height":448,"caption":"Eduarda Freitas, dirigente dos sub-14 masculinos da AB Madeira"},{"@type":"BreadcrumbList","@id":"https:\/\/portaltela.pt\/noticias\/2026\/04\/09\/eduarda-freitas-define-trajetoria-multifacetada-na-festa-do-basquetebol\/#breadcrumb","itemListElement":[{"@type":"ListItem","position":1,"name":"In\u00edcio","item":"https:\/\/portaltela.pt\/"},{"@type":"ListItem","position":2,"name":"Eduarda Freitas define trajet\u00f3ria multifacetada na Festa do Basquetebol"}]},{"@type":"WebSite","@id":"https:\/\/portaltela.pt\/#website","url":"https:\/\/portaltela.pt\/","name":"Portal Tela Portugal","description":"","potentialAction":[{"@type":"SearchAction","target":{"@type":"EntryPoint","urlTemplate":"https:\/\/portaltela.pt\/?s={search_term_string}"},"query-input":{"@type":"PropertyValueSpecification","valueRequired":true,"valueName":"search_term_string"}}],"inLanguage":"pt-PT"},{"@type":"Person","@id":"https:\/\/portaltela.pt\/#\/schema\/person\/c4278d4a6028830caff9ee44b42d32ed","name":"Telinha","image":{"@type":"ImageObject","inLanguage":"pt-PT","@id":"https:\/\/portaltela.pt\/s.01k8rhncp4jt1\/2025\/11\/talking-bot-125x125.png","url":"https:\/\/portaltela.pt\/s.01k8rhncp4jt1\/2025\/11\/talking-bot-125x125.png","contentUrl":"https:\/\/portaltela.pt\/s.01k8rhncp4jt1\/2025\/11\/talking-bot-125x125.png","caption":"Telinha"},"sameAs":["https:\/\/portaltela.pt\/"],"url":"https:\/\/portaltela.pt\/por\/367410592786\/"}]}},"_links":{"self":[{"href":"https:\/\/portaltela.pt\/api\/wp\/v2\/posts\/438308","targetHints":{"allow":["GET"]}}],"collection":[{"href":"https:\/\/portaltela.pt\/api\/wp\/v2\/posts"}],"about":[{"href":"https:\/\/portaltela.pt\/api\/wp\/v2\/types\/post"}],"author":[{"embeddable":true,"href":"https:\/\/portaltela.pt\/api\/wp\/v2\/users\/2"}],"replies":[{"embeddable":true,"href":"https:\/\/portaltela.pt\/api\/wp\/v2\/comments?post=438308"}],"version-history":[{"count":0,"href":"https:\/\/portaltela.pt\/api\/wp\/v2\/posts\/438308\/revisions"}],"wp:featuredmedia":[{"embeddable":true,"href":"https:\/\/portaltela.pt\/api\/wp\/v2\/media\/438312"}],"wp:attachment":[{"href":"https:\/\/portaltela.pt\/api\/wp\/v2\/media?parent=438308"}],"wp:term":[{"taxonomy":"category","embeddable":true,"href":"https:\/\/portaltela.pt\/api\/wp\/v2\/categories?post=438308"},{"taxonomy":"post_tag","embeddable":true,"href":"https:\/\/portaltela.pt\/api\/wp\/v2\/tags?post=438308"}],"curies":[{"name":"wp","href":"https:\/\/api.w.org\/{rel}","templated":true}]}}