{"id":438261,"date":"2026-04-09T13:17:16","date_gmt":"2026-04-09T16:17:16","guid":{"rendered":"https:\/\/portaltela.pt\/noticias\/2026\/04\/09\/chega-substitui-candidatos-a-orgaos-externos-do-parlamento-por-incompatibilidade\/"},"modified":"2026-04-09T13:17:16","modified_gmt":"2026-04-09T16:17:16","slug":"chega-substitui-candidatos-a-orgaos-externos-do-parlamento-por-incompatibilidade","status":"publish","type":"post","link":"https:\/\/portaltela.pt\/noticias\/2026\/04\/09\/chega-substitui-candidatos-a-orgaos-externos-do-parlamento-por-incompatibilidade\/","title":{"rendered":"Chega substitui candidatos a \u00f3rg\u00e3os externos do Parlamento por incompatibilidade"},"content":{"rendered":"<p>O Chega pode substituir, ainda hoje, candidatos aos \u00f3rg\u00e3os externos do Parlamento por incompatibilidade com o Estatuto dos Deputados. As mudan\u00e7as visam os conselhos superiores de Magistratura e dos Tribunais Administrativos e Fiscais. A decis\u00e3o decorre de valida\u00e7\u00e3o jur\u00eddica das indica\u00e7\u00f5es.<\/p>\n<p>De acordo com deputados social-democratas e socialistas, a incompatibilidade recai sobre as indica\u00e7\u00f5es feitas pelo Chega para estes dois \u00f3rg\u00e3os. Os substitu\u00eddos dever\u00e3o deixar de ocupar os lugares por viola\u00e7\u00e3o estatut\u00e1ria.<\/p>\n<p>Entre os casos mais relevantes est\u00e1 a deputada Idalina Dur\u00e3es, do Chega, que \u00e9 vice-presidente da Comiss\u00e3o de Assuntos Constitucionais e ficou envolvida na candidatura ao Conselho Superior de Magistratura. Em rela\u00e7\u00e3o a este \u00faltimo, a inten\u00e7\u00e3o \u00e9 substituir a deputada.<\/p>\n<h3>Situa\u00e7\u00e3o no Conselho de Opini\u00e3o da RTP<\/h3>\n<p>O Chega indicou tr\u00eas deputados para o Conselho de Opini\u00e3o da RTP, nomeadamente Patr\u00edcia Carvalho, Jorge Galveias e Bernardo Pessanha. O tema est\u00e1 a ser estudado juridicamente para determinar se h\u00e1 necessidade de alterar as indica\u00e7\u00f5es.<\/p>\n<p>Apesar disso, o estatuto veda a participa\u00e7\u00e3o de deputados em \u00f3rg\u00e3os de empresas p\u00fablicas ou participadas pelo Estado. Membros da bancada social-democrata e socialista defendem que os tr\u00eas candidatos renunciem \u00e0 candidatura ou aos mandatos, para cumprir a lei.<\/p>\n<h3>Outros apontamentos legais<\/h3>\n<p>O Estatuto dos Deputados pro\u00edbe membros de \u00f3rg\u00e3os como o Tribunal Constitucional, o Supremo Tribunal de Justi\u00e7a, o Supremo Tribunal Administrativo, o Tribunal de Contas e o Conselho Superior da Magistratura. Tamb\u00e9m impede participa\u00e7\u00e3o direta ou indireta em entidades p\u00fablicas concession\u00e1rias.<\/p>\n<p>Vanessa Barata, coordenadora do Chega na Comiss\u00e3o de Assuntos Constitucionais, descreveu o caso de Dur\u00e3es como um lapso j\u00e1 resolvido pela bancada. As substitui\u00e7\u00f5es devem ocorrer ainda nesta quinta-feira, segundo informa\u00e7\u00f5es dispon\u00edveis.<\/p>\n","protected":false},"excerpt":{"rendered":"<ul>\n<li>O Chega vai substituir, ainda hoje, alguns dos seus candidatos aos \u00f3rg\u00e3os externos do Parlamento por incompatibilidade com o Estatuto dos Deputados, nomeadamente nos Conselhos Superiores de Magistratura e dos Tribunais Administrativos e Fiscais.<\/li>\n<li>O caso mais relevante \u00e9 a deputada Idalina Dur\u00e3es, da bancada do Chega e vice-presidente da Comiss\u00e3o de Assuntos Constitucionais, cuja indica\u00e7\u00e3o para o Conselho Superior da Magistratura \u00e9 objeto de incompatibilidade.<\/li>\n<li>O Chega mant\u00e9m ainda a indica\u00e7\u00e3o da deputada Catarina Salgueiro para o Conselho Superior dos Tribunais Administrativos e Fiscais, ainda que como suplente.<\/li>\n<li>Para o Conselho de Opini\u00e3o da RTP, o partido indicou tr\u00eas deputados \u2014 Patr\u00edcia Carvalho, Jorge Galveias e Bernardo Pessanha \u2014, cuja legitimidade est\u00e1 a ser estudada do ponto de vista jur\u00eddico.<\/li>\n<li>O Estatuto dos Deputados pro\u00edbe deputados de exercer determinados cargos em \u00f3rg\u00e3os, empresas ou entidades p\u00fablicas; assim, PSD e PS consideram que os tr\u00eas membros do Chega ao Conselho de Opini\u00e3o da RTP dever\u00e3o renunciar \u00e0s suas candidaturas ou aos seus mandatos.<\/li>\n<\/ul>\n","protected":false},"author":2,"featured_media":438265,"comment_status":"closed","ping_status":"closed","sticky":false,"template":"","format":"standard","meta":{"footnotes":""},"categories":[6815,1],"tags":[7279,34,5539,2832,6208,4716],"class_list":["post-438261","post","type-post","status-publish","format-standard","has-post-thumbnail","hentry","category-justica","category-noticias","tag-conselho-superior-da-magistratura","tag-governo","tag-lei","tag-politica","tag-tribunais","tag-tribunais-administrativos-e-fiscais"],"yoast_head":"<!-- This site is optimized with the Yoast SEO plugin v27.2 - https:\/\/yoast.com\/product\/yoast-seo-wordpress\/ -->\n<title>Chega substitui candidatos a \u00f3rg\u00e3os externos do Parlamento por incompatibilidade - Portal Tela Portugal<\/title>\n<meta name=\"robots\" content=\"index, follow, max-snippet:-1, max-image-preview:large, max-video-preview:-1\" \/>\n<meta property=\"og:locale\" content=\"pt_PT\" \/>\n<meta property=\"og:type\" content=\"article\" \/>\n<meta property=\"og:title\" content=\"Chega substitui candidatos a \u00f3rg\u00e3os externos do Parlamento por incompatibilidade - Portal Tela Portugal\" \/>\n<meta property=\"og:description\" content=\"O Chega vai substituir, ainda hoje, alguns dos seus candidatos aos \u00f3rg\u00e3os externos do Parlamento por incompatibilidade com o Estatuto dos Deputados, nomeadamente nos Conselhos Superiores de Magistratura e dos Tribunais Administrativos e Fiscais. O caso mais relevante \u00e9 a deputada Idalina Dur\u00e3es, da bancada do Chega e vice-presidente da Comiss\u00e3o de Assuntos Constitucionais, cuja indica\u00e7\u00e3o para o Conselho Superior da Magistratura \u00e9 objeto de incompatibilidade. O Chega mant\u00e9m ainda a indica\u00e7\u00e3o da deputada Catarina Salgueiro para o Conselho Superior dos Tribunais Administrativos e Fiscais, ainda que como suplente. Para o Conselho de Opini\u00e3o da RTP, o partido indicou tr\u00eas deputados \u2014 Patr\u00edcia Carvalho, Jorge Galveias e Bernardo Pessanha \u2014, cuja legitimidade est\u00e1 a ser estudada do ponto de vista jur\u00eddico. O Estatuto dos Deputados pro\u00edbe deputados de exercer determinados cargos em \u00f3rg\u00e3os, empresas ou entidades p\u00fablicas; assim, PSD e PS consideram que os tr\u00eas membros do Chega ao Conselho de Opini\u00e3o da RTP dever\u00e3o renunciar \u00e0s suas candidaturas ou aos seus mandatos.\" \/>\n<meta property=\"og:url\" content=\"https:\/\/portaltela.pt\/noticias\/2026\/04\/09\/chega-substitui-candidatos-a-orgaos-externos-do-parlamento-por-incompatibilidade\/\" \/>\n<meta property=\"og:site_name\" content=\"Portal Tela Portugal\" \/>\n<meta property=\"article:published_time\" content=\"2026-04-09T16:17:16+00:00\" \/>\n<meta name=\"author\" content=\"Telinha\" \/>\n<meta name=\"twitter:card\" content=\"summary_large_image\" \/>\n<meta name=\"twitter:label1\" content=\"Escrito por\" \/>\n\t<meta name=\"twitter:data1\" content=\"Telinha\" \/>\n\t<meta name=\"twitter:label2\" content=\"Tempo estimado de leitura\" \/>\n\t<meta name=\"twitter:data2\" content=\"2 minutos\" \/>\n<script type=\"application\/ld+json\" class=\"yoast-schema-graph\">{\"@context\":\"https:\/\/schema.org\",\"@graph\":[{\"@type\":\"Article\",\"@id\":\"https:\/\/portaltela.pt\/noticias\/2026\/04\/09\/chega-substitui-candidatos-a-orgaos-externos-do-parlamento-por-incompatibilidade\/#article\",\"isPartOf\":{\"@id\":\"https:\/\/portaltela.pt\/noticias\/2026\/04\/09\/chega-substitui-candidatos-a-orgaos-externos-do-parlamento-por-incompatibilidade\/\"},\"author\":{\"name\":\"Telinha\",\"@id\":\"https:\/\/portaltela.pt\/#\/schema\/person\/c4278d4a6028830caff9ee44b42d32ed\"},\"headline\":\"Chega substitui candidatos a \u00f3rg\u00e3os externos do Parlamento por incompatibilidade\",\"datePublished\":\"2026-04-09T16:17:16+00:00\",\"mainEntityOfPage\":{\"@id\":\"https:\/\/portaltela.pt\/noticias\/2026\/04\/09\/chega-substitui-candidatos-a-orgaos-externos-do-parlamento-por-incompatibilidade\/\"},\"wordCount\":317,\"image\":{\"@id\":\"https:\/\/portaltela.pt\/noticias\/2026\/04\/09\/chega-substitui-candidatos-a-orgaos-externos-do-parlamento-por-incompatibilidade\/#primaryimage\"},\"thumbnailUrl\":\"https:\/\/portaltela.pt\/s.01k8rhncp4jt1\/2026\/04\/2080270.jpg\",\"keywords\":[\"Conselho Superior da Magistratura\",\"governo\",\"lei\",\"pol\u00edtica\",\"Tribunais\",\"Tribunais Administrativos e Fiscais\"],\"articleSection\":[\"Justi\u00e7a\",\"Not\u00edcias\"],\"inLanguage\":\"pt-PT\"},{\"@type\":\"WebPage\",\"@id\":\"https:\/\/portaltela.pt\/noticias\/2026\/04\/09\/chega-substitui-candidatos-a-orgaos-externos-do-parlamento-por-incompatibilidade\/\",\"url\":\"https:\/\/portaltela.pt\/noticias\/2026\/04\/09\/chega-substitui-candidatos-a-orgaos-externos-do-parlamento-por-incompatibilidade\/\",\"name\":\"Chega substitui candidatos a \u00f3rg\u00e3os externos do Parlamento por incompatibilidade - Portal Tela Portugal\",\"isPartOf\":{\"@id\":\"https:\/\/portaltela.pt\/#website\"},\"primaryImageOfPage\":{\"@id\":\"https:\/\/portaltela.pt\/noticias\/2026\/04\/09\/chega-substitui-candidatos-a-orgaos-externos-do-parlamento-por-incompatibilidade\/#primaryimage\"},\"image\":{\"@id\":\"https:\/\/portaltela.pt\/noticias\/2026\/04\/09\/chega-substitui-candidatos-a-orgaos-externos-do-parlamento-por-incompatibilidade\/#primaryimage\"},\"thumbnailUrl\":\"https:\/\/portaltela.pt\/s.01k8rhncp4jt1\/2026\/04\/2080270.jpg\",\"datePublished\":\"2026-04-09T16:17:16+00:00\",\"author\":{\"@id\":\"https:\/\/portaltela.pt\/#\/schema\/person\/c4278d4a6028830caff9ee44b42d32ed\"},\"breadcrumb\":{\"@id\":\"https:\/\/portaltela.pt\/noticias\/2026\/04\/09\/chega-substitui-candidatos-a-orgaos-externos-do-parlamento-por-incompatibilidade\/#breadcrumb\"},\"inLanguage\":\"pt-PT\",\"potentialAction\":[{\"@type\":\"ReadAction\",\"target\":[\"https:\/\/portaltela.pt\/noticias\/2026\/04\/09\/chega-substitui-candidatos-a-orgaos-externos-do-parlamento-por-incompatibilidade\/\"]}]},{\"@type\":\"ImageObject\",\"inLanguage\":\"pt-PT\",\"@id\":\"https:\/\/portaltela.pt\/noticias\/2026\/04\/09\/chega-substitui-candidatos-a-orgaos-externos-do-parlamento-por-incompatibilidade\/#primaryimage\",\"url\":\"https:\/\/portaltela.pt\/s.01k8rhncp4jt1\/2026\/04\/2080270.jpg\",\"contentUrl\":\"https:\/\/portaltela.pt\/s.01k8rhncp4jt1\/2026\/04\/2080270.jpg\",\"width\":796,\"height\":448,\"caption\":\"L\u00edder da bancada parlamentar do Chega garantiu que nomes seriam substitu\u00eddos nesta quinta-feira\"},{\"@type\":\"BreadcrumbList\",\"@id\":\"https:\/\/portaltela.pt\/noticias\/2026\/04\/09\/chega-substitui-candidatos-a-orgaos-externos-do-parlamento-por-incompatibilidade\/#breadcrumb\",\"itemListElement\":[{\"@type\":\"ListItem\",\"position\":1,\"name\":\"In\u00edcio\",\"item\":\"https:\/\/portaltela.pt\/\"},{\"@type\":\"ListItem\",\"position\":2,\"name\":\"Chega substitui candidatos a \u00f3rg\u00e3os externos do Parlamento por incompatibilidade\"}]},{\"@type\":\"WebSite\",\"@id\":\"https:\/\/portaltela.pt\/#website\",\"url\":\"https:\/\/portaltela.pt\/\",\"name\":\"Portal Tela Portugal\",\"description\":\"\",\"potentialAction\":[{\"@type\":\"SearchAction\",\"target\":{\"@type\":\"EntryPoint\",\"urlTemplate\":\"https:\/\/portaltela.pt\/?s={search_term_string}\"},\"query-input\":{\"@type\":\"PropertyValueSpecification\",\"valueRequired\":true,\"valueName\":\"search_term_string\"}}],\"inLanguage\":\"pt-PT\"},{\"@type\":\"Person\",\"@id\":\"https:\/\/portaltela.pt\/#\/schema\/person\/c4278d4a6028830caff9ee44b42d32ed\",\"name\":\"Telinha\",\"image\":{\"@type\":\"ImageObject\",\"inLanguage\":\"pt-PT\",\"@id\":\"https:\/\/portaltela.pt\/s.01k8rhncp4jt1\/2025\/11\/talking-bot-125x125.png\",\"url\":\"https:\/\/portaltela.pt\/s.01k8rhncp4jt1\/2025\/11\/talking-bot-125x125.png\",\"contentUrl\":\"https:\/\/portaltela.pt\/s.01k8rhncp4jt1\/2025\/11\/talking-bot-125x125.png\",\"caption\":\"Telinha\"},\"sameAs\":[\"https:\/\/portaltela.pt\/\"],\"url\":\"https:\/\/portaltela.pt\/por\/367410592786\/\"}]}<\/script>\n<!-- \/ Yoast SEO plugin. -->","yoast_head_json":{"title":"Chega substitui candidatos a \u00f3rg\u00e3os externos do Parlamento por incompatibilidade - Portal Tela Portugal","robots":{"index":"index","follow":"follow","max-snippet":"max-snippet:-1","max-image-preview":"max-image-preview:large","max-video-preview":"max-video-preview:-1"},"og_locale":"pt_PT","og_type":"article","og_title":"Chega substitui candidatos a \u00f3rg\u00e3os externos do Parlamento por incompatibilidade - Portal Tela Portugal","og_description":"O Chega vai substituir, ainda hoje, alguns dos seus candidatos aos \u00f3rg\u00e3os externos do Parlamento por incompatibilidade com o Estatuto dos Deputados, nomeadamente nos Conselhos Superiores de Magistratura e dos Tribunais Administrativos e Fiscais. O caso mais relevante \u00e9 a deputada Idalina Dur\u00e3es, da bancada do Chega e vice-presidente da Comiss\u00e3o de Assuntos Constitucionais, cuja indica\u00e7\u00e3o para o Conselho Superior da Magistratura \u00e9 objeto de incompatibilidade. O Chega mant\u00e9m ainda a indica\u00e7\u00e3o da deputada Catarina Salgueiro para o Conselho Superior dos Tribunais Administrativos e Fiscais, ainda que como suplente. Para o Conselho de Opini\u00e3o da RTP, o partido indicou tr\u00eas deputados \u2014 Patr\u00edcia Carvalho, Jorge Galveias e Bernardo Pessanha \u2014, cuja legitimidade est\u00e1 a ser estudada do ponto de vista jur\u00eddico. O Estatuto dos Deputados pro\u00edbe deputados de exercer determinados cargos em \u00f3rg\u00e3os, empresas ou entidades p\u00fablicas; assim, PSD e PS consideram que os tr\u00eas membros do Chega ao Conselho de Opini\u00e3o da RTP dever\u00e3o renunciar \u00e0s suas candidaturas ou aos seus mandatos.","og_url":"https:\/\/portaltela.pt\/noticias\/2026\/04\/09\/chega-substitui-candidatos-a-orgaos-externos-do-parlamento-por-incompatibilidade\/","og_site_name":"Portal Tela Portugal","article_published_time":"2026-04-09T16:17:16+00:00","author":"Telinha","twitter_card":"summary_large_image","twitter_misc":{"Escrito por":"Telinha","Tempo estimado de leitura":"2 minutos"},"schema":{"@context":"https:\/\/schema.org","@graph":[{"@type":"Article","@id":"https:\/\/portaltela.pt\/noticias\/2026\/04\/09\/chega-substitui-candidatos-a-orgaos-externos-do-parlamento-por-incompatibilidade\/#article","isPartOf":{"@id":"https:\/\/portaltela.pt\/noticias\/2026\/04\/09\/chega-substitui-candidatos-a-orgaos-externos-do-parlamento-por-incompatibilidade\/"},"author":{"name":"Telinha","@id":"https:\/\/portaltela.pt\/#\/schema\/person\/c4278d4a6028830caff9ee44b42d32ed"},"headline":"Chega substitui candidatos a \u00f3rg\u00e3os externos do Parlamento por incompatibilidade","datePublished":"2026-04-09T16:17:16+00:00","mainEntityOfPage":{"@id":"https:\/\/portaltela.pt\/noticias\/2026\/04\/09\/chega-substitui-candidatos-a-orgaos-externos-do-parlamento-por-incompatibilidade\/"},"wordCount":317,"image":{"@id":"https:\/\/portaltela.pt\/noticias\/2026\/04\/09\/chega-substitui-candidatos-a-orgaos-externos-do-parlamento-por-incompatibilidade\/#primaryimage"},"thumbnailUrl":"https:\/\/portaltela.pt\/s.01k8rhncp4jt1\/2026\/04\/2080270.jpg","keywords":["Conselho Superior da Magistratura","governo","lei","pol\u00edtica","Tribunais","Tribunais Administrativos e Fiscais"],"articleSection":["Justi\u00e7a","Not\u00edcias"],"inLanguage":"pt-PT"},{"@type":"WebPage","@id":"https:\/\/portaltela.pt\/noticias\/2026\/04\/09\/chega-substitui-candidatos-a-orgaos-externos-do-parlamento-por-incompatibilidade\/","url":"https:\/\/portaltela.pt\/noticias\/2026\/04\/09\/chega-substitui-candidatos-a-orgaos-externos-do-parlamento-por-incompatibilidade\/","name":"Chega substitui candidatos a \u00f3rg\u00e3os externos do Parlamento por incompatibilidade - Portal Tela Portugal","isPartOf":{"@id":"https:\/\/portaltela.pt\/#website"},"primaryImageOfPage":{"@id":"https:\/\/portaltela.pt\/noticias\/2026\/04\/09\/chega-substitui-candidatos-a-orgaos-externos-do-parlamento-por-incompatibilidade\/#primaryimage"},"image":{"@id":"https:\/\/portaltela.pt\/noticias\/2026\/04\/09\/chega-substitui-candidatos-a-orgaos-externos-do-parlamento-por-incompatibilidade\/#primaryimage"},"thumbnailUrl":"https:\/\/portaltela.pt\/s.01k8rhncp4jt1\/2026\/04\/2080270.jpg","datePublished":"2026-04-09T16:17:16+00:00","author":{"@id":"https:\/\/portaltela.pt\/#\/schema\/person\/c4278d4a6028830caff9ee44b42d32ed"},"breadcrumb":{"@id":"https:\/\/portaltela.pt\/noticias\/2026\/04\/09\/chega-substitui-candidatos-a-orgaos-externos-do-parlamento-por-incompatibilidade\/#breadcrumb"},"inLanguage":"pt-PT","potentialAction":[{"@type":"ReadAction","target":["https:\/\/portaltela.pt\/noticias\/2026\/04\/09\/chega-substitui-candidatos-a-orgaos-externos-do-parlamento-por-incompatibilidade\/"]}]},{"@type":"ImageObject","inLanguage":"pt-PT","@id":"https:\/\/portaltela.pt\/noticias\/2026\/04\/09\/chega-substitui-candidatos-a-orgaos-externos-do-parlamento-por-incompatibilidade\/#primaryimage","url":"https:\/\/portaltela.pt\/s.01k8rhncp4jt1\/2026\/04\/2080270.jpg","contentUrl":"https:\/\/portaltela.pt\/s.01k8rhncp4jt1\/2026\/04\/2080270.jpg","width":796,"height":448,"caption":"L\u00edder da bancada parlamentar do Chega garantiu que nomes seriam substitu\u00eddos nesta quinta-feira"},{"@type":"BreadcrumbList","@id":"https:\/\/portaltela.pt\/noticias\/2026\/04\/09\/chega-substitui-candidatos-a-orgaos-externos-do-parlamento-por-incompatibilidade\/#breadcrumb","itemListElement":[{"@type":"ListItem","position":1,"name":"In\u00edcio","item":"https:\/\/portaltela.pt\/"},{"@type":"ListItem","position":2,"name":"Chega substitui candidatos a \u00f3rg\u00e3os externos do Parlamento por incompatibilidade"}]},{"@type":"WebSite","@id":"https:\/\/portaltela.pt\/#website","url":"https:\/\/portaltela.pt\/","name":"Portal Tela Portugal","description":"","potentialAction":[{"@type":"SearchAction","target":{"@type":"EntryPoint","urlTemplate":"https:\/\/portaltela.pt\/?s={search_term_string}"},"query-input":{"@type":"PropertyValueSpecification","valueRequired":true,"valueName":"search_term_string"}}],"inLanguage":"pt-PT"},{"@type":"Person","@id":"https:\/\/portaltela.pt\/#\/schema\/person\/c4278d4a6028830caff9ee44b42d32ed","name":"Telinha","image":{"@type":"ImageObject","inLanguage":"pt-PT","@id":"https:\/\/portaltela.pt\/s.01k8rhncp4jt1\/2025\/11\/talking-bot-125x125.png","url":"https:\/\/portaltela.pt\/s.01k8rhncp4jt1\/2025\/11\/talking-bot-125x125.png","contentUrl":"https:\/\/portaltela.pt\/s.01k8rhncp4jt1\/2025\/11\/talking-bot-125x125.png","caption":"Telinha"},"sameAs":["https:\/\/portaltela.pt\/"],"url":"https:\/\/portaltela.pt\/por\/367410592786\/"}]}},"_links":{"self":[{"href":"https:\/\/portaltela.pt\/api\/wp\/v2\/posts\/438261","targetHints":{"allow":["GET"]}}],"collection":[{"href":"https:\/\/portaltela.pt\/api\/wp\/v2\/posts"}],"about":[{"href":"https:\/\/portaltela.pt\/api\/wp\/v2\/types\/post"}],"author":[{"embeddable":true,"href":"https:\/\/portaltela.pt\/api\/wp\/v2\/users\/2"}],"replies":[{"embeddable":true,"href":"https:\/\/portaltela.pt\/api\/wp\/v2\/comments?post=438261"}],"version-history":[{"count":0,"href":"https:\/\/portaltela.pt\/api\/wp\/v2\/posts\/438261\/revisions"}],"wp:featuredmedia":[{"embeddable":true,"href":"https:\/\/portaltela.pt\/api\/wp\/v2\/media\/438265"}],"wp:attachment":[{"href":"https:\/\/portaltela.pt\/api\/wp\/v2\/media?parent=438261"}],"wp:term":[{"taxonomy":"category","embeddable":true,"href":"https:\/\/portaltela.pt\/api\/wp\/v2\/categories?post=438261"},{"taxonomy":"post_tag","embeddable":true,"href":"https:\/\/portaltela.pt\/api\/wp\/v2\/tags?post=438261"}],"curies":[{"name":"wp","href":"https:\/\/api.w.org\/{rel}","templated":true}]}}