{"id":43823,"date":"2025-12-01T15:38:00","date_gmt":"2025-12-01T18:38:00","guid":{"rendered":"https:\/\/portaltela.pt\/noticias\/2025\/12\/01\/triunfo-em-braga-relanca-candidatura-do-viseu-2001-a-fase-final\/"},"modified":"2025-12-01T15:38:00","modified_gmt":"2025-12-01T18:38:00","slug":"triunfo-em-braga-relanca-candidatura-do-viseu-2001-a-fase-final","status":"publish","type":"post","link":"https:\/\/portaltela.pt\/desporto\/futebol\/2025\/12\/01\/triunfo-em-braga-relanca-candidatura-do-viseu-2001-a-fase-final\/","title":{"rendered":"Triunfo em Braga relan\u00e7a candidatura do Viseu 2001 \u00e0 fase final"},"content":{"rendered":"<p>O Viseu 2001 venceu o Nogueir\u00f3 Tenones por 6-3, em Braga, no \u00e2mbito da 9.\u00aa jornada da fase regular da II Divis\u00e3o Nacional de Futsal. O triunfo refor\u00e7a as aspira\u00e7\u00f5es da equipa de Rui Almeida de chegar \u00e0 fase de Apuramento de Campe\u00e3o, num duelo direta com advers\u00e1rios na frente da tabela.<\/p>\n<p>Diogo Couceiro abriu o caminho com dois golos (03\u2019 e 35\u2019) ao lado de Russo (15\u2019 e 23\u2019) e Pedro Peixoto (36\u2019 e 39\u2019), todos a contribuir para a vit\u00f3ria. O Viseu 2001 mant\u00e9m-se no 5.\u00ba lugar, com 15 pontos, a dois do Amigos de Cerva e da Funda\u00e7\u00e3o Jorge Antunes. Valpa\u00e7os tem 19 pontos e Arsenal da Maia 20, j\u00e1 com o apuramento praticamente assegurado.<\/p>\n<h3>Situa\u00e7\u00e3o atual e pr\u00f3ximos desafios<\/h3>\n<p>Continuando na luta pelo top 4, o Viseu 2001 recebe o Centro S\u00e3o Jo\u00e3o no pr\u00f3ximo dia 6 de dezembro, \u00e0s 18:00, no Pavilh\u00e3o Cidade de Viseu. O objetivo passa por consolidar a posi\u00e7\u00e3o e manter o ritmo at\u00e9 ao final da fase regular.<\/p>\n<h3>Desdobramentos e calend\u00e1rio<\/h3>\n<p>O \u00faltimo jogo da fase regular ser\u00e1 em 20 de dezembro, frente ao D\u00ednamo Sanjoanense, em S\u00e3o Jo\u00e3o da Madeira. Os restantes concorrentes pela qualifica\u00e7\u00e3o para a fase final mant\u00eam vantagem num\u00e9rica na tabela, apontando para uma fase de apuramento j\u00e1 quase definida para Valpa\u00e7os e Arsenal da Maia.<\/p>\n","protected":false},"excerpt":{"rendered":"<ul>\n<li>O Viseu 2001 venceu o Nogueir\u00f3 Tenones por 6-3, mantendo as ambi\u00e7\u00f5es de apuramento para a fase de Campe\u00f5es da II Divis\u00e3o Nacional de Futsal.<\/li>\n<li>Os golos do Viseu 2001 vieram de bis de Diogo Couceiro, Russo e Pedro Peixoto.<\/li>\n<li>A equipa mant\u00e9m o 5.\u00ba lugar com 15 pontos, a dois pontos do Amigos de Cerva e da Funda\u00e7\u00e3o Jorge Antunes.<\/li>\n<li>Valpa\u00e7os (19 pontos) e Arsenal da Maia (20) parecem j\u00e1 apurados para a fase final.<\/li>\n<li>Pr\u00f3ximos jogos: 6 de dezembro, frente ao Centro S\u00e3o Jo\u00e3o, \u00e0s 18:00, no Pavilh\u00e3o Cidade de Viseu; 20 de dezembro, diante do D\u00ednamo Sanjoanense, em S\u00e3o Jo\u00e3o da Madeira.<\/li>\n<\/ul>\n","protected":false},"author":2,"featured_media":43824,"comment_status":"closed","ping_status":"closed","sticky":false,"template":"","format":"standard","meta":{"footnotes":""},"categories":[21,24],"tags":[322,628,227,123,152,399],"class_list":["post-43823","post","type-post","status-publish","format-standard","has-post-thumbnail","hentry","category-desporto","category-futebol","tag-amigos-de-cerva","tag-arsenal-da-maia","tag-campeonato","tag-desportivos","tag-desporto","tag-organizacao-desportiva"],"yoast_head":"<!-- This site is optimized with the Yoast SEO plugin v27.2 - https:\/\/yoast.com\/product\/yoast-seo-wordpress\/ -->\n<title>Triunfo em Braga relan\u00e7a candidatura do Viseu 2001 \u00e0 fase final - Portal Tela Portugal<\/title>\n<meta name=\"robots\" content=\"index, follow, max-snippet:-1, max-image-preview:large, max-video-preview:-1\" \/>\n<meta property=\"og:locale\" content=\"pt_PT\" \/>\n<meta property=\"og:type\" content=\"article\" \/>\n<meta property=\"og:title\" content=\"Triunfo em Braga relan\u00e7a candidatura do Viseu 2001 \u00e0 fase final - Portal Tela Portugal\" \/>\n<meta property=\"og:description\" content=\"O Viseu 2001 venceu o Nogueir\u00f3 Tenones por 6-3, mantendo as ambi\u00e7\u00f5es de apuramento para a fase de Campe\u00f5es da II Divis\u00e3o Nacional de Futsal. Os golos do Viseu 2001 vieram de bis de Diogo Couceiro, Russo e Pedro Peixoto. A equipa mant\u00e9m o 5.\u00ba lugar com 15 pontos, a dois pontos do Amigos de Cerva e da Funda\u00e7\u00e3o Jorge Antunes. Valpa\u00e7os (19 pontos) e Arsenal da Maia (20) parecem j\u00e1 apurados para a fase final. Pr\u00f3ximos jogos: 6 de dezembro, frente ao Centro S\u00e3o Jo\u00e3o, \u00e0s 18:00, no Pavilh\u00e3o Cidade de Viseu; 20 de dezembro, diante do D\u00ednamo Sanjoanense, em S\u00e3o Jo\u00e3o da Madeira.\" \/>\n<meta property=\"og:url\" content=\"https:\/\/portaltela.pt\/noticias\/2025\/12\/01\/triunfo-em-braga-relanca-candidatura-do-viseu-2001-a-fase-final\/\" \/>\n<meta property=\"og:site_name\" content=\"Portal Tela Portugal\" \/>\n<meta property=\"article:published_time\" content=\"2025-12-01T18:38:00+00:00\" \/>\n<meta name=\"author\" content=\"Telinha\" \/>\n<meta name=\"twitter:card\" content=\"summary_large_image\" \/>\n<meta name=\"twitter:label1\" content=\"Escrito por\" \/>\n\t<meta name=\"twitter:data1\" content=\"Telinha\" \/>\n\t<meta name=\"twitter:label2\" content=\"Tempo estimado de leitura\" \/>\n\t<meta name=\"twitter:data2\" content=\"1 minuto\" \/>\n<script type=\"application\/ld+json\" class=\"yoast-schema-graph\">{\"@context\":\"https:\/\/schema.org\",\"@graph\":[{\"@type\":\"Article\",\"@id\":\"https:\/\/portaltela.pt\/noticias\/2025\/12\/01\/triunfo-em-braga-relanca-candidatura-do-viseu-2001-a-fase-final\/#article\",\"isPartOf\":{\"@id\":\"https:\/\/portaltela.pt\/noticias\/2025\/12\/01\/triunfo-em-braga-relanca-candidatura-do-viseu-2001-a-fase-final\/\"},\"author\":{\"name\":\"Telinha\",\"@id\":\"https:\/\/portaltela.pt\/#\/schema\/person\/c4278d4a6028830caff9ee44b42d32ed\"},\"headline\":\"Triunfo em Braga relan\u00e7a candidatura do Viseu 2001 \u00e0 fase final\",\"datePublished\":\"2025-12-01T18:38:00+00:00\",\"mainEntityOfPage\":{\"@id\":\"https:\/\/portaltela.pt\/noticias\/2025\/12\/01\/triunfo-em-braga-relanca-candidatura-do-viseu-2001-a-fase-final\/\"},\"wordCount\":234,\"image\":{\"@id\":\"https:\/\/portaltela.pt\/noticias\/2025\/12\/01\/triunfo-em-braga-relanca-candidatura-do-viseu-2001-a-fase-final\/#primaryimage\"},\"thumbnailUrl\":\"https:\/\/portaltela.pt\/s.01k8rhncp4jt1\/2025\/12\/viseu-2001-plantel-25.jpg\",\"keywords\":[\"Amigos de Cerva\",\"Arsenal da Maia\",\"campeonato\",\"desportivos\",\"desporto\",\"organiza\u00e7\u00e3o desportiva\"],\"articleSection\":[\"Desporto\",\"Futebol\"],\"inLanguage\":\"pt-PT\"},{\"@type\":\"WebPage\",\"@id\":\"https:\/\/portaltela.pt\/noticias\/2025\/12\/01\/triunfo-em-braga-relanca-candidatura-do-viseu-2001-a-fase-final\/\",\"url\":\"https:\/\/portaltela.pt\/noticias\/2025\/12\/01\/triunfo-em-braga-relanca-candidatura-do-viseu-2001-a-fase-final\/\",\"name\":\"Triunfo em Braga relan\u00e7a candidatura do Viseu 2001 \u00e0 fase final - Portal Tela Portugal\",\"isPartOf\":{\"@id\":\"https:\/\/portaltela.pt\/#website\"},\"primaryImageOfPage\":{\"@id\":\"https:\/\/portaltela.pt\/noticias\/2025\/12\/01\/triunfo-em-braga-relanca-candidatura-do-viseu-2001-a-fase-final\/#primaryimage\"},\"image\":{\"@id\":\"https:\/\/portaltela.pt\/noticias\/2025\/12\/01\/triunfo-em-braga-relanca-candidatura-do-viseu-2001-a-fase-final\/#primaryimage\"},\"thumbnailUrl\":\"https:\/\/portaltela.pt\/s.01k8rhncp4jt1\/2025\/12\/viseu-2001-plantel-25.jpg\",\"datePublished\":\"2025-12-01T18:38:00+00:00\",\"author\":{\"@id\":\"https:\/\/portaltela.pt\/#\/schema\/person\/c4278d4a6028830caff9ee44b42d32ed\"},\"breadcrumb\":{\"@id\":\"https:\/\/portaltela.pt\/noticias\/2025\/12\/01\/triunfo-em-braga-relanca-candidatura-do-viseu-2001-a-fase-final\/#breadcrumb\"},\"inLanguage\":\"pt-PT\",\"potentialAction\":[{\"@type\":\"ReadAction\",\"target\":[\"https:\/\/portaltela.pt\/noticias\/2025\/12\/01\/triunfo-em-braga-relanca-candidatura-do-viseu-2001-a-fase-final\/\"]}]},{\"@type\":\"ImageObject\",\"inLanguage\":\"pt-PT\",\"@id\":\"https:\/\/portaltela.pt\/noticias\/2025\/12\/01\/triunfo-em-braga-relanca-candidatura-do-viseu-2001-a-fase-final\/#primaryimage\",\"url\":\"https:\/\/portaltela.pt\/s.01k8rhncp4jt1\/2025\/12\/viseu-2001-plantel-25.jpg\",\"contentUrl\":\"https:\/\/portaltela.pt\/s.01k8rhncp4jt1\/2025\/12\/viseu-2001-plantel-25.jpg\",\"width\":796,\"height\":448,\"caption\":\"Esta\u00e7\u00e3o Di\u00e1ria Edi\u00e7\u00e3o Jornal\"},{\"@type\":\"BreadcrumbList\",\"@id\":\"https:\/\/portaltela.pt\/noticias\/2025\/12\/01\/triunfo-em-braga-relanca-candidatura-do-viseu-2001-a-fase-final\/#breadcrumb\",\"itemListElement\":[{\"@type\":\"ListItem\",\"position\":1,\"name\":\"In\u00edcio\",\"item\":\"https:\/\/portaltela.pt\/\"},{\"@type\":\"ListItem\",\"position\":2,\"name\":\"Triunfo em Braga relan\u00e7a candidatura do Viseu 2001 \u00e0 fase final\"}]},{\"@type\":\"WebSite\",\"@id\":\"https:\/\/portaltela.pt\/#website\",\"url\":\"https:\/\/portaltela.pt\/\",\"name\":\"Portal Tela Portugal\",\"description\":\"\",\"potentialAction\":[{\"@type\":\"SearchAction\",\"target\":{\"@type\":\"EntryPoint\",\"urlTemplate\":\"https:\/\/portaltela.pt\/?s={search_term_string}\"},\"query-input\":{\"@type\":\"PropertyValueSpecification\",\"valueRequired\":true,\"valueName\":\"search_term_string\"}}],\"inLanguage\":\"pt-PT\"},{\"@type\":\"Person\",\"@id\":\"https:\/\/portaltela.pt\/#\/schema\/person\/c4278d4a6028830caff9ee44b42d32ed\",\"name\":\"Telinha\",\"image\":{\"@type\":\"ImageObject\",\"inLanguage\":\"pt-PT\",\"@id\":\"https:\/\/portaltela.pt\/s.01k8rhncp4jt1\/2025\/11\/talking-bot-125x125.png\",\"url\":\"https:\/\/portaltela.pt\/s.01k8rhncp4jt1\/2025\/11\/talking-bot-125x125.png\",\"contentUrl\":\"https:\/\/portaltela.pt\/s.01k8rhncp4jt1\/2025\/11\/talking-bot-125x125.png\",\"caption\":\"Telinha\"},\"sameAs\":[\"https:\/\/portaltela.pt\/\"],\"url\":\"https:\/\/portaltela.pt\/por\/367410592786\/\"}]}<\/script>\n<!-- \/ Yoast SEO plugin. -->","yoast_head_json":{"title":"Triunfo em Braga relan\u00e7a candidatura do Viseu 2001 \u00e0 fase final - Portal Tela Portugal","robots":{"index":"index","follow":"follow","max-snippet":"max-snippet:-1","max-image-preview":"max-image-preview:large","max-video-preview":"max-video-preview:-1"},"og_locale":"pt_PT","og_type":"article","og_title":"Triunfo em Braga relan\u00e7a candidatura do Viseu 2001 \u00e0 fase final - Portal Tela Portugal","og_description":"O Viseu 2001 venceu o Nogueir\u00f3 Tenones por 6-3, mantendo as ambi\u00e7\u00f5es de apuramento para a fase de Campe\u00f5es da II Divis\u00e3o Nacional de Futsal. Os golos do Viseu 2001 vieram de bis de Diogo Couceiro, Russo e Pedro Peixoto. A equipa mant\u00e9m o 5.\u00ba lugar com 15 pontos, a dois pontos do Amigos de Cerva e da Funda\u00e7\u00e3o Jorge Antunes. Valpa\u00e7os (19 pontos) e Arsenal da Maia (20) parecem j\u00e1 apurados para a fase final. Pr\u00f3ximos jogos: 6 de dezembro, frente ao Centro S\u00e3o Jo\u00e3o, \u00e0s 18:00, no Pavilh\u00e3o Cidade de Viseu; 20 de dezembro, diante do D\u00ednamo Sanjoanense, em S\u00e3o Jo\u00e3o da Madeira.","og_url":"https:\/\/portaltela.pt\/noticias\/2025\/12\/01\/triunfo-em-braga-relanca-candidatura-do-viseu-2001-a-fase-final\/","og_site_name":"Portal Tela Portugal","article_published_time":"2025-12-01T18:38:00+00:00","author":"Telinha","twitter_card":"summary_large_image","twitter_misc":{"Escrito por":"Telinha","Tempo estimado de leitura":"1 minuto"},"schema":{"@context":"https:\/\/schema.org","@graph":[{"@type":"Article","@id":"https:\/\/portaltela.pt\/noticias\/2025\/12\/01\/triunfo-em-braga-relanca-candidatura-do-viseu-2001-a-fase-final\/#article","isPartOf":{"@id":"https:\/\/portaltela.pt\/noticias\/2025\/12\/01\/triunfo-em-braga-relanca-candidatura-do-viseu-2001-a-fase-final\/"},"author":{"name":"Telinha","@id":"https:\/\/portaltela.pt\/#\/schema\/person\/c4278d4a6028830caff9ee44b42d32ed"},"headline":"Triunfo em Braga relan\u00e7a candidatura do Viseu 2001 \u00e0 fase final","datePublished":"2025-12-01T18:38:00+00:00","mainEntityOfPage":{"@id":"https:\/\/portaltela.pt\/noticias\/2025\/12\/01\/triunfo-em-braga-relanca-candidatura-do-viseu-2001-a-fase-final\/"},"wordCount":234,"image":{"@id":"https:\/\/portaltela.pt\/noticias\/2025\/12\/01\/triunfo-em-braga-relanca-candidatura-do-viseu-2001-a-fase-final\/#primaryimage"},"thumbnailUrl":"https:\/\/portaltela.pt\/s.01k8rhncp4jt1\/2025\/12\/viseu-2001-plantel-25.jpg","keywords":["Amigos de Cerva","Arsenal da Maia","campeonato","desportivos","desporto","organiza\u00e7\u00e3o desportiva"],"articleSection":["Desporto","Futebol"],"inLanguage":"pt-PT"},{"@type":"WebPage","@id":"https:\/\/portaltela.pt\/noticias\/2025\/12\/01\/triunfo-em-braga-relanca-candidatura-do-viseu-2001-a-fase-final\/","url":"https:\/\/portaltela.pt\/noticias\/2025\/12\/01\/triunfo-em-braga-relanca-candidatura-do-viseu-2001-a-fase-final\/","name":"Triunfo em Braga relan\u00e7a candidatura do Viseu 2001 \u00e0 fase final - Portal Tela Portugal","isPartOf":{"@id":"https:\/\/portaltela.pt\/#website"},"primaryImageOfPage":{"@id":"https:\/\/portaltela.pt\/noticias\/2025\/12\/01\/triunfo-em-braga-relanca-candidatura-do-viseu-2001-a-fase-final\/#primaryimage"},"image":{"@id":"https:\/\/portaltela.pt\/noticias\/2025\/12\/01\/triunfo-em-braga-relanca-candidatura-do-viseu-2001-a-fase-final\/#primaryimage"},"thumbnailUrl":"https:\/\/portaltela.pt\/s.01k8rhncp4jt1\/2025\/12\/viseu-2001-plantel-25.jpg","datePublished":"2025-12-01T18:38:00+00:00","author":{"@id":"https:\/\/portaltela.pt\/#\/schema\/person\/c4278d4a6028830caff9ee44b42d32ed"},"breadcrumb":{"@id":"https:\/\/portaltela.pt\/noticias\/2025\/12\/01\/triunfo-em-braga-relanca-candidatura-do-viseu-2001-a-fase-final\/#breadcrumb"},"inLanguage":"pt-PT","potentialAction":[{"@type":"ReadAction","target":["https:\/\/portaltela.pt\/noticias\/2025\/12\/01\/triunfo-em-braga-relanca-candidatura-do-viseu-2001-a-fase-final\/"]}]},{"@type":"ImageObject","inLanguage":"pt-PT","@id":"https:\/\/portaltela.pt\/noticias\/2025\/12\/01\/triunfo-em-braga-relanca-candidatura-do-viseu-2001-a-fase-final\/#primaryimage","url":"https:\/\/portaltela.pt\/s.01k8rhncp4jt1\/2025\/12\/viseu-2001-plantel-25.jpg","contentUrl":"https:\/\/portaltela.pt\/s.01k8rhncp4jt1\/2025\/12\/viseu-2001-plantel-25.jpg","width":796,"height":448,"caption":"Esta\u00e7\u00e3o Di\u00e1ria Edi\u00e7\u00e3o Jornal"},{"@type":"BreadcrumbList","@id":"https:\/\/portaltela.pt\/noticias\/2025\/12\/01\/triunfo-em-braga-relanca-candidatura-do-viseu-2001-a-fase-final\/#breadcrumb","itemListElement":[{"@type":"ListItem","position":1,"name":"In\u00edcio","item":"https:\/\/portaltela.pt\/"},{"@type":"ListItem","position":2,"name":"Triunfo em Braga relan\u00e7a candidatura do Viseu 2001 \u00e0 fase final"}]},{"@type":"WebSite","@id":"https:\/\/portaltela.pt\/#website","url":"https:\/\/portaltela.pt\/","name":"Portal Tela Portugal","description":"","potentialAction":[{"@type":"SearchAction","target":{"@type":"EntryPoint","urlTemplate":"https:\/\/portaltela.pt\/?s={search_term_string}"},"query-input":{"@type":"PropertyValueSpecification","valueRequired":true,"valueName":"search_term_string"}}],"inLanguage":"pt-PT"},{"@type":"Person","@id":"https:\/\/portaltela.pt\/#\/schema\/person\/c4278d4a6028830caff9ee44b42d32ed","name":"Telinha","image":{"@type":"ImageObject","inLanguage":"pt-PT","@id":"https:\/\/portaltela.pt\/s.01k8rhncp4jt1\/2025\/11\/talking-bot-125x125.png","url":"https:\/\/portaltela.pt\/s.01k8rhncp4jt1\/2025\/11\/talking-bot-125x125.png","contentUrl":"https:\/\/portaltela.pt\/s.01k8rhncp4jt1\/2025\/11\/talking-bot-125x125.png","caption":"Telinha"},"sameAs":["https:\/\/portaltela.pt\/"],"url":"https:\/\/portaltela.pt\/por\/367410592786\/"}]}},"_links":{"self":[{"href":"https:\/\/portaltela.pt\/api\/wp\/v2\/posts\/43823","targetHints":{"allow":["GET"]}}],"collection":[{"href":"https:\/\/portaltela.pt\/api\/wp\/v2\/posts"}],"about":[{"href":"https:\/\/portaltela.pt\/api\/wp\/v2\/types\/post"}],"author":[{"embeddable":true,"href":"https:\/\/portaltela.pt\/api\/wp\/v2\/users\/2"}],"replies":[{"embeddable":true,"href":"https:\/\/portaltela.pt\/api\/wp\/v2\/comments?post=43823"}],"version-history":[{"count":0,"href":"https:\/\/portaltela.pt\/api\/wp\/v2\/posts\/43823\/revisions"}],"wp:featuredmedia":[{"embeddable":true,"href":"https:\/\/portaltela.pt\/api\/wp\/v2\/media\/43824"}],"wp:attachment":[{"href":"https:\/\/portaltela.pt\/api\/wp\/v2\/media?parent=43823"}],"wp:term":[{"taxonomy":"category","embeddable":true,"href":"https:\/\/portaltela.pt\/api\/wp\/v2\/categories?post=43823"},{"taxonomy":"post_tag","embeddable":true,"href":"https:\/\/portaltela.pt\/api\/wp\/v2\/tags?post=43823"}],"curies":[{"name":"wp","href":"https:\/\/api.w.org\/{rel}","templated":true}]}}