{"id":438228,"date":"2026-04-09T12:47:20","date_gmt":"2026-04-09T15:47:20","guid":{"rendered":"https:\/\/portaltela.pt\/noticias\/2026\/04\/09\/ex-presidente-do-inem-afirma-que-o-apagao-revelou-fragilidades-nas-comunicacoes\/"},"modified":"2026-04-09T12:47:20","modified_gmt":"2026-04-09T15:47:20","slug":"ex-presidente-do-inem-afirma-que-o-apagao-revelou-fragilidades-nas-comunicacoes","status":"publish","type":"post","link":"https:\/\/portaltela.pt\/saude\/2026\/04\/09\/ex-presidente-do-inem-afirma-que-o-apagao-revelou-fragilidades-nas-comunicacoes\/","title":{"rendered":"Ex-presidente do INEM afirma que o apag\u00e3o revelou fragilidades nas comunica\u00e7\u00f5es"},"content":{"rendered":"<p>O ex-presidente do INEM, S\u00e9rgio Janeiro, afirmou que o apag\u00e3o energ\u00e9tico de abril de 2025 exp\u00f4s fragilidades estruturais nas comunica\u00e7\u00f5es, dependentes de redes comerciais sem redund\u00e2ncia. O instituto passou a recorrer a tecnologia por sat\u00e9lite Starlink para assegurar a comunica\u00e7\u00e3o.<\/p>\n<p>Durante o grupo de trabalho sobre o apag\u00e3o, da comiss\u00e3o parlamentar de Ambiente e Energia, Janeiro revelou propostas para refor\u00e7ar o sistema. Entre elas estavam uma estrutura de coordena\u00e7\u00e3o no setor da Sa\u00fade e maior redund\u00e2ncia das comunica\u00e7\u00f5es, com solu\u00e7\u00f5es por sat\u00e9lite e redes dedicadas.<\/p>\n<p>Foram tamb\u00e9m apresentadas medidas para refor\u00e7ar o CODU de backup junto da central 112 e a prote\u00e7\u00e3o de pessoas com equipamentos m\u00e9dicos em casa. O objetivo \u00e9 manter comunica\u00e7\u00e3o e coordena\u00e7\u00e3o, mesmo com falhas das redes convencionais.<\/p>\n<p>O ex-presidente explicou que, no dia do apag\u00e3o, o sistema telef\u00f3nico e inform\u00e1tico do INEM n\u00e3o falhou, mas houve uma interrup\u00e7\u00e3o tempor\u00e1ria de cerca de 20 minutos na linha 112, que n\u00e3o \u00e9 responsabilidade do INEM, apenas uma consequ\u00eancia da crise.<\/p>\n<p>A partir do incidente, registaram-se constrangimentos na comunica\u00e7\u00e3o m\u00f3vel, levando \u00e0 passagem de dados para o CODU pela rede Siresp, que tamb\u00e9m enfrentou falhas no dia do evento. As antenas do Siresp deixaram de ser alimentadas, segundo Janeiro.<\/p>\n<p>Quanto \u00e0 autonomia energ\u00e9tica, o ex-presidente assegurou que os geradores arrancaram automaticamente. N\u00e3o houve queda de energia nas instala\u00e7\u00f5es do INEM, e, com as medidas implementadas, a autonomia pode chegar a entre tr\u00eas e quatro dias, com o combust\u00edvel dispon\u00edvel.<\/p>\n<p>Foi ativada a rede de abastecimento de emerg\u00eancia, contratualizada para refor\u00e7ar o combust\u00edvel ao in\u00edcio da tarde. O tempo m\u00e9dio de atendimento das chamadas manteve-se em torno de 40 segundos, segundo S\u00e9rgio Janeiro.<\/p>\n<p>Em 28 de abril de 2025, o apag\u00e3o na Pen\u00ednsula Ib\u00e9rica deixou milh\u00f5es sem ilumina\u00e7\u00e3o e acesso a transportes e servi\u00e7os. Em Portugal, o incidente iniciou-se por volta das 11h33, com origem no pa\u00eds vizinho.<\/p>\n<p>Peritos europeus, em mar\u00e7o, conclu\u00edram que o evento resultou de m\u00faltiplos fatores t\u00e9cnicos, sem atribuir responsabilidades legais. O painel de 49 especialistas classificou-o como o apag\u00e3o el\u00e9trico mais grave na Europa em mais de duas d\u00e9cadas.<\/p>\n","protected":false},"excerpt":{"rendered":"<ul>\n<li>O ex-presidente do INEM, Instituto Nacional de Emerg\u00eancia M\u00e9dica, S\u00e9rgio Janeiro, afirmou que o apag\u00e3o de 28 de abril de 2025 evidenciou fragilidades estruturais nas comunica\u00e7\u00f5es, dependentes das redes comerciais, levando o instituto a adquirir tecnologia por sat\u00e9lite Starlink.<\/li>\n<li>Foram apresentadas propostas para refor\u00e7ar o sistema, incluindo uma estrutura de coordena\u00e7\u00e3o no setor da Sa\u00fade, maior redund\u00e2ncia das comunica\u00e7\u00f5es com solu\u00e7\u00f5es por sat\u00e9lite e redes dedicadas, e a cria\u00e7\u00e3o de um Centro de Orienta\u00e7\u00e3o de Doentes Urgentes (CODU) de backup junto da central 112.<\/li>\n<li>O INEM passou a usar Starlink para comunica\u00e7\u00e3o alternativa; no dia do apag\u00e3o, o sistema telef\u00f3nico e inform\u00e1tico n\u00e3o falhou, mas houve cerca de 20 minutos de indisponibilidade na linha 112, n\u00e3o sendo responsabilidade do instituto.<\/li>\n<li>Registaram-se constrangimentos nas comunica\u00e7\u00f5es m\u00f3veis; a passagem de dados para o CODU e a ativa\u00e7\u00e3o de meios de socorro passaram a depender da rede Siresp (Sistema de redes de emerg\u00eancia), que tamb\u00e9m apresentou falhas no dia.<\/li>\n<li>Em termos de autonomia energ\u00e9tica, os geradores arrancaram automaticamente; com as medidas adotadas, o INEM poderia ter entre tr\u00eas e quatro dias de autonomia com o combust\u00edvel dispon\u00edvel, tendo sido ativada uma rede de abastecimento de emerg\u00eancia para refor\u00e7o de combust\u00edvel.<\/li>\n<\/ul>\n","protected":false},"author":2,"featured_media":438234,"comment_status":"closed","ping_status":"closed","sticky":false,"template":"","format":"standard","meta":{"footnotes":""},"categories":[6745],"tags":[7775,7767,6774,320,172,271,2171],"class_list":["post-438228","post","type-post","status-publish","format-standard","has-post-thumbnail","hentry","category-saude","tag-_energia","tag-_meio-ambiente","tag-a-comunicacao-social","tag-protecao-civil","tag-saude","tag-saude-publica","tag-telecomunicacoes"],"yoast_head":"<!-- This site is optimized with the Yoast SEO plugin v27.2 - https:\/\/yoast.com\/product\/yoast-seo-wordpress\/ -->\n<title>Ex-presidente do INEM afirma que o apag\u00e3o revelou fragilidades nas comunica\u00e7\u00f5es - Portal Tela Portugal<\/title>\n<meta name=\"robots\" content=\"index, follow, max-snippet:-1, max-image-preview:large, max-video-preview:-1\" \/>\n<meta property=\"og:locale\" content=\"pt_PT\" \/>\n<meta property=\"og:type\" content=\"article\" \/>\n<meta property=\"og:title\" content=\"Ex-presidente do INEM afirma que o apag\u00e3o revelou fragilidades nas comunica\u00e7\u00f5es - Portal Tela Portugal\" \/>\n<meta property=\"og:description\" content=\"O ex-presidente do INEM, Instituto Nacional de Emerg\u00eancia M\u00e9dica, S\u00e9rgio Janeiro, afirmou que o apag\u00e3o de 28 de abril de 2025 evidenciou fragilidades estruturais nas comunica\u00e7\u00f5es, dependentes das redes comerciais, levando o instituto a adquirir tecnologia por sat\u00e9lite Starlink. Foram apresentadas propostas para refor\u00e7ar o sistema, incluindo uma estrutura de coordena\u00e7\u00e3o no setor da Sa\u00fade, maior redund\u00e2ncia das comunica\u00e7\u00f5es com solu\u00e7\u00f5es por sat\u00e9lite e redes dedicadas, e a cria\u00e7\u00e3o de um Centro de Orienta\u00e7\u00e3o de Doentes Urgentes (CODU) de backup junto da central 112. O INEM passou a usar Starlink para comunica\u00e7\u00e3o alternativa; no dia do apag\u00e3o, o sistema telef\u00f3nico e inform\u00e1tico n\u00e3o falhou, mas houve cerca de 20 minutos de indisponibilidade na linha 112, n\u00e3o sendo responsabilidade do instituto. Registaram-se constrangimentos nas comunica\u00e7\u00f5es m\u00f3veis; a passagem de dados para o CODU e a ativa\u00e7\u00e3o de meios de socorro passaram a depender da rede Siresp (Sistema de redes de emerg\u00eancia), que tamb\u00e9m apresentou falhas no dia. Em termos de autonomia energ\u00e9tica, os geradores arrancaram automaticamente; com as medidas adotadas, o INEM poderia ter entre tr\u00eas e quatro dias de autonomia com o combust\u00edvel dispon\u00edvel, tendo sido ativada uma rede de abastecimento de emerg\u00eancia para refor\u00e7o de combust\u00edvel.\" \/>\n<meta property=\"og:url\" content=\"https:\/\/portaltela.pt\/noticias\/2026\/04\/09\/ex-presidente-do-inem-afirma-que-o-apagao-revelou-fragilidades-nas-comunicacoes\/\" \/>\n<meta property=\"og:site_name\" content=\"Portal Tela Portugal\" \/>\n<meta property=\"article:published_time\" content=\"2026-04-09T15:47:20+00:00\" \/>\n<meta name=\"author\" content=\"Telinha\" \/>\n<meta name=\"twitter:card\" content=\"summary_large_image\" \/>\n<meta name=\"twitter:label1\" content=\"Escrito por\" \/>\n\t<meta name=\"twitter:data1\" content=\"Telinha\" \/>\n\t<meta name=\"twitter:label2\" content=\"Tempo estimado de leitura\" \/>\n\t<meta name=\"twitter:data2\" content=\"2 minutos\" \/>\n<script type=\"application\/ld+json\" class=\"yoast-schema-graph\">{\"@context\":\"https:\/\/schema.org\",\"@graph\":[{\"@type\":\"Article\",\"@id\":\"https:\/\/portaltela.pt\/noticias\/2026\/04\/09\/ex-presidente-do-inem-afirma-que-o-apagao-revelou-fragilidades-nas-comunicacoes\/#article\",\"isPartOf\":{\"@id\":\"https:\/\/portaltela.pt\/noticias\/2026\/04\/09\/ex-presidente-do-inem-afirma-que-o-apagao-revelou-fragilidades-nas-comunicacoes\/\"},\"author\":{\"name\":\"Telinha\",\"@id\":\"https:\/\/portaltela.pt\/#\/schema\/person\/c4278d4a6028830caff9ee44b42d32ed\"},\"headline\":\"Ex-presidente do INEM afirma que o apag\u00e3o revelou fragilidades nas comunica\u00e7\u00f5es\",\"datePublished\":\"2026-04-09T15:47:20+00:00\",\"mainEntityOfPage\":{\"@id\":\"https:\/\/portaltela.pt\/noticias\/2026\/04\/09\/ex-presidente-do-inem-afirma-que-o-apagao-revelou-fragilidades-nas-comunicacoes\/\"},\"wordCount\":406,\"image\":{\"@id\":\"https:\/\/portaltela.pt\/noticias\/2026\/04\/09\/ex-presidente-do-inem-afirma-que-o-apagao-revelou-fragilidades-nas-comunicacoes\/#primaryimage\"},\"thumbnailUrl\":\"https:\/\/portaltela.pt\/s.01k8rhncp4jt1\/2026\/04\/img_1280x721uu2025-10-24-09-20-20-2243491.jpg\",\"keywords\":[\"_energia\",\"_meio-ambiente\",\"a comunica\u00e7\u00e3o social\",\"prote\u00e7\u00e3o civil\",\"sa\u00fade\",\"sa\u00fade p\u00fablica\",\"telecomunica\u00e7\u00f5es\"],\"articleSection\":[\"Sa\u00fade\"],\"inLanguage\":\"pt-PT\"},{\"@type\":\"WebPage\",\"@id\":\"https:\/\/portaltela.pt\/noticias\/2026\/04\/09\/ex-presidente-do-inem-afirma-que-o-apagao-revelou-fragilidades-nas-comunicacoes\/\",\"url\":\"https:\/\/portaltela.pt\/noticias\/2026\/04\/09\/ex-presidente-do-inem-afirma-que-o-apagao-revelou-fragilidades-nas-comunicacoes\/\",\"name\":\"Ex-presidente do INEM afirma que o apag\u00e3o revelou fragilidades nas comunica\u00e7\u00f5es - Portal Tela Portugal\",\"isPartOf\":{\"@id\":\"https:\/\/portaltela.pt\/#website\"},\"primaryImageOfPage\":{\"@id\":\"https:\/\/portaltela.pt\/noticias\/2026\/04\/09\/ex-presidente-do-inem-afirma-que-o-apagao-revelou-fragilidades-nas-comunicacoes\/#primaryimage\"},\"image\":{\"@id\":\"https:\/\/portaltela.pt\/noticias\/2026\/04\/09\/ex-presidente-do-inem-afirma-que-o-apagao-revelou-fragilidades-nas-comunicacoes\/#primaryimage\"},\"thumbnailUrl\":\"https:\/\/portaltela.pt\/s.01k8rhncp4jt1\/2026\/04\/img_1280x721uu2025-10-24-09-20-20-2243491.jpg\",\"datePublished\":\"2026-04-09T15:47:20+00:00\",\"author\":{\"@id\":\"https:\/\/portaltela.pt\/#\/schema\/person\/c4278d4a6028830caff9ee44b42d32ed\"},\"breadcrumb\":{\"@id\":\"https:\/\/portaltela.pt\/noticias\/2026\/04\/09\/ex-presidente-do-inem-afirma-que-o-apagao-revelou-fragilidades-nas-comunicacoes\/#breadcrumb\"},\"inLanguage\":\"pt-PT\",\"potentialAction\":[{\"@type\":\"ReadAction\",\"target\":[\"https:\/\/portaltela.pt\/noticias\/2026\/04\/09\/ex-presidente-do-inem-afirma-que-o-apagao-revelou-fragilidades-nas-comunicacoes\/\"]}]},{\"@type\":\"ImageObject\",\"inLanguage\":\"pt-PT\",\"@id\":\"https:\/\/portaltela.pt\/noticias\/2026\/04\/09\/ex-presidente-do-inem-afirma-que-o-apagao-revelou-fragilidades-nas-comunicacoes\/#primaryimage\",\"url\":\"https:\/\/portaltela.pt\/s.01k8rhncp4jt1\/2026\/04\/img_1280x721uu2025-10-24-09-20-20-2243491.jpg\",\"contentUrl\":\"https:\/\/portaltela.pt\/s.01k8rhncp4jt1\/2026\/04\/img_1280x721uu2025-10-24-09-20-20-2243491.jpg\",\"width\":796,\"height\":448,\"caption\":\"S\u00e9rgio Janeiro\"},{\"@type\":\"BreadcrumbList\",\"@id\":\"https:\/\/portaltela.pt\/noticias\/2026\/04\/09\/ex-presidente-do-inem-afirma-que-o-apagao-revelou-fragilidades-nas-comunicacoes\/#breadcrumb\",\"itemListElement\":[{\"@type\":\"ListItem\",\"position\":1,\"name\":\"In\u00edcio\",\"item\":\"https:\/\/portaltela.pt\/\"},{\"@type\":\"ListItem\",\"position\":2,\"name\":\"Ex-presidente do INEM afirma que o apag\u00e3o revelou fragilidades nas comunica\u00e7\u00f5es\"}]},{\"@type\":\"WebSite\",\"@id\":\"https:\/\/portaltela.pt\/#website\",\"url\":\"https:\/\/portaltela.pt\/\",\"name\":\"Portal Tela Portugal\",\"description\":\"\",\"potentialAction\":[{\"@type\":\"SearchAction\",\"target\":{\"@type\":\"EntryPoint\",\"urlTemplate\":\"https:\/\/portaltela.pt\/?s={search_term_string}\"},\"query-input\":{\"@type\":\"PropertyValueSpecification\",\"valueRequired\":true,\"valueName\":\"search_term_string\"}}],\"inLanguage\":\"pt-PT\"},{\"@type\":\"Person\",\"@id\":\"https:\/\/portaltela.pt\/#\/schema\/person\/c4278d4a6028830caff9ee44b42d32ed\",\"name\":\"Telinha\",\"image\":{\"@type\":\"ImageObject\",\"inLanguage\":\"pt-PT\",\"@id\":\"https:\/\/portaltela.pt\/s.01k8rhncp4jt1\/2025\/11\/talking-bot-125x125.png\",\"url\":\"https:\/\/portaltela.pt\/s.01k8rhncp4jt1\/2025\/11\/talking-bot-125x125.png\",\"contentUrl\":\"https:\/\/portaltela.pt\/s.01k8rhncp4jt1\/2025\/11\/talking-bot-125x125.png\",\"caption\":\"Telinha\"},\"sameAs\":[\"https:\/\/portaltela.pt\/\"],\"url\":\"https:\/\/portaltela.pt\/por\/367410592786\/\"}]}<\/script>\n<!-- \/ Yoast SEO plugin. -->","yoast_head_json":{"title":"Ex-presidente do INEM afirma que o apag\u00e3o revelou fragilidades nas comunica\u00e7\u00f5es - Portal Tela Portugal","robots":{"index":"index","follow":"follow","max-snippet":"max-snippet:-1","max-image-preview":"max-image-preview:large","max-video-preview":"max-video-preview:-1"},"og_locale":"pt_PT","og_type":"article","og_title":"Ex-presidente do INEM afirma que o apag\u00e3o revelou fragilidades nas comunica\u00e7\u00f5es - Portal Tela Portugal","og_description":"O ex-presidente do INEM, Instituto Nacional de Emerg\u00eancia M\u00e9dica, S\u00e9rgio Janeiro, afirmou que o apag\u00e3o de 28 de abril de 2025 evidenciou fragilidades estruturais nas comunica\u00e7\u00f5es, dependentes das redes comerciais, levando o instituto a adquirir tecnologia por sat\u00e9lite Starlink. Foram apresentadas propostas para refor\u00e7ar o sistema, incluindo uma estrutura de coordena\u00e7\u00e3o no setor da Sa\u00fade, maior redund\u00e2ncia das comunica\u00e7\u00f5es com solu\u00e7\u00f5es por sat\u00e9lite e redes dedicadas, e a cria\u00e7\u00e3o de um Centro de Orienta\u00e7\u00e3o de Doentes Urgentes (CODU) de backup junto da central 112. O INEM passou a usar Starlink para comunica\u00e7\u00e3o alternativa; no dia do apag\u00e3o, o sistema telef\u00f3nico e inform\u00e1tico n\u00e3o falhou, mas houve cerca de 20 minutos de indisponibilidade na linha 112, n\u00e3o sendo responsabilidade do instituto. Registaram-se constrangimentos nas comunica\u00e7\u00f5es m\u00f3veis; a passagem de dados para o CODU e a ativa\u00e7\u00e3o de meios de socorro passaram a depender da rede Siresp (Sistema de redes de emerg\u00eancia), que tamb\u00e9m apresentou falhas no dia. Em termos de autonomia energ\u00e9tica, os geradores arrancaram automaticamente; com as medidas adotadas, o INEM poderia ter entre tr\u00eas e quatro dias de autonomia com o combust\u00edvel dispon\u00edvel, tendo sido ativada uma rede de abastecimento de emerg\u00eancia para refor\u00e7o de combust\u00edvel.","og_url":"https:\/\/portaltela.pt\/noticias\/2026\/04\/09\/ex-presidente-do-inem-afirma-que-o-apagao-revelou-fragilidades-nas-comunicacoes\/","og_site_name":"Portal Tela Portugal","article_published_time":"2026-04-09T15:47:20+00:00","author":"Telinha","twitter_card":"summary_large_image","twitter_misc":{"Escrito por":"Telinha","Tempo estimado de leitura":"2 minutos"},"schema":{"@context":"https:\/\/schema.org","@graph":[{"@type":"Article","@id":"https:\/\/portaltela.pt\/noticias\/2026\/04\/09\/ex-presidente-do-inem-afirma-que-o-apagao-revelou-fragilidades-nas-comunicacoes\/#article","isPartOf":{"@id":"https:\/\/portaltela.pt\/noticias\/2026\/04\/09\/ex-presidente-do-inem-afirma-que-o-apagao-revelou-fragilidades-nas-comunicacoes\/"},"author":{"name":"Telinha","@id":"https:\/\/portaltela.pt\/#\/schema\/person\/c4278d4a6028830caff9ee44b42d32ed"},"headline":"Ex-presidente do INEM afirma que o apag\u00e3o revelou fragilidades nas comunica\u00e7\u00f5es","datePublished":"2026-04-09T15:47:20+00:00","mainEntityOfPage":{"@id":"https:\/\/portaltela.pt\/noticias\/2026\/04\/09\/ex-presidente-do-inem-afirma-que-o-apagao-revelou-fragilidades-nas-comunicacoes\/"},"wordCount":406,"image":{"@id":"https:\/\/portaltela.pt\/noticias\/2026\/04\/09\/ex-presidente-do-inem-afirma-que-o-apagao-revelou-fragilidades-nas-comunicacoes\/#primaryimage"},"thumbnailUrl":"https:\/\/portaltela.pt\/s.01k8rhncp4jt1\/2026\/04\/img_1280x721uu2025-10-24-09-20-20-2243491.jpg","keywords":["_energia","_meio-ambiente","a comunica\u00e7\u00e3o social","prote\u00e7\u00e3o civil","sa\u00fade","sa\u00fade p\u00fablica","telecomunica\u00e7\u00f5es"],"articleSection":["Sa\u00fade"],"inLanguage":"pt-PT"},{"@type":"WebPage","@id":"https:\/\/portaltela.pt\/noticias\/2026\/04\/09\/ex-presidente-do-inem-afirma-que-o-apagao-revelou-fragilidades-nas-comunicacoes\/","url":"https:\/\/portaltela.pt\/noticias\/2026\/04\/09\/ex-presidente-do-inem-afirma-que-o-apagao-revelou-fragilidades-nas-comunicacoes\/","name":"Ex-presidente do INEM afirma que o apag\u00e3o revelou fragilidades nas comunica\u00e7\u00f5es - Portal Tela Portugal","isPartOf":{"@id":"https:\/\/portaltela.pt\/#website"},"primaryImageOfPage":{"@id":"https:\/\/portaltela.pt\/noticias\/2026\/04\/09\/ex-presidente-do-inem-afirma-que-o-apagao-revelou-fragilidades-nas-comunicacoes\/#primaryimage"},"image":{"@id":"https:\/\/portaltela.pt\/noticias\/2026\/04\/09\/ex-presidente-do-inem-afirma-que-o-apagao-revelou-fragilidades-nas-comunicacoes\/#primaryimage"},"thumbnailUrl":"https:\/\/portaltela.pt\/s.01k8rhncp4jt1\/2026\/04\/img_1280x721uu2025-10-24-09-20-20-2243491.jpg","datePublished":"2026-04-09T15:47:20+00:00","author":{"@id":"https:\/\/portaltela.pt\/#\/schema\/person\/c4278d4a6028830caff9ee44b42d32ed"},"breadcrumb":{"@id":"https:\/\/portaltela.pt\/noticias\/2026\/04\/09\/ex-presidente-do-inem-afirma-que-o-apagao-revelou-fragilidades-nas-comunicacoes\/#breadcrumb"},"inLanguage":"pt-PT","potentialAction":[{"@type":"ReadAction","target":["https:\/\/portaltela.pt\/noticias\/2026\/04\/09\/ex-presidente-do-inem-afirma-que-o-apagao-revelou-fragilidades-nas-comunicacoes\/"]}]},{"@type":"ImageObject","inLanguage":"pt-PT","@id":"https:\/\/portaltela.pt\/noticias\/2026\/04\/09\/ex-presidente-do-inem-afirma-que-o-apagao-revelou-fragilidades-nas-comunicacoes\/#primaryimage","url":"https:\/\/portaltela.pt\/s.01k8rhncp4jt1\/2026\/04\/img_1280x721uu2025-10-24-09-20-20-2243491.jpg","contentUrl":"https:\/\/portaltela.pt\/s.01k8rhncp4jt1\/2026\/04\/img_1280x721uu2025-10-24-09-20-20-2243491.jpg","width":796,"height":448,"caption":"S\u00e9rgio Janeiro"},{"@type":"BreadcrumbList","@id":"https:\/\/portaltela.pt\/noticias\/2026\/04\/09\/ex-presidente-do-inem-afirma-que-o-apagao-revelou-fragilidades-nas-comunicacoes\/#breadcrumb","itemListElement":[{"@type":"ListItem","position":1,"name":"In\u00edcio","item":"https:\/\/portaltela.pt\/"},{"@type":"ListItem","position":2,"name":"Ex-presidente do INEM afirma que o apag\u00e3o revelou fragilidades nas comunica\u00e7\u00f5es"}]},{"@type":"WebSite","@id":"https:\/\/portaltela.pt\/#website","url":"https:\/\/portaltela.pt\/","name":"Portal Tela Portugal","description":"","potentialAction":[{"@type":"SearchAction","target":{"@type":"EntryPoint","urlTemplate":"https:\/\/portaltela.pt\/?s={search_term_string}"},"query-input":{"@type":"PropertyValueSpecification","valueRequired":true,"valueName":"search_term_string"}}],"inLanguage":"pt-PT"},{"@type":"Person","@id":"https:\/\/portaltela.pt\/#\/schema\/person\/c4278d4a6028830caff9ee44b42d32ed","name":"Telinha","image":{"@type":"ImageObject","inLanguage":"pt-PT","@id":"https:\/\/portaltela.pt\/s.01k8rhncp4jt1\/2025\/11\/talking-bot-125x125.png","url":"https:\/\/portaltela.pt\/s.01k8rhncp4jt1\/2025\/11\/talking-bot-125x125.png","contentUrl":"https:\/\/portaltela.pt\/s.01k8rhncp4jt1\/2025\/11\/talking-bot-125x125.png","caption":"Telinha"},"sameAs":["https:\/\/portaltela.pt\/"],"url":"https:\/\/portaltela.pt\/por\/367410592786\/"}]}},"_links":{"self":[{"href":"https:\/\/portaltela.pt\/api\/wp\/v2\/posts\/438228","targetHints":{"allow":["GET"]}}],"collection":[{"href":"https:\/\/portaltela.pt\/api\/wp\/v2\/posts"}],"about":[{"href":"https:\/\/portaltela.pt\/api\/wp\/v2\/types\/post"}],"author":[{"embeddable":true,"href":"https:\/\/portaltela.pt\/api\/wp\/v2\/users\/2"}],"replies":[{"embeddable":true,"href":"https:\/\/portaltela.pt\/api\/wp\/v2\/comments?post=438228"}],"version-history":[{"count":0,"href":"https:\/\/portaltela.pt\/api\/wp\/v2\/posts\/438228\/revisions"}],"wp:featuredmedia":[{"embeddable":true,"href":"https:\/\/portaltela.pt\/api\/wp\/v2\/media\/438234"}],"wp:attachment":[{"href":"https:\/\/portaltela.pt\/api\/wp\/v2\/media?parent=438228"}],"wp:term":[{"taxonomy":"category","embeddable":true,"href":"https:\/\/portaltela.pt\/api\/wp\/v2\/categories?post=438228"},{"taxonomy":"post_tag","embeddable":true,"href":"https:\/\/portaltela.pt\/api\/wp\/v2\/tags?post=438228"}],"curies":[{"name":"wp","href":"https:\/\/api.w.org\/{rel}","templated":true}]}}