{"id":438225,"date":"2026-04-09T12:47:16","date_gmt":"2026-04-09T15:47:16","guid":{"rendered":"https:\/\/portaltela.pt\/noticias\/2026\/04\/09\/viagem-a-malta-no-podcast-da-volta-ao-mundo\/"},"modified":"2026-04-09T12:47:16","modified_gmt":"2026-04-09T15:47:16","slug":"viagem-a-malta-no-podcast-da-volta-ao-mundo","status":"publish","type":"post","link":"https:\/\/portaltela.pt\/noticias\/internacional\/2026\/04\/09\/viagem-a-malta-no-podcast-da-volta-ao-mundo\/","title":{"rendered":"Viagem a Malta no podcast da Volta ao Mundo"},"content":{"rendered":"<p>A Ariana Veloso da Fonseca, representante do Turismo de Malta em Portugal, \u00e9 a convidada do podcast da Volta ao Mundo. O programa aborda, de forma pr\u00e1tica, o que Malta oferece aos visitantes.<\/p>\n<p>A Malta \u00e9 descrita como destino de f\u00e1cil acesso, com v\u00e1rias viagens combinadas num s\u00f3 registo, gra\u00e7as ao tamanho compacto do arquip\u00e9lago. A conversa parte da perspetiva de uma l\u00edder tur\u00edstica.<\/p>\n<p>O epis\u00f3dio ser\u00e1 transmitido na TSF na sexta-feira, \u00e0s 21h, com reposi\u00e7\u00e3o no s\u00e1bado, \u00e0s 16h. A conversa com Pedro Ivo Carvalho, diretor do Volta ao Mundo, segue o formato habitual do programa.<\/p>\n<h3>Disponibilidade e divulga\u00e7\u00e3o<\/h3>\n<p>O conte\u00fado ficar\u00e1 tamb\u00e9m dispon\u00edvel nas plataformas digitais da editora, permitindo acesso complementar para quem n\u00e3o puder ouvir na hora marcada. A entrevista explora aspetos tur\u00edsticos, culturais e log\u00edsticos de Malta.<\/p>\n","protected":false},"excerpt":{"rendered":"<ul>\n<li>Ariana Veloso da Fonseca, representante do Turismo de Malta em Portugal, \u00e9 a convidada do podcast Volta ao Mundo.<\/li>\n<li>O epis\u00f3dio explica, em grande medida, a atra\u00e7\u00e3o de muitos portugueses por Malta, destacando a proximidade a\u00e9rea e a diversidade de viagens que o destino oferece.<\/li>\n<li>Malta, com o tamanho da ilha do Pico, \u00e9 descrita como um arquip\u00e9lago moldado por v\u00e1rias civiliza\u00e7\u00f5es.<\/li>\n<li>O podcast vai para o ar na TSF na sexta-feira, \u00e0s 21h, com reposi\u00e7\u00e3o no s\u00e1bado, \u00e0s 16h.<\/li>\n<li>O programa tamb\u00e9m fica dispon\u00edvel nas plataformas digitais do Volta ao Mundo.<\/li>\n<\/ul>\n","protected":false},"author":2,"featured_media":438229,"comment_status":"closed","ping_status":"closed","sticky":false,"template":"","format":"standard","meta":{"footnotes":""},"categories":[4,1],"tags":[145,1014,169,4301,5621,71],"class_list":["post-438225","post","type-post","status-publish","format-standard","has-post-thumbnail","hentry","category-internacional","category-noticias","tag-cultura","tag-portugal","tag-turismo","tag-turismo-de-portugal","tag-turismo-internacional","tag-viagens"],"yoast_head":"<!-- This site is optimized with the Yoast SEO plugin v27.2 - https:\/\/yoast.com\/product\/yoast-seo-wordpress\/ -->\n<title>Viagem a Malta no podcast da Volta ao Mundo - Portal Tela Portugal<\/title>\n<meta name=\"robots\" content=\"index, follow, max-snippet:-1, max-image-preview:large, max-video-preview:-1\" \/>\n<meta property=\"og:locale\" content=\"pt_PT\" \/>\n<meta property=\"og:type\" content=\"article\" \/>\n<meta property=\"og:title\" content=\"Viagem a Malta no podcast da Volta ao Mundo - Portal Tela Portugal\" \/>\n<meta property=\"og:description\" content=\"Ariana Veloso da Fonseca, representante do Turismo de Malta em Portugal, \u00e9 a convidada do podcast Volta ao Mundo. O epis\u00f3dio explica, em grande medida, a atra\u00e7\u00e3o de muitos portugueses por Malta, destacando a proximidade a\u00e9rea e a diversidade de viagens que o destino oferece. Malta, com o tamanho da ilha do Pico, \u00e9 descrita como um arquip\u00e9lago moldado por v\u00e1rias civiliza\u00e7\u00f5es. O podcast vai para o ar na TSF na sexta-feira, \u00e0s 21h, com reposi\u00e7\u00e3o no s\u00e1bado, \u00e0s 16h. O programa tamb\u00e9m fica dispon\u00edvel nas plataformas digitais do Volta ao Mundo.\" \/>\n<meta property=\"og:url\" content=\"https:\/\/portaltela.pt\/noticias\/2026\/04\/09\/viagem-a-malta-no-podcast-da-volta-ao-mundo\/\" \/>\n<meta property=\"og:site_name\" content=\"Portal Tela Portugal\" \/>\n<meta property=\"article:published_time\" content=\"2026-04-09T15:47:16+00:00\" \/>\n<meta name=\"author\" content=\"Telinha\" \/>\n<meta name=\"twitter:card\" content=\"summary_large_image\" \/>\n<meta name=\"twitter:label1\" content=\"Escrito por\" \/>\n\t<meta name=\"twitter:data1\" content=\"Telinha\" \/>\n\t<meta name=\"twitter:label2\" content=\"Tempo estimado de leitura\" \/>\n\t<meta name=\"twitter:data2\" content=\"1 minuto\" \/>\n<script type=\"application\/ld+json\" class=\"yoast-schema-graph\">{\"@context\":\"https:\/\/schema.org\",\"@graph\":[{\"@type\":\"Article\",\"@id\":\"https:\/\/portaltela.pt\/noticias\/2026\/04\/09\/viagem-a-malta-no-podcast-da-volta-ao-mundo\/#article\",\"isPartOf\":{\"@id\":\"https:\/\/portaltela.pt\/noticias\/2026\/04\/09\/viagem-a-malta-no-podcast-da-volta-ao-mundo\/\"},\"author\":{\"name\":\"Telinha\",\"@id\":\"https:\/\/portaltela.pt\/#\/schema\/person\/c4278d4a6028830caff9ee44b42d32ed\"},\"headline\":\"Viagem a Malta no podcast da Volta ao Mundo\",\"datePublished\":\"2026-04-09T15:47:16+00:00\",\"mainEntityOfPage\":{\"@id\":\"https:\/\/portaltela.pt\/noticias\/2026\/04\/09\/viagem-a-malta-no-podcast-da-volta-ao-mundo\/\"},\"wordCount\":155,\"image\":{\"@id\":\"https:\/\/portaltela.pt\/noticias\/2026\/04\/09\/viagem-a-malta-no-podcast-da-volta-ao-mundo\/#primaryimage\"},\"thumbnailUrl\":\"https:\/\/portaltela.pt\/s.01k8rhncp4jt1\/2026\/04\/image-525.jpg\",\"keywords\":[\"cultura\",\"Portugal\",\"turismo\",\"Turismo de Portugal\",\"turismo internacional\",\"viagens\"],\"articleSection\":[\"Internacional\",\"Not\u00edcias\"],\"inLanguage\":\"pt-PT\"},{\"@type\":\"WebPage\",\"@id\":\"https:\/\/portaltela.pt\/noticias\/2026\/04\/09\/viagem-a-malta-no-podcast-da-volta-ao-mundo\/\",\"url\":\"https:\/\/portaltela.pt\/noticias\/2026\/04\/09\/viagem-a-malta-no-podcast-da-volta-ao-mundo\/\",\"name\":\"Viagem a Malta no podcast da Volta ao Mundo - Portal Tela Portugal\",\"isPartOf\":{\"@id\":\"https:\/\/portaltela.pt\/#website\"},\"primaryImageOfPage\":{\"@id\":\"https:\/\/portaltela.pt\/noticias\/2026\/04\/09\/viagem-a-malta-no-podcast-da-volta-ao-mundo\/#primaryimage\"},\"image\":{\"@id\":\"https:\/\/portaltela.pt\/noticias\/2026\/04\/09\/viagem-a-malta-no-podcast-da-volta-ao-mundo\/#primaryimage\"},\"thumbnailUrl\":\"https:\/\/portaltela.pt\/s.01k8rhncp4jt1\/2026\/04\/image-525.jpg\",\"datePublished\":\"2026-04-09T15:47:16+00:00\",\"author\":{\"@id\":\"https:\/\/portaltela.pt\/#\/schema\/person\/c4278d4a6028830caff9ee44b42d32ed\"},\"breadcrumb\":{\"@id\":\"https:\/\/portaltela.pt\/noticias\/2026\/04\/09\/viagem-a-malta-no-podcast-da-volta-ao-mundo\/#breadcrumb\"},\"inLanguage\":\"pt-PT\",\"potentialAction\":[{\"@type\":\"ReadAction\",\"target\":[\"https:\/\/portaltela.pt\/noticias\/2026\/04\/09\/viagem-a-malta-no-podcast-da-volta-ao-mundo\/\"]}]},{\"@type\":\"ImageObject\",\"inLanguage\":\"pt-PT\",\"@id\":\"https:\/\/portaltela.pt\/noticias\/2026\/04\/09\/viagem-a-malta-no-podcast-da-volta-ao-mundo\/#primaryimage\",\"url\":\"https:\/\/portaltela.pt\/s.01k8rhncp4jt1\/2026\/04\/image-525.jpg\",\"contentUrl\":\"https:\/\/portaltela.pt\/s.01k8rhncp4jt1\/2026\/04\/image-525.jpg\",\"width\":796,\"height\":448,\"caption\":\"Ariana Veloso da Fonseca, do Turismo de Malta\"},{\"@type\":\"BreadcrumbList\",\"@id\":\"https:\/\/portaltela.pt\/noticias\/2026\/04\/09\/viagem-a-malta-no-podcast-da-volta-ao-mundo\/#breadcrumb\",\"itemListElement\":[{\"@type\":\"ListItem\",\"position\":1,\"name\":\"In\u00edcio\",\"item\":\"https:\/\/portaltela.pt\/\"},{\"@type\":\"ListItem\",\"position\":2,\"name\":\"Viagem a Malta no podcast da Volta ao Mundo\"}]},{\"@type\":\"WebSite\",\"@id\":\"https:\/\/portaltela.pt\/#website\",\"url\":\"https:\/\/portaltela.pt\/\",\"name\":\"Portal Tela Portugal\",\"description\":\"\",\"potentialAction\":[{\"@type\":\"SearchAction\",\"target\":{\"@type\":\"EntryPoint\",\"urlTemplate\":\"https:\/\/portaltela.pt\/?s={search_term_string}\"},\"query-input\":{\"@type\":\"PropertyValueSpecification\",\"valueRequired\":true,\"valueName\":\"search_term_string\"}}],\"inLanguage\":\"pt-PT\"},{\"@type\":\"Person\",\"@id\":\"https:\/\/portaltela.pt\/#\/schema\/person\/c4278d4a6028830caff9ee44b42d32ed\",\"name\":\"Telinha\",\"image\":{\"@type\":\"ImageObject\",\"inLanguage\":\"pt-PT\",\"@id\":\"https:\/\/portaltela.pt\/s.01k8rhncp4jt1\/2025\/11\/talking-bot-125x125.png\",\"url\":\"https:\/\/portaltela.pt\/s.01k8rhncp4jt1\/2025\/11\/talking-bot-125x125.png\",\"contentUrl\":\"https:\/\/portaltela.pt\/s.01k8rhncp4jt1\/2025\/11\/talking-bot-125x125.png\",\"caption\":\"Telinha\"},\"sameAs\":[\"https:\/\/portaltela.pt\/\"],\"url\":\"https:\/\/portaltela.pt\/por\/367410592786\/\"}]}<\/script>\n<!-- \/ Yoast SEO plugin. -->","yoast_head_json":{"title":"Viagem a Malta no podcast da Volta ao Mundo - Portal Tela Portugal","robots":{"index":"index","follow":"follow","max-snippet":"max-snippet:-1","max-image-preview":"max-image-preview:large","max-video-preview":"max-video-preview:-1"},"og_locale":"pt_PT","og_type":"article","og_title":"Viagem a Malta no podcast da Volta ao Mundo - Portal Tela Portugal","og_description":"Ariana Veloso da Fonseca, representante do Turismo de Malta em Portugal, \u00e9 a convidada do podcast Volta ao Mundo. O epis\u00f3dio explica, em grande medida, a atra\u00e7\u00e3o de muitos portugueses por Malta, destacando a proximidade a\u00e9rea e a diversidade de viagens que o destino oferece. Malta, com o tamanho da ilha do Pico, \u00e9 descrita como um arquip\u00e9lago moldado por v\u00e1rias civiliza\u00e7\u00f5es. O podcast vai para o ar na TSF na sexta-feira, \u00e0s 21h, com reposi\u00e7\u00e3o no s\u00e1bado, \u00e0s 16h. O programa tamb\u00e9m fica dispon\u00edvel nas plataformas digitais do Volta ao Mundo.","og_url":"https:\/\/portaltela.pt\/noticias\/2026\/04\/09\/viagem-a-malta-no-podcast-da-volta-ao-mundo\/","og_site_name":"Portal Tela Portugal","article_published_time":"2026-04-09T15:47:16+00:00","author":"Telinha","twitter_card":"summary_large_image","twitter_misc":{"Escrito por":"Telinha","Tempo estimado de leitura":"1 minuto"},"schema":{"@context":"https:\/\/schema.org","@graph":[{"@type":"Article","@id":"https:\/\/portaltela.pt\/noticias\/2026\/04\/09\/viagem-a-malta-no-podcast-da-volta-ao-mundo\/#article","isPartOf":{"@id":"https:\/\/portaltela.pt\/noticias\/2026\/04\/09\/viagem-a-malta-no-podcast-da-volta-ao-mundo\/"},"author":{"name":"Telinha","@id":"https:\/\/portaltela.pt\/#\/schema\/person\/c4278d4a6028830caff9ee44b42d32ed"},"headline":"Viagem a Malta no podcast da Volta ao Mundo","datePublished":"2026-04-09T15:47:16+00:00","mainEntityOfPage":{"@id":"https:\/\/portaltela.pt\/noticias\/2026\/04\/09\/viagem-a-malta-no-podcast-da-volta-ao-mundo\/"},"wordCount":155,"image":{"@id":"https:\/\/portaltela.pt\/noticias\/2026\/04\/09\/viagem-a-malta-no-podcast-da-volta-ao-mundo\/#primaryimage"},"thumbnailUrl":"https:\/\/portaltela.pt\/s.01k8rhncp4jt1\/2026\/04\/image-525.jpg","keywords":["cultura","Portugal","turismo","Turismo de Portugal","turismo internacional","viagens"],"articleSection":["Internacional","Not\u00edcias"],"inLanguage":"pt-PT"},{"@type":"WebPage","@id":"https:\/\/portaltela.pt\/noticias\/2026\/04\/09\/viagem-a-malta-no-podcast-da-volta-ao-mundo\/","url":"https:\/\/portaltela.pt\/noticias\/2026\/04\/09\/viagem-a-malta-no-podcast-da-volta-ao-mundo\/","name":"Viagem a Malta no podcast da Volta ao Mundo - Portal Tela Portugal","isPartOf":{"@id":"https:\/\/portaltela.pt\/#website"},"primaryImageOfPage":{"@id":"https:\/\/portaltela.pt\/noticias\/2026\/04\/09\/viagem-a-malta-no-podcast-da-volta-ao-mundo\/#primaryimage"},"image":{"@id":"https:\/\/portaltela.pt\/noticias\/2026\/04\/09\/viagem-a-malta-no-podcast-da-volta-ao-mundo\/#primaryimage"},"thumbnailUrl":"https:\/\/portaltela.pt\/s.01k8rhncp4jt1\/2026\/04\/image-525.jpg","datePublished":"2026-04-09T15:47:16+00:00","author":{"@id":"https:\/\/portaltela.pt\/#\/schema\/person\/c4278d4a6028830caff9ee44b42d32ed"},"breadcrumb":{"@id":"https:\/\/portaltela.pt\/noticias\/2026\/04\/09\/viagem-a-malta-no-podcast-da-volta-ao-mundo\/#breadcrumb"},"inLanguage":"pt-PT","potentialAction":[{"@type":"ReadAction","target":["https:\/\/portaltela.pt\/noticias\/2026\/04\/09\/viagem-a-malta-no-podcast-da-volta-ao-mundo\/"]}]},{"@type":"ImageObject","inLanguage":"pt-PT","@id":"https:\/\/portaltela.pt\/noticias\/2026\/04\/09\/viagem-a-malta-no-podcast-da-volta-ao-mundo\/#primaryimage","url":"https:\/\/portaltela.pt\/s.01k8rhncp4jt1\/2026\/04\/image-525.jpg","contentUrl":"https:\/\/portaltela.pt\/s.01k8rhncp4jt1\/2026\/04\/image-525.jpg","width":796,"height":448,"caption":"Ariana Veloso da Fonseca, do Turismo de Malta"},{"@type":"BreadcrumbList","@id":"https:\/\/portaltela.pt\/noticias\/2026\/04\/09\/viagem-a-malta-no-podcast-da-volta-ao-mundo\/#breadcrumb","itemListElement":[{"@type":"ListItem","position":1,"name":"In\u00edcio","item":"https:\/\/portaltela.pt\/"},{"@type":"ListItem","position":2,"name":"Viagem a Malta no podcast da Volta ao Mundo"}]},{"@type":"WebSite","@id":"https:\/\/portaltela.pt\/#website","url":"https:\/\/portaltela.pt\/","name":"Portal Tela Portugal","description":"","potentialAction":[{"@type":"SearchAction","target":{"@type":"EntryPoint","urlTemplate":"https:\/\/portaltela.pt\/?s={search_term_string}"},"query-input":{"@type":"PropertyValueSpecification","valueRequired":true,"valueName":"search_term_string"}}],"inLanguage":"pt-PT"},{"@type":"Person","@id":"https:\/\/portaltela.pt\/#\/schema\/person\/c4278d4a6028830caff9ee44b42d32ed","name":"Telinha","image":{"@type":"ImageObject","inLanguage":"pt-PT","@id":"https:\/\/portaltela.pt\/s.01k8rhncp4jt1\/2025\/11\/talking-bot-125x125.png","url":"https:\/\/portaltela.pt\/s.01k8rhncp4jt1\/2025\/11\/talking-bot-125x125.png","contentUrl":"https:\/\/portaltela.pt\/s.01k8rhncp4jt1\/2025\/11\/talking-bot-125x125.png","caption":"Telinha"},"sameAs":["https:\/\/portaltela.pt\/"],"url":"https:\/\/portaltela.pt\/por\/367410592786\/"}]}},"_links":{"self":[{"href":"https:\/\/portaltela.pt\/api\/wp\/v2\/posts\/438225","targetHints":{"allow":["GET"]}}],"collection":[{"href":"https:\/\/portaltela.pt\/api\/wp\/v2\/posts"}],"about":[{"href":"https:\/\/portaltela.pt\/api\/wp\/v2\/types\/post"}],"author":[{"embeddable":true,"href":"https:\/\/portaltela.pt\/api\/wp\/v2\/users\/2"}],"replies":[{"embeddable":true,"href":"https:\/\/portaltela.pt\/api\/wp\/v2\/comments?post=438225"}],"version-history":[{"count":0,"href":"https:\/\/portaltela.pt\/api\/wp\/v2\/posts\/438225\/revisions"}],"wp:featuredmedia":[{"embeddable":true,"href":"https:\/\/portaltela.pt\/api\/wp\/v2\/media\/438229"}],"wp:attachment":[{"href":"https:\/\/portaltela.pt\/api\/wp\/v2\/media?parent=438225"}],"wp:term":[{"taxonomy":"category","embeddable":true,"href":"https:\/\/portaltela.pt\/api\/wp\/v2\/categories?post=438225"},{"taxonomy":"post_tag","embeddable":true,"href":"https:\/\/portaltela.pt\/api\/wp\/v2\/tags?post=438225"}],"curies":[{"name":"wp","href":"https:\/\/api.w.org\/{rel}","templated":true}]}}