{"id":438221,"date":"2026-04-09T12:47:10","date_gmt":"2026-04-09T15:47:10","guid":{"rendered":"https:\/\/portaltela.pt\/noticias\/2026\/04\/09\/macron-e-leao-xiv-reunem-se-no-vaticano-na-sexta-feira\/"},"modified":"2026-04-09T12:47:10","modified_gmt":"2026-04-09T15:47:10","slug":"macron-e-leao-xiv-reunem-se-no-vaticano-na-sexta-feira","status":"publish","type":"post","link":"https:\/\/portaltela.pt\/noticias\/2026\/04\/09\/macron-e-leao-xiv-reunem-se-no-vaticano-na-sexta-feira\/","title":{"rendered":"Macron e Le\u00e3o XIV re\u00fanem-se no Vaticano na sexta-feira"},"content":{"rendered":"<p>Emmanuel Macron chega a Roma na quinta-feira para uma visita de trabalho ao Vaticano, com encontro marcado na manh\u00e3 de sexta-feira com o Papa Le\u00e3o XIV. A audi\u00eancia ocorre num contexto de tens\u00e3o regional e sem agenda prevista com a Primeira-Ministra italiana Giorgia Meloni.<\/p>\n<p>O Pal\u00e1cio do Eliseu descreve a desloca\u00e7\u00e3o como uma visita republicana e laica. O objetivo passa pela defesa de uma solu\u00e7\u00e3o diplom\u00e1tica para o M\u00e9dio Oriente, numa altura em que o di\u00e1logo entre Fran\u00e7a e Vaticano \u00e9 visto como canal importante de media\u00e7\u00e3o.<\/p>\n<p>O Papa tem vindo a enfatizar a import\u00e2ncia de negocia\u00e7\u00f5es para p\u00f4r fim a conflitos, tendo apelado a uma tr\u00e9gua entre Estados Unidos e Ir\u00e3o como sinal de esperan\u00e7a. A audi\u00eancia papal \u00e9 prevista no Pal\u00e1cio Apost\u00f3lico, sem compromissos com temas internos italianos.<\/p>\n<p>Al\u00e9m das rela\u00e7\u00f5es internacionais, o encontro aborda ainda assuntos como fim de vida e ajuda \u00e0 morte, pol\u00e9micos em Fran\u00e7a. O Vaticano mant\u00e9m, de forma estreita, posi\u00e7\u00f5es contr\u00e1rias \u00e0 eutan\u00e1sia e ao suic\u00eddio assistido.<\/p>\n<p>Na v\u00e9spera do encontro, Macron dever\u00e1 reunir-se com Andrea Riccardi, fundador da comunidade cat\u00f3lica de Sant\u2019Egidio, um canal diplom\u00e1tico informal ativo em temas humanit\u00e1rios no M\u00e9dio Oriente. N\u00e3o est\u00e1 previsto encontro com Meloni durante a viagem.<\/p>\n<p>Este \u00e9 o quarto encontro de Macron com o Papa Francisco desde 2018, coincidindo com agendas que v\u00e3o desde o multilateralismo at\u00e9 \u00e0 regula\u00e7\u00e3o da intelig\u00eancia artificial. O tema climato e a coopera\u00e7\u00e3o humanit\u00e1ria tamb\u00e9m devem ficar na agenda.<\/p>\n<p>Historicamente, Macron e Le\u00e3o XIV j\u00e1 se encontraram quando o Papa visitou a Fran\u00e7a, mas este \u00e9 o primeiro encontro entre o atual Papa e o presidente franc\u00eas desde a elei\u00e7\u00e3o do pont\u00edfice. A rela\u00e7\u00e3o entre Fran\u00e7a e Vaticano mant\u00e9m-se estreita a n\u00edvel diplom\u00e1tico.<\/p>\n<p>Alguns relatos apontam que, pouco antes da viagem de Le\u00e3o XIV \u00e0 Arg\u00e9lia, Macron poder\u00e1 pedir a liberta\u00e7\u00e3o de Christophe Gleizes, jornalista franc\u00eas detido no pa\u00eds norte-africano desde junho de 2025. Gleizes foi condenado em recurso a sete anos de pris\u00e3o por alegada atividade extremista. O Eliseu n\u00e3o confirmou detalhes, referindo apenas a eventual comunica\u00e7\u00e3o entre as partes.<\/p>\n","protected":false},"excerpt":{"rendered":"<ul>\n<li>Emmanuel Macron chega a Roma na quinta-feira para iniciar a visita ao Vaticano, sendo recebido pelo Papa Le\u00e3o XIV na sexta-feira de manh\u00e3; n\u00e3o est\u00e3o previstas conversas com a primeira-ministra Giorgia Meloni.<\/li>\n<li>A visita \u00e9 descrita pelo Eliseu como republicana e laica, e ocorre em contexto de guerra no M\u00e9dio Oriente, com apoio a uma solu\u00e7\u00e3o diplom\u00e1tica.<\/li>\n<li>Entre os temas em agenda est\u00e3o o multilateralismo, a regulamenta\u00e7\u00e3o da intelig\u00eancia artificial, o clima e as quest\u00f5es humanit\u00e1rias, incluindo o debate em Fran\u00e7a sobre fim da vida e ajuda \u00e0 morte; o Vaticano rejeita a eutan\u00e1sia e o suic\u00eddio assistido.<\/li>\n<li>Macron vai manter encontro com Andrea Riccardi, fundador da comunidade Sant\u2019Egidio, antes de ser recebido pelo Papa no Pal\u00e1cio Apost\u00f3lico na sexta-feira.<\/li>\n<li>H\u00e1 especula\u00e7\u00e3o de que o tema da liberta\u00e7\u00e3o do jornalista Christophe Gleizes, detido na Arg\u00e9lia, possa surgir durante a visita, com not\u00edcias n\u00e3o confirmadas sobre a\u00e7\u00f5es diplom\u00e1ticas associadas.<\/li>\n<\/ul>\n","protected":false},"author":2,"featured_media":438223,"comment_status":"closed","ping_status":"closed","sticky":false,"template":"","format":"standard","meta":{"footnotes":""},"categories":[6814,1],"tags":[5207,6703,1856,81,1879,7439],"class_list":["post-438221","post","type-post","status-publish","format-standard","has-post-thumbnail","hentry","category-geopolitica","category-noticias","tag-dialogo-internacional","tag-diplomacia-internacional","tag-franca","tag-internacionais","tag-mediacao-internacional","tag-politica-externa"],"yoast_head":"<!-- This site is optimized with the Yoast SEO plugin v27.2 - https:\/\/yoast.com\/product\/yoast-seo-wordpress\/ -->\n<title>Macron e Le\u00e3o XIV re\u00fanem-se no Vaticano na sexta-feira - Portal Tela Portugal<\/title>\n<meta name=\"robots\" content=\"index, follow, max-snippet:-1, max-image-preview:large, max-video-preview:-1\" \/>\n<meta property=\"og:locale\" content=\"pt_PT\" \/>\n<meta property=\"og:type\" content=\"article\" \/>\n<meta property=\"og:title\" content=\"Macron e Le\u00e3o XIV re\u00fanem-se no Vaticano na sexta-feira - Portal Tela Portugal\" \/>\n<meta property=\"og:description\" content=\"Emmanuel Macron chega a Roma na quinta-feira para iniciar a visita ao Vaticano, sendo recebido pelo Papa Le\u00e3o XIV na sexta-feira de manh\u00e3; n\u00e3o est\u00e3o previstas conversas com a primeira-ministra Giorgia Meloni. A visita \u00e9 descrita pelo Eliseu como republicana e laica, e ocorre em contexto de guerra no M\u00e9dio Oriente, com apoio a uma solu\u00e7\u00e3o diplom\u00e1tica. Entre os temas em agenda est\u00e3o o multilateralismo, a regulamenta\u00e7\u00e3o da intelig\u00eancia artificial, o clima e as quest\u00f5es humanit\u00e1rias, incluindo o debate em Fran\u00e7a sobre fim da vida e ajuda \u00e0 morte; o Vaticano rejeita a eutan\u00e1sia e o suic\u00eddio assistido. Macron vai manter encontro com Andrea Riccardi, fundador da comunidade Sant\u2019Egidio, antes de ser recebido pelo Papa no Pal\u00e1cio Apost\u00f3lico na sexta-feira. H\u00e1 especula\u00e7\u00e3o de que o tema da liberta\u00e7\u00e3o do jornalista Christophe Gleizes, detido na Arg\u00e9lia, possa surgir durante a visita, com not\u00edcias n\u00e3o confirmadas sobre a\u00e7\u00f5es diplom\u00e1ticas associadas.\" \/>\n<meta property=\"og:url\" content=\"https:\/\/portaltela.pt\/noticias\/2026\/04\/09\/macron-e-leao-xiv-reunem-se-no-vaticano-na-sexta-feira\/\" \/>\n<meta property=\"og:site_name\" content=\"Portal Tela Portugal\" \/>\n<meta property=\"article:published_time\" content=\"2026-04-09T15:47:10+00:00\" \/>\n<meta name=\"author\" content=\"Telinha\" \/>\n<meta name=\"twitter:card\" content=\"summary_large_image\" \/>\n<meta name=\"twitter:label1\" content=\"Escrito por\" \/>\n\t<meta name=\"twitter:data1\" content=\"Telinha\" \/>\n\t<meta name=\"twitter:label2\" content=\"Tempo estimado de leitura\" \/>\n\t<meta name=\"twitter:data2\" content=\"2 minutos\" \/>\n<script type=\"application\/ld+json\" class=\"yoast-schema-graph\">{\"@context\":\"https:\/\/schema.org\",\"@graph\":[{\"@type\":\"Article\",\"@id\":\"https:\/\/portaltela.pt\/noticias\/2026\/04\/09\/macron-e-leao-xiv-reunem-se-no-vaticano-na-sexta-feira\/#article\",\"isPartOf\":{\"@id\":\"https:\/\/portaltela.pt\/noticias\/2026\/04\/09\/macron-e-leao-xiv-reunem-se-no-vaticano-na-sexta-feira\/\"},\"author\":{\"name\":\"Telinha\",\"@id\":\"https:\/\/portaltela.pt\/#\/schema\/person\/c4278d4a6028830caff9ee44b42d32ed\"},\"headline\":\"Macron e Le\u00e3o XIV re\u00fanem-se no Vaticano na sexta-feira\",\"datePublished\":\"2026-04-09T15:47:10+00:00\",\"mainEntityOfPage\":{\"@id\":\"https:\/\/portaltela.pt\/noticias\/2026\/04\/09\/macron-e-leao-xiv-reunem-se-no-vaticano-na-sexta-feira\/\"},\"wordCount\":402,\"image\":{\"@id\":\"https:\/\/portaltela.pt\/noticias\/2026\/04\/09\/macron-e-leao-xiv-reunem-se-no-vaticano-na-sexta-feira\/#primaryimage\"},\"thumbnailUrl\":\"https:\/\/portaltela.pt\/s.01k8rhncp4jt1\/2026\/04\/1536x864_cmsv2_78de31df-9832-5e28-8fd8-61f864f58843-9715531.jpg\",\"keywords\":[\"Di\u00e1logo internacional\",\"diplomacia internacional\",\"Fran\u00e7a\",\"internacionais\",\"media\u00e7\u00e3o internacional\",\"pol\u00edtica externa\"],\"articleSection\":[\"Geopol\u00edtica\",\"Not\u00edcias\"],\"inLanguage\":\"pt-PT\"},{\"@type\":\"WebPage\",\"@id\":\"https:\/\/portaltela.pt\/noticias\/2026\/04\/09\/macron-e-leao-xiv-reunem-se-no-vaticano-na-sexta-feira\/\",\"url\":\"https:\/\/portaltela.pt\/noticias\/2026\/04\/09\/macron-e-leao-xiv-reunem-se-no-vaticano-na-sexta-feira\/\",\"name\":\"Macron e Le\u00e3o XIV re\u00fanem-se no Vaticano na sexta-feira - Portal Tela Portugal\",\"isPartOf\":{\"@id\":\"https:\/\/portaltela.pt\/#website\"},\"primaryImageOfPage\":{\"@id\":\"https:\/\/portaltela.pt\/noticias\/2026\/04\/09\/macron-e-leao-xiv-reunem-se-no-vaticano-na-sexta-feira\/#primaryimage\"},\"image\":{\"@id\":\"https:\/\/portaltela.pt\/noticias\/2026\/04\/09\/macron-e-leao-xiv-reunem-se-no-vaticano-na-sexta-feira\/#primaryimage\"},\"thumbnailUrl\":\"https:\/\/portaltela.pt\/s.01k8rhncp4jt1\/2026\/04\/1536x864_cmsv2_78de31df-9832-5e28-8fd8-61f864f58843-9715531.jpg\",\"datePublished\":\"2026-04-09T15:47:10+00:00\",\"author\":{\"@id\":\"https:\/\/portaltela.pt\/#\/schema\/person\/c4278d4a6028830caff9ee44b42d32ed\"},\"breadcrumb\":{\"@id\":\"https:\/\/portaltela.pt\/noticias\/2026\/04\/09\/macron-e-leao-xiv-reunem-se-no-vaticano-na-sexta-feira\/#breadcrumb\"},\"inLanguage\":\"pt-PT\",\"potentialAction\":[{\"@type\":\"ReadAction\",\"target\":[\"https:\/\/portaltela.pt\/noticias\/2026\/04\/09\/macron-e-leao-xiv-reunem-se-no-vaticano-na-sexta-feira\/\"]}]},{\"@type\":\"ImageObject\",\"inLanguage\":\"pt-PT\",\"@id\":\"https:\/\/portaltela.pt\/noticias\/2026\/04\/09\/macron-e-leao-xiv-reunem-se-no-vaticano-na-sexta-feira\/#primaryimage\",\"url\":\"https:\/\/portaltela.pt\/s.01k8rhncp4jt1\/2026\/04\/1536x864_cmsv2_78de31df-9832-5e28-8fd8-61f864f58843-9715531.jpg\",\"contentUrl\":\"https:\/\/portaltela.pt\/s.01k8rhncp4jt1\/2026\/04\/1536x864_cmsv2_78de31df-9832-5e28-8fd8-61f864f58843-9715531.jpg\",\"width\":796,\"height\":448,\"caption\":\"O Presidente franc\u00eas Emmanuel Macron no Pal\u00e1cio do Eliseu, em Paris, na quarta-feira, 8 de abril de 2026.\"},{\"@type\":\"BreadcrumbList\",\"@id\":\"https:\/\/portaltela.pt\/noticias\/2026\/04\/09\/macron-e-leao-xiv-reunem-se-no-vaticano-na-sexta-feira\/#breadcrumb\",\"itemListElement\":[{\"@type\":\"ListItem\",\"position\":1,\"name\":\"In\u00edcio\",\"item\":\"https:\/\/portaltela.pt\/\"},{\"@type\":\"ListItem\",\"position\":2,\"name\":\"Macron e Le\u00e3o XIV re\u00fanem-se no Vaticano na sexta-feira\"}]},{\"@type\":\"WebSite\",\"@id\":\"https:\/\/portaltela.pt\/#website\",\"url\":\"https:\/\/portaltela.pt\/\",\"name\":\"Portal Tela Portugal\",\"description\":\"\",\"potentialAction\":[{\"@type\":\"SearchAction\",\"target\":{\"@type\":\"EntryPoint\",\"urlTemplate\":\"https:\/\/portaltela.pt\/?s={search_term_string}\"},\"query-input\":{\"@type\":\"PropertyValueSpecification\",\"valueRequired\":true,\"valueName\":\"search_term_string\"}}],\"inLanguage\":\"pt-PT\"},{\"@type\":\"Person\",\"@id\":\"https:\/\/portaltela.pt\/#\/schema\/person\/c4278d4a6028830caff9ee44b42d32ed\",\"name\":\"Telinha\",\"image\":{\"@type\":\"ImageObject\",\"inLanguage\":\"pt-PT\",\"@id\":\"https:\/\/portaltela.pt\/s.01k8rhncp4jt1\/2025\/11\/talking-bot-125x125.png\",\"url\":\"https:\/\/portaltela.pt\/s.01k8rhncp4jt1\/2025\/11\/talking-bot-125x125.png\",\"contentUrl\":\"https:\/\/portaltela.pt\/s.01k8rhncp4jt1\/2025\/11\/talking-bot-125x125.png\",\"caption\":\"Telinha\"},\"sameAs\":[\"https:\/\/portaltela.pt\/\"],\"url\":\"https:\/\/portaltela.pt\/por\/367410592786\/\"}]}<\/script>\n<!-- \/ Yoast SEO plugin. -->","yoast_head_json":{"title":"Macron e Le\u00e3o XIV re\u00fanem-se no Vaticano na sexta-feira - Portal Tela Portugal","robots":{"index":"index","follow":"follow","max-snippet":"max-snippet:-1","max-image-preview":"max-image-preview:large","max-video-preview":"max-video-preview:-1"},"og_locale":"pt_PT","og_type":"article","og_title":"Macron e Le\u00e3o XIV re\u00fanem-se no Vaticano na sexta-feira - Portal Tela Portugal","og_description":"Emmanuel Macron chega a Roma na quinta-feira para iniciar a visita ao Vaticano, sendo recebido pelo Papa Le\u00e3o XIV na sexta-feira de manh\u00e3; n\u00e3o est\u00e3o previstas conversas com a primeira-ministra Giorgia Meloni. A visita \u00e9 descrita pelo Eliseu como republicana e laica, e ocorre em contexto de guerra no M\u00e9dio Oriente, com apoio a uma solu\u00e7\u00e3o diplom\u00e1tica. Entre os temas em agenda est\u00e3o o multilateralismo, a regulamenta\u00e7\u00e3o da intelig\u00eancia artificial, o clima e as quest\u00f5es humanit\u00e1rias, incluindo o debate em Fran\u00e7a sobre fim da vida e ajuda \u00e0 morte; o Vaticano rejeita a eutan\u00e1sia e o suic\u00eddio assistido. Macron vai manter encontro com Andrea Riccardi, fundador da comunidade Sant\u2019Egidio, antes de ser recebido pelo Papa no Pal\u00e1cio Apost\u00f3lico na sexta-feira. H\u00e1 especula\u00e7\u00e3o de que o tema da liberta\u00e7\u00e3o do jornalista Christophe Gleizes, detido na Arg\u00e9lia, possa surgir durante a visita, com not\u00edcias n\u00e3o confirmadas sobre a\u00e7\u00f5es diplom\u00e1ticas associadas.","og_url":"https:\/\/portaltela.pt\/noticias\/2026\/04\/09\/macron-e-leao-xiv-reunem-se-no-vaticano-na-sexta-feira\/","og_site_name":"Portal Tela Portugal","article_published_time":"2026-04-09T15:47:10+00:00","author":"Telinha","twitter_card":"summary_large_image","twitter_misc":{"Escrito por":"Telinha","Tempo estimado de leitura":"2 minutos"},"schema":{"@context":"https:\/\/schema.org","@graph":[{"@type":"Article","@id":"https:\/\/portaltela.pt\/noticias\/2026\/04\/09\/macron-e-leao-xiv-reunem-se-no-vaticano-na-sexta-feira\/#article","isPartOf":{"@id":"https:\/\/portaltela.pt\/noticias\/2026\/04\/09\/macron-e-leao-xiv-reunem-se-no-vaticano-na-sexta-feira\/"},"author":{"name":"Telinha","@id":"https:\/\/portaltela.pt\/#\/schema\/person\/c4278d4a6028830caff9ee44b42d32ed"},"headline":"Macron e Le\u00e3o XIV re\u00fanem-se no Vaticano na sexta-feira","datePublished":"2026-04-09T15:47:10+00:00","mainEntityOfPage":{"@id":"https:\/\/portaltela.pt\/noticias\/2026\/04\/09\/macron-e-leao-xiv-reunem-se-no-vaticano-na-sexta-feira\/"},"wordCount":402,"image":{"@id":"https:\/\/portaltela.pt\/noticias\/2026\/04\/09\/macron-e-leao-xiv-reunem-se-no-vaticano-na-sexta-feira\/#primaryimage"},"thumbnailUrl":"https:\/\/portaltela.pt\/s.01k8rhncp4jt1\/2026\/04\/1536x864_cmsv2_78de31df-9832-5e28-8fd8-61f864f58843-9715531.jpg","keywords":["Di\u00e1logo internacional","diplomacia internacional","Fran\u00e7a","internacionais","media\u00e7\u00e3o internacional","pol\u00edtica externa"],"articleSection":["Geopol\u00edtica","Not\u00edcias"],"inLanguage":"pt-PT"},{"@type":"WebPage","@id":"https:\/\/portaltela.pt\/noticias\/2026\/04\/09\/macron-e-leao-xiv-reunem-se-no-vaticano-na-sexta-feira\/","url":"https:\/\/portaltela.pt\/noticias\/2026\/04\/09\/macron-e-leao-xiv-reunem-se-no-vaticano-na-sexta-feira\/","name":"Macron e Le\u00e3o XIV re\u00fanem-se no Vaticano na sexta-feira - Portal Tela Portugal","isPartOf":{"@id":"https:\/\/portaltela.pt\/#website"},"primaryImageOfPage":{"@id":"https:\/\/portaltela.pt\/noticias\/2026\/04\/09\/macron-e-leao-xiv-reunem-se-no-vaticano-na-sexta-feira\/#primaryimage"},"image":{"@id":"https:\/\/portaltela.pt\/noticias\/2026\/04\/09\/macron-e-leao-xiv-reunem-se-no-vaticano-na-sexta-feira\/#primaryimage"},"thumbnailUrl":"https:\/\/portaltela.pt\/s.01k8rhncp4jt1\/2026\/04\/1536x864_cmsv2_78de31df-9832-5e28-8fd8-61f864f58843-9715531.jpg","datePublished":"2026-04-09T15:47:10+00:00","author":{"@id":"https:\/\/portaltela.pt\/#\/schema\/person\/c4278d4a6028830caff9ee44b42d32ed"},"breadcrumb":{"@id":"https:\/\/portaltela.pt\/noticias\/2026\/04\/09\/macron-e-leao-xiv-reunem-se-no-vaticano-na-sexta-feira\/#breadcrumb"},"inLanguage":"pt-PT","potentialAction":[{"@type":"ReadAction","target":["https:\/\/portaltela.pt\/noticias\/2026\/04\/09\/macron-e-leao-xiv-reunem-se-no-vaticano-na-sexta-feira\/"]}]},{"@type":"ImageObject","inLanguage":"pt-PT","@id":"https:\/\/portaltela.pt\/noticias\/2026\/04\/09\/macron-e-leao-xiv-reunem-se-no-vaticano-na-sexta-feira\/#primaryimage","url":"https:\/\/portaltela.pt\/s.01k8rhncp4jt1\/2026\/04\/1536x864_cmsv2_78de31df-9832-5e28-8fd8-61f864f58843-9715531.jpg","contentUrl":"https:\/\/portaltela.pt\/s.01k8rhncp4jt1\/2026\/04\/1536x864_cmsv2_78de31df-9832-5e28-8fd8-61f864f58843-9715531.jpg","width":796,"height":448,"caption":"O Presidente franc\u00eas Emmanuel Macron no Pal\u00e1cio do Eliseu, em Paris, na quarta-feira, 8 de abril de 2026."},{"@type":"BreadcrumbList","@id":"https:\/\/portaltela.pt\/noticias\/2026\/04\/09\/macron-e-leao-xiv-reunem-se-no-vaticano-na-sexta-feira\/#breadcrumb","itemListElement":[{"@type":"ListItem","position":1,"name":"In\u00edcio","item":"https:\/\/portaltela.pt\/"},{"@type":"ListItem","position":2,"name":"Macron e Le\u00e3o XIV re\u00fanem-se no Vaticano na sexta-feira"}]},{"@type":"WebSite","@id":"https:\/\/portaltela.pt\/#website","url":"https:\/\/portaltela.pt\/","name":"Portal Tela Portugal","description":"","potentialAction":[{"@type":"SearchAction","target":{"@type":"EntryPoint","urlTemplate":"https:\/\/portaltela.pt\/?s={search_term_string}"},"query-input":{"@type":"PropertyValueSpecification","valueRequired":true,"valueName":"search_term_string"}}],"inLanguage":"pt-PT"},{"@type":"Person","@id":"https:\/\/portaltela.pt\/#\/schema\/person\/c4278d4a6028830caff9ee44b42d32ed","name":"Telinha","image":{"@type":"ImageObject","inLanguage":"pt-PT","@id":"https:\/\/portaltela.pt\/s.01k8rhncp4jt1\/2025\/11\/talking-bot-125x125.png","url":"https:\/\/portaltela.pt\/s.01k8rhncp4jt1\/2025\/11\/talking-bot-125x125.png","contentUrl":"https:\/\/portaltela.pt\/s.01k8rhncp4jt1\/2025\/11\/talking-bot-125x125.png","caption":"Telinha"},"sameAs":["https:\/\/portaltela.pt\/"],"url":"https:\/\/portaltela.pt\/por\/367410592786\/"}]}},"_links":{"self":[{"href":"https:\/\/portaltela.pt\/api\/wp\/v2\/posts\/438221","targetHints":{"allow":["GET"]}}],"collection":[{"href":"https:\/\/portaltela.pt\/api\/wp\/v2\/posts"}],"about":[{"href":"https:\/\/portaltela.pt\/api\/wp\/v2\/types\/post"}],"author":[{"embeddable":true,"href":"https:\/\/portaltela.pt\/api\/wp\/v2\/users\/2"}],"replies":[{"embeddable":true,"href":"https:\/\/portaltela.pt\/api\/wp\/v2\/comments?post=438221"}],"version-history":[{"count":0,"href":"https:\/\/portaltela.pt\/api\/wp\/v2\/posts\/438221\/revisions"}],"wp:featuredmedia":[{"embeddable":true,"href":"https:\/\/portaltela.pt\/api\/wp\/v2\/media\/438223"}],"wp:attachment":[{"href":"https:\/\/portaltela.pt\/api\/wp\/v2\/media?parent=438221"}],"wp:term":[{"taxonomy":"category","embeddable":true,"href":"https:\/\/portaltela.pt\/api\/wp\/v2\/categories?post=438221"},{"taxonomy":"post_tag","embeddable":true,"href":"https:\/\/portaltela.pt\/api\/wp\/v2\/tags?post=438221"}],"curies":[{"name":"wp","href":"https:\/\/api.w.org\/{rel}","templated":true}]}}