{"id":438215,"date":"2026-04-09T12:32:26","date_gmt":"2026-04-09T15:32:26","guid":{"rendered":"https:\/\/portaltela.pt\/noticias\/2026\/04\/09\/bruno-benfica-seria-campeao-se-mourinho-tivesse-iniciado-a-epoca\/"},"modified":"2026-04-09T12:32:26","modified_gmt":"2026-04-09T15:32:26","slug":"bruno-benfica-seria-campeao-se-mourinho-tivesse-iniciado-a-epoca","status":"publish","type":"post","link":"https:\/\/portaltela.pt\/desporto\/futebol\/2026\/04\/09\/bruno-benfica-seria-campeao-se-mourinho-tivesse-iniciado-a-epoca\/","title":{"rendered":"Bruno: Benfica seria campe\u00e3o se Mourinho tivesse iniciado a \u00e9poca"},"content":{"rendered":"<p>Bruno Fernandes, antigo m\u00e9dio ofensivo que somou passagens por FC Porto, Moreirense, Mar\u00edtimo, Nacional e Uni\u00e3o da Madeira, encerrou a carreira na \u00e9poca 2016\/17 com o Bairro da Argentina. Hoje, aos 51 anos, abra\u00e7ou um projeto no estrangeiro, atuando como manager da academia do FC Gonio, na Ge\u00f3rgia.<\/p>\n<p>O ex-jogador trabalhou com Jos\u00e9 Mourinho no FC Porto e acompanha de perto a Liga portuguesa, emitindo vis\u00f5es sobre o desempenho das equipes. A experi\u00eancia no futebol georgiano surge como etapa da sua nova vida no futebol, longe dos relvados como atleta.<\/p>\n<p>Carreira atual<\/p>\n<p>Bruno Fernandes gerencia a academia do FC Gonio, clube que compete na 3.\u00aa Divis\u00e3o da Ge\u00f3rgia. Localizada junto ao Mar Negro, a institui\u00e7\u00e3o visa promover a evolu\u00e7\u00e3o t\u00e9cnica de jovens jogadores georgianos, com foco no desenvolvimento de talentos locais.<\/p>\n","protected":false},"excerpt":{"rendered":"<ul>\n<li>Bruno Fernandes, antigo m\u00e9dio-ofensivo madeirense, n\u00e3o joga desde 2016\/17, terminando a carreira no Bairro da Argentina.<\/li>\n<li>O jogador afirma que, se Mourinho tivesse iniciado a \u00e9poca, o Benfica seria campe\u00e3o.<\/li>\n<li>Fernandes trabalhou com Jos\u00e9 Mourinho no FC Porto ao longo da carreira, que passou por clubes como FC Porto, Moreirense, Mar\u00edtimo, Nacional e Uni\u00e3o da Madeira.<\/li>\n<li>Atualmente, com 51 anos, \u00e9 manager da academia do FC Gonio, clube da 3.\u00aa divis\u00e3o da Ge\u00f3rgia, na margem do Mar Negro.<\/li>\n<li>O objetivo do cargo \u00e9 ajudar na evolu\u00e7\u00e3o dos jogadores georgianos atrav\u00e9s do projeto da academia.<\/li>\n<\/ul>\n","protected":false},"author":2,"featured_media":438216,"comment_status":"closed","ping_status":"closed","sticky":false,"template":"","format":"standard","meta":{"footnotes":""},"categories":[21,24],"tags":[1946,2028,32,6593,2138,1014],"class_list":["post-438215","post","type-post","status-publish","format-standard","has-post-thumbnail","hentry","category-desporto","category-futebol","tag-benfica","tag-fc-porto","tag-futebol","tag-georgia","tag-jose-mourinho","tag-portugal"],"yoast_head":"<!-- This site is optimized with the Yoast SEO plugin v27.2 - https:\/\/yoast.com\/product\/yoast-seo-wordpress\/ -->\n<title>Bruno: Benfica seria campe\u00e3o se Mourinho tivesse iniciado a \u00e9poca - Portal Tela Portugal<\/title>\n<meta name=\"robots\" content=\"index, follow, max-snippet:-1, max-image-preview:large, max-video-preview:-1\" \/>\n<meta property=\"og:locale\" content=\"pt_PT\" \/>\n<meta property=\"og:type\" content=\"article\" \/>\n<meta property=\"og:title\" content=\"Bruno: Benfica seria campe\u00e3o se Mourinho tivesse iniciado a \u00e9poca - Portal Tela Portugal\" \/>\n<meta property=\"og:description\" content=\"Bruno Fernandes, antigo m\u00e9dio-ofensivo madeirense, n\u00e3o joga desde 2016\/17, terminando a carreira no Bairro da Argentina. O jogador afirma que, se Mourinho tivesse iniciado a \u00e9poca, o Benfica seria campe\u00e3o. Fernandes trabalhou com Jos\u00e9 Mourinho no FC Porto ao longo da carreira, que passou por clubes como FC Porto, Moreirense, Mar\u00edtimo, Nacional e Uni\u00e3o da Madeira. Atualmente, com 51 anos, \u00e9 manager da academia do FC Gonio, clube da 3.\u00aa divis\u00e3o da Ge\u00f3rgia, na margem do Mar Negro. O objetivo do cargo \u00e9 ajudar na evolu\u00e7\u00e3o dos jogadores georgianos atrav\u00e9s do projeto da academia.\" \/>\n<meta property=\"og:url\" content=\"https:\/\/portaltela.pt\/noticias\/2026\/04\/09\/bruno-benfica-seria-campeao-se-mourinho-tivesse-iniciado-a-epoca\/\" \/>\n<meta property=\"og:site_name\" content=\"Portal Tela Portugal\" \/>\n<meta property=\"article:published_time\" content=\"2026-04-09T15:32:26+00:00\" \/>\n<meta name=\"author\" content=\"Telinha\" \/>\n<meta name=\"twitter:card\" content=\"summary_large_image\" \/>\n<meta name=\"twitter:label1\" content=\"Escrito por\" \/>\n\t<meta name=\"twitter:data1\" content=\"Telinha\" \/>\n\t<meta name=\"twitter:label2\" content=\"Tempo estimado de leitura\" \/>\n\t<meta name=\"twitter:data2\" content=\"1 minuto\" \/>\n<script type=\"application\/ld+json\" class=\"yoast-schema-graph\">{\"@context\":\"https:\/\/schema.org\",\"@graph\":[{\"@type\":\"Article\",\"@id\":\"https:\/\/portaltela.pt\/noticias\/2026\/04\/09\/bruno-benfica-seria-campeao-se-mourinho-tivesse-iniciado-a-epoca\/#article\",\"isPartOf\":{\"@id\":\"https:\/\/portaltela.pt\/noticias\/2026\/04\/09\/bruno-benfica-seria-campeao-se-mourinho-tivesse-iniciado-a-epoca\/\"},\"author\":{\"name\":\"Telinha\",\"@id\":\"https:\/\/portaltela.pt\/#\/schema\/person\/c4278d4a6028830caff9ee44b42d32ed\"},\"headline\":\"Bruno: Benfica seria campe\u00e3o se Mourinho tivesse iniciado a \u00e9poca\",\"datePublished\":\"2026-04-09T15:32:26+00:00\",\"mainEntityOfPage\":{\"@id\":\"https:\/\/portaltela.pt\/noticias\/2026\/04\/09\/bruno-benfica-seria-campeao-se-mourinho-tivesse-iniciado-a-epoca\/\"},\"wordCount\":151,\"image\":{\"@id\":\"https:\/\/portaltela.pt\/noticias\/2026\/04\/09\/bruno-benfica-seria-campeao-se-mourinho-tivesse-iniciado-a-epoca\/#primaryimage\"},\"thumbnailUrl\":\"https:\/\/portaltela.pt\/s.01k8rhncp4jt1\/2026\/04\/img_920x518uu2026-01-07-23-13-44-2413450.jpg\",\"keywords\":[\"Benfica\",\"FC Porto\",\"futebol\",\"Ge\u00f3rgia\",\"Jos\u00e9 Mourinho\",\"Portugal\"],\"articleSection\":[\"Desporto\",\"Futebol\"],\"inLanguage\":\"pt-PT\"},{\"@type\":\"WebPage\",\"@id\":\"https:\/\/portaltela.pt\/noticias\/2026\/04\/09\/bruno-benfica-seria-campeao-se-mourinho-tivesse-iniciado-a-epoca\/\",\"url\":\"https:\/\/portaltela.pt\/noticias\/2026\/04\/09\/bruno-benfica-seria-campeao-se-mourinho-tivesse-iniciado-a-epoca\/\",\"name\":\"Bruno: Benfica seria campe\u00e3o se Mourinho tivesse iniciado a \u00e9poca - Portal Tela Portugal\",\"isPartOf\":{\"@id\":\"https:\/\/portaltela.pt\/#website\"},\"primaryImageOfPage\":{\"@id\":\"https:\/\/portaltela.pt\/noticias\/2026\/04\/09\/bruno-benfica-seria-campeao-se-mourinho-tivesse-iniciado-a-epoca\/#primaryimage\"},\"image\":{\"@id\":\"https:\/\/portaltela.pt\/noticias\/2026\/04\/09\/bruno-benfica-seria-campeao-se-mourinho-tivesse-iniciado-a-epoca\/#primaryimage\"},\"thumbnailUrl\":\"https:\/\/portaltela.pt\/s.01k8rhncp4jt1\/2026\/04\/img_920x518uu2026-01-07-23-13-44-2413450.jpg\",\"datePublished\":\"2026-04-09T15:32:26+00:00\",\"author\":{\"@id\":\"https:\/\/portaltela.pt\/#\/schema\/person\/c4278d4a6028830caff9ee44b42d32ed\"},\"breadcrumb\":{\"@id\":\"https:\/\/portaltela.pt\/noticias\/2026\/04\/09\/bruno-benfica-seria-campeao-se-mourinho-tivesse-iniciado-a-epoca\/#breadcrumb\"},\"inLanguage\":\"pt-PT\",\"potentialAction\":[{\"@type\":\"ReadAction\",\"target\":[\"https:\/\/portaltela.pt\/noticias\/2026\/04\/09\/bruno-benfica-seria-campeao-se-mourinho-tivesse-iniciado-a-epoca\/\"]}]},{\"@type\":\"ImageObject\",\"inLanguage\":\"pt-PT\",\"@id\":\"https:\/\/portaltela.pt\/noticias\/2026\/04\/09\/bruno-benfica-seria-campeao-se-mourinho-tivesse-iniciado-a-epoca\/#primaryimage\",\"url\":\"https:\/\/portaltela.pt\/s.01k8rhncp4jt1\/2026\/04\/img_920x518uu2026-01-07-23-13-44-2413450.jpg\",\"contentUrl\":\"https:\/\/portaltela.pt\/s.01k8rhncp4jt1\/2026\/04\/img_920x518uu2026-01-07-23-13-44-2413450.jpg\",\"width\":796,\"height\":448,\"caption\":\"Mourinho no banco no Benfica-Sp. Braga\"},{\"@type\":\"BreadcrumbList\",\"@id\":\"https:\/\/portaltela.pt\/noticias\/2026\/04\/09\/bruno-benfica-seria-campeao-se-mourinho-tivesse-iniciado-a-epoca\/#breadcrumb\",\"itemListElement\":[{\"@type\":\"ListItem\",\"position\":1,\"name\":\"In\u00edcio\",\"item\":\"https:\/\/portaltela.pt\/\"},{\"@type\":\"ListItem\",\"position\":2,\"name\":\"Bruno: Benfica seria campe\u00e3o se Mourinho tivesse iniciado a \u00e9poca\"}]},{\"@type\":\"WebSite\",\"@id\":\"https:\/\/portaltela.pt\/#website\",\"url\":\"https:\/\/portaltela.pt\/\",\"name\":\"Portal Tela Portugal\",\"description\":\"\",\"potentialAction\":[{\"@type\":\"SearchAction\",\"target\":{\"@type\":\"EntryPoint\",\"urlTemplate\":\"https:\/\/portaltela.pt\/?s={search_term_string}\"},\"query-input\":{\"@type\":\"PropertyValueSpecification\",\"valueRequired\":true,\"valueName\":\"search_term_string\"}}],\"inLanguage\":\"pt-PT\"},{\"@type\":\"Person\",\"@id\":\"https:\/\/portaltela.pt\/#\/schema\/person\/c4278d4a6028830caff9ee44b42d32ed\",\"name\":\"Telinha\",\"image\":{\"@type\":\"ImageObject\",\"inLanguage\":\"pt-PT\",\"@id\":\"https:\/\/portaltela.pt\/s.01k8rhncp4jt1\/2025\/11\/talking-bot-125x125.png\",\"url\":\"https:\/\/portaltela.pt\/s.01k8rhncp4jt1\/2025\/11\/talking-bot-125x125.png\",\"contentUrl\":\"https:\/\/portaltela.pt\/s.01k8rhncp4jt1\/2025\/11\/talking-bot-125x125.png\",\"caption\":\"Telinha\"},\"sameAs\":[\"https:\/\/portaltela.pt\/\"],\"url\":\"https:\/\/portaltela.pt\/por\/367410592786\/\"}]}<\/script>\n<!-- \/ Yoast SEO plugin. -->","yoast_head_json":{"title":"Bruno: Benfica seria campe\u00e3o se Mourinho tivesse iniciado a \u00e9poca - Portal Tela Portugal","robots":{"index":"index","follow":"follow","max-snippet":"max-snippet:-1","max-image-preview":"max-image-preview:large","max-video-preview":"max-video-preview:-1"},"og_locale":"pt_PT","og_type":"article","og_title":"Bruno: Benfica seria campe\u00e3o se Mourinho tivesse iniciado a \u00e9poca - Portal Tela Portugal","og_description":"Bruno Fernandes, antigo m\u00e9dio-ofensivo madeirense, n\u00e3o joga desde 2016\/17, terminando a carreira no Bairro da Argentina. O jogador afirma que, se Mourinho tivesse iniciado a \u00e9poca, o Benfica seria campe\u00e3o. Fernandes trabalhou com Jos\u00e9 Mourinho no FC Porto ao longo da carreira, que passou por clubes como FC Porto, Moreirense, Mar\u00edtimo, Nacional e Uni\u00e3o da Madeira. Atualmente, com 51 anos, \u00e9 manager da academia do FC Gonio, clube da 3.\u00aa divis\u00e3o da Ge\u00f3rgia, na margem do Mar Negro. O objetivo do cargo \u00e9 ajudar na evolu\u00e7\u00e3o dos jogadores georgianos atrav\u00e9s do projeto da academia.","og_url":"https:\/\/portaltela.pt\/noticias\/2026\/04\/09\/bruno-benfica-seria-campeao-se-mourinho-tivesse-iniciado-a-epoca\/","og_site_name":"Portal Tela Portugal","article_published_time":"2026-04-09T15:32:26+00:00","author":"Telinha","twitter_card":"summary_large_image","twitter_misc":{"Escrito por":"Telinha","Tempo estimado de leitura":"1 minuto"},"schema":{"@context":"https:\/\/schema.org","@graph":[{"@type":"Article","@id":"https:\/\/portaltela.pt\/noticias\/2026\/04\/09\/bruno-benfica-seria-campeao-se-mourinho-tivesse-iniciado-a-epoca\/#article","isPartOf":{"@id":"https:\/\/portaltela.pt\/noticias\/2026\/04\/09\/bruno-benfica-seria-campeao-se-mourinho-tivesse-iniciado-a-epoca\/"},"author":{"name":"Telinha","@id":"https:\/\/portaltela.pt\/#\/schema\/person\/c4278d4a6028830caff9ee44b42d32ed"},"headline":"Bruno: Benfica seria campe\u00e3o se Mourinho tivesse iniciado a \u00e9poca","datePublished":"2026-04-09T15:32:26+00:00","mainEntityOfPage":{"@id":"https:\/\/portaltela.pt\/noticias\/2026\/04\/09\/bruno-benfica-seria-campeao-se-mourinho-tivesse-iniciado-a-epoca\/"},"wordCount":151,"image":{"@id":"https:\/\/portaltela.pt\/noticias\/2026\/04\/09\/bruno-benfica-seria-campeao-se-mourinho-tivesse-iniciado-a-epoca\/#primaryimage"},"thumbnailUrl":"https:\/\/portaltela.pt\/s.01k8rhncp4jt1\/2026\/04\/img_920x518uu2026-01-07-23-13-44-2413450.jpg","keywords":["Benfica","FC Porto","futebol","Ge\u00f3rgia","Jos\u00e9 Mourinho","Portugal"],"articleSection":["Desporto","Futebol"],"inLanguage":"pt-PT"},{"@type":"WebPage","@id":"https:\/\/portaltela.pt\/noticias\/2026\/04\/09\/bruno-benfica-seria-campeao-se-mourinho-tivesse-iniciado-a-epoca\/","url":"https:\/\/portaltela.pt\/noticias\/2026\/04\/09\/bruno-benfica-seria-campeao-se-mourinho-tivesse-iniciado-a-epoca\/","name":"Bruno: Benfica seria campe\u00e3o se Mourinho tivesse iniciado a \u00e9poca - Portal Tela Portugal","isPartOf":{"@id":"https:\/\/portaltela.pt\/#website"},"primaryImageOfPage":{"@id":"https:\/\/portaltela.pt\/noticias\/2026\/04\/09\/bruno-benfica-seria-campeao-se-mourinho-tivesse-iniciado-a-epoca\/#primaryimage"},"image":{"@id":"https:\/\/portaltela.pt\/noticias\/2026\/04\/09\/bruno-benfica-seria-campeao-se-mourinho-tivesse-iniciado-a-epoca\/#primaryimage"},"thumbnailUrl":"https:\/\/portaltela.pt\/s.01k8rhncp4jt1\/2026\/04\/img_920x518uu2026-01-07-23-13-44-2413450.jpg","datePublished":"2026-04-09T15:32:26+00:00","author":{"@id":"https:\/\/portaltela.pt\/#\/schema\/person\/c4278d4a6028830caff9ee44b42d32ed"},"breadcrumb":{"@id":"https:\/\/portaltela.pt\/noticias\/2026\/04\/09\/bruno-benfica-seria-campeao-se-mourinho-tivesse-iniciado-a-epoca\/#breadcrumb"},"inLanguage":"pt-PT","potentialAction":[{"@type":"ReadAction","target":["https:\/\/portaltela.pt\/noticias\/2026\/04\/09\/bruno-benfica-seria-campeao-se-mourinho-tivesse-iniciado-a-epoca\/"]}]},{"@type":"ImageObject","inLanguage":"pt-PT","@id":"https:\/\/portaltela.pt\/noticias\/2026\/04\/09\/bruno-benfica-seria-campeao-se-mourinho-tivesse-iniciado-a-epoca\/#primaryimage","url":"https:\/\/portaltela.pt\/s.01k8rhncp4jt1\/2026\/04\/img_920x518uu2026-01-07-23-13-44-2413450.jpg","contentUrl":"https:\/\/portaltela.pt\/s.01k8rhncp4jt1\/2026\/04\/img_920x518uu2026-01-07-23-13-44-2413450.jpg","width":796,"height":448,"caption":"Mourinho no banco no Benfica-Sp. Braga"},{"@type":"BreadcrumbList","@id":"https:\/\/portaltela.pt\/noticias\/2026\/04\/09\/bruno-benfica-seria-campeao-se-mourinho-tivesse-iniciado-a-epoca\/#breadcrumb","itemListElement":[{"@type":"ListItem","position":1,"name":"In\u00edcio","item":"https:\/\/portaltela.pt\/"},{"@type":"ListItem","position":2,"name":"Bruno: Benfica seria campe\u00e3o se Mourinho tivesse iniciado a \u00e9poca"}]},{"@type":"WebSite","@id":"https:\/\/portaltela.pt\/#website","url":"https:\/\/portaltela.pt\/","name":"Portal Tela Portugal","description":"","potentialAction":[{"@type":"SearchAction","target":{"@type":"EntryPoint","urlTemplate":"https:\/\/portaltela.pt\/?s={search_term_string}"},"query-input":{"@type":"PropertyValueSpecification","valueRequired":true,"valueName":"search_term_string"}}],"inLanguage":"pt-PT"},{"@type":"Person","@id":"https:\/\/portaltela.pt\/#\/schema\/person\/c4278d4a6028830caff9ee44b42d32ed","name":"Telinha","image":{"@type":"ImageObject","inLanguage":"pt-PT","@id":"https:\/\/portaltela.pt\/s.01k8rhncp4jt1\/2025\/11\/talking-bot-125x125.png","url":"https:\/\/portaltela.pt\/s.01k8rhncp4jt1\/2025\/11\/talking-bot-125x125.png","contentUrl":"https:\/\/portaltela.pt\/s.01k8rhncp4jt1\/2025\/11\/talking-bot-125x125.png","caption":"Telinha"},"sameAs":["https:\/\/portaltela.pt\/"],"url":"https:\/\/portaltela.pt\/por\/367410592786\/"}]}},"_links":{"self":[{"href":"https:\/\/portaltela.pt\/api\/wp\/v2\/posts\/438215","targetHints":{"allow":["GET"]}}],"collection":[{"href":"https:\/\/portaltela.pt\/api\/wp\/v2\/posts"}],"about":[{"href":"https:\/\/portaltela.pt\/api\/wp\/v2\/types\/post"}],"author":[{"embeddable":true,"href":"https:\/\/portaltela.pt\/api\/wp\/v2\/users\/2"}],"replies":[{"embeddable":true,"href":"https:\/\/portaltela.pt\/api\/wp\/v2\/comments?post=438215"}],"version-history":[{"count":0,"href":"https:\/\/portaltela.pt\/api\/wp\/v2\/posts\/438215\/revisions"}],"wp:featuredmedia":[{"embeddable":true,"href":"https:\/\/portaltela.pt\/api\/wp\/v2\/media\/438216"}],"wp:attachment":[{"href":"https:\/\/portaltela.pt\/api\/wp\/v2\/media?parent=438215"}],"wp:term":[{"taxonomy":"category","embeddable":true,"href":"https:\/\/portaltela.pt\/api\/wp\/v2\/categories?post=438215"},{"taxonomy":"post_tag","embeddable":true,"href":"https:\/\/portaltela.pt\/api\/wp\/v2\/tags?post=438215"}],"curies":[{"name":"wp","href":"https:\/\/api.w.org\/{rel}","templated":true}]}}