{"id":438195,"date":"2026-04-09T12:17:34","date_gmt":"2026-04-09T15:17:34","guid":{"rendered":"https:\/\/portaltela.pt\/noticias\/2026\/04\/09\/engenheiro-de-verstappen-troca-red-bull-pela-mclaren-em-2028\/"},"modified":"2026-04-09T12:17:34","modified_gmt":"2026-04-09T15:17:34","slug":"engenheiro-de-verstappen-troca-red-bull-pela-mclaren-em-2028","status":"publish","type":"post","link":"https:\/\/portaltela.pt\/desporto\/futebol\/2026\/04\/09\/engenheiro-de-verstappen-troca-red-bull-pela-mclaren-em-2028\/","title":{"rendered":"Engenheiro de Verstappen troca Red Bull pela McLaren em 2028"},"content":{"rendered":"<p>A McLaren anunciou a chegada de Gianpiero Lambiase, engenheiro de Verstappen desde 2016, \u00e0 equipa a partir de 2028, ap\u00f3s a Red Bull confirmar a sa\u00edda dele no final do atual contrato. A mudan\u00e7a \u00e9 encarada como uma transfer\u00eancia relevante na F\u00f3rmula 1.<\/p>\n<p>Lambiase, de 45 anos, dever\u00e1 trabalhar diretamente com o director-desportivo Andrea Stella assim que ingressar na equipa. A McLaren aponta que o objetivo \u00e9 fortalecer o talento existente e consolidar a posi\u00e7\u00e3o da equipa como candidata a t\u00edtulos.<\/p>\n<p>A transfer\u00eancia entra em vigor na temporada de 2028, mantendo o foco da McLaren em um projeto de longo prazo, com investimento em engenharia e desempenho. A not\u00edcia surge ap\u00f3s a Red Bull informar a sa\u00edda do t\u00e9cnico ainda neste ano.<\/p>\n<h3>Detalhes da transfer\u00eancia<\/h3>\n<ul>\n<li>A entrada de Lambiase na McLaren \u00e9 apresentada como parte de um plano para refor\u00e7ar a organiza\u00e7\u00e3o t\u00e9cnica.<\/li>\n<li>O acordo \u00e9 visto como um movimento estrat\u00e9gico para a equipa, alinhado a metas de competitividade nos pr\u00f3ximos anos.<\/li>\n<\/ul>\n","protected":false},"excerpt":{"rendered":"<ul>\n<li>Gianpiero Lambiase, engenheiro de Verstappen desde 2016, vai mudar para a McLaren em 2028.<\/li>\n<li>A McLaren anunciou a contrata\u00e7\u00e3o minutos depois de a Red Bull ter confirmado a sa\u00edda do engenheiro no final do contrato.<\/li>\n<li>A entrada em vigor est\u00e1 marcada para a temporada de 2028.<\/li>\n<li>Lambiase vai trabalhar diretamente com Andrea Stella, o diretor-desportivo da McLaren.<\/li>\n<li>A McLaren afirma que a mudan\u00e7a visa fortalecer o talento existente e consolidar a posi\u00e7\u00e3o da equipa como campe\u00e3.<\/li>\n<\/ul>\n","protected":false},"author":2,"featured_media":438199,"comment_status":"closed","ping_status":"closed","sticky":false,"template":"","format":"standard","meta":{"footnotes":""},"categories":[21,24],"tags":[4787,152,3833,3189,81,2050],"class_list":["post-438195","post","type-post","status-publish","format-standard","has-post-thumbnail","hentry","category-desporto","category-futebol","tag-colaboracao-internacional","tag-desporto","tag-f1","tag-formula-1","tag-internacionais","tag-transferencias"],"yoast_head":"<!-- This site is optimized with the Yoast SEO plugin v27.2 - https:\/\/yoast.com\/product\/yoast-seo-wordpress\/ -->\n<title>Engenheiro de Verstappen troca Red Bull pela McLaren em 2028 - Portal Tela Portugal<\/title>\n<meta name=\"robots\" content=\"index, follow, max-snippet:-1, max-image-preview:large, max-video-preview:-1\" \/>\n<meta property=\"og:locale\" content=\"pt_PT\" \/>\n<meta property=\"og:type\" content=\"article\" \/>\n<meta property=\"og:title\" content=\"Engenheiro de Verstappen troca Red Bull pela McLaren em 2028 - Portal Tela Portugal\" \/>\n<meta property=\"og:description\" content=\"Gianpiero Lambiase, engenheiro de Verstappen desde 2016, vai mudar para a McLaren em 2028. A McLaren anunciou a contrata\u00e7\u00e3o minutos depois de a Red Bull ter confirmado a sa\u00edda do engenheiro no final do contrato. A entrada em vigor est\u00e1 marcada para a temporada de 2028. Lambiase vai trabalhar diretamente com Andrea Stella, o diretor-desportivo da McLaren. A McLaren afirma que a mudan\u00e7a visa fortalecer o talento existente e consolidar a posi\u00e7\u00e3o da equipa como campe\u00e3.\" \/>\n<meta property=\"og:url\" content=\"https:\/\/portaltela.pt\/noticias\/2026\/04\/09\/engenheiro-de-verstappen-troca-red-bull-pela-mclaren-em-2028\/\" \/>\n<meta property=\"og:site_name\" content=\"Portal Tela Portugal\" \/>\n<meta property=\"article:published_time\" content=\"2026-04-09T15:17:34+00:00\" \/>\n<meta name=\"author\" content=\"Telinha\" \/>\n<meta name=\"twitter:card\" content=\"summary_large_image\" \/>\n<meta name=\"twitter:label1\" content=\"Escrito por\" \/>\n\t<meta name=\"twitter:data1\" content=\"Telinha\" \/>\n\t<meta name=\"twitter:label2\" content=\"Tempo estimado de leitura\" \/>\n\t<meta name=\"twitter:data2\" content=\"1 minuto\" \/>\n<script type=\"application\/ld+json\" class=\"yoast-schema-graph\">{\"@context\":\"https:\/\/schema.org\",\"@graph\":[{\"@type\":\"Article\",\"@id\":\"https:\/\/portaltela.pt\/noticias\/2026\/04\/09\/engenheiro-de-verstappen-troca-red-bull-pela-mclaren-em-2028\/#article\",\"isPartOf\":{\"@id\":\"https:\/\/portaltela.pt\/noticias\/2026\/04\/09\/engenheiro-de-verstappen-troca-red-bull-pela-mclaren-em-2028\/\"},\"author\":{\"name\":\"Telinha\",\"@id\":\"https:\/\/portaltela.pt\/#\/schema\/person\/c4278d4a6028830caff9ee44b42d32ed\"},\"headline\":\"Engenheiro de Verstappen troca Red Bull pela McLaren em 2028\",\"datePublished\":\"2026-04-09T15:17:34+00:00\",\"mainEntityOfPage\":{\"@id\":\"https:\/\/portaltela.pt\/noticias\/2026\/04\/09\/engenheiro-de-verstappen-troca-red-bull-pela-mclaren-em-2028\/\"},\"wordCount\":179,\"image\":{\"@id\":\"https:\/\/portaltela.pt\/noticias\/2026\/04\/09\/engenheiro-de-verstappen-troca-red-bull-pela-mclaren-em-2028\/#primaryimage\"},\"thumbnailUrl\":\"https:\/\/portaltela.pt\/s.01k8rhncp4jt1\/2026\/04\/img_920x518uu2026-04-09-16-00-57-2431998.jpg\",\"keywords\":[\"colabora\u00e7\u00e3o internacional\",\"desporto\",\"F1\",\"F\u00f3rmula 1\",\"internacionais\",\"transfer\u00eancias\"],\"articleSection\":[\"Desporto\",\"Futebol\"],\"inLanguage\":\"pt-PT\"},{\"@type\":\"WebPage\",\"@id\":\"https:\/\/portaltela.pt\/noticias\/2026\/04\/09\/engenheiro-de-verstappen-troca-red-bull-pela-mclaren-em-2028\/\",\"url\":\"https:\/\/portaltela.pt\/noticias\/2026\/04\/09\/engenheiro-de-verstappen-troca-red-bull-pela-mclaren-em-2028\/\",\"name\":\"Engenheiro de Verstappen troca Red Bull pela McLaren em 2028 - Portal Tela Portugal\",\"isPartOf\":{\"@id\":\"https:\/\/portaltela.pt\/#website\"},\"primaryImageOfPage\":{\"@id\":\"https:\/\/portaltela.pt\/noticias\/2026\/04\/09\/engenheiro-de-verstappen-troca-red-bull-pela-mclaren-em-2028\/#primaryimage\"},\"image\":{\"@id\":\"https:\/\/portaltela.pt\/noticias\/2026\/04\/09\/engenheiro-de-verstappen-troca-red-bull-pela-mclaren-em-2028\/#primaryimage\"},\"thumbnailUrl\":\"https:\/\/portaltela.pt\/s.01k8rhncp4jt1\/2026\/04\/img_920x518uu2026-04-09-16-00-57-2431998.jpg\",\"datePublished\":\"2026-04-09T15:17:34+00:00\",\"author\":{\"@id\":\"https:\/\/portaltela.pt\/#\/schema\/person\/c4278d4a6028830caff9ee44b42d32ed\"},\"breadcrumb\":{\"@id\":\"https:\/\/portaltela.pt\/noticias\/2026\/04\/09\/engenheiro-de-verstappen-troca-red-bull-pela-mclaren-em-2028\/#breadcrumb\"},\"inLanguage\":\"pt-PT\",\"potentialAction\":[{\"@type\":\"ReadAction\",\"target\":[\"https:\/\/portaltela.pt\/noticias\/2026\/04\/09\/engenheiro-de-verstappen-troca-red-bull-pela-mclaren-em-2028\/\"]}]},{\"@type\":\"ImageObject\",\"inLanguage\":\"pt-PT\",\"@id\":\"https:\/\/portaltela.pt\/noticias\/2026\/04\/09\/engenheiro-de-verstappen-troca-red-bull-pela-mclaren-em-2028\/#primaryimage\",\"url\":\"https:\/\/portaltela.pt\/s.01k8rhncp4jt1\/2026\/04\/img_920x518uu2026-04-09-16-00-57-2431998.jpg\",\"contentUrl\":\"https:\/\/portaltela.pt\/s.01k8rhncp4jt1\/2026\/04\/img_920x518uu2026-04-09-16-00-57-2431998.jpg\",\"width\":796,\"height\":448,\"caption\":\"Engenheiro de Verstappen troca Red Bull pela McLaren em 2028\"},{\"@type\":\"BreadcrumbList\",\"@id\":\"https:\/\/portaltela.pt\/noticias\/2026\/04\/09\/engenheiro-de-verstappen-troca-red-bull-pela-mclaren-em-2028\/#breadcrumb\",\"itemListElement\":[{\"@type\":\"ListItem\",\"position\":1,\"name\":\"In\u00edcio\",\"item\":\"https:\/\/portaltela.pt\/\"},{\"@type\":\"ListItem\",\"position\":2,\"name\":\"Engenheiro de Verstappen troca Red Bull pela McLaren em 2028\"}]},{\"@type\":\"WebSite\",\"@id\":\"https:\/\/portaltela.pt\/#website\",\"url\":\"https:\/\/portaltela.pt\/\",\"name\":\"Portal Tela Portugal\",\"description\":\"\",\"potentialAction\":[{\"@type\":\"SearchAction\",\"target\":{\"@type\":\"EntryPoint\",\"urlTemplate\":\"https:\/\/portaltela.pt\/?s={search_term_string}\"},\"query-input\":{\"@type\":\"PropertyValueSpecification\",\"valueRequired\":true,\"valueName\":\"search_term_string\"}}],\"inLanguage\":\"pt-PT\"},{\"@type\":\"Person\",\"@id\":\"https:\/\/portaltela.pt\/#\/schema\/person\/c4278d4a6028830caff9ee44b42d32ed\",\"name\":\"Telinha\",\"image\":{\"@type\":\"ImageObject\",\"inLanguage\":\"pt-PT\",\"@id\":\"https:\/\/portaltela.pt\/s.01k8rhncp4jt1\/2025\/11\/talking-bot-125x125.png\",\"url\":\"https:\/\/portaltela.pt\/s.01k8rhncp4jt1\/2025\/11\/talking-bot-125x125.png\",\"contentUrl\":\"https:\/\/portaltela.pt\/s.01k8rhncp4jt1\/2025\/11\/talking-bot-125x125.png\",\"caption\":\"Telinha\"},\"sameAs\":[\"https:\/\/portaltela.pt\/\"],\"url\":\"https:\/\/portaltela.pt\/por\/367410592786\/\"}]}<\/script>\n<!-- \/ Yoast SEO plugin. -->","yoast_head_json":{"title":"Engenheiro de Verstappen troca Red Bull pela McLaren em 2028 - Portal Tela Portugal","robots":{"index":"index","follow":"follow","max-snippet":"max-snippet:-1","max-image-preview":"max-image-preview:large","max-video-preview":"max-video-preview:-1"},"og_locale":"pt_PT","og_type":"article","og_title":"Engenheiro de Verstappen troca Red Bull pela McLaren em 2028 - Portal Tela Portugal","og_description":"Gianpiero Lambiase, engenheiro de Verstappen desde 2016, vai mudar para a McLaren em 2028. A McLaren anunciou a contrata\u00e7\u00e3o minutos depois de a Red Bull ter confirmado a sa\u00edda do engenheiro no final do contrato. A entrada em vigor est\u00e1 marcada para a temporada de 2028. Lambiase vai trabalhar diretamente com Andrea Stella, o diretor-desportivo da McLaren. A McLaren afirma que a mudan\u00e7a visa fortalecer o talento existente e consolidar a posi\u00e7\u00e3o da equipa como campe\u00e3.","og_url":"https:\/\/portaltela.pt\/noticias\/2026\/04\/09\/engenheiro-de-verstappen-troca-red-bull-pela-mclaren-em-2028\/","og_site_name":"Portal Tela Portugal","article_published_time":"2026-04-09T15:17:34+00:00","author":"Telinha","twitter_card":"summary_large_image","twitter_misc":{"Escrito por":"Telinha","Tempo estimado de leitura":"1 minuto"},"schema":{"@context":"https:\/\/schema.org","@graph":[{"@type":"Article","@id":"https:\/\/portaltela.pt\/noticias\/2026\/04\/09\/engenheiro-de-verstappen-troca-red-bull-pela-mclaren-em-2028\/#article","isPartOf":{"@id":"https:\/\/portaltela.pt\/noticias\/2026\/04\/09\/engenheiro-de-verstappen-troca-red-bull-pela-mclaren-em-2028\/"},"author":{"name":"Telinha","@id":"https:\/\/portaltela.pt\/#\/schema\/person\/c4278d4a6028830caff9ee44b42d32ed"},"headline":"Engenheiro de Verstappen troca Red Bull pela McLaren em 2028","datePublished":"2026-04-09T15:17:34+00:00","mainEntityOfPage":{"@id":"https:\/\/portaltela.pt\/noticias\/2026\/04\/09\/engenheiro-de-verstappen-troca-red-bull-pela-mclaren-em-2028\/"},"wordCount":179,"image":{"@id":"https:\/\/portaltela.pt\/noticias\/2026\/04\/09\/engenheiro-de-verstappen-troca-red-bull-pela-mclaren-em-2028\/#primaryimage"},"thumbnailUrl":"https:\/\/portaltela.pt\/s.01k8rhncp4jt1\/2026\/04\/img_920x518uu2026-04-09-16-00-57-2431998.jpg","keywords":["colabora\u00e7\u00e3o internacional","desporto","F1","F\u00f3rmula 1","internacionais","transfer\u00eancias"],"articleSection":["Desporto","Futebol"],"inLanguage":"pt-PT"},{"@type":"WebPage","@id":"https:\/\/portaltela.pt\/noticias\/2026\/04\/09\/engenheiro-de-verstappen-troca-red-bull-pela-mclaren-em-2028\/","url":"https:\/\/portaltela.pt\/noticias\/2026\/04\/09\/engenheiro-de-verstappen-troca-red-bull-pela-mclaren-em-2028\/","name":"Engenheiro de Verstappen troca Red Bull pela McLaren em 2028 - Portal Tela Portugal","isPartOf":{"@id":"https:\/\/portaltela.pt\/#website"},"primaryImageOfPage":{"@id":"https:\/\/portaltela.pt\/noticias\/2026\/04\/09\/engenheiro-de-verstappen-troca-red-bull-pela-mclaren-em-2028\/#primaryimage"},"image":{"@id":"https:\/\/portaltela.pt\/noticias\/2026\/04\/09\/engenheiro-de-verstappen-troca-red-bull-pela-mclaren-em-2028\/#primaryimage"},"thumbnailUrl":"https:\/\/portaltela.pt\/s.01k8rhncp4jt1\/2026\/04\/img_920x518uu2026-04-09-16-00-57-2431998.jpg","datePublished":"2026-04-09T15:17:34+00:00","author":{"@id":"https:\/\/portaltela.pt\/#\/schema\/person\/c4278d4a6028830caff9ee44b42d32ed"},"breadcrumb":{"@id":"https:\/\/portaltela.pt\/noticias\/2026\/04\/09\/engenheiro-de-verstappen-troca-red-bull-pela-mclaren-em-2028\/#breadcrumb"},"inLanguage":"pt-PT","potentialAction":[{"@type":"ReadAction","target":["https:\/\/portaltela.pt\/noticias\/2026\/04\/09\/engenheiro-de-verstappen-troca-red-bull-pela-mclaren-em-2028\/"]}]},{"@type":"ImageObject","inLanguage":"pt-PT","@id":"https:\/\/portaltela.pt\/noticias\/2026\/04\/09\/engenheiro-de-verstappen-troca-red-bull-pela-mclaren-em-2028\/#primaryimage","url":"https:\/\/portaltela.pt\/s.01k8rhncp4jt1\/2026\/04\/img_920x518uu2026-04-09-16-00-57-2431998.jpg","contentUrl":"https:\/\/portaltela.pt\/s.01k8rhncp4jt1\/2026\/04\/img_920x518uu2026-04-09-16-00-57-2431998.jpg","width":796,"height":448,"caption":"Engenheiro de Verstappen troca Red Bull pela McLaren em 2028"},{"@type":"BreadcrumbList","@id":"https:\/\/portaltela.pt\/noticias\/2026\/04\/09\/engenheiro-de-verstappen-troca-red-bull-pela-mclaren-em-2028\/#breadcrumb","itemListElement":[{"@type":"ListItem","position":1,"name":"In\u00edcio","item":"https:\/\/portaltela.pt\/"},{"@type":"ListItem","position":2,"name":"Engenheiro de Verstappen troca Red Bull pela McLaren em 2028"}]},{"@type":"WebSite","@id":"https:\/\/portaltela.pt\/#website","url":"https:\/\/portaltela.pt\/","name":"Portal Tela Portugal","description":"","potentialAction":[{"@type":"SearchAction","target":{"@type":"EntryPoint","urlTemplate":"https:\/\/portaltela.pt\/?s={search_term_string}"},"query-input":{"@type":"PropertyValueSpecification","valueRequired":true,"valueName":"search_term_string"}}],"inLanguage":"pt-PT"},{"@type":"Person","@id":"https:\/\/portaltela.pt\/#\/schema\/person\/c4278d4a6028830caff9ee44b42d32ed","name":"Telinha","image":{"@type":"ImageObject","inLanguage":"pt-PT","@id":"https:\/\/portaltela.pt\/s.01k8rhncp4jt1\/2025\/11\/talking-bot-125x125.png","url":"https:\/\/portaltela.pt\/s.01k8rhncp4jt1\/2025\/11\/talking-bot-125x125.png","contentUrl":"https:\/\/portaltela.pt\/s.01k8rhncp4jt1\/2025\/11\/talking-bot-125x125.png","caption":"Telinha"},"sameAs":["https:\/\/portaltela.pt\/"],"url":"https:\/\/portaltela.pt\/por\/367410592786\/"}]}},"_links":{"self":[{"href":"https:\/\/portaltela.pt\/api\/wp\/v2\/posts\/438195","targetHints":{"allow":["GET"]}}],"collection":[{"href":"https:\/\/portaltela.pt\/api\/wp\/v2\/posts"}],"about":[{"href":"https:\/\/portaltela.pt\/api\/wp\/v2\/types\/post"}],"author":[{"embeddable":true,"href":"https:\/\/portaltela.pt\/api\/wp\/v2\/users\/2"}],"replies":[{"embeddable":true,"href":"https:\/\/portaltela.pt\/api\/wp\/v2\/comments?post=438195"}],"version-history":[{"count":0,"href":"https:\/\/portaltela.pt\/api\/wp\/v2\/posts\/438195\/revisions"}],"wp:featuredmedia":[{"embeddable":true,"href":"https:\/\/portaltela.pt\/api\/wp\/v2\/media\/438199"}],"wp:attachment":[{"href":"https:\/\/portaltela.pt\/api\/wp\/v2\/media?parent=438195"}],"wp:term":[{"taxonomy":"category","embeddable":true,"href":"https:\/\/portaltela.pt\/api\/wp\/v2\/categories?post=438195"},{"taxonomy":"post_tag","embeddable":true,"href":"https:\/\/portaltela.pt\/api\/wp\/v2\/tags?post=438195"}],"curies":[{"name":"wp","href":"https:\/\/api.w.org\/{rel}","templated":true}]}}