{"id":438191,"date":"2026-04-09T10:12:00","date_gmt":"2026-04-09T13:12:00","guid":{"rendered":"https:\/\/portaltela.pt\/noticias\/2026\/04\/09\/seguro-promete-atencao-aos-antigos-combatentes-e-exige-respostas-do-governo\/"},"modified":"2026-04-09T10:12:00","modified_gmt":"2026-04-09T13:12:00","slug":"seguro-promete-atencao-aos-antigos-combatentes-e-exige-respostas-do-governo","status":"publish","type":"post","link":"https:\/\/portaltela.pt\/noticias\/politica\/2026\/04\/09\/seguro-promete-atencao-aos-antigos-combatentes-e-exige-respostas-do-governo\/","title":{"rendered":"Seguro promete aten\u00e7\u00e3o aos antigos combatentes e exige respostas do Governo"},"content":{"rendered":"<p>A seguradora promete aten\u00e7\u00e3o aos antigos combatentes e pede ao Governo que responda \u00e0s lacunas identificadas. A not\u00edcia n\u00e3o indica data nem local espec\u00edficos.<\/p>\n<p>Quem est\u00e1 envolvido: a empresa seguradora e o Governo. O texto n\u00e3o fornece nomes ou cargos, apenas aponta o contexto de di\u00e1logo entre as partes.<\/p>\n<p>Quando e onde: informa\u00e7\u00f5es n\u00e3o dispon\u00edveis no conte\u00fado enviado; o texto apenas menciona a rela\u00e7\u00e3o entre a seguradora e o Governo, sem indicar datas ou locais.<\/p>\n<p>Porqu\u00ea: a reclama\u00e7\u00e3o central \u00e9 a necessidade de o Governo abordar lacunas no tratamento ou apoio aos antigos combatentes, segundo a entidade seguradora.<\/p>\n","protected":false},"excerpt":{"rendered":"<ul>\n<li>Seguro promete aten\u00e7\u00e3o aos antigos combatentes.<\/li>\n<li>O titular da ideia quer que o Governo responda \u00e0s lacunas identificadas.<\/li>\n<li>O conte\u00fado completo da not\u00edcia est\u00e1 dispon\u00edvel apenas para subscritores.<\/li>\n<li>O portal indica que a pe\u00e7a exige login para acesso integral.<\/li>\n<\/ul>\n","protected":false},"author":2,"featured_media":438192,"comment_status":"closed","ping_status":"closed","sticky":false,"template":"","format":"standard","meta":{"footnotes":""},"categories":[1,5],"tags":[3273,34,173,243,3416],"class_list":["post-438191","post","type-post","status-publish","format-standard","has-post-thumbnail","hentry","category-noticias","category-politica","tag-assuntos-sociais","tag-governo","tag-protecao-social","tag-seguranca-social","tag-seguro"],"yoast_head":"<!-- This site is optimized with the Yoast SEO plugin v27.2 - https:\/\/yoast.com\/product\/yoast-seo-wordpress\/ -->\n<title>Seguro promete aten\u00e7\u00e3o aos antigos combatentes e exige respostas do Governo - Portal Tela Portugal<\/title>\n<meta name=\"robots\" content=\"index, follow, max-snippet:-1, max-image-preview:large, max-video-preview:-1\" \/>\n<meta property=\"og:locale\" content=\"pt_PT\" \/>\n<meta property=\"og:type\" content=\"article\" \/>\n<meta property=\"og:title\" content=\"Seguro promete aten\u00e7\u00e3o aos antigos combatentes e exige respostas do Governo - Portal Tela Portugal\" \/>\n<meta property=\"og:description\" content=\"Seguro promete aten\u00e7\u00e3o aos antigos combatentes. O titular da ideia quer que o Governo responda \u00e0s lacunas identificadas. O conte\u00fado completo da not\u00edcia est\u00e1 dispon\u00edvel apenas para subscritores. O portal indica que a pe\u00e7a exige login para acesso integral.\" \/>\n<meta property=\"og:url\" content=\"https:\/\/portaltela.pt\/noticias\/2026\/04\/09\/seguro-promete-atencao-aos-antigos-combatentes-e-exige-respostas-do-governo\/\" \/>\n<meta property=\"og:site_name\" content=\"Portal Tela Portugal\" \/>\n<meta property=\"article:published_time\" content=\"2026-04-09T13:12:00+00:00\" \/>\n<meta name=\"author\" content=\"Telinha\" \/>\n<meta name=\"twitter:card\" content=\"summary_large_image\" \/>\n<meta name=\"twitter:label1\" content=\"Escrito por\" \/>\n\t<meta name=\"twitter:data1\" content=\"Telinha\" \/>\n\t<meta name=\"twitter:label2\" content=\"Tempo estimado de leitura\" \/>\n\t<meta name=\"twitter:data2\" content=\"1 minuto\" \/>\n<script type=\"application\/ld+json\" class=\"yoast-schema-graph\">{\"@context\":\"https:\/\/schema.org\",\"@graph\":[{\"@type\":\"Article\",\"@id\":\"https:\/\/portaltela.pt\/noticias\/2026\/04\/09\/seguro-promete-atencao-aos-antigos-combatentes-e-exige-respostas-do-governo\/#article\",\"isPartOf\":{\"@id\":\"https:\/\/portaltela.pt\/noticias\/2026\/04\/09\/seguro-promete-atencao-aos-antigos-combatentes-e-exige-respostas-do-governo\/\"},\"author\":{\"name\":\"Telinha\",\"@id\":\"https:\/\/portaltela.pt\/#\/schema\/person\/c4278d4a6028830caff9ee44b42d32ed\"},\"headline\":\"Seguro promete aten\u00e7\u00e3o aos antigos combatentes e exige respostas do Governo\",\"datePublished\":\"2026-04-09T13:12:00+00:00\",\"mainEntityOfPage\":{\"@id\":\"https:\/\/portaltela.pt\/noticias\/2026\/04\/09\/seguro-promete-atencao-aos-antigos-combatentes-e-exige-respostas-do-governo\/\"},\"wordCount\":121,\"image\":{\"@id\":\"https:\/\/portaltela.pt\/noticias\/2026\/04\/09\/seguro-promete-atencao-aos-antigos-combatentes-e-exige-respostas-do-governo\/#primaryimage\"},\"thumbnailUrl\":\"https:\/\/portaltela.pt\/s.01k8rhncp4jt1\/2026\/04\/CACHE_780X1200_ANALOG_WATERMARKED_46900223_4011609_09042026123352.jpg\",\"keywords\":[\"Assuntos Sociais\",\"governo\",\"prote\u00e7\u00e3o social\",\"seguran\u00e7a social\",\"Seguro\"],\"articleSection\":[\"Not\u00edcias\",\"Pol\u00edtica\"],\"inLanguage\":\"pt-PT\"},{\"@type\":\"WebPage\",\"@id\":\"https:\/\/portaltela.pt\/noticias\/2026\/04\/09\/seguro-promete-atencao-aos-antigos-combatentes-e-exige-respostas-do-governo\/\",\"url\":\"https:\/\/portaltela.pt\/noticias\/2026\/04\/09\/seguro-promete-atencao-aos-antigos-combatentes-e-exige-respostas-do-governo\/\",\"name\":\"Seguro promete aten\u00e7\u00e3o aos antigos combatentes e exige respostas do Governo - Portal Tela Portugal\",\"isPartOf\":{\"@id\":\"https:\/\/portaltela.pt\/#website\"},\"primaryImageOfPage\":{\"@id\":\"https:\/\/portaltela.pt\/noticias\/2026\/04\/09\/seguro-promete-atencao-aos-antigos-combatentes-e-exige-respostas-do-governo\/#primaryimage\"},\"image\":{\"@id\":\"https:\/\/portaltela.pt\/noticias\/2026\/04\/09\/seguro-promete-atencao-aos-antigos-combatentes-e-exige-respostas-do-governo\/#primaryimage\"},\"thumbnailUrl\":\"https:\/\/portaltela.pt\/s.01k8rhncp4jt1\/2026\/04\/CACHE_780X1200_ANALOG_WATERMARKED_46900223_4011609_09042026123352.jpg\",\"datePublished\":\"2026-04-09T13:12:00+00:00\",\"author\":{\"@id\":\"https:\/\/portaltela.pt\/#\/schema\/person\/c4278d4a6028830caff9ee44b42d32ed\"},\"breadcrumb\":{\"@id\":\"https:\/\/portaltela.pt\/noticias\/2026\/04\/09\/seguro-promete-atencao-aos-antigos-combatentes-e-exige-respostas-do-governo\/#breadcrumb\"},\"inLanguage\":\"pt-PT\",\"potentialAction\":[{\"@type\":\"ReadAction\",\"target\":[\"https:\/\/portaltela.pt\/noticias\/2026\/04\/09\/seguro-promete-atencao-aos-antigos-combatentes-e-exige-respostas-do-governo\/\"]}]},{\"@type\":\"ImageObject\",\"inLanguage\":\"pt-PT\",\"@id\":\"https:\/\/portaltela.pt\/noticias\/2026\/04\/09\/seguro-promete-atencao-aos-antigos-combatentes-e-exige-respostas-do-governo\/#primaryimage\",\"url\":\"https:\/\/portaltela.pt\/s.01k8rhncp4jt1\/2026\/04\/CACHE_780X1200_ANALOG_WATERMARKED_46900223_4011609_09042026123352.jpg\",\"contentUrl\":\"https:\/\/portaltela.pt\/s.01k8rhncp4jt1\/2026\/04\/CACHE_780X1200_ANALOG_WATERMARKED_46900223_4011609_09042026123352.jpg\",\"width\":768,\"height\":512,\"caption\":\"Seguro promete aten\u00e7\u00e3o aos antigos combatentes e quer que Governo responda \u00e0s lacunas\"},{\"@type\":\"BreadcrumbList\",\"@id\":\"https:\/\/portaltela.pt\/noticias\/2026\/04\/09\/seguro-promete-atencao-aos-antigos-combatentes-e-exige-respostas-do-governo\/#breadcrumb\",\"itemListElement\":[{\"@type\":\"ListItem\",\"position\":1,\"name\":\"In\u00edcio\",\"item\":\"https:\/\/portaltela.pt\/\"},{\"@type\":\"ListItem\",\"position\":2,\"name\":\"Seguro promete aten\u00e7\u00e3o aos antigos combatentes e exige respostas do Governo\"}]},{\"@type\":\"WebSite\",\"@id\":\"https:\/\/portaltela.pt\/#website\",\"url\":\"https:\/\/portaltela.pt\/\",\"name\":\"Portal Tela Portugal\",\"description\":\"\",\"potentialAction\":[{\"@type\":\"SearchAction\",\"target\":{\"@type\":\"EntryPoint\",\"urlTemplate\":\"https:\/\/portaltela.pt\/?s={search_term_string}\"},\"query-input\":{\"@type\":\"PropertyValueSpecification\",\"valueRequired\":true,\"valueName\":\"search_term_string\"}}],\"inLanguage\":\"pt-PT\"},{\"@type\":\"Person\",\"@id\":\"https:\/\/portaltela.pt\/#\/schema\/person\/c4278d4a6028830caff9ee44b42d32ed\",\"name\":\"Telinha\",\"image\":{\"@type\":\"ImageObject\",\"inLanguage\":\"pt-PT\",\"@id\":\"https:\/\/portaltela.pt\/s.01k8rhncp4jt1\/2025\/11\/talking-bot-125x125.png\",\"url\":\"https:\/\/portaltela.pt\/s.01k8rhncp4jt1\/2025\/11\/talking-bot-125x125.png\",\"contentUrl\":\"https:\/\/portaltela.pt\/s.01k8rhncp4jt1\/2025\/11\/talking-bot-125x125.png\",\"caption\":\"Telinha\"},\"sameAs\":[\"https:\/\/portaltela.pt\/\"],\"url\":\"https:\/\/portaltela.pt\/por\/367410592786\/\"}]}<\/script>\n<!-- \/ Yoast SEO plugin. -->","yoast_head_json":{"title":"Seguro promete aten\u00e7\u00e3o aos antigos combatentes e exige respostas do Governo - Portal Tela Portugal","robots":{"index":"index","follow":"follow","max-snippet":"max-snippet:-1","max-image-preview":"max-image-preview:large","max-video-preview":"max-video-preview:-1"},"og_locale":"pt_PT","og_type":"article","og_title":"Seguro promete aten\u00e7\u00e3o aos antigos combatentes e exige respostas do Governo - Portal Tela Portugal","og_description":"Seguro promete aten\u00e7\u00e3o aos antigos combatentes. O titular da ideia quer que o Governo responda \u00e0s lacunas identificadas. O conte\u00fado completo da not\u00edcia est\u00e1 dispon\u00edvel apenas para subscritores. O portal indica que a pe\u00e7a exige login para acesso integral.","og_url":"https:\/\/portaltela.pt\/noticias\/2026\/04\/09\/seguro-promete-atencao-aos-antigos-combatentes-e-exige-respostas-do-governo\/","og_site_name":"Portal Tela Portugal","article_published_time":"2026-04-09T13:12:00+00:00","author":"Telinha","twitter_card":"summary_large_image","twitter_misc":{"Escrito por":"Telinha","Tempo estimado de leitura":"1 minuto"},"schema":{"@context":"https:\/\/schema.org","@graph":[{"@type":"Article","@id":"https:\/\/portaltela.pt\/noticias\/2026\/04\/09\/seguro-promete-atencao-aos-antigos-combatentes-e-exige-respostas-do-governo\/#article","isPartOf":{"@id":"https:\/\/portaltela.pt\/noticias\/2026\/04\/09\/seguro-promete-atencao-aos-antigos-combatentes-e-exige-respostas-do-governo\/"},"author":{"name":"Telinha","@id":"https:\/\/portaltela.pt\/#\/schema\/person\/c4278d4a6028830caff9ee44b42d32ed"},"headline":"Seguro promete aten\u00e7\u00e3o aos antigos combatentes e exige respostas do Governo","datePublished":"2026-04-09T13:12:00+00:00","mainEntityOfPage":{"@id":"https:\/\/portaltela.pt\/noticias\/2026\/04\/09\/seguro-promete-atencao-aos-antigos-combatentes-e-exige-respostas-do-governo\/"},"wordCount":121,"image":{"@id":"https:\/\/portaltela.pt\/noticias\/2026\/04\/09\/seguro-promete-atencao-aos-antigos-combatentes-e-exige-respostas-do-governo\/#primaryimage"},"thumbnailUrl":"https:\/\/portaltela.pt\/s.01k8rhncp4jt1\/2026\/04\/CACHE_780X1200_ANALOG_WATERMARKED_46900223_4011609_09042026123352.jpg","keywords":["Assuntos Sociais","governo","prote\u00e7\u00e3o social","seguran\u00e7a social","Seguro"],"articleSection":["Not\u00edcias","Pol\u00edtica"],"inLanguage":"pt-PT"},{"@type":"WebPage","@id":"https:\/\/portaltela.pt\/noticias\/2026\/04\/09\/seguro-promete-atencao-aos-antigos-combatentes-e-exige-respostas-do-governo\/","url":"https:\/\/portaltela.pt\/noticias\/2026\/04\/09\/seguro-promete-atencao-aos-antigos-combatentes-e-exige-respostas-do-governo\/","name":"Seguro promete aten\u00e7\u00e3o aos antigos combatentes e exige respostas do Governo - Portal Tela Portugal","isPartOf":{"@id":"https:\/\/portaltela.pt\/#website"},"primaryImageOfPage":{"@id":"https:\/\/portaltela.pt\/noticias\/2026\/04\/09\/seguro-promete-atencao-aos-antigos-combatentes-e-exige-respostas-do-governo\/#primaryimage"},"image":{"@id":"https:\/\/portaltela.pt\/noticias\/2026\/04\/09\/seguro-promete-atencao-aos-antigos-combatentes-e-exige-respostas-do-governo\/#primaryimage"},"thumbnailUrl":"https:\/\/portaltela.pt\/s.01k8rhncp4jt1\/2026\/04\/CACHE_780X1200_ANALOG_WATERMARKED_46900223_4011609_09042026123352.jpg","datePublished":"2026-04-09T13:12:00+00:00","author":{"@id":"https:\/\/portaltela.pt\/#\/schema\/person\/c4278d4a6028830caff9ee44b42d32ed"},"breadcrumb":{"@id":"https:\/\/portaltela.pt\/noticias\/2026\/04\/09\/seguro-promete-atencao-aos-antigos-combatentes-e-exige-respostas-do-governo\/#breadcrumb"},"inLanguage":"pt-PT","potentialAction":[{"@type":"ReadAction","target":["https:\/\/portaltela.pt\/noticias\/2026\/04\/09\/seguro-promete-atencao-aos-antigos-combatentes-e-exige-respostas-do-governo\/"]}]},{"@type":"ImageObject","inLanguage":"pt-PT","@id":"https:\/\/portaltela.pt\/noticias\/2026\/04\/09\/seguro-promete-atencao-aos-antigos-combatentes-e-exige-respostas-do-governo\/#primaryimage","url":"https:\/\/portaltela.pt\/s.01k8rhncp4jt1\/2026\/04\/CACHE_780X1200_ANALOG_WATERMARKED_46900223_4011609_09042026123352.jpg","contentUrl":"https:\/\/portaltela.pt\/s.01k8rhncp4jt1\/2026\/04\/CACHE_780X1200_ANALOG_WATERMARKED_46900223_4011609_09042026123352.jpg","width":768,"height":512,"caption":"Seguro promete aten\u00e7\u00e3o aos antigos combatentes e quer que Governo responda \u00e0s lacunas"},{"@type":"BreadcrumbList","@id":"https:\/\/portaltela.pt\/noticias\/2026\/04\/09\/seguro-promete-atencao-aos-antigos-combatentes-e-exige-respostas-do-governo\/#breadcrumb","itemListElement":[{"@type":"ListItem","position":1,"name":"In\u00edcio","item":"https:\/\/portaltela.pt\/"},{"@type":"ListItem","position":2,"name":"Seguro promete aten\u00e7\u00e3o aos antigos combatentes e exige respostas do Governo"}]},{"@type":"WebSite","@id":"https:\/\/portaltela.pt\/#website","url":"https:\/\/portaltela.pt\/","name":"Portal Tela Portugal","description":"","potentialAction":[{"@type":"SearchAction","target":{"@type":"EntryPoint","urlTemplate":"https:\/\/portaltela.pt\/?s={search_term_string}"},"query-input":{"@type":"PropertyValueSpecification","valueRequired":true,"valueName":"search_term_string"}}],"inLanguage":"pt-PT"},{"@type":"Person","@id":"https:\/\/portaltela.pt\/#\/schema\/person\/c4278d4a6028830caff9ee44b42d32ed","name":"Telinha","image":{"@type":"ImageObject","inLanguage":"pt-PT","@id":"https:\/\/portaltela.pt\/s.01k8rhncp4jt1\/2025\/11\/talking-bot-125x125.png","url":"https:\/\/portaltela.pt\/s.01k8rhncp4jt1\/2025\/11\/talking-bot-125x125.png","contentUrl":"https:\/\/portaltela.pt\/s.01k8rhncp4jt1\/2025\/11\/talking-bot-125x125.png","caption":"Telinha"},"sameAs":["https:\/\/portaltela.pt\/"],"url":"https:\/\/portaltela.pt\/por\/367410592786\/"}]}},"_links":{"self":[{"href":"https:\/\/portaltela.pt\/api\/wp\/v2\/posts\/438191","targetHints":{"allow":["GET"]}}],"collection":[{"href":"https:\/\/portaltela.pt\/api\/wp\/v2\/posts"}],"about":[{"href":"https:\/\/portaltela.pt\/api\/wp\/v2\/types\/post"}],"author":[{"embeddable":true,"href":"https:\/\/portaltela.pt\/api\/wp\/v2\/users\/2"}],"replies":[{"embeddable":true,"href":"https:\/\/portaltela.pt\/api\/wp\/v2\/comments?post=438191"}],"version-history":[{"count":0,"href":"https:\/\/portaltela.pt\/api\/wp\/v2\/posts\/438191\/revisions"}],"wp:featuredmedia":[{"embeddable":true,"href":"https:\/\/portaltela.pt\/api\/wp\/v2\/media\/438192"}],"wp:attachment":[{"href":"https:\/\/portaltela.pt\/api\/wp\/v2\/media?parent=438191"}],"wp:term":[{"taxonomy":"category","embeddable":true,"href":"https:\/\/portaltela.pt\/api\/wp\/v2\/categories?post=438191"},{"taxonomy":"post_tag","embeddable":true,"href":"https:\/\/portaltela.pt\/api\/wp\/v2\/tags?post=438191"}],"curies":[{"name":"wp","href":"https:\/\/api.w.org\/{rel}","templated":true}]}}