{"id":438182,"date":"2026-04-09T12:02:37","date_gmt":"2026-04-09T15:02:37","guid":{"rendered":"https:\/\/portaltela.pt\/noticias\/2026\/04\/09\/universidades-vao-adaptar-ensino-e-avaliacao-a-era-da-ia\/"},"modified":"2026-04-09T12:02:37","modified_gmt":"2026-04-09T15:02:37","slug":"universidades-vao-adaptar-ensino-e-avaliacao-a-era-da-ia","status":"publish","type":"post","link":"https:\/\/portaltela.pt\/tecnologia\/2026\/04\/09\/universidades-vao-adaptar-ensino-e-avaliacao-a-era-da-ia\/","title":{"rendered":"Universidades v\u00e3o adaptar ensino e avalia\u00e7\u00e3o \u00e0 era da IA"},"content":{"rendered":"<p>A era da intelig\u00eancia artificial (IA) est\u00e1 a transformar o ensino superior, defendem especialistas. As institui\u00e7\u00f5es v\u00e3o ter de atualizar o ensino e a avalia\u00e7\u00e3o, com foco em compet\u00eancias e aprendizagem orientada por desafios e projetos.<\/p>\n<p>Sandra Soares, conselheira para a Inova\u00e7\u00e3o Pedag\u00f3gica no Ensino Superior, sustenta que a IA j\u00e1 est\u00e1 presente no quotidiano e nos contextos profissionais, exigindo revis\u00e3o curricular para evitar que os estudantes fiquem para tr\u00e1s.<\/p>\n<p>O diagn\u00f3stico nacional, apresentado pelo Conselho Nacional para a Inova\u00e7\u00e3o Pedag\u00f3gica no Ensino Superior (CNIPES), mostra que mais de metade das institui\u00e7\u00f5es j\u00e1 adotou IA no ensino. Contudo, a implementa\u00e7\u00e3o \u00e9 desigual entre unidades e \u00e1reas.<\/p>\n<p>Em muitos casos, a forma\u00e7\u00e3o docente \u00e9 mais robusta do que a forma\u00e7\u00e3o dos estudantes, com a IA integrada em disciplinas isoladas, cursos ou projetos, em vez de programas estruturais e transversais.<\/p>\n<p>A respons\u00e1vel da Universidade de Aveiro aponta que a mudan\u00e7a \u00e9 r\u00e1pida e ainda existem lacunas de evid\u00eancia cient\u00edfica. No entanto, a IA aumenta a urg\u00eancia de reformular m\u00e9todos de ensino e avalia\u00e7\u00e3o.<\/p>\n<p>Universidades e polit\u00e9cnicos j\u00e1 avan\u00e7am com estrat\u00e9gias, mas o relat\u00f3rio indica ritmos distintos. O objetivo \u00e9 garantir equil\u00edbrio entre institui\u00e7\u00f5es para que os estudantes adquiram compet\u00eancias iguais.<\/p>\n<p>O texto prop\u00f5e repensar o papel docente, que passaria a funcionar como mentor e arquiteto de aprendizagem, com os alunos a trabalharem de forma aut\u00f4noma sob orienta\u00e7\u00e3o. O modelo de avalia\u00e7\u00e3o tamb\u00e9m muda.<\/p>\n<p>As avalia\u00e7\u00f5es devem privilegiar o processo e n\u00e3o apenas o produto final, reduzindo riscos de alunos que n\u00e3o desenvolvam compet\u00eancias essenciais. O uso da IA na produ\u00e7\u00e3o de respostas r\u00e1pidas \u00e9 alvo de cuidado.<\/p>\n<p>O CNIPES apresentou o relat\u00f3rio em Tomar, durante um evento sobre Lideran\u00e7a Estrat\u00e9gica para a IA na Educa\u00e7\u00e3o Superior, com a participa\u00e7\u00e3o de reitores e presidentes de institutos polit\u00e9cnicos.<\/p>\n<p>Os contributos das institui\u00e7\u00f5es v\u00e3o tamb\u00e9m influenciar as recomenda\u00e7\u00f5es que o CNIPES enviar\u00e1 ao Governo at\u00e9 ao final de junho, orientadas para um ensino superior mais integrado na era da IA.<\/p>\n","protected":false},"excerpt":{"rendered":"<ul>\n<li>O diagn\u00f3stico do CNIPES indica que mais de metade das institui\u00e7\u00f5es j\u00e1 adoptou IA no ensino, mas a implementa\u00e7\u00e3o \u00e9 pouco transversal e varia at\u00e9 dentro das pr\u00f3prias unidades.<\/li>\n<li>Prop\u00f5e-se atualizar o ensino e a avalia\u00e7\u00e3o, com modelos centrados em compet\u00eancias, e atribuir ao docente o papel de arquiteto de aprendizagem e mentor.<\/li>\n<li>Sandra Soares, vice-reitora da Universidade de Aveiro, alerta para a r\u00e1pida transforma\u00e7\u00e3o e a necessidade de revisar curricularmente para que os estudantes n\u00e3o fiquem para tr\u00e1s.<\/li>\n<li>Defende-se uma literacia de IA generalizada, n\u00e3o restrita a \u00e1reas tecnol\u00f3gicas, para manter equil\u00edbrio entre institui\u00e7\u00f5es e evitar desigualdades de compet\u00eancias entre estudantes.<\/li>\n<li>A avalia\u00e7\u00e3o deve privilegiar o processo em vez do produto final, reduzindo o uso agressivo de IA gerativa nos testes; o CNIPES apresentar\u00e1 recomenda\u00e7\u00f5es ao Governo at\u00e9 ao fim de junho, ap\u00f3s o evento em Tomar.<\/li>\n<\/ul>\n","protected":false},"author":2,"featured_media":438186,"comment_status":"closed","ping_status":"closed","sticky":false,"template":"","format":"standard","meta":{"footnotes":""},"categories":[6716],"tags":[7811,163,6623,33,759,58],"class_list":["post-438182","post","type-post","status-publish","format-standard","has-post-thumbnail","hentry","category-tecnologia","tag-a-inteligencia-artificial","tag-educacao","tag-ensino-superior","tag-inovacao","tag-transformacao-digital","tag-universidades"],"yoast_head":"<!-- This site is optimized with the Yoast SEO plugin v27.2 - https:\/\/yoast.com\/product\/yoast-seo-wordpress\/ -->\n<title>Universidades v\u00e3o adaptar ensino e avalia\u00e7\u00e3o \u00e0 era da IA - Portal Tela Portugal<\/title>\n<meta name=\"robots\" content=\"index, follow, max-snippet:-1, max-image-preview:large, max-video-preview:-1\" \/>\n<meta property=\"og:locale\" content=\"pt_PT\" \/>\n<meta property=\"og:type\" content=\"article\" \/>\n<meta property=\"og:title\" content=\"Universidades v\u00e3o adaptar ensino e avalia\u00e7\u00e3o \u00e0 era da IA - Portal Tela Portugal\" \/>\n<meta property=\"og:description\" content=\"O diagn\u00f3stico do CNIPES indica que mais de metade das institui\u00e7\u00f5es j\u00e1 adoptou IA no ensino, mas a implementa\u00e7\u00e3o \u00e9 pouco transversal e varia at\u00e9 dentro das pr\u00f3prias unidades. Prop\u00f5e-se atualizar o ensino e a avalia\u00e7\u00e3o, com modelos centrados em compet\u00eancias, e atribuir ao docente o papel de arquiteto de aprendizagem e mentor. Sandra Soares, vice-reitora da Universidade de Aveiro, alerta para a r\u00e1pida transforma\u00e7\u00e3o e a necessidade de revisar curricularmente para que os estudantes n\u00e3o fiquem para tr\u00e1s. Defende-se uma literacia de IA generalizada, n\u00e3o restrita a \u00e1reas tecnol\u00f3gicas, para manter equil\u00edbrio entre institui\u00e7\u00f5es e evitar desigualdades de compet\u00eancias entre estudantes. A avalia\u00e7\u00e3o deve privilegiar o processo em vez do produto final, reduzindo o uso agressivo de IA gerativa nos testes; o CNIPES apresentar\u00e1 recomenda\u00e7\u00f5es ao Governo at\u00e9 ao fim de junho, ap\u00f3s o evento em Tomar.\" \/>\n<meta property=\"og:url\" content=\"https:\/\/portaltela.pt\/noticias\/2026\/04\/09\/universidades-vao-adaptar-ensino-e-avaliacao-a-era-da-ia\/\" \/>\n<meta property=\"og:site_name\" content=\"Portal Tela Portugal\" \/>\n<meta property=\"article:published_time\" content=\"2026-04-09T15:02:37+00:00\" \/>\n<meta name=\"author\" content=\"Telinha\" \/>\n<meta name=\"twitter:card\" content=\"summary_large_image\" \/>\n<meta name=\"twitter:label1\" content=\"Escrito por\" \/>\n\t<meta name=\"twitter:data1\" content=\"Telinha\" \/>\n\t<meta name=\"twitter:label2\" content=\"Tempo estimado de leitura\" \/>\n\t<meta name=\"twitter:data2\" content=\"2 minutos\" \/>\n<script type=\"application\/ld+json\" class=\"yoast-schema-graph\">{\"@context\":\"https:\/\/schema.org\",\"@graph\":[{\"@type\":\"Article\",\"@id\":\"https:\/\/portaltela.pt\/noticias\/2026\/04\/09\/universidades-vao-adaptar-ensino-e-avaliacao-a-era-da-ia\/#article\",\"isPartOf\":{\"@id\":\"https:\/\/portaltela.pt\/noticias\/2026\/04\/09\/universidades-vao-adaptar-ensino-e-avaliacao-a-era-da-ia\/\"},\"author\":{\"name\":\"Telinha\",\"@id\":\"https:\/\/portaltela.pt\/#\/schema\/person\/c4278d4a6028830caff9ee44b42d32ed\"},\"headline\":\"Universidades v\u00e3o adaptar ensino e avalia\u00e7\u00e3o \u00e0 era da IA\",\"datePublished\":\"2026-04-09T15:02:37+00:00\",\"mainEntityOfPage\":{\"@id\":\"https:\/\/portaltela.pt\/noticias\/2026\/04\/09\/universidades-vao-adaptar-ensino-e-avaliacao-a-era-da-ia\/\"},\"wordCount\":383,\"image\":{\"@id\":\"https:\/\/portaltela.pt\/noticias\/2026\/04\/09\/universidades-vao-adaptar-ensino-e-avaliacao-a-era-da-ia\/#primaryimage\"},\"thumbnailUrl\":\"https:\/\/portaltela.pt\/s.01k8rhncp4jt1\/2026\/04\/image-523.jpg\",\"keywords\":[\"a intelig\u00eancia artificial\",\"educa\u00e7\u00e3o\",\"Ensino Superior\",\"inova\u00e7\u00e3o\",\"transforma\u00e7\u00e3o digital\",\"universidades\"],\"articleSection\":[\"Tecnologia\"],\"inLanguage\":\"pt-PT\"},{\"@type\":\"WebPage\",\"@id\":\"https:\/\/portaltela.pt\/noticias\/2026\/04\/09\/universidades-vao-adaptar-ensino-e-avaliacao-a-era-da-ia\/\",\"url\":\"https:\/\/portaltela.pt\/noticias\/2026\/04\/09\/universidades-vao-adaptar-ensino-e-avaliacao-a-era-da-ia\/\",\"name\":\"Universidades v\u00e3o adaptar ensino e avalia\u00e7\u00e3o \u00e0 era da IA - Portal Tela Portugal\",\"isPartOf\":{\"@id\":\"https:\/\/portaltela.pt\/#website\"},\"primaryImageOfPage\":{\"@id\":\"https:\/\/portaltela.pt\/noticias\/2026\/04\/09\/universidades-vao-adaptar-ensino-e-avaliacao-a-era-da-ia\/#primaryimage\"},\"image\":{\"@id\":\"https:\/\/portaltela.pt\/noticias\/2026\/04\/09\/universidades-vao-adaptar-ensino-e-avaliacao-a-era-da-ia\/#primaryimage\"},\"thumbnailUrl\":\"https:\/\/portaltela.pt\/s.01k8rhncp4jt1\/2026\/04\/image-523.jpg\",\"datePublished\":\"2026-04-09T15:02:37+00:00\",\"author\":{\"@id\":\"https:\/\/portaltela.pt\/#\/schema\/person\/c4278d4a6028830caff9ee44b42d32ed\"},\"breadcrumb\":{\"@id\":\"https:\/\/portaltela.pt\/noticias\/2026\/04\/09\/universidades-vao-adaptar-ensino-e-avaliacao-a-era-da-ia\/#breadcrumb\"},\"inLanguage\":\"pt-PT\",\"potentialAction\":[{\"@type\":\"ReadAction\",\"target\":[\"https:\/\/portaltela.pt\/noticias\/2026\/04\/09\/universidades-vao-adaptar-ensino-e-avaliacao-a-era-da-ia\/\"]}]},{\"@type\":\"ImageObject\",\"inLanguage\":\"pt-PT\",\"@id\":\"https:\/\/portaltela.pt\/noticias\/2026\/04\/09\/universidades-vao-adaptar-ensino-e-avaliacao-a-era-da-ia\/#primaryimage\",\"url\":\"https:\/\/portaltela.pt\/s.01k8rhncp4jt1\/2026\/04\/image-523.jpg\",\"contentUrl\":\"https:\/\/portaltela.pt\/s.01k8rhncp4jt1\/2026\/04\/image-523.jpg\",\"width\":796,\"height\":448,\"caption\":\"Foto: Pedro Granadeiro\"},{\"@type\":\"BreadcrumbList\",\"@id\":\"https:\/\/portaltela.pt\/noticias\/2026\/04\/09\/universidades-vao-adaptar-ensino-e-avaliacao-a-era-da-ia\/#breadcrumb\",\"itemListElement\":[{\"@type\":\"ListItem\",\"position\":1,\"name\":\"In\u00edcio\",\"item\":\"https:\/\/portaltela.pt\/\"},{\"@type\":\"ListItem\",\"position\":2,\"name\":\"Universidades v\u00e3o adaptar ensino e avalia\u00e7\u00e3o \u00e0 era da IA\"}]},{\"@type\":\"WebSite\",\"@id\":\"https:\/\/portaltela.pt\/#website\",\"url\":\"https:\/\/portaltela.pt\/\",\"name\":\"Portal Tela Portugal\",\"description\":\"\",\"potentialAction\":[{\"@type\":\"SearchAction\",\"target\":{\"@type\":\"EntryPoint\",\"urlTemplate\":\"https:\/\/portaltela.pt\/?s={search_term_string}\"},\"query-input\":{\"@type\":\"PropertyValueSpecification\",\"valueRequired\":true,\"valueName\":\"search_term_string\"}}],\"inLanguage\":\"pt-PT\"},{\"@type\":\"Person\",\"@id\":\"https:\/\/portaltela.pt\/#\/schema\/person\/c4278d4a6028830caff9ee44b42d32ed\",\"name\":\"Telinha\",\"image\":{\"@type\":\"ImageObject\",\"inLanguage\":\"pt-PT\",\"@id\":\"https:\/\/portaltela.pt\/s.01k8rhncp4jt1\/2025\/11\/talking-bot-125x125.png\",\"url\":\"https:\/\/portaltela.pt\/s.01k8rhncp4jt1\/2025\/11\/talking-bot-125x125.png\",\"contentUrl\":\"https:\/\/portaltela.pt\/s.01k8rhncp4jt1\/2025\/11\/talking-bot-125x125.png\",\"caption\":\"Telinha\"},\"sameAs\":[\"https:\/\/portaltela.pt\/\"],\"url\":\"https:\/\/portaltela.pt\/por\/367410592786\/\"}]}<\/script>\n<!-- \/ Yoast SEO plugin. -->","yoast_head_json":{"title":"Universidades v\u00e3o adaptar ensino e avalia\u00e7\u00e3o \u00e0 era da IA - Portal Tela Portugal","robots":{"index":"index","follow":"follow","max-snippet":"max-snippet:-1","max-image-preview":"max-image-preview:large","max-video-preview":"max-video-preview:-1"},"og_locale":"pt_PT","og_type":"article","og_title":"Universidades v\u00e3o adaptar ensino e avalia\u00e7\u00e3o \u00e0 era da IA - Portal Tela Portugal","og_description":"O diagn\u00f3stico do CNIPES indica que mais de metade das institui\u00e7\u00f5es j\u00e1 adoptou IA no ensino, mas a implementa\u00e7\u00e3o \u00e9 pouco transversal e varia at\u00e9 dentro das pr\u00f3prias unidades. Prop\u00f5e-se atualizar o ensino e a avalia\u00e7\u00e3o, com modelos centrados em compet\u00eancias, e atribuir ao docente o papel de arquiteto de aprendizagem e mentor. Sandra Soares, vice-reitora da Universidade de Aveiro, alerta para a r\u00e1pida transforma\u00e7\u00e3o e a necessidade de revisar curricularmente para que os estudantes n\u00e3o fiquem para tr\u00e1s. Defende-se uma literacia de IA generalizada, n\u00e3o restrita a \u00e1reas tecnol\u00f3gicas, para manter equil\u00edbrio entre institui\u00e7\u00f5es e evitar desigualdades de compet\u00eancias entre estudantes. A avalia\u00e7\u00e3o deve privilegiar o processo em vez do produto final, reduzindo o uso agressivo de IA gerativa nos testes; o CNIPES apresentar\u00e1 recomenda\u00e7\u00f5es ao Governo at\u00e9 ao fim de junho, ap\u00f3s o evento em Tomar.","og_url":"https:\/\/portaltela.pt\/noticias\/2026\/04\/09\/universidades-vao-adaptar-ensino-e-avaliacao-a-era-da-ia\/","og_site_name":"Portal Tela Portugal","article_published_time":"2026-04-09T15:02:37+00:00","author":"Telinha","twitter_card":"summary_large_image","twitter_misc":{"Escrito por":"Telinha","Tempo estimado de leitura":"2 minutos"},"schema":{"@context":"https:\/\/schema.org","@graph":[{"@type":"Article","@id":"https:\/\/portaltela.pt\/noticias\/2026\/04\/09\/universidades-vao-adaptar-ensino-e-avaliacao-a-era-da-ia\/#article","isPartOf":{"@id":"https:\/\/portaltela.pt\/noticias\/2026\/04\/09\/universidades-vao-adaptar-ensino-e-avaliacao-a-era-da-ia\/"},"author":{"name":"Telinha","@id":"https:\/\/portaltela.pt\/#\/schema\/person\/c4278d4a6028830caff9ee44b42d32ed"},"headline":"Universidades v\u00e3o adaptar ensino e avalia\u00e7\u00e3o \u00e0 era da IA","datePublished":"2026-04-09T15:02:37+00:00","mainEntityOfPage":{"@id":"https:\/\/portaltela.pt\/noticias\/2026\/04\/09\/universidades-vao-adaptar-ensino-e-avaliacao-a-era-da-ia\/"},"wordCount":383,"image":{"@id":"https:\/\/portaltela.pt\/noticias\/2026\/04\/09\/universidades-vao-adaptar-ensino-e-avaliacao-a-era-da-ia\/#primaryimage"},"thumbnailUrl":"https:\/\/portaltela.pt\/s.01k8rhncp4jt1\/2026\/04\/image-523.jpg","keywords":["a intelig\u00eancia artificial","educa\u00e7\u00e3o","Ensino Superior","inova\u00e7\u00e3o","transforma\u00e7\u00e3o digital","universidades"],"articleSection":["Tecnologia"],"inLanguage":"pt-PT"},{"@type":"WebPage","@id":"https:\/\/portaltela.pt\/noticias\/2026\/04\/09\/universidades-vao-adaptar-ensino-e-avaliacao-a-era-da-ia\/","url":"https:\/\/portaltela.pt\/noticias\/2026\/04\/09\/universidades-vao-adaptar-ensino-e-avaliacao-a-era-da-ia\/","name":"Universidades v\u00e3o adaptar ensino e avalia\u00e7\u00e3o \u00e0 era da IA - Portal Tela Portugal","isPartOf":{"@id":"https:\/\/portaltela.pt\/#website"},"primaryImageOfPage":{"@id":"https:\/\/portaltela.pt\/noticias\/2026\/04\/09\/universidades-vao-adaptar-ensino-e-avaliacao-a-era-da-ia\/#primaryimage"},"image":{"@id":"https:\/\/portaltela.pt\/noticias\/2026\/04\/09\/universidades-vao-adaptar-ensino-e-avaliacao-a-era-da-ia\/#primaryimage"},"thumbnailUrl":"https:\/\/portaltela.pt\/s.01k8rhncp4jt1\/2026\/04\/image-523.jpg","datePublished":"2026-04-09T15:02:37+00:00","author":{"@id":"https:\/\/portaltela.pt\/#\/schema\/person\/c4278d4a6028830caff9ee44b42d32ed"},"breadcrumb":{"@id":"https:\/\/portaltela.pt\/noticias\/2026\/04\/09\/universidades-vao-adaptar-ensino-e-avaliacao-a-era-da-ia\/#breadcrumb"},"inLanguage":"pt-PT","potentialAction":[{"@type":"ReadAction","target":["https:\/\/portaltela.pt\/noticias\/2026\/04\/09\/universidades-vao-adaptar-ensino-e-avaliacao-a-era-da-ia\/"]}]},{"@type":"ImageObject","inLanguage":"pt-PT","@id":"https:\/\/portaltela.pt\/noticias\/2026\/04\/09\/universidades-vao-adaptar-ensino-e-avaliacao-a-era-da-ia\/#primaryimage","url":"https:\/\/portaltela.pt\/s.01k8rhncp4jt1\/2026\/04\/image-523.jpg","contentUrl":"https:\/\/portaltela.pt\/s.01k8rhncp4jt1\/2026\/04\/image-523.jpg","width":796,"height":448,"caption":"Foto: Pedro Granadeiro"},{"@type":"BreadcrumbList","@id":"https:\/\/portaltela.pt\/noticias\/2026\/04\/09\/universidades-vao-adaptar-ensino-e-avaliacao-a-era-da-ia\/#breadcrumb","itemListElement":[{"@type":"ListItem","position":1,"name":"In\u00edcio","item":"https:\/\/portaltela.pt\/"},{"@type":"ListItem","position":2,"name":"Universidades v\u00e3o adaptar ensino e avalia\u00e7\u00e3o \u00e0 era da IA"}]},{"@type":"WebSite","@id":"https:\/\/portaltela.pt\/#website","url":"https:\/\/portaltela.pt\/","name":"Portal Tela Portugal","description":"","potentialAction":[{"@type":"SearchAction","target":{"@type":"EntryPoint","urlTemplate":"https:\/\/portaltela.pt\/?s={search_term_string}"},"query-input":{"@type":"PropertyValueSpecification","valueRequired":true,"valueName":"search_term_string"}}],"inLanguage":"pt-PT"},{"@type":"Person","@id":"https:\/\/portaltela.pt\/#\/schema\/person\/c4278d4a6028830caff9ee44b42d32ed","name":"Telinha","image":{"@type":"ImageObject","inLanguage":"pt-PT","@id":"https:\/\/portaltela.pt\/s.01k8rhncp4jt1\/2025\/11\/talking-bot-125x125.png","url":"https:\/\/portaltela.pt\/s.01k8rhncp4jt1\/2025\/11\/talking-bot-125x125.png","contentUrl":"https:\/\/portaltela.pt\/s.01k8rhncp4jt1\/2025\/11\/talking-bot-125x125.png","caption":"Telinha"},"sameAs":["https:\/\/portaltela.pt\/"],"url":"https:\/\/portaltela.pt\/por\/367410592786\/"}]}},"_links":{"self":[{"href":"https:\/\/portaltela.pt\/api\/wp\/v2\/posts\/438182","targetHints":{"allow":["GET"]}}],"collection":[{"href":"https:\/\/portaltela.pt\/api\/wp\/v2\/posts"}],"about":[{"href":"https:\/\/portaltela.pt\/api\/wp\/v2\/types\/post"}],"author":[{"embeddable":true,"href":"https:\/\/portaltela.pt\/api\/wp\/v2\/users\/2"}],"replies":[{"embeddable":true,"href":"https:\/\/portaltela.pt\/api\/wp\/v2\/comments?post=438182"}],"version-history":[{"count":0,"href":"https:\/\/portaltela.pt\/api\/wp\/v2\/posts\/438182\/revisions"}],"wp:featuredmedia":[{"embeddable":true,"href":"https:\/\/portaltela.pt\/api\/wp\/v2\/media\/438186"}],"wp:attachment":[{"href":"https:\/\/portaltela.pt\/api\/wp\/v2\/media?parent=438182"}],"wp:term":[{"taxonomy":"category","embeddable":true,"href":"https:\/\/portaltela.pt\/api\/wp\/v2\/categories?post=438182"},{"taxonomy":"post_tag","embeddable":true,"href":"https:\/\/portaltela.pt\/api\/wp\/v2\/tags?post=438182"}],"curies":[{"name":"wp","href":"https:\/\/api.w.org\/{rel}","templated":true}]}}