{"id":438163,"date":"2026-04-09T12:02:08","date_gmt":"2026-04-09T15:02:08","guid":{"rendered":"https:\/\/portaltela.pt\/noticias\/2026\/04\/09\/camilo-lourenco-diz-que-a-greve-do-metro-de-lisboa-prejudica-os-mais-pobres\/"},"modified":"2026-04-09T12:02:08","modified_gmt":"2026-04-09T15:02:08","slug":"camilo-lourenco-diz-que-a-greve-do-metro-de-lisboa-prejudica-os-mais-pobres","status":"publish","type":"post","link":"https:\/\/portaltela.pt\/noticias\/politica\/2026\/04\/09\/camilo-lourenco-diz-que-a-greve-do-metro-de-lisboa-prejudica-os-mais-pobres\/","title":{"rendered":"Camilo Louren\u00e7o diz que a greve do metro de Lisboa prejudica os mais pobres"},"content":{"rendered":"<p>O jornal digital regista a rea\u00e7\u00e3o de Camilo Louren\u00e7o, comentador da CMTV, \u00e0 greve do metro de Lisboa. O custo humano e social das interrup\u00e7\u00f5es volta a ser tema de debate p\u00fablico.<\/p>\n<p>O coment\u00e1rio est\u00e1 a girar em torno da aus\u00eancia de servi\u00e7os m\u00ednimos durante a greve. Louren\u00e7o afirmou que a situa\u00e7\u00e3o \u00e9 inacredit\u00e1vel e que afeta especialmente quem depende do transporte p\u00fablico.<\/p>\n<p>O comentador sugeriu ainda que os transportes p\u00fablicos devem ser geridos por entidades privadas, numa perspetiva de maior efici\u00eancia, segundo a reprodu\u00e7\u00e3o da sua vis\u00e3o no canal.<\/p>\n<p>A greve, que envolve o metro de Lisboa, levanta quest\u00f5es sobre planeamento, funcionamento e impactos na mobilidade urbana. A posi\u00e7\u00e3o de Louren\u00e7o agrega-se a um debate mais amplo.<\/p>\n<p>N\u00e3o h\u00e1, no momento, confirma\u00e7\u00e3o de medidas oficiais para reverter a greve ou estabelecer servi\u00e7os m\u00ednimos, ficando a gest\u00e3o da crise a cargo das autoridades competentes e da empresa p\u00fablica.<\/p>\n","protected":false},"excerpt":{"rendered":"<ul>\n<li>Camilo Louren\u00e7o afirma que a greve do metro de Lisboa prejudica os mais pobres.<\/li>\n<li>O comentador da CMTV diz que \u00e9 inacredit\u00e1vel n\u00e3o haver servi\u00e7os m\u00ednimos durante a greve.<\/li>\n<li>Refor\u00e7a ainda a ideia de que \u00e9 urgente que os transportes p\u00fablicos sejam geridos por empresas privadas.<\/li>\n<li>A declara\u00e7\u00e3o acompanha a cobertura \u00e0 greve que afeta o metro de Lisboa.<\/li>\n<li>A not\u00edcia foca-se nas perspetivas do comentador e nas decis\u00f5es associadas \u00e0 gest\u00e3o dos transportes.<\/li>\n<\/ul>\n","protected":false},"author":2,"featured_media":438164,"comment_status":"closed","ping_status":"closed","sticky":false,"template":"","format":"standard","meta":{"footnotes":""},"categories":[1,5],"tags":[1164,981,3263,5308,192,4535],"class_list":["post-438163","post","type-post","status-publish","format-standard","has-post-thumbnail","hentry","category-noticias","category-politica","tag-greve","tag-lisboa","tag-mobilidade-urbana","tag-servicos-minimos","tag-transporte","tag-transporte-publico"],"yoast_head":"<!-- This site is optimized with the Yoast SEO plugin v27.2 - https:\/\/yoast.com\/product\/yoast-seo-wordpress\/ -->\n<title>Camilo Louren\u00e7o diz que a greve do metro de Lisboa prejudica os mais pobres - Portal Tela Portugal<\/title>\n<meta name=\"robots\" content=\"index, follow, max-snippet:-1, max-image-preview:large, max-video-preview:-1\" \/>\n<meta property=\"og:locale\" content=\"pt_PT\" \/>\n<meta property=\"og:type\" content=\"article\" \/>\n<meta property=\"og:title\" content=\"Camilo Louren\u00e7o diz que a greve do metro de Lisboa prejudica os mais pobres - Portal Tela Portugal\" \/>\n<meta property=\"og:description\" content=\"Camilo Louren\u00e7o afirma que a greve do metro de Lisboa prejudica os mais pobres. O comentador da CMTV diz que \u00e9 inacredit\u00e1vel n\u00e3o haver servi\u00e7os m\u00ednimos durante a greve. Refor\u00e7a ainda a ideia de que \u00e9 urgente que os transportes p\u00fablicos sejam geridos por empresas privadas. A declara\u00e7\u00e3o acompanha a cobertura \u00e0 greve que afeta o metro de Lisboa. A not\u00edcia foca-se nas perspetivas do comentador e nas decis\u00f5es associadas \u00e0 gest\u00e3o dos transportes.\" \/>\n<meta property=\"og:url\" content=\"https:\/\/portaltela.pt\/noticias\/2026\/04\/09\/camilo-lourenco-diz-que-a-greve-do-metro-de-lisboa-prejudica-os-mais-pobres\/\" \/>\n<meta property=\"og:site_name\" content=\"Portal Tela Portugal\" \/>\n<meta property=\"article:published_time\" content=\"2026-04-09T15:02:08+00:00\" \/>\n<meta name=\"author\" content=\"Telinha\" \/>\n<meta name=\"twitter:card\" content=\"summary_large_image\" \/>\n<meta name=\"twitter:label1\" content=\"Escrito por\" \/>\n\t<meta name=\"twitter:data1\" content=\"Telinha\" \/>\n\t<meta name=\"twitter:label2\" content=\"Tempo estimado de leitura\" \/>\n\t<meta name=\"twitter:data2\" content=\"1 minuto\" \/>\n<script type=\"application\/ld+json\" class=\"yoast-schema-graph\">{\"@context\":\"https:\/\/schema.org\",\"@graph\":[{\"@type\":\"Article\",\"@id\":\"https:\/\/portaltela.pt\/noticias\/2026\/04\/09\/camilo-lourenco-diz-que-a-greve-do-metro-de-lisboa-prejudica-os-mais-pobres\/#article\",\"isPartOf\":{\"@id\":\"https:\/\/portaltela.pt\/noticias\/2026\/04\/09\/camilo-lourenco-diz-que-a-greve-do-metro-de-lisboa-prejudica-os-mais-pobres\/\"},\"author\":{\"name\":\"Telinha\",\"@id\":\"https:\/\/portaltela.pt\/#\/schema\/person\/c4278d4a6028830caff9ee44b42d32ed\"},\"headline\":\"Camilo Louren\u00e7o diz que a greve do metro de Lisboa prejudica os mais pobres\",\"datePublished\":\"2026-04-09T15:02:08+00:00\",\"mainEntityOfPage\":{\"@id\":\"https:\/\/portaltela.pt\/noticias\/2026\/04\/09\/camilo-lourenco-diz-que-a-greve-do-metro-de-lisboa-prejudica-os-mais-pobres\/\"},\"wordCount\":186,\"image\":{\"@id\":\"https:\/\/portaltela.pt\/noticias\/2026\/04\/09\/camilo-lourenco-diz-que-a-greve-do-metro-de-lisboa-prejudica-os-mais-pobres\/#primaryimage\"},\"thumbnailUrl\":\"https:\/\/portaltela.pt\/s.01k8rhncp4jt1\/2026\/04\/img_1280x722uu2026-04-09-15-46-30-2277518.jpg\",\"keywords\":[\"greve\",\"Lisboa\",\"mobilidade urbana\",\"servi\u00e7os m\u00ednimos\",\"transporte\",\"transporte p\u00fablico\"],\"articleSection\":[\"Not\u00edcias\",\"Pol\u00edtica\"],\"inLanguage\":\"pt-PT\"},{\"@type\":\"WebPage\",\"@id\":\"https:\/\/portaltela.pt\/noticias\/2026\/04\/09\/camilo-lourenco-diz-que-a-greve-do-metro-de-lisboa-prejudica-os-mais-pobres\/\",\"url\":\"https:\/\/portaltela.pt\/noticias\/2026\/04\/09\/camilo-lourenco-diz-que-a-greve-do-metro-de-lisboa-prejudica-os-mais-pobres\/\",\"name\":\"Camilo Louren\u00e7o diz que a greve do metro de Lisboa prejudica os mais pobres - Portal Tela Portugal\",\"isPartOf\":{\"@id\":\"https:\/\/portaltela.pt\/#website\"},\"primaryImageOfPage\":{\"@id\":\"https:\/\/portaltela.pt\/noticias\/2026\/04\/09\/camilo-lourenco-diz-que-a-greve-do-metro-de-lisboa-prejudica-os-mais-pobres\/#primaryimage\"},\"image\":{\"@id\":\"https:\/\/portaltela.pt\/noticias\/2026\/04\/09\/camilo-lourenco-diz-que-a-greve-do-metro-de-lisboa-prejudica-os-mais-pobres\/#primaryimage\"},\"thumbnailUrl\":\"https:\/\/portaltela.pt\/s.01k8rhncp4jt1\/2026\/04\/img_1280x722uu2026-04-09-15-46-30-2277518.jpg\",\"datePublished\":\"2026-04-09T15:02:08+00:00\",\"author\":{\"@id\":\"https:\/\/portaltela.pt\/#\/schema\/person\/c4278d4a6028830caff9ee44b42d32ed\"},\"breadcrumb\":{\"@id\":\"https:\/\/portaltela.pt\/noticias\/2026\/04\/09\/camilo-lourenco-diz-que-a-greve-do-metro-de-lisboa-prejudica-os-mais-pobres\/#breadcrumb\"},\"inLanguage\":\"pt-PT\",\"potentialAction\":[{\"@type\":\"ReadAction\",\"target\":[\"https:\/\/portaltela.pt\/noticias\/2026\/04\/09\/camilo-lourenco-diz-que-a-greve-do-metro-de-lisboa-prejudica-os-mais-pobres\/\"]}]},{\"@type\":\"ImageObject\",\"inLanguage\":\"pt-PT\",\"@id\":\"https:\/\/portaltela.pt\/noticias\/2026\/04\/09\/camilo-lourenco-diz-que-a-greve-do-metro-de-lisboa-prejudica-os-mais-pobres\/#primaryimage\",\"url\":\"https:\/\/portaltela.pt\/s.01k8rhncp4jt1\/2026\/04\/img_1280x722uu2026-04-09-15-46-30-2277518.jpg\",\"contentUrl\":\"https:\/\/portaltela.pt\/s.01k8rhncp4jt1\/2026\/04\/img_1280x722uu2026-04-09-15-46-30-2277518.jpg\",\"width\":796,\"height\":448,\"caption\":\"Photo\"},{\"@type\":\"BreadcrumbList\",\"@id\":\"https:\/\/portaltela.pt\/noticias\/2026\/04\/09\/camilo-lourenco-diz-que-a-greve-do-metro-de-lisboa-prejudica-os-mais-pobres\/#breadcrumb\",\"itemListElement\":[{\"@type\":\"ListItem\",\"position\":1,\"name\":\"In\u00edcio\",\"item\":\"https:\/\/portaltela.pt\/\"},{\"@type\":\"ListItem\",\"position\":2,\"name\":\"Camilo Louren\u00e7o diz que a greve do metro de Lisboa prejudica os mais pobres\"}]},{\"@type\":\"WebSite\",\"@id\":\"https:\/\/portaltela.pt\/#website\",\"url\":\"https:\/\/portaltela.pt\/\",\"name\":\"Portal Tela Portugal\",\"description\":\"\",\"potentialAction\":[{\"@type\":\"SearchAction\",\"target\":{\"@type\":\"EntryPoint\",\"urlTemplate\":\"https:\/\/portaltela.pt\/?s={search_term_string}\"},\"query-input\":{\"@type\":\"PropertyValueSpecification\",\"valueRequired\":true,\"valueName\":\"search_term_string\"}}],\"inLanguage\":\"pt-PT\"},{\"@type\":\"Person\",\"@id\":\"https:\/\/portaltela.pt\/#\/schema\/person\/c4278d4a6028830caff9ee44b42d32ed\",\"name\":\"Telinha\",\"image\":{\"@type\":\"ImageObject\",\"inLanguage\":\"pt-PT\",\"@id\":\"https:\/\/portaltela.pt\/s.01k8rhncp4jt1\/2025\/11\/talking-bot-125x125.png\",\"url\":\"https:\/\/portaltela.pt\/s.01k8rhncp4jt1\/2025\/11\/talking-bot-125x125.png\",\"contentUrl\":\"https:\/\/portaltela.pt\/s.01k8rhncp4jt1\/2025\/11\/talking-bot-125x125.png\",\"caption\":\"Telinha\"},\"sameAs\":[\"https:\/\/portaltela.pt\/\"],\"url\":\"https:\/\/portaltela.pt\/por\/367410592786\/\"}]}<\/script>\n<!-- \/ Yoast SEO plugin. -->","yoast_head_json":{"title":"Camilo Louren\u00e7o diz que a greve do metro de Lisboa prejudica os mais pobres - Portal Tela Portugal","robots":{"index":"index","follow":"follow","max-snippet":"max-snippet:-1","max-image-preview":"max-image-preview:large","max-video-preview":"max-video-preview:-1"},"og_locale":"pt_PT","og_type":"article","og_title":"Camilo Louren\u00e7o diz que a greve do metro de Lisboa prejudica os mais pobres - Portal Tela Portugal","og_description":"Camilo Louren\u00e7o afirma que a greve do metro de Lisboa prejudica os mais pobres. O comentador da CMTV diz que \u00e9 inacredit\u00e1vel n\u00e3o haver servi\u00e7os m\u00ednimos durante a greve. Refor\u00e7a ainda a ideia de que \u00e9 urgente que os transportes p\u00fablicos sejam geridos por empresas privadas. A declara\u00e7\u00e3o acompanha a cobertura \u00e0 greve que afeta o metro de Lisboa. A not\u00edcia foca-se nas perspetivas do comentador e nas decis\u00f5es associadas \u00e0 gest\u00e3o dos transportes.","og_url":"https:\/\/portaltela.pt\/noticias\/2026\/04\/09\/camilo-lourenco-diz-que-a-greve-do-metro-de-lisboa-prejudica-os-mais-pobres\/","og_site_name":"Portal Tela Portugal","article_published_time":"2026-04-09T15:02:08+00:00","author":"Telinha","twitter_card":"summary_large_image","twitter_misc":{"Escrito por":"Telinha","Tempo estimado de leitura":"1 minuto"},"schema":{"@context":"https:\/\/schema.org","@graph":[{"@type":"Article","@id":"https:\/\/portaltela.pt\/noticias\/2026\/04\/09\/camilo-lourenco-diz-que-a-greve-do-metro-de-lisboa-prejudica-os-mais-pobres\/#article","isPartOf":{"@id":"https:\/\/portaltela.pt\/noticias\/2026\/04\/09\/camilo-lourenco-diz-que-a-greve-do-metro-de-lisboa-prejudica-os-mais-pobres\/"},"author":{"name":"Telinha","@id":"https:\/\/portaltela.pt\/#\/schema\/person\/c4278d4a6028830caff9ee44b42d32ed"},"headline":"Camilo Louren\u00e7o diz que a greve do metro de Lisboa prejudica os mais pobres","datePublished":"2026-04-09T15:02:08+00:00","mainEntityOfPage":{"@id":"https:\/\/portaltela.pt\/noticias\/2026\/04\/09\/camilo-lourenco-diz-que-a-greve-do-metro-de-lisboa-prejudica-os-mais-pobres\/"},"wordCount":186,"image":{"@id":"https:\/\/portaltela.pt\/noticias\/2026\/04\/09\/camilo-lourenco-diz-que-a-greve-do-metro-de-lisboa-prejudica-os-mais-pobres\/#primaryimage"},"thumbnailUrl":"https:\/\/portaltela.pt\/s.01k8rhncp4jt1\/2026\/04\/img_1280x722uu2026-04-09-15-46-30-2277518.jpg","keywords":["greve","Lisboa","mobilidade urbana","servi\u00e7os m\u00ednimos","transporte","transporte p\u00fablico"],"articleSection":["Not\u00edcias","Pol\u00edtica"],"inLanguage":"pt-PT"},{"@type":"WebPage","@id":"https:\/\/portaltela.pt\/noticias\/2026\/04\/09\/camilo-lourenco-diz-que-a-greve-do-metro-de-lisboa-prejudica-os-mais-pobres\/","url":"https:\/\/portaltela.pt\/noticias\/2026\/04\/09\/camilo-lourenco-diz-que-a-greve-do-metro-de-lisboa-prejudica-os-mais-pobres\/","name":"Camilo Louren\u00e7o diz que a greve do metro de Lisboa prejudica os mais pobres - Portal Tela Portugal","isPartOf":{"@id":"https:\/\/portaltela.pt\/#website"},"primaryImageOfPage":{"@id":"https:\/\/portaltela.pt\/noticias\/2026\/04\/09\/camilo-lourenco-diz-que-a-greve-do-metro-de-lisboa-prejudica-os-mais-pobres\/#primaryimage"},"image":{"@id":"https:\/\/portaltela.pt\/noticias\/2026\/04\/09\/camilo-lourenco-diz-que-a-greve-do-metro-de-lisboa-prejudica-os-mais-pobres\/#primaryimage"},"thumbnailUrl":"https:\/\/portaltela.pt\/s.01k8rhncp4jt1\/2026\/04\/img_1280x722uu2026-04-09-15-46-30-2277518.jpg","datePublished":"2026-04-09T15:02:08+00:00","author":{"@id":"https:\/\/portaltela.pt\/#\/schema\/person\/c4278d4a6028830caff9ee44b42d32ed"},"breadcrumb":{"@id":"https:\/\/portaltela.pt\/noticias\/2026\/04\/09\/camilo-lourenco-diz-que-a-greve-do-metro-de-lisboa-prejudica-os-mais-pobres\/#breadcrumb"},"inLanguage":"pt-PT","potentialAction":[{"@type":"ReadAction","target":["https:\/\/portaltela.pt\/noticias\/2026\/04\/09\/camilo-lourenco-diz-que-a-greve-do-metro-de-lisboa-prejudica-os-mais-pobres\/"]}]},{"@type":"ImageObject","inLanguage":"pt-PT","@id":"https:\/\/portaltela.pt\/noticias\/2026\/04\/09\/camilo-lourenco-diz-que-a-greve-do-metro-de-lisboa-prejudica-os-mais-pobres\/#primaryimage","url":"https:\/\/portaltela.pt\/s.01k8rhncp4jt1\/2026\/04\/img_1280x722uu2026-04-09-15-46-30-2277518.jpg","contentUrl":"https:\/\/portaltela.pt\/s.01k8rhncp4jt1\/2026\/04\/img_1280x722uu2026-04-09-15-46-30-2277518.jpg","width":796,"height":448,"caption":"Photo"},{"@type":"BreadcrumbList","@id":"https:\/\/portaltela.pt\/noticias\/2026\/04\/09\/camilo-lourenco-diz-que-a-greve-do-metro-de-lisboa-prejudica-os-mais-pobres\/#breadcrumb","itemListElement":[{"@type":"ListItem","position":1,"name":"In\u00edcio","item":"https:\/\/portaltela.pt\/"},{"@type":"ListItem","position":2,"name":"Camilo Louren\u00e7o diz que a greve do metro de Lisboa prejudica os mais pobres"}]},{"@type":"WebSite","@id":"https:\/\/portaltela.pt\/#website","url":"https:\/\/portaltela.pt\/","name":"Portal Tela Portugal","description":"","potentialAction":[{"@type":"SearchAction","target":{"@type":"EntryPoint","urlTemplate":"https:\/\/portaltela.pt\/?s={search_term_string}"},"query-input":{"@type":"PropertyValueSpecification","valueRequired":true,"valueName":"search_term_string"}}],"inLanguage":"pt-PT"},{"@type":"Person","@id":"https:\/\/portaltela.pt\/#\/schema\/person\/c4278d4a6028830caff9ee44b42d32ed","name":"Telinha","image":{"@type":"ImageObject","inLanguage":"pt-PT","@id":"https:\/\/portaltela.pt\/s.01k8rhncp4jt1\/2025\/11\/talking-bot-125x125.png","url":"https:\/\/portaltela.pt\/s.01k8rhncp4jt1\/2025\/11\/talking-bot-125x125.png","contentUrl":"https:\/\/portaltela.pt\/s.01k8rhncp4jt1\/2025\/11\/talking-bot-125x125.png","caption":"Telinha"},"sameAs":["https:\/\/portaltela.pt\/"],"url":"https:\/\/portaltela.pt\/por\/367410592786\/"}]}},"_links":{"self":[{"href":"https:\/\/portaltela.pt\/api\/wp\/v2\/posts\/438163","targetHints":{"allow":["GET"]}}],"collection":[{"href":"https:\/\/portaltela.pt\/api\/wp\/v2\/posts"}],"about":[{"href":"https:\/\/portaltela.pt\/api\/wp\/v2\/types\/post"}],"author":[{"embeddable":true,"href":"https:\/\/portaltela.pt\/api\/wp\/v2\/users\/2"}],"replies":[{"embeddable":true,"href":"https:\/\/portaltela.pt\/api\/wp\/v2\/comments?post=438163"}],"version-history":[{"count":0,"href":"https:\/\/portaltela.pt\/api\/wp\/v2\/posts\/438163\/revisions"}],"wp:featuredmedia":[{"embeddable":true,"href":"https:\/\/portaltela.pt\/api\/wp\/v2\/media\/438164"}],"wp:attachment":[{"href":"https:\/\/portaltela.pt\/api\/wp\/v2\/media?parent=438163"}],"wp:term":[{"taxonomy":"category","embeddable":true,"href":"https:\/\/portaltela.pt\/api\/wp\/v2\/categories?post=438163"},{"taxonomy":"post_tag","embeddable":true,"href":"https:\/\/portaltela.pt\/api\/wp\/v2\/tags?post=438163"}],"curies":[{"name":"wp","href":"https:\/\/api.w.org\/{rel}","templated":true}]}}