{"id":438096,"date":"2026-04-09T11:17:26","date_gmt":"2026-04-09T14:17:26","guid":{"rendered":"https:\/\/portaltela.pt\/noticias\/2026\/04\/09\/parabens-a-ab-santarem-pelos-50-anos-na-festa-do-basquetebol\/"},"modified":"2026-04-09T11:17:26","modified_gmt":"2026-04-09T14:17:26","slug":"parabens-a-ab-santarem-pelos-50-anos-na-festa-do-basquetebol","status":"publish","type":"post","link":"https:\/\/portaltela.pt\/desporto\/futebol\/2026\/04\/09\/parabens-a-ab-santarem-pelos-50-anos-na-festa-do-basquetebol\/","title":{"rendered":"Parab\u00e9ns \u00e0 AB Santar\u00e9m pelos 50 anos na Festa do Basquetebol"},"content":{"rendered":"<p>No intervalo da 18.\u00aa Festa do Basquetebol, realizou-se uma homenagem no Pavilh\u00e3o Desportivo de Albufeira. Foi entoado o parab\u00e9ns \u00e0 Associa\u00e7\u00e3o de Basquetebol de Santar\u00e9m, que celebra 50 anos de hist\u00f3ria.<\/p>\n<p>A cerim\u00f3nia ocorreu durante os jogos da edi\u00e7\u00e3o deste ano da festa, com jogadores, treinadores e dirigentes presentes na bancada. A iniciativa visou reconhecer a traject\u00f3ria da AB Santar\u00e9m no desporto.<\/p>\n<p>A comemora\u00e7\u00e3o enquadra-se num evento que re\u00fane clubes, atletas e p\u00fablico para celebrar o basquetebol na regi\u00e3o. A organiza\u00e7\u00e3o da 18.\u00aa Festa do Basquetebol manteve o foco na divulga\u00e7\u00e3o da modalidade.<\/p>\n","protected":false},"excerpt":{"rendered":"<ul>\n<li>No intervalo da 18.\u00aa Festa do Basquetebol, no Pavilh\u00e3o Desportivo de Albufeira, cantaram os parab\u00e9ns \u00e0 Associa\u00e7\u00e3o de Basquetebol de Santar\u00e9m.<\/li>\n<li>A Associa\u00e7\u00e3o de Basquetebol de Santar\u00e9m celebra 50 anos de hist\u00f3ria.<\/li>\n<li>O evento faz parte da edi\u00e7\u00e3o da Festa do Basquetebol que decorre em Albufeira.<\/li>\n<li>O ato ocorreu hoje durante a iniciativa desportiva.<\/li>\n<\/ul>\n","protected":false},"author":2,"featured_media":438098,"comment_status":"closed","ping_status":"closed","sticky":false,"template":"","format":"standard","meta":{"footnotes":""},"categories":[21,24],"tags":[1202,679,85,152,1014,898],"class_list":["post-438096","post","type-post","status-publish","format-standard","has-post-thumbnail","hentry","category-desporto","category-futebol","tag-albufeira","tag-associacoes","tag-basquete","tag-desporto","tag-portugal","tag-santarem"],"yoast_head":"<!-- This site is optimized with the Yoast SEO plugin v27.2 - https:\/\/yoast.com\/product\/yoast-seo-wordpress\/ -->\n<title>Parab\u00e9ns \u00e0 AB Santar\u00e9m pelos 50 anos na Festa do Basquetebol - Portal Tela Portugal<\/title>\n<meta name=\"robots\" content=\"index, follow, max-snippet:-1, max-image-preview:large, max-video-preview:-1\" \/>\n<meta property=\"og:locale\" content=\"pt_PT\" \/>\n<meta property=\"og:type\" content=\"article\" \/>\n<meta property=\"og:title\" content=\"Parab\u00e9ns \u00e0 AB Santar\u00e9m pelos 50 anos na Festa do Basquetebol - Portal Tela Portugal\" \/>\n<meta property=\"og:description\" content=\"No intervalo da 18.\u00aa Festa do Basquetebol, no Pavilh\u00e3o Desportivo de Albufeira, cantaram os parab\u00e9ns \u00e0 Associa\u00e7\u00e3o de Basquetebol de Santar\u00e9m. A Associa\u00e7\u00e3o de Basquetebol de Santar\u00e9m celebra 50 anos de hist\u00f3ria. O evento faz parte da edi\u00e7\u00e3o da Festa do Basquetebol que decorre em Albufeira. O ato ocorreu hoje durante a iniciativa desportiva.\" \/>\n<meta property=\"og:url\" content=\"https:\/\/portaltela.pt\/noticias\/2026\/04\/09\/parabens-a-ab-santarem-pelos-50-anos-na-festa-do-basquetebol\/\" \/>\n<meta property=\"og:site_name\" content=\"Portal Tela Portugal\" \/>\n<meta property=\"article:published_time\" content=\"2026-04-09T14:17:26+00:00\" \/>\n<meta name=\"author\" content=\"Telinha\" \/>\n<meta name=\"twitter:card\" content=\"summary_large_image\" \/>\n<meta name=\"twitter:label1\" content=\"Escrito por\" \/>\n\t<meta name=\"twitter:data1\" content=\"Telinha\" \/>\n\t<meta name=\"twitter:label2\" content=\"Tempo estimado de leitura\" \/>\n\t<meta name=\"twitter:data2\" content=\"1 minuto\" \/>\n<script type=\"application\/ld+json\" class=\"yoast-schema-graph\">{\"@context\":\"https:\/\/schema.org\",\"@graph\":[{\"@type\":\"Article\",\"@id\":\"https:\/\/portaltela.pt\/noticias\/2026\/04\/09\/parabens-a-ab-santarem-pelos-50-anos-na-festa-do-basquetebol\/#article\",\"isPartOf\":{\"@id\":\"https:\/\/portaltela.pt\/noticias\/2026\/04\/09\/parabens-a-ab-santarem-pelos-50-anos-na-festa-do-basquetebol\/\"},\"author\":{\"name\":\"Telinha\",\"@id\":\"https:\/\/portaltela.pt\/#\/schema\/person\/c4278d4a6028830caff9ee44b42d32ed\"},\"headline\":\"Parab\u00e9ns \u00e0 AB Santar\u00e9m pelos 50 anos na Festa do Basquetebol\",\"datePublished\":\"2026-04-09T14:17:26+00:00\",\"mainEntityOfPage\":{\"@id\":\"https:\/\/portaltela.pt\/noticias\/2026\/04\/09\/parabens-a-ab-santarem-pelos-50-anos-na-festa-do-basquetebol\/\"},\"wordCount\":115,\"image\":{\"@id\":\"https:\/\/portaltela.pt\/noticias\/2026\/04\/09\/parabens-a-ab-santarem-pelos-50-anos-na-festa-do-basquetebol\/#primaryimage\"},\"thumbnailUrl\":\"https:\/\/portaltela.pt\/s.01k8rhncp4jt1\/2026\/04\/img_1200x721uu2026-04-09-15-00-21-2431993.jpg\",\"keywords\":[\"Albufeira\",\"associa\u00e7\u00f5es\",\"basquete\",\"desporto\",\"Portugal\",\"Santar\u00e9m\"],\"articleSection\":[\"Desporto\",\"Futebol\"],\"inLanguage\":\"pt-PT\"},{\"@type\":\"WebPage\",\"@id\":\"https:\/\/portaltela.pt\/noticias\/2026\/04\/09\/parabens-a-ab-santarem-pelos-50-anos-na-festa-do-basquetebol\/\",\"url\":\"https:\/\/portaltela.pt\/noticias\/2026\/04\/09\/parabens-a-ab-santarem-pelos-50-anos-na-festa-do-basquetebol\/\",\"name\":\"Parab\u00e9ns \u00e0 AB Santar\u00e9m pelos 50 anos na Festa do Basquetebol - Portal Tela Portugal\",\"isPartOf\":{\"@id\":\"https:\/\/portaltela.pt\/#website\"},\"primaryImageOfPage\":{\"@id\":\"https:\/\/portaltela.pt\/noticias\/2026\/04\/09\/parabens-a-ab-santarem-pelos-50-anos-na-festa-do-basquetebol\/#primaryimage\"},\"image\":{\"@id\":\"https:\/\/portaltela.pt\/noticias\/2026\/04\/09\/parabens-a-ab-santarem-pelos-50-anos-na-festa-do-basquetebol\/#primaryimage\"},\"thumbnailUrl\":\"https:\/\/portaltela.pt\/s.01k8rhncp4jt1\/2026\/04\/img_1200x721uu2026-04-09-15-00-21-2431993.jpg\",\"datePublished\":\"2026-04-09T14:17:26+00:00\",\"author\":{\"@id\":\"https:\/\/portaltela.pt\/#\/schema\/person\/c4278d4a6028830caff9ee44b42d32ed\"},\"breadcrumb\":{\"@id\":\"https:\/\/portaltela.pt\/noticias\/2026\/04\/09\/parabens-a-ab-santarem-pelos-50-anos-na-festa-do-basquetebol\/#breadcrumb\"},\"inLanguage\":\"pt-PT\",\"potentialAction\":[{\"@type\":\"ReadAction\",\"target\":[\"https:\/\/portaltela.pt\/noticias\/2026\/04\/09\/parabens-a-ab-santarem-pelos-50-anos-na-festa-do-basquetebol\/\"]}]},{\"@type\":\"ImageObject\",\"inLanguage\":\"pt-PT\",\"@id\":\"https:\/\/portaltela.pt\/noticias\/2026\/04\/09\/parabens-a-ab-santarem-pelos-50-anos-na-festa-do-basquetebol\/#primaryimage\",\"url\":\"https:\/\/portaltela.pt\/s.01k8rhncp4jt1\/2026\/04\/img_1200x721uu2026-04-09-15-00-21-2431993.jpg\",\"contentUrl\":\"https:\/\/portaltela.pt\/s.01k8rhncp4jt1\/2026\/04\/img_1200x721uu2026-04-09-15-00-21-2431993.jpg\",\"width\":796,\"height\":448,\"caption\":\"No Pavilh\u00e3o Desportivo de Albufeira, no intervalo dos jogos da 18.\u00aa Festa do Basquetebol, cantou-se hoje os parab\u00e9ns \u00e0 Associa\u00e7\u00e3o de Basquetebol de Santar\u00e9m que cumpre 50 anos de hist\u00f3ria.\"},{\"@type\":\"BreadcrumbList\",\"@id\":\"https:\/\/portaltela.pt\/noticias\/2026\/04\/09\/parabens-a-ab-santarem-pelos-50-anos-na-festa-do-basquetebol\/#breadcrumb\",\"itemListElement\":[{\"@type\":\"ListItem\",\"position\":1,\"name\":\"In\u00edcio\",\"item\":\"https:\/\/portaltela.pt\/\"},{\"@type\":\"ListItem\",\"position\":2,\"name\":\"Parab\u00e9ns \u00e0 AB Santar\u00e9m pelos 50 anos na Festa do Basquetebol\"}]},{\"@type\":\"WebSite\",\"@id\":\"https:\/\/portaltela.pt\/#website\",\"url\":\"https:\/\/portaltela.pt\/\",\"name\":\"Portal Tela Portugal\",\"description\":\"\",\"potentialAction\":[{\"@type\":\"SearchAction\",\"target\":{\"@type\":\"EntryPoint\",\"urlTemplate\":\"https:\/\/portaltela.pt\/?s={search_term_string}\"},\"query-input\":{\"@type\":\"PropertyValueSpecification\",\"valueRequired\":true,\"valueName\":\"search_term_string\"}}],\"inLanguage\":\"pt-PT\"},{\"@type\":\"Person\",\"@id\":\"https:\/\/portaltela.pt\/#\/schema\/person\/c4278d4a6028830caff9ee44b42d32ed\",\"name\":\"Telinha\",\"image\":{\"@type\":\"ImageObject\",\"inLanguage\":\"pt-PT\",\"@id\":\"https:\/\/portaltela.pt\/s.01k8rhncp4jt1\/2025\/11\/talking-bot-125x125.png\",\"url\":\"https:\/\/portaltela.pt\/s.01k8rhncp4jt1\/2025\/11\/talking-bot-125x125.png\",\"contentUrl\":\"https:\/\/portaltela.pt\/s.01k8rhncp4jt1\/2025\/11\/talking-bot-125x125.png\",\"caption\":\"Telinha\"},\"sameAs\":[\"https:\/\/portaltela.pt\/\"],\"url\":\"https:\/\/portaltela.pt\/por\/367410592786\/\"}]}<\/script>\n<!-- \/ Yoast SEO plugin. -->","yoast_head_json":{"title":"Parab\u00e9ns \u00e0 AB Santar\u00e9m pelos 50 anos na Festa do Basquetebol - Portal Tela Portugal","robots":{"index":"index","follow":"follow","max-snippet":"max-snippet:-1","max-image-preview":"max-image-preview:large","max-video-preview":"max-video-preview:-1"},"og_locale":"pt_PT","og_type":"article","og_title":"Parab\u00e9ns \u00e0 AB Santar\u00e9m pelos 50 anos na Festa do Basquetebol - Portal Tela Portugal","og_description":"No intervalo da 18.\u00aa Festa do Basquetebol, no Pavilh\u00e3o Desportivo de Albufeira, cantaram os parab\u00e9ns \u00e0 Associa\u00e7\u00e3o de Basquetebol de Santar\u00e9m. A Associa\u00e7\u00e3o de Basquetebol de Santar\u00e9m celebra 50 anos de hist\u00f3ria. O evento faz parte da edi\u00e7\u00e3o da Festa do Basquetebol que decorre em Albufeira. O ato ocorreu hoje durante a iniciativa desportiva.","og_url":"https:\/\/portaltela.pt\/noticias\/2026\/04\/09\/parabens-a-ab-santarem-pelos-50-anos-na-festa-do-basquetebol\/","og_site_name":"Portal Tela Portugal","article_published_time":"2026-04-09T14:17:26+00:00","author":"Telinha","twitter_card":"summary_large_image","twitter_misc":{"Escrito por":"Telinha","Tempo estimado de leitura":"1 minuto"},"schema":{"@context":"https:\/\/schema.org","@graph":[{"@type":"Article","@id":"https:\/\/portaltela.pt\/noticias\/2026\/04\/09\/parabens-a-ab-santarem-pelos-50-anos-na-festa-do-basquetebol\/#article","isPartOf":{"@id":"https:\/\/portaltela.pt\/noticias\/2026\/04\/09\/parabens-a-ab-santarem-pelos-50-anos-na-festa-do-basquetebol\/"},"author":{"name":"Telinha","@id":"https:\/\/portaltela.pt\/#\/schema\/person\/c4278d4a6028830caff9ee44b42d32ed"},"headline":"Parab\u00e9ns \u00e0 AB Santar\u00e9m pelos 50 anos na Festa do Basquetebol","datePublished":"2026-04-09T14:17:26+00:00","mainEntityOfPage":{"@id":"https:\/\/portaltela.pt\/noticias\/2026\/04\/09\/parabens-a-ab-santarem-pelos-50-anos-na-festa-do-basquetebol\/"},"wordCount":115,"image":{"@id":"https:\/\/portaltela.pt\/noticias\/2026\/04\/09\/parabens-a-ab-santarem-pelos-50-anos-na-festa-do-basquetebol\/#primaryimage"},"thumbnailUrl":"https:\/\/portaltela.pt\/s.01k8rhncp4jt1\/2026\/04\/img_1200x721uu2026-04-09-15-00-21-2431993.jpg","keywords":["Albufeira","associa\u00e7\u00f5es","basquete","desporto","Portugal","Santar\u00e9m"],"articleSection":["Desporto","Futebol"],"inLanguage":"pt-PT"},{"@type":"WebPage","@id":"https:\/\/portaltela.pt\/noticias\/2026\/04\/09\/parabens-a-ab-santarem-pelos-50-anos-na-festa-do-basquetebol\/","url":"https:\/\/portaltela.pt\/noticias\/2026\/04\/09\/parabens-a-ab-santarem-pelos-50-anos-na-festa-do-basquetebol\/","name":"Parab\u00e9ns \u00e0 AB Santar\u00e9m pelos 50 anos na Festa do Basquetebol - Portal Tela Portugal","isPartOf":{"@id":"https:\/\/portaltela.pt\/#website"},"primaryImageOfPage":{"@id":"https:\/\/portaltela.pt\/noticias\/2026\/04\/09\/parabens-a-ab-santarem-pelos-50-anos-na-festa-do-basquetebol\/#primaryimage"},"image":{"@id":"https:\/\/portaltela.pt\/noticias\/2026\/04\/09\/parabens-a-ab-santarem-pelos-50-anos-na-festa-do-basquetebol\/#primaryimage"},"thumbnailUrl":"https:\/\/portaltela.pt\/s.01k8rhncp4jt1\/2026\/04\/img_1200x721uu2026-04-09-15-00-21-2431993.jpg","datePublished":"2026-04-09T14:17:26+00:00","author":{"@id":"https:\/\/portaltela.pt\/#\/schema\/person\/c4278d4a6028830caff9ee44b42d32ed"},"breadcrumb":{"@id":"https:\/\/portaltela.pt\/noticias\/2026\/04\/09\/parabens-a-ab-santarem-pelos-50-anos-na-festa-do-basquetebol\/#breadcrumb"},"inLanguage":"pt-PT","potentialAction":[{"@type":"ReadAction","target":["https:\/\/portaltela.pt\/noticias\/2026\/04\/09\/parabens-a-ab-santarem-pelos-50-anos-na-festa-do-basquetebol\/"]}]},{"@type":"ImageObject","inLanguage":"pt-PT","@id":"https:\/\/portaltela.pt\/noticias\/2026\/04\/09\/parabens-a-ab-santarem-pelos-50-anos-na-festa-do-basquetebol\/#primaryimage","url":"https:\/\/portaltela.pt\/s.01k8rhncp4jt1\/2026\/04\/img_1200x721uu2026-04-09-15-00-21-2431993.jpg","contentUrl":"https:\/\/portaltela.pt\/s.01k8rhncp4jt1\/2026\/04\/img_1200x721uu2026-04-09-15-00-21-2431993.jpg","width":796,"height":448,"caption":"No Pavilh\u00e3o Desportivo de Albufeira, no intervalo dos jogos da 18.\u00aa Festa do Basquetebol, cantou-se hoje os parab\u00e9ns \u00e0 Associa\u00e7\u00e3o de Basquetebol de Santar\u00e9m que cumpre 50 anos de hist\u00f3ria."},{"@type":"BreadcrumbList","@id":"https:\/\/portaltela.pt\/noticias\/2026\/04\/09\/parabens-a-ab-santarem-pelos-50-anos-na-festa-do-basquetebol\/#breadcrumb","itemListElement":[{"@type":"ListItem","position":1,"name":"In\u00edcio","item":"https:\/\/portaltela.pt\/"},{"@type":"ListItem","position":2,"name":"Parab\u00e9ns \u00e0 AB Santar\u00e9m pelos 50 anos na Festa do Basquetebol"}]},{"@type":"WebSite","@id":"https:\/\/portaltela.pt\/#website","url":"https:\/\/portaltela.pt\/","name":"Portal Tela Portugal","description":"","potentialAction":[{"@type":"SearchAction","target":{"@type":"EntryPoint","urlTemplate":"https:\/\/portaltela.pt\/?s={search_term_string}"},"query-input":{"@type":"PropertyValueSpecification","valueRequired":true,"valueName":"search_term_string"}}],"inLanguage":"pt-PT"},{"@type":"Person","@id":"https:\/\/portaltela.pt\/#\/schema\/person\/c4278d4a6028830caff9ee44b42d32ed","name":"Telinha","image":{"@type":"ImageObject","inLanguage":"pt-PT","@id":"https:\/\/portaltela.pt\/s.01k8rhncp4jt1\/2025\/11\/talking-bot-125x125.png","url":"https:\/\/portaltela.pt\/s.01k8rhncp4jt1\/2025\/11\/talking-bot-125x125.png","contentUrl":"https:\/\/portaltela.pt\/s.01k8rhncp4jt1\/2025\/11\/talking-bot-125x125.png","caption":"Telinha"},"sameAs":["https:\/\/portaltela.pt\/"],"url":"https:\/\/portaltela.pt\/por\/367410592786\/"}]}},"_links":{"self":[{"href":"https:\/\/portaltela.pt\/api\/wp\/v2\/posts\/438096","targetHints":{"allow":["GET"]}}],"collection":[{"href":"https:\/\/portaltela.pt\/api\/wp\/v2\/posts"}],"about":[{"href":"https:\/\/portaltela.pt\/api\/wp\/v2\/types\/post"}],"author":[{"embeddable":true,"href":"https:\/\/portaltela.pt\/api\/wp\/v2\/users\/2"}],"replies":[{"embeddable":true,"href":"https:\/\/portaltela.pt\/api\/wp\/v2\/comments?post=438096"}],"version-history":[{"count":0,"href":"https:\/\/portaltela.pt\/api\/wp\/v2\/posts\/438096\/revisions"}],"wp:featuredmedia":[{"embeddable":true,"href":"https:\/\/portaltela.pt\/api\/wp\/v2\/media\/438098"}],"wp:attachment":[{"href":"https:\/\/portaltela.pt\/api\/wp\/v2\/media?parent=438096"}],"wp:term":[{"taxonomy":"category","embeddable":true,"href":"https:\/\/portaltela.pt\/api\/wp\/v2\/categories?post=438096"},{"taxonomy":"post_tag","embeddable":true,"href":"https:\/\/portaltela.pt\/api\/wp\/v2\/tags?post=438096"}],"curies":[{"name":"wp","href":"https:\/\/api.w.org\/{rel}","templated":true}]}}