{"id":438088,"date":"2026-04-09T11:02:56","date_gmt":"2026-04-09T14:02:56","guid":{"rendered":"https:\/\/portaltela.pt\/noticias\/2026\/04\/09\/alta-dos-precos-dos-combustiveis-reduz-feirantes\/"},"modified":"2026-04-09T11:02:56","modified_gmt":"2026-04-09T14:02:56","slug":"alta-dos-precos-dos-combustiveis-reduz-feirantes","status":"publish","type":"post","link":"https:\/\/portaltela.pt\/noticias\/economia\/2026\/04\/09\/alta-dos-precos-dos-combustiveis-reduz-feirantes\/","title":{"rendered":"Alta dos pre\u00e7os dos combust\u00edveis reduz feirantes"},"content":{"rendered":"<p>O aumento dos pre\u00e7os dos combust\u00edveis est\u00e1 a reduzir o n\u00famero de feirantes, segundo o presidente da Federa\u00e7\u00e3o Nacional das Associa\u00e7\u00f5es de Feirantes. A guerra no M\u00e9dio Oriente est\u00e1 a dificultar o repasse de custos aos produtos vendidos nas feiras.<\/p>\n<p>Joaquim Santos afirma que cada abastecimento de combust\u00edvel acarreta um custo adicional entre 30 e 40 euros, valor que nem sempre consegue ser repercutido no pre\u00e7o final. Muitos feirantes n\u00e3o sabem se ter\u00e3o retorno ao fim do dia.<\/p>\n<p>A situa\u00e7\u00e3o agrava-se pela incerteza de conseguir cobrir as despesas, principalmente ap\u00f3s um inverno pouco favor\u00e1vel ao setor e pelas dificuldades em transferir o custo aos clientes. O mercado tem sido marcado pela instabilidade.<\/p>\n<p>A legisla\u00e7\u00e3o 10\/2015, que regula feiras e mercados, \u00e9 apontada como parte do problema. A rotatividade de espa\u00e7os exige ocupa\u00e7\u00e3o constante, mas hoje n\u00e3o h\u00e1 feirantes suficientes para justificar essa exig\u00eancia, sustenta o presidente.<\/p>\n<p>Segundo Santos, h\u00e1 feiras com centenas de lugares vazios, com concursos que quase n\u00e3o preenchem mais de meia d\u00fazia de vagas. A idade de reforma de muitos feirantes e a concorr\u00eancia intensa contribuem para a redu\u00e7\u00e3o de atividade.<\/p>\n<p>Cr\u00edticas s\u00e3o dirigidas aos governos e \u00e0 Uni\u00e3o Europeia pela falta de medidas para combater o crescimento das vendas online. A atua\u00e7\u00e3o da ASAE \u00e9 elogiada, mas alegam que ainda n\u00e3o \u00e9 suficiente para conter a concorr\u00eancia digital.<\/p>\n<p>Conversas com o Governo teriam revelado vontade de reformar a legisla\u00e7\u00e3o, segundo o dirigente. Santos apela aos munic\u00edpios para ajustarem a organiza\u00e7\u00e3o das feiras ao contexto atual e evitarem perder espa\u00e7o de venda.<\/p>\n<p>As cr\u00edticas estendem-se \u00e0 atua\u00e7\u00e3o policial, com relatos de multas a quem procura estacionar perto das feiras. A percep\u00e7\u00e3o \u00e9 de penaliza\u00e7\u00e3o em vez de toler\u00e2ncia, o que contribui para a desmobiliza\u00e7\u00e3o de feirantes.<\/p>\n<p>O conflito no M\u00e9dio Oriente teve in\u00edcio a 28 de fevereiro, quando ataques entre EUA, Israel e Ir\u00e3o desencadearam respostas com m\u00edsseis, drones e bloqueio parcial do Estreito de Ormuz, vias estrat\u00e9gicas para o petr\u00f3leo. O cen\u00e1rio elevou o pre\u00e7o da energia e volatilizou mercados.<\/p>\n<p>O cessar-fogo provis\u00f3rio, anunciado recentemente, trouxe algum al\u00edvio, mas a incerteza geopol\u00edtica persiste. Analistas destacam que os impactos nas cadeias de abastecimento e nos custos energ\u00e9ticos dever\u00e3o perdurar nos pr\u00f3ximos meses.<\/p>\n","protected":false},"excerpt":{"rendered":"<ul>\n<li>O presidente da Federa\u00e7\u00e3o Nacional das Associa\u00e7\u00f5es de Feirantes indicou que a guerra no M\u00e9dio Oriente reduziu o n\u00famero de feirantes, que n\u00e3o conseguem repassar o aumento dos combust\u00edveis aos pre\u00e7os.<\/li>\n<li>Segundo Joaquim Santos, cada abastecimento para ir \u00e0 feira envolve um acr\u00e9scimo de 30 a 40 euros, o que nem sempre resulta em retorno no final do dia.<\/li>\n<li>A situa\u00e7\u00e3o agrava-se pela dificuldade de transferir esses custos para o consumidor final e pelo inverno recente, que tamb\u00e9m afetou o mercado, levando alguns feirantes a procurar outras formas de sustento.<\/li>\n<li>Defende-se a revis\u00e3o da lei 10\/2015, especialmente no que toca \u00e0 rotatividade de espa\u00e7os, j\u00e1 que h\u00e1 feiras com 200 lugares livres e muita dificuldade de ocupa\u00e7\u00e3o por idade de reforma ou concorr\u00eancia alta.<\/li>\n<li>O dirigente criticou governos e Uni\u00e3o Europeia pelaquilo a que chama de \u201cpara\u00edso fiscal\u201d para vendas online, elogiou a ASAE pela luta contra a contrafa\u00e7\u00e3o nas feiras e pediu que os munic\u00edpios ajustem as feiras ao momento atual.<\/li>\n<\/ul>\n","protected":false},"author":2,"featured_media":438090,"comment_status":"closed","ping_status":"closed","sticky":false,"template":"","format":"standard","meta":{"footnotes":""},"categories":[2,6735],"tags":[6115,7775,5382,4787,2198,2832],"class_list":["post-438088","post","type-post","status-publish","format-standard","has-post-thumbnail","hentry","category-economia","category-negocios","tag-_economia","tag-_energia","tag-asae","tag-colaboracao-internacional","tag-conflitos-internacionais","tag-politica"],"yoast_head":"<!-- This site is optimized with the Yoast SEO plugin v27.2 - https:\/\/yoast.com\/product\/yoast-seo-wordpress\/ -->\n<title>Alta dos pre\u00e7os dos combust\u00edveis reduz feirantes - Portal Tela Portugal<\/title>\n<meta name=\"robots\" content=\"index, follow, max-snippet:-1, max-image-preview:large, max-video-preview:-1\" \/>\n<meta property=\"og:locale\" content=\"pt_PT\" \/>\n<meta property=\"og:type\" content=\"article\" \/>\n<meta property=\"og:title\" content=\"Alta dos pre\u00e7os dos combust\u00edveis reduz feirantes - Portal Tela Portugal\" \/>\n<meta property=\"og:description\" content=\"O presidente da Federa\u00e7\u00e3o Nacional das Associa\u00e7\u00f5es de Feirantes indicou que a guerra no M\u00e9dio Oriente reduziu o n\u00famero de feirantes, que n\u00e3o conseguem repassar o aumento dos combust\u00edveis aos pre\u00e7os. Segundo Joaquim Santos, cada abastecimento para ir \u00e0 feira envolve um acr\u00e9scimo de 30 a 40 euros, o que nem sempre resulta em retorno no final do dia. A situa\u00e7\u00e3o agrava-se pela dificuldade de transferir esses custos para o consumidor final e pelo inverno recente, que tamb\u00e9m afetou o mercado, levando alguns feirantes a procurar outras formas de sustento. Defende-se a revis\u00e3o da lei 10\/2015, especialmente no que toca \u00e0 rotatividade de espa\u00e7os, j\u00e1 que h\u00e1 feiras com 200 lugares livres e muita dificuldade de ocupa\u00e7\u00e3o por idade de reforma ou concorr\u00eancia alta. O dirigente criticou governos e Uni\u00e3o Europeia pelaquilo a que chama de \u201cpara\u00edso fiscal\u201d para vendas online, elogiou a ASAE pela luta contra a contrafa\u00e7\u00e3o nas feiras e pediu que os munic\u00edpios ajustem as feiras ao momento atual.\" \/>\n<meta property=\"og:url\" content=\"https:\/\/portaltela.pt\/noticias\/2026\/04\/09\/alta-dos-precos-dos-combustiveis-reduz-feirantes\/\" \/>\n<meta property=\"og:site_name\" content=\"Portal Tela Portugal\" \/>\n<meta property=\"article:published_time\" content=\"2026-04-09T14:02:56+00:00\" \/>\n<meta name=\"author\" content=\"Telinha\" \/>\n<meta name=\"twitter:card\" content=\"summary_large_image\" \/>\n<meta name=\"twitter:label1\" content=\"Escrito por\" \/>\n\t<meta name=\"twitter:data1\" content=\"Telinha\" \/>\n\t<meta name=\"twitter:label2\" content=\"Tempo estimado de leitura\" \/>\n\t<meta name=\"twitter:data2\" content=\"2 minutos\" \/>\n<script type=\"application\/ld+json\" class=\"yoast-schema-graph\">{\"@context\":\"https:\/\/schema.org\",\"@graph\":[{\"@type\":\"Article\",\"@id\":\"https:\/\/portaltela.pt\/noticias\/2026\/04\/09\/alta-dos-precos-dos-combustiveis-reduz-feirantes\/#article\",\"isPartOf\":{\"@id\":\"https:\/\/portaltela.pt\/noticias\/2026\/04\/09\/alta-dos-precos-dos-combustiveis-reduz-feirantes\/\"},\"author\":{\"name\":\"Telinha\",\"@id\":\"https:\/\/portaltela.pt\/#\/schema\/person\/c4278d4a6028830caff9ee44b42d32ed\"},\"headline\":\"Alta dos pre\u00e7os dos combust\u00edveis reduz feirantes\",\"datePublished\":\"2026-04-09T14:02:56+00:00\",\"mainEntityOfPage\":{\"@id\":\"https:\/\/portaltela.pt\/noticias\/2026\/04\/09\/alta-dos-precos-dos-combustiveis-reduz-feirantes\/\"},\"wordCount\":416,\"image\":{\"@id\":\"https:\/\/portaltela.pt\/noticias\/2026\/04\/09\/alta-dos-precos-dos-combustiveis-reduz-feirantes\/#primaryimage\"},\"thumbnailUrl\":\"https:\/\/portaltela.pt\/s.01k8rhncp4jt1\/2026\/04\/img_1500x1000uu2017-10-11-13-39-00-675899.jpg\",\"keywords\":[\"_economia\",\"_energia\",\"ASAE\",\"colabora\u00e7\u00e3o internacional\",\"conflitos internacionais\",\"pol\u00edtica\"],\"articleSection\":[\"Economia\",\"Neg\u00f3cios\"],\"inLanguage\":\"pt-PT\"},{\"@type\":\"WebPage\",\"@id\":\"https:\/\/portaltela.pt\/noticias\/2026\/04\/09\/alta-dos-precos-dos-combustiveis-reduz-feirantes\/\",\"url\":\"https:\/\/portaltela.pt\/noticias\/2026\/04\/09\/alta-dos-precos-dos-combustiveis-reduz-feirantes\/\",\"name\":\"Alta dos pre\u00e7os dos combust\u00edveis reduz feirantes - Portal Tela Portugal\",\"isPartOf\":{\"@id\":\"https:\/\/portaltela.pt\/#website\"},\"primaryImageOfPage\":{\"@id\":\"https:\/\/portaltela.pt\/noticias\/2026\/04\/09\/alta-dos-precos-dos-combustiveis-reduz-feirantes\/#primaryimage\"},\"image\":{\"@id\":\"https:\/\/portaltela.pt\/noticias\/2026\/04\/09\/alta-dos-precos-dos-combustiveis-reduz-feirantes\/#primaryimage\"},\"thumbnailUrl\":\"https:\/\/portaltela.pt\/s.01k8rhncp4jt1\/2026\/04\/img_1500x1000uu2017-10-11-13-39-00-675899.jpg\",\"datePublished\":\"2026-04-09T14:02:56+00:00\",\"author\":{\"@id\":\"https:\/\/portaltela.pt\/#\/schema\/person\/c4278d4a6028830caff9ee44b42d32ed\"},\"breadcrumb\":{\"@id\":\"https:\/\/portaltela.pt\/noticias\/2026\/04\/09\/alta-dos-precos-dos-combustiveis-reduz-feirantes\/#breadcrumb\"},\"inLanguage\":\"pt-PT\",\"potentialAction\":[{\"@type\":\"ReadAction\",\"target\":[\"https:\/\/portaltela.pt\/noticias\/2026\/04\/09\/alta-dos-precos-dos-combustiveis-reduz-feirantes\/\"]}]},{\"@type\":\"ImageObject\",\"inLanguage\":\"pt-PT\",\"@id\":\"https:\/\/portaltela.pt\/noticias\/2026\/04\/09\/alta-dos-precos-dos-combustiveis-reduz-feirantes\/#primaryimage\",\"url\":\"https:\/\/portaltela.pt\/s.01k8rhncp4jt1\/2026\/04\/img_1500x1000uu2017-10-11-13-39-00-675899.jpg\",\"contentUrl\":\"https:\/\/portaltela.pt\/s.01k8rhncp4jt1\/2026\/04\/img_1500x1000uu2017-10-11-13-39-00-675899.jpg\",\"width\":796,\"height\":448,\"caption\":\"Feira\"},{\"@type\":\"BreadcrumbList\",\"@id\":\"https:\/\/portaltela.pt\/noticias\/2026\/04\/09\/alta-dos-precos-dos-combustiveis-reduz-feirantes\/#breadcrumb\",\"itemListElement\":[{\"@type\":\"ListItem\",\"position\":1,\"name\":\"In\u00edcio\",\"item\":\"https:\/\/portaltela.pt\/\"},{\"@type\":\"ListItem\",\"position\":2,\"name\":\"Alta dos pre\u00e7os dos combust\u00edveis reduz feirantes\"}]},{\"@type\":\"WebSite\",\"@id\":\"https:\/\/portaltela.pt\/#website\",\"url\":\"https:\/\/portaltela.pt\/\",\"name\":\"Portal Tela Portugal\",\"description\":\"\",\"potentialAction\":[{\"@type\":\"SearchAction\",\"target\":{\"@type\":\"EntryPoint\",\"urlTemplate\":\"https:\/\/portaltela.pt\/?s={search_term_string}\"},\"query-input\":{\"@type\":\"PropertyValueSpecification\",\"valueRequired\":true,\"valueName\":\"search_term_string\"}}],\"inLanguage\":\"pt-PT\"},{\"@type\":\"Person\",\"@id\":\"https:\/\/portaltela.pt\/#\/schema\/person\/c4278d4a6028830caff9ee44b42d32ed\",\"name\":\"Telinha\",\"image\":{\"@type\":\"ImageObject\",\"inLanguage\":\"pt-PT\",\"@id\":\"https:\/\/portaltela.pt\/s.01k8rhncp4jt1\/2025\/11\/talking-bot-125x125.png\",\"url\":\"https:\/\/portaltela.pt\/s.01k8rhncp4jt1\/2025\/11\/talking-bot-125x125.png\",\"contentUrl\":\"https:\/\/portaltela.pt\/s.01k8rhncp4jt1\/2025\/11\/talking-bot-125x125.png\",\"caption\":\"Telinha\"},\"sameAs\":[\"https:\/\/portaltela.pt\/\"],\"url\":\"https:\/\/portaltela.pt\/por\/367410592786\/\"}]}<\/script>\n<!-- \/ Yoast SEO plugin. -->","yoast_head_json":{"title":"Alta dos pre\u00e7os dos combust\u00edveis reduz feirantes - Portal Tela Portugal","robots":{"index":"index","follow":"follow","max-snippet":"max-snippet:-1","max-image-preview":"max-image-preview:large","max-video-preview":"max-video-preview:-1"},"og_locale":"pt_PT","og_type":"article","og_title":"Alta dos pre\u00e7os dos combust\u00edveis reduz feirantes - Portal Tela Portugal","og_description":"O presidente da Federa\u00e7\u00e3o Nacional das Associa\u00e7\u00f5es de Feirantes indicou que a guerra no M\u00e9dio Oriente reduziu o n\u00famero de feirantes, que n\u00e3o conseguem repassar o aumento dos combust\u00edveis aos pre\u00e7os. Segundo Joaquim Santos, cada abastecimento para ir \u00e0 feira envolve um acr\u00e9scimo de 30 a 40 euros, o que nem sempre resulta em retorno no final do dia. A situa\u00e7\u00e3o agrava-se pela dificuldade de transferir esses custos para o consumidor final e pelo inverno recente, que tamb\u00e9m afetou o mercado, levando alguns feirantes a procurar outras formas de sustento. Defende-se a revis\u00e3o da lei 10\/2015, especialmente no que toca \u00e0 rotatividade de espa\u00e7os, j\u00e1 que h\u00e1 feiras com 200 lugares livres e muita dificuldade de ocupa\u00e7\u00e3o por idade de reforma ou concorr\u00eancia alta. O dirigente criticou governos e Uni\u00e3o Europeia pelaquilo a que chama de \u201cpara\u00edso fiscal\u201d para vendas online, elogiou a ASAE pela luta contra a contrafa\u00e7\u00e3o nas feiras e pediu que os munic\u00edpios ajustem as feiras ao momento atual.","og_url":"https:\/\/portaltela.pt\/noticias\/2026\/04\/09\/alta-dos-precos-dos-combustiveis-reduz-feirantes\/","og_site_name":"Portal Tela Portugal","article_published_time":"2026-04-09T14:02:56+00:00","author":"Telinha","twitter_card":"summary_large_image","twitter_misc":{"Escrito por":"Telinha","Tempo estimado de leitura":"2 minutos"},"schema":{"@context":"https:\/\/schema.org","@graph":[{"@type":"Article","@id":"https:\/\/portaltela.pt\/noticias\/2026\/04\/09\/alta-dos-precos-dos-combustiveis-reduz-feirantes\/#article","isPartOf":{"@id":"https:\/\/portaltela.pt\/noticias\/2026\/04\/09\/alta-dos-precos-dos-combustiveis-reduz-feirantes\/"},"author":{"name":"Telinha","@id":"https:\/\/portaltela.pt\/#\/schema\/person\/c4278d4a6028830caff9ee44b42d32ed"},"headline":"Alta dos pre\u00e7os dos combust\u00edveis reduz feirantes","datePublished":"2026-04-09T14:02:56+00:00","mainEntityOfPage":{"@id":"https:\/\/portaltela.pt\/noticias\/2026\/04\/09\/alta-dos-precos-dos-combustiveis-reduz-feirantes\/"},"wordCount":416,"image":{"@id":"https:\/\/portaltela.pt\/noticias\/2026\/04\/09\/alta-dos-precos-dos-combustiveis-reduz-feirantes\/#primaryimage"},"thumbnailUrl":"https:\/\/portaltela.pt\/s.01k8rhncp4jt1\/2026\/04\/img_1500x1000uu2017-10-11-13-39-00-675899.jpg","keywords":["_economia","_energia","ASAE","colabora\u00e7\u00e3o internacional","conflitos internacionais","pol\u00edtica"],"articleSection":["Economia","Neg\u00f3cios"],"inLanguage":"pt-PT"},{"@type":"WebPage","@id":"https:\/\/portaltela.pt\/noticias\/2026\/04\/09\/alta-dos-precos-dos-combustiveis-reduz-feirantes\/","url":"https:\/\/portaltela.pt\/noticias\/2026\/04\/09\/alta-dos-precos-dos-combustiveis-reduz-feirantes\/","name":"Alta dos pre\u00e7os dos combust\u00edveis reduz feirantes - Portal Tela Portugal","isPartOf":{"@id":"https:\/\/portaltela.pt\/#website"},"primaryImageOfPage":{"@id":"https:\/\/portaltela.pt\/noticias\/2026\/04\/09\/alta-dos-precos-dos-combustiveis-reduz-feirantes\/#primaryimage"},"image":{"@id":"https:\/\/portaltela.pt\/noticias\/2026\/04\/09\/alta-dos-precos-dos-combustiveis-reduz-feirantes\/#primaryimage"},"thumbnailUrl":"https:\/\/portaltela.pt\/s.01k8rhncp4jt1\/2026\/04\/img_1500x1000uu2017-10-11-13-39-00-675899.jpg","datePublished":"2026-04-09T14:02:56+00:00","author":{"@id":"https:\/\/portaltela.pt\/#\/schema\/person\/c4278d4a6028830caff9ee44b42d32ed"},"breadcrumb":{"@id":"https:\/\/portaltela.pt\/noticias\/2026\/04\/09\/alta-dos-precos-dos-combustiveis-reduz-feirantes\/#breadcrumb"},"inLanguage":"pt-PT","potentialAction":[{"@type":"ReadAction","target":["https:\/\/portaltela.pt\/noticias\/2026\/04\/09\/alta-dos-precos-dos-combustiveis-reduz-feirantes\/"]}]},{"@type":"ImageObject","inLanguage":"pt-PT","@id":"https:\/\/portaltela.pt\/noticias\/2026\/04\/09\/alta-dos-precos-dos-combustiveis-reduz-feirantes\/#primaryimage","url":"https:\/\/portaltela.pt\/s.01k8rhncp4jt1\/2026\/04\/img_1500x1000uu2017-10-11-13-39-00-675899.jpg","contentUrl":"https:\/\/portaltela.pt\/s.01k8rhncp4jt1\/2026\/04\/img_1500x1000uu2017-10-11-13-39-00-675899.jpg","width":796,"height":448,"caption":"Feira"},{"@type":"BreadcrumbList","@id":"https:\/\/portaltela.pt\/noticias\/2026\/04\/09\/alta-dos-precos-dos-combustiveis-reduz-feirantes\/#breadcrumb","itemListElement":[{"@type":"ListItem","position":1,"name":"In\u00edcio","item":"https:\/\/portaltela.pt\/"},{"@type":"ListItem","position":2,"name":"Alta dos pre\u00e7os dos combust\u00edveis reduz feirantes"}]},{"@type":"WebSite","@id":"https:\/\/portaltela.pt\/#website","url":"https:\/\/portaltela.pt\/","name":"Portal Tela Portugal","description":"","potentialAction":[{"@type":"SearchAction","target":{"@type":"EntryPoint","urlTemplate":"https:\/\/portaltela.pt\/?s={search_term_string}"},"query-input":{"@type":"PropertyValueSpecification","valueRequired":true,"valueName":"search_term_string"}}],"inLanguage":"pt-PT"},{"@type":"Person","@id":"https:\/\/portaltela.pt\/#\/schema\/person\/c4278d4a6028830caff9ee44b42d32ed","name":"Telinha","image":{"@type":"ImageObject","inLanguage":"pt-PT","@id":"https:\/\/portaltela.pt\/s.01k8rhncp4jt1\/2025\/11\/talking-bot-125x125.png","url":"https:\/\/portaltela.pt\/s.01k8rhncp4jt1\/2025\/11\/talking-bot-125x125.png","contentUrl":"https:\/\/portaltela.pt\/s.01k8rhncp4jt1\/2025\/11\/talking-bot-125x125.png","caption":"Telinha"},"sameAs":["https:\/\/portaltela.pt\/"],"url":"https:\/\/portaltela.pt\/por\/367410592786\/"}]}},"_links":{"self":[{"href":"https:\/\/portaltela.pt\/api\/wp\/v2\/posts\/438088","targetHints":{"allow":["GET"]}}],"collection":[{"href":"https:\/\/portaltela.pt\/api\/wp\/v2\/posts"}],"about":[{"href":"https:\/\/portaltela.pt\/api\/wp\/v2\/types\/post"}],"author":[{"embeddable":true,"href":"https:\/\/portaltela.pt\/api\/wp\/v2\/users\/2"}],"replies":[{"embeddable":true,"href":"https:\/\/portaltela.pt\/api\/wp\/v2\/comments?post=438088"}],"version-history":[{"count":0,"href":"https:\/\/portaltela.pt\/api\/wp\/v2\/posts\/438088\/revisions"}],"wp:featuredmedia":[{"embeddable":true,"href":"https:\/\/portaltela.pt\/api\/wp\/v2\/media\/438090"}],"wp:attachment":[{"href":"https:\/\/portaltela.pt\/api\/wp\/v2\/media?parent=438088"}],"wp:term":[{"taxonomy":"category","embeddable":true,"href":"https:\/\/portaltela.pt\/api\/wp\/v2\/categories?post=438088"},{"taxonomy":"post_tag","embeddable":true,"href":"https:\/\/portaltela.pt\/api\/wp\/v2\/tags?post=438088"}],"curies":[{"name":"wp","href":"https:\/\/api.w.org\/{rel}","templated":true}]}}