{"id":438076,"date":"2026-04-09T11:02:42","date_gmt":"2026-04-09T14:02:42","guid":{"rendered":"https:\/\/portaltela.pt\/noticias\/2026\/04\/09\/patricia-sampaio-traca-novo-objetivo-de-continuar-a-ser-campea-mundial\/"},"modified":"2026-04-09T11:02:42","modified_gmt":"2026-04-09T14:02:42","slug":"patricia-sampaio-traca-novo-objetivo-de-continuar-a-ser-campea-mundial","status":"publish","type":"post","link":"https:\/\/portaltela.pt\/desporto\/copa-do-mundo\/2026\/04\/09\/patricia-sampaio-traca-novo-objetivo-de-continuar-a-ser-campea-mundial\/","title":{"rendered":"Patr\u00edcia Sampaio tra\u00e7a novo objetivo de continuar a ser campe\u00e3 mundial"},"content":{"rendered":"<p>Patr\u00edcia Sampaio, judoca portuguesa e bronze ol\u00edmpica em Paris 2024, afirma que a recupera\u00e7\u00e3o \u00e0 rotura de ligamento no joelho esquerdo tem decorrido melhor do que o esperado e mant\u00e9m o objetivo de competir no Mundial. A atleta foi afetada durante o est\u00e1gio em Paris, ap\u00f3s o Grand Slam na capital francesa, em fevereiro.<\/p>\n<p>A atleta j\u00e1 indica que se encontra a recuperar h\u00e1 cerca de dois meses. O progn\u00f3stico aponta para cerca de tr\u00eas meses at\u00e9 estar apta a praticar judo, com a inten\u00e7\u00e3o de competir apenas no final do ver\u00e3o, em agosto, para se preparar para o Campeonato do Mundo de outubro.<\/p>\n<p>\u00c0 margem de um protocolo entre o Comit\u00e9 Ol\u00edmpico de Portugal (COP) e uma cadeia de supermercados, Patr\u00edcia Sampaio refor\u00e7ou o foco nas duas grandes metas para 2024: a Europa e o Mundo. Mesmo sem disputar o Europeu, cujo torneio se realiza na pr\u00f3xima semana, mant\u00e9m a ambi\u00e7\u00e3o de chegar ao Mundial com prepara\u00e7\u00e3o adequada.<\/p>\n<h3>Progresso e objetivos<\/h3>\n<p>O atraso na recupera\u00e7\u00e3o n\u00e3o altera, segundo a atleta, a ambi\u00e7\u00e3o de conquistar o t\u00edtulo mundial. A judoca pretende manter o foco na melhoria f\u00edsica e t\u00e9cnica para competir na grande competi\u00e7\u00e3o do ano, prevista para outubro. O contexto da assinatura do protocolo n\u00e3o altera o andamento da recupera\u00e7\u00e3o nem dos planos desportivos.<\/p>\n","protected":false},"excerpt":{"rendered":"<ul>\n<li>Patr\u00edcia Sampaio, judoca portuguesa e medalha de bronze em Paris 2024, est\u00e1 a recuperar de uma rotura no ligamento lateral interno do joelho esquerdo.<\/li>\n<li>A recupera\u00e7\u00e3o est\u00e1 a correr melhor do que o esperado, ap\u00f3s o est\u00e1gio em Paris e o Grand Slam de fevereiro.<\/li>\n<li>J\u00e1 passaram dois meses desde a les\u00e3o; o progn\u00f3stico aponta para cerca de tr\u00eas meses at\u00e9 estar a praticar judo novamente.<\/li>\n<li>V\u00ea-se a competir apenas no final do ver\u00e3o, em agosto, para uma boa prepara\u00e7\u00e3o para o Campeonato do Mundo de outubro.<\/li>\n<li>Dois grandes objetivos para este ano: ser campe\u00e3 europeia e ser campe\u00e3 do mundo, mantendo o foco no Mundial mesmo sem a Europa.<\/li>\n<\/ul>\n","protected":false},"author":2,"featured_media":438080,"comment_status":"closed","ping_status":"closed","sticky":false,"template":"","format":"standard","meta":{"footnotes":""},"categories":[6695,21],"tags":[252,152,2487,84,1014],"class_list":["post-438076","post","type-post","status-publish","format-standard","has-post-thumbnail","hentry","category-copa-do-mundo","category-desporto","tag-atletas","tag-desporto","tag-europa","tag-olimpiadas","tag-portugal"],"yoast_head":"<!-- This site is optimized with the Yoast SEO plugin v27.2 - https:\/\/yoast.com\/product\/yoast-seo-wordpress\/ -->\n<title>Patr\u00edcia Sampaio tra\u00e7a novo objetivo de continuar a ser campe\u00e3 mundial - Portal Tela Portugal<\/title>\n<meta name=\"robots\" content=\"index, follow, max-snippet:-1, max-image-preview:large, max-video-preview:-1\" \/>\n<meta property=\"og:locale\" content=\"pt_PT\" \/>\n<meta property=\"og:type\" content=\"article\" \/>\n<meta property=\"og:title\" content=\"Patr\u00edcia Sampaio tra\u00e7a novo objetivo de continuar a ser campe\u00e3 mundial - Portal Tela Portugal\" \/>\n<meta property=\"og:description\" content=\"Patr\u00edcia Sampaio, judoca portuguesa e medalha de bronze em Paris 2024, est\u00e1 a recuperar de uma rotura no ligamento lateral interno do joelho esquerdo. A recupera\u00e7\u00e3o est\u00e1 a correr melhor do que o esperado, ap\u00f3s o est\u00e1gio em Paris e o Grand Slam de fevereiro. J\u00e1 passaram dois meses desde a les\u00e3o; o progn\u00f3stico aponta para cerca de tr\u00eas meses at\u00e9 estar a praticar judo novamente. V\u00ea-se a competir apenas no final do ver\u00e3o, em agosto, para uma boa prepara\u00e7\u00e3o para o Campeonato do Mundo de outubro. Dois grandes objetivos para este ano: ser campe\u00e3 europeia e ser campe\u00e3 do mundo, mantendo o foco no Mundial mesmo sem a Europa.\" \/>\n<meta property=\"og:url\" content=\"https:\/\/portaltela.pt\/noticias\/2026\/04\/09\/patricia-sampaio-traca-novo-objetivo-de-continuar-a-ser-campea-mundial\/\" \/>\n<meta property=\"og:site_name\" content=\"Portal Tela Portugal\" \/>\n<meta property=\"article:published_time\" content=\"2026-04-09T14:02:42+00:00\" \/>\n<meta name=\"author\" content=\"Telinha\" \/>\n<meta name=\"twitter:card\" content=\"summary_large_image\" \/>\n<meta name=\"twitter:label1\" content=\"Escrito por\" \/>\n\t<meta name=\"twitter:data1\" content=\"Telinha\" \/>\n\t<meta name=\"twitter:label2\" content=\"Tempo estimado de leitura\" \/>\n\t<meta name=\"twitter:data2\" content=\"1 minuto\" \/>\n<script type=\"application\/ld+json\" class=\"yoast-schema-graph\">{\"@context\":\"https:\/\/schema.org\",\"@graph\":[{\"@type\":\"Article\",\"@id\":\"https:\/\/portaltela.pt\/noticias\/2026\/04\/09\/patricia-sampaio-traca-novo-objetivo-de-continuar-a-ser-campea-mundial\/#article\",\"isPartOf\":{\"@id\":\"https:\/\/portaltela.pt\/noticias\/2026\/04\/09\/patricia-sampaio-traca-novo-objetivo-de-continuar-a-ser-campea-mundial\/\"},\"author\":{\"name\":\"Telinha\",\"@id\":\"https:\/\/portaltela.pt\/#\/schema\/person\/c4278d4a6028830caff9ee44b42d32ed\"},\"headline\":\"Patr\u00edcia Sampaio tra\u00e7a novo objetivo de continuar a ser campe\u00e3 mundial\",\"datePublished\":\"2026-04-09T14:02:42+00:00\",\"mainEntityOfPage\":{\"@id\":\"https:\/\/portaltela.pt\/noticias\/2026\/04\/09\/patricia-sampaio-traca-novo-objetivo-de-continuar-a-ser-campea-mundial\/\"},\"wordCount\":250,\"image\":{\"@id\":\"https:\/\/portaltela.pt\/noticias\/2026\/04\/09\/patricia-sampaio-traca-novo-objetivo-de-continuar-a-ser-campea-mundial\/#primaryimage\"},\"thumbnailUrl\":\"https:\/\/portaltela.pt\/s.01k8rhncp4jt1\/2026\/04\/img_920x518uu2026-04-09-14-54-15-2431991.jpg\",\"keywords\":[\"atletas\",\"desporto\",\"Europa\",\"olimp\u00edadas\",\"Portugal\"],\"articleSection\":[\"Copa do Mundo\",\"Desporto\"],\"inLanguage\":\"pt-PT\"},{\"@type\":\"WebPage\",\"@id\":\"https:\/\/portaltela.pt\/noticias\/2026\/04\/09\/patricia-sampaio-traca-novo-objetivo-de-continuar-a-ser-campea-mundial\/\",\"url\":\"https:\/\/portaltela.pt\/noticias\/2026\/04\/09\/patricia-sampaio-traca-novo-objetivo-de-continuar-a-ser-campea-mundial\/\",\"name\":\"Patr\u00edcia Sampaio tra\u00e7a novo objetivo de continuar a ser campe\u00e3 mundial - Portal Tela Portugal\",\"isPartOf\":{\"@id\":\"https:\/\/portaltela.pt\/#website\"},\"primaryImageOfPage\":{\"@id\":\"https:\/\/portaltela.pt\/noticias\/2026\/04\/09\/patricia-sampaio-traca-novo-objetivo-de-continuar-a-ser-campea-mundial\/#primaryimage\"},\"image\":{\"@id\":\"https:\/\/portaltela.pt\/noticias\/2026\/04\/09\/patricia-sampaio-traca-novo-objetivo-de-continuar-a-ser-campea-mundial\/#primaryimage\"},\"thumbnailUrl\":\"https:\/\/portaltela.pt\/s.01k8rhncp4jt1\/2026\/04\/img_920x518uu2026-04-09-14-54-15-2431991.jpg\",\"datePublished\":\"2026-04-09T14:02:42+00:00\",\"author\":{\"@id\":\"https:\/\/portaltela.pt\/#\/schema\/person\/c4278d4a6028830caff9ee44b42d32ed\"},\"breadcrumb\":{\"@id\":\"https:\/\/portaltela.pt\/noticias\/2026\/04\/09\/patricia-sampaio-traca-novo-objetivo-de-continuar-a-ser-campea-mundial\/#breadcrumb\"},\"inLanguage\":\"pt-PT\",\"potentialAction\":[{\"@type\":\"ReadAction\",\"target\":[\"https:\/\/portaltela.pt\/noticias\/2026\/04\/09\/patricia-sampaio-traca-novo-objetivo-de-continuar-a-ser-campea-mundial\/\"]}]},{\"@type\":\"ImageObject\",\"inLanguage\":\"pt-PT\",\"@id\":\"https:\/\/portaltela.pt\/noticias\/2026\/04\/09\/patricia-sampaio-traca-novo-objetivo-de-continuar-a-ser-campea-mundial\/#primaryimage\",\"url\":\"https:\/\/portaltela.pt\/s.01k8rhncp4jt1\/2026\/04\/img_920x518uu2026-04-09-14-54-15-2431991.jpg\",\"contentUrl\":\"https:\/\/portaltela.pt\/s.01k8rhncp4jt1\/2026\/04\/img_920x518uu2026-04-09-14-54-15-2431991.jpg\",\"width\":796,\"height\":448,\"caption\":\"Patr\u00edcia Sampaio garante que quer ser campe\u00e3o do mundo\"},{\"@type\":\"BreadcrumbList\",\"@id\":\"https:\/\/portaltela.pt\/noticias\/2026\/04\/09\/patricia-sampaio-traca-novo-objetivo-de-continuar-a-ser-campea-mundial\/#breadcrumb\",\"itemListElement\":[{\"@type\":\"ListItem\",\"position\":1,\"name\":\"In\u00edcio\",\"item\":\"https:\/\/portaltela.pt\/\"},{\"@type\":\"ListItem\",\"position\":2,\"name\":\"Patr\u00edcia Sampaio tra\u00e7a novo objetivo de continuar a ser campe\u00e3 mundial\"}]},{\"@type\":\"WebSite\",\"@id\":\"https:\/\/portaltela.pt\/#website\",\"url\":\"https:\/\/portaltela.pt\/\",\"name\":\"Portal Tela Portugal\",\"description\":\"\",\"potentialAction\":[{\"@type\":\"SearchAction\",\"target\":{\"@type\":\"EntryPoint\",\"urlTemplate\":\"https:\/\/portaltela.pt\/?s={search_term_string}\"},\"query-input\":{\"@type\":\"PropertyValueSpecification\",\"valueRequired\":true,\"valueName\":\"search_term_string\"}}],\"inLanguage\":\"pt-PT\"},{\"@type\":\"Person\",\"@id\":\"https:\/\/portaltela.pt\/#\/schema\/person\/c4278d4a6028830caff9ee44b42d32ed\",\"name\":\"Telinha\",\"image\":{\"@type\":\"ImageObject\",\"inLanguage\":\"pt-PT\",\"@id\":\"https:\/\/portaltela.pt\/s.01k8rhncp4jt1\/2025\/11\/talking-bot-125x125.png\",\"url\":\"https:\/\/portaltela.pt\/s.01k8rhncp4jt1\/2025\/11\/talking-bot-125x125.png\",\"contentUrl\":\"https:\/\/portaltela.pt\/s.01k8rhncp4jt1\/2025\/11\/talking-bot-125x125.png\",\"caption\":\"Telinha\"},\"sameAs\":[\"https:\/\/portaltela.pt\/\"],\"url\":\"https:\/\/portaltela.pt\/por\/367410592786\/\"}]}<\/script>\n<!-- \/ Yoast SEO plugin. -->","yoast_head_json":{"title":"Patr\u00edcia Sampaio tra\u00e7a novo objetivo de continuar a ser campe\u00e3 mundial - Portal Tela Portugal","robots":{"index":"index","follow":"follow","max-snippet":"max-snippet:-1","max-image-preview":"max-image-preview:large","max-video-preview":"max-video-preview:-1"},"og_locale":"pt_PT","og_type":"article","og_title":"Patr\u00edcia Sampaio tra\u00e7a novo objetivo de continuar a ser campe\u00e3 mundial - Portal Tela Portugal","og_description":"Patr\u00edcia Sampaio, judoca portuguesa e medalha de bronze em Paris 2024, est\u00e1 a recuperar de uma rotura no ligamento lateral interno do joelho esquerdo. A recupera\u00e7\u00e3o est\u00e1 a correr melhor do que o esperado, ap\u00f3s o est\u00e1gio em Paris e o Grand Slam de fevereiro. J\u00e1 passaram dois meses desde a les\u00e3o; o progn\u00f3stico aponta para cerca de tr\u00eas meses at\u00e9 estar a praticar judo novamente. V\u00ea-se a competir apenas no final do ver\u00e3o, em agosto, para uma boa prepara\u00e7\u00e3o para o Campeonato do Mundo de outubro. Dois grandes objetivos para este ano: ser campe\u00e3 europeia e ser campe\u00e3 do mundo, mantendo o foco no Mundial mesmo sem a Europa.","og_url":"https:\/\/portaltela.pt\/noticias\/2026\/04\/09\/patricia-sampaio-traca-novo-objetivo-de-continuar-a-ser-campea-mundial\/","og_site_name":"Portal Tela Portugal","article_published_time":"2026-04-09T14:02:42+00:00","author":"Telinha","twitter_card":"summary_large_image","twitter_misc":{"Escrito por":"Telinha","Tempo estimado de leitura":"1 minuto"},"schema":{"@context":"https:\/\/schema.org","@graph":[{"@type":"Article","@id":"https:\/\/portaltela.pt\/noticias\/2026\/04\/09\/patricia-sampaio-traca-novo-objetivo-de-continuar-a-ser-campea-mundial\/#article","isPartOf":{"@id":"https:\/\/portaltela.pt\/noticias\/2026\/04\/09\/patricia-sampaio-traca-novo-objetivo-de-continuar-a-ser-campea-mundial\/"},"author":{"name":"Telinha","@id":"https:\/\/portaltela.pt\/#\/schema\/person\/c4278d4a6028830caff9ee44b42d32ed"},"headline":"Patr\u00edcia Sampaio tra\u00e7a novo objetivo de continuar a ser campe\u00e3 mundial","datePublished":"2026-04-09T14:02:42+00:00","mainEntityOfPage":{"@id":"https:\/\/portaltela.pt\/noticias\/2026\/04\/09\/patricia-sampaio-traca-novo-objetivo-de-continuar-a-ser-campea-mundial\/"},"wordCount":250,"image":{"@id":"https:\/\/portaltela.pt\/noticias\/2026\/04\/09\/patricia-sampaio-traca-novo-objetivo-de-continuar-a-ser-campea-mundial\/#primaryimage"},"thumbnailUrl":"https:\/\/portaltela.pt\/s.01k8rhncp4jt1\/2026\/04\/img_920x518uu2026-04-09-14-54-15-2431991.jpg","keywords":["atletas","desporto","Europa","olimp\u00edadas","Portugal"],"articleSection":["Copa do Mundo","Desporto"],"inLanguage":"pt-PT"},{"@type":"WebPage","@id":"https:\/\/portaltela.pt\/noticias\/2026\/04\/09\/patricia-sampaio-traca-novo-objetivo-de-continuar-a-ser-campea-mundial\/","url":"https:\/\/portaltela.pt\/noticias\/2026\/04\/09\/patricia-sampaio-traca-novo-objetivo-de-continuar-a-ser-campea-mundial\/","name":"Patr\u00edcia Sampaio tra\u00e7a novo objetivo de continuar a ser campe\u00e3 mundial - Portal Tela Portugal","isPartOf":{"@id":"https:\/\/portaltela.pt\/#website"},"primaryImageOfPage":{"@id":"https:\/\/portaltela.pt\/noticias\/2026\/04\/09\/patricia-sampaio-traca-novo-objetivo-de-continuar-a-ser-campea-mundial\/#primaryimage"},"image":{"@id":"https:\/\/portaltela.pt\/noticias\/2026\/04\/09\/patricia-sampaio-traca-novo-objetivo-de-continuar-a-ser-campea-mundial\/#primaryimage"},"thumbnailUrl":"https:\/\/portaltela.pt\/s.01k8rhncp4jt1\/2026\/04\/img_920x518uu2026-04-09-14-54-15-2431991.jpg","datePublished":"2026-04-09T14:02:42+00:00","author":{"@id":"https:\/\/portaltela.pt\/#\/schema\/person\/c4278d4a6028830caff9ee44b42d32ed"},"breadcrumb":{"@id":"https:\/\/portaltela.pt\/noticias\/2026\/04\/09\/patricia-sampaio-traca-novo-objetivo-de-continuar-a-ser-campea-mundial\/#breadcrumb"},"inLanguage":"pt-PT","potentialAction":[{"@type":"ReadAction","target":["https:\/\/portaltela.pt\/noticias\/2026\/04\/09\/patricia-sampaio-traca-novo-objetivo-de-continuar-a-ser-campea-mundial\/"]}]},{"@type":"ImageObject","inLanguage":"pt-PT","@id":"https:\/\/portaltela.pt\/noticias\/2026\/04\/09\/patricia-sampaio-traca-novo-objetivo-de-continuar-a-ser-campea-mundial\/#primaryimage","url":"https:\/\/portaltela.pt\/s.01k8rhncp4jt1\/2026\/04\/img_920x518uu2026-04-09-14-54-15-2431991.jpg","contentUrl":"https:\/\/portaltela.pt\/s.01k8rhncp4jt1\/2026\/04\/img_920x518uu2026-04-09-14-54-15-2431991.jpg","width":796,"height":448,"caption":"Patr\u00edcia Sampaio garante que quer ser campe\u00e3o do mundo"},{"@type":"BreadcrumbList","@id":"https:\/\/portaltela.pt\/noticias\/2026\/04\/09\/patricia-sampaio-traca-novo-objetivo-de-continuar-a-ser-campea-mundial\/#breadcrumb","itemListElement":[{"@type":"ListItem","position":1,"name":"In\u00edcio","item":"https:\/\/portaltela.pt\/"},{"@type":"ListItem","position":2,"name":"Patr\u00edcia Sampaio tra\u00e7a novo objetivo de continuar a ser campe\u00e3 mundial"}]},{"@type":"WebSite","@id":"https:\/\/portaltela.pt\/#website","url":"https:\/\/portaltela.pt\/","name":"Portal Tela Portugal","description":"","potentialAction":[{"@type":"SearchAction","target":{"@type":"EntryPoint","urlTemplate":"https:\/\/portaltela.pt\/?s={search_term_string}"},"query-input":{"@type":"PropertyValueSpecification","valueRequired":true,"valueName":"search_term_string"}}],"inLanguage":"pt-PT"},{"@type":"Person","@id":"https:\/\/portaltela.pt\/#\/schema\/person\/c4278d4a6028830caff9ee44b42d32ed","name":"Telinha","image":{"@type":"ImageObject","inLanguage":"pt-PT","@id":"https:\/\/portaltela.pt\/s.01k8rhncp4jt1\/2025\/11\/talking-bot-125x125.png","url":"https:\/\/portaltela.pt\/s.01k8rhncp4jt1\/2025\/11\/talking-bot-125x125.png","contentUrl":"https:\/\/portaltela.pt\/s.01k8rhncp4jt1\/2025\/11\/talking-bot-125x125.png","caption":"Telinha"},"sameAs":["https:\/\/portaltela.pt\/"],"url":"https:\/\/portaltela.pt\/por\/367410592786\/"}]}},"_links":{"self":[{"href":"https:\/\/portaltela.pt\/api\/wp\/v2\/posts\/438076","targetHints":{"allow":["GET"]}}],"collection":[{"href":"https:\/\/portaltela.pt\/api\/wp\/v2\/posts"}],"about":[{"href":"https:\/\/portaltela.pt\/api\/wp\/v2\/types\/post"}],"author":[{"embeddable":true,"href":"https:\/\/portaltela.pt\/api\/wp\/v2\/users\/2"}],"replies":[{"embeddable":true,"href":"https:\/\/portaltela.pt\/api\/wp\/v2\/comments?post=438076"}],"version-history":[{"count":0,"href":"https:\/\/portaltela.pt\/api\/wp\/v2\/posts\/438076\/revisions"}],"wp:featuredmedia":[{"embeddable":true,"href":"https:\/\/portaltela.pt\/api\/wp\/v2\/media\/438080"}],"wp:attachment":[{"href":"https:\/\/portaltela.pt\/api\/wp\/v2\/media?parent=438076"}],"wp:term":[{"taxonomy":"category","embeddable":true,"href":"https:\/\/portaltela.pt\/api\/wp\/v2\/categories?post=438076"},{"taxonomy":"post_tag","embeddable":true,"href":"https:\/\/portaltela.pt\/api\/wp\/v2\/tags?post=438076"}],"curies":[{"name":"wp","href":"https:\/\/api.w.org\/{rel}","templated":true}]}}