{"id":438062,"date":"2026-04-09T11:02:26","date_gmt":"2026-04-09T14:02:26","guid":{"rendered":"https:\/\/portaltela.pt\/noticias\/2026\/04\/09\/agate-de-sousa-mira-recorde-nacional-apos-ouro-nos-mundiais-indoor\/"},"modified":"2026-04-09T11:02:26","modified_gmt":"2026-04-09T14:02:26","slug":"agate-de-sousa-mira-recorde-nacional-apos-ouro-nos-mundiais-indoor","status":"publish","type":"post","link":"https:\/\/portaltela.pt\/desporto\/futebol\/2026\/04\/09\/agate-de-sousa-mira-recorde-nacional-apos-ouro-nos-mundiais-indoor\/","title":{"rendered":"Agate de Sousa mira recorde nacional ap\u00f3s ouro nos Mundiais indoor"},"content":{"rendered":"<p>A atleta portuguesa Agate de Sousa apontou, ap\u00f3s sagrar-se campe\u00e3 mundial indoor, ao recorde nacional do salto em comprimento. A marca que pretende superar pertence ainda \u00e0 refer\u00eancia Naide Gomes.<\/p>\n<p>Naide Gomes \u00e9 citada como inspira\u00e7\u00e3o pela atleta, que desde sempre teve contato com a ex-atleta quando ambas estiveram em Portugal. O coment\u00e1rio surgiu \u00e0 margem de um protocolo entre o Comit\u00e9 Ol\u00edmpico de Portugal (COP) e uma cadeia de supermercados.<\/p>\n<p>A assinatura do protocolo circunstou o momento em que Agate de Sousa confirmou a ambi\u00e7\u00e3o de bater o recorde nacional. A atleta destacou que o objetivo \u00e9 claro e que o trabalho j\u00e1 desenvolvido come\u00e7a a colher frutos.<\/p>\n<p>Quanto ao calend\u00e1rio, a Liga Diamante abre a pr\u00f3xima \u00e9poca e os Europeus ao ar livre em Birmingham, em agosto, s\u00e3o citados como o maior objetivo para este ano. Agate de Sousa mencionou que persigue tamb\u00e9m os Jogos Ol\u00edmpicos, com Los Angeles 2028 como meta.<\/p>\n","protected":false},"excerpt":{"rendered":"<ul>\n<li>A atleta portuguesa Agate de Sousa aponta ao recorde nacional do salto em comprimento, que continua nas m\u00e3os de Naide Gomes, ap\u00f3s conquistar o t\u00edtulo mundial indoor.<\/li>\n<li>Disse que a marca visada \u00e9, sem d\u00favida, o recorde de Portugal e que Naide Gomes \u00e9 uma inspira\u00e7\u00e3o.<\/li>\n<li>Falou \u00e0 margem da assinatura de um protocolo entre o Comit\u00e9 Ol\u00edmpico de Portugal e uma cadeia de supermercados.<\/li>\n<li>O arranque da Liga Diamante marca o regresso \u00e0s provas, com os Europeus ao ar livre em Birmingham, em agosto, como maior objetivo deste ano.<\/li>\n<li>Refere que, a m\u00e9dio prazo, tamb\u00e9m ambiciona regressar aos Jogos Ol\u00edmpicos, olhando j\u00e1 para Los Angeles 2028.<\/li>\n<\/ul>\n","protected":false},"author":2,"featured_media":438064,"comment_status":"closed","ping_status":"closed","sticky":false,"template":"","format":"standard","meta":{"footnotes":""},"categories":[21,24],"tags":[137,1285,60,5593,7625,1014],"class_list":["post-438062","post","type-post","status-publish","format-standard","has-post-thumbnail","hentry","category-desporto","category-futebol","tag-atletismo","tag-competicao","tag-esportes","tag-naide-gomes","tag-olimpicos","tag-portugal"],"yoast_head":"<!-- This site is optimized with the Yoast SEO plugin v27.2 - https:\/\/yoast.com\/product\/yoast-seo-wordpress\/ -->\n<title>Agate de Sousa mira recorde nacional ap\u00f3s ouro nos Mundiais indoor - Portal Tela Portugal<\/title>\n<meta name=\"robots\" content=\"index, follow, max-snippet:-1, max-image-preview:large, max-video-preview:-1\" \/>\n<meta property=\"og:locale\" content=\"pt_PT\" \/>\n<meta property=\"og:type\" content=\"article\" \/>\n<meta property=\"og:title\" content=\"Agate de Sousa mira recorde nacional ap\u00f3s ouro nos Mundiais indoor - Portal Tela Portugal\" \/>\n<meta property=\"og:description\" content=\"A atleta portuguesa Agate de Sousa aponta ao recorde nacional do salto em comprimento, que continua nas m\u00e3os de Naide Gomes, ap\u00f3s conquistar o t\u00edtulo mundial indoor. Disse que a marca visada \u00e9, sem d\u00favida, o recorde de Portugal e que Naide Gomes \u00e9 uma inspira\u00e7\u00e3o. Falou \u00e0 margem da assinatura de um protocolo entre o Comit\u00e9 Ol\u00edmpico de Portugal e uma cadeia de supermercados. O arranque da Liga Diamante marca o regresso \u00e0s provas, com os Europeus ao ar livre em Birmingham, em agosto, como maior objetivo deste ano. Refere que, a m\u00e9dio prazo, tamb\u00e9m ambiciona regressar aos Jogos Ol\u00edmpicos, olhando j\u00e1 para Los Angeles 2028.\" \/>\n<meta property=\"og:url\" content=\"https:\/\/portaltela.pt\/noticias\/2026\/04\/09\/agate-de-sousa-mira-recorde-nacional-apos-ouro-nos-mundiais-indoor\/\" \/>\n<meta property=\"og:site_name\" content=\"Portal Tela Portugal\" \/>\n<meta property=\"article:published_time\" content=\"2026-04-09T14:02:26+00:00\" \/>\n<meta name=\"author\" content=\"Telinha\" \/>\n<meta name=\"twitter:card\" content=\"summary_large_image\" \/>\n<meta name=\"twitter:label1\" content=\"Escrito por\" \/>\n\t<meta name=\"twitter:data1\" content=\"Telinha\" \/>\n\t<meta name=\"twitter:label2\" content=\"Tempo estimado de leitura\" \/>\n\t<meta name=\"twitter:data2\" content=\"1 minuto\" \/>\n<script type=\"application\/ld+json\" class=\"yoast-schema-graph\">{\"@context\":\"https:\/\/schema.org\",\"@graph\":[{\"@type\":\"Article\",\"@id\":\"https:\/\/portaltela.pt\/noticias\/2026\/04\/09\/agate-de-sousa-mira-recorde-nacional-apos-ouro-nos-mundiais-indoor\/#article\",\"isPartOf\":{\"@id\":\"https:\/\/portaltela.pt\/noticias\/2026\/04\/09\/agate-de-sousa-mira-recorde-nacional-apos-ouro-nos-mundiais-indoor\/\"},\"author\":{\"name\":\"Telinha\",\"@id\":\"https:\/\/portaltela.pt\/#\/schema\/person\/c4278d4a6028830caff9ee44b42d32ed\"},\"headline\":\"Agate de Sousa mira recorde nacional ap\u00f3s ouro nos Mundiais indoor\",\"datePublished\":\"2026-04-09T14:02:26+00:00\",\"mainEntityOfPage\":{\"@id\":\"https:\/\/portaltela.pt\/noticias\/2026\/04\/09\/agate-de-sousa-mira-recorde-nacional-apos-ouro-nos-mundiais-indoor\/\"},\"wordCount\":173,\"image\":{\"@id\":\"https:\/\/portaltela.pt\/noticias\/2026\/04\/09\/agate-de-sousa-mira-recorde-nacional-apos-ouro-nos-mundiais-indoor\/#primaryimage\"},\"thumbnailUrl\":\"https:\/\/portaltela.pt\/s.01k8rhncp4jt1\/2026\/04\/img_920x518uu2026-04-09-14-57-37-2431992.jpg\",\"keywords\":[\"atletismo\",\"competi\u00e7\u00e3o\",\"esportes\",\"Naide Gomes\",\"ol\u00edmpicos\",\"Portugal\"],\"articleSection\":[\"Desporto\",\"Futebol\"],\"inLanguage\":\"pt-PT\"},{\"@type\":\"WebPage\",\"@id\":\"https:\/\/portaltela.pt\/noticias\/2026\/04\/09\/agate-de-sousa-mira-recorde-nacional-apos-ouro-nos-mundiais-indoor\/\",\"url\":\"https:\/\/portaltela.pt\/noticias\/2026\/04\/09\/agate-de-sousa-mira-recorde-nacional-apos-ouro-nos-mundiais-indoor\/\",\"name\":\"Agate de Sousa mira recorde nacional ap\u00f3s ouro nos Mundiais indoor - Portal Tela Portugal\",\"isPartOf\":{\"@id\":\"https:\/\/portaltela.pt\/#website\"},\"primaryImageOfPage\":{\"@id\":\"https:\/\/portaltela.pt\/noticias\/2026\/04\/09\/agate-de-sousa-mira-recorde-nacional-apos-ouro-nos-mundiais-indoor\/#primaryimage\"},\"image\":{\"@id\":\"https:\/\/portaltela.pt\/noticias\/2026\/04\/09\/agate-de-sousa-mira-recorde-nacional-apos-ouro-nos-mundiais-indoor\/#primaryimage\"},\"thumbnailUrl\":\"https:\/\/portaltela.pt\/s.01k8rhncp4jt1\/2026\/04\/img_920x518uu2026-04-09-14-57-37-2431992.jpg\",\"datePublished\":\"2026-04-09T14:02:26+00:00\",\"author\":{\"@id\":\"https:\/\/portaltela.pt\/#\/schema\/person\/c4278d4a6028830caff9ee44b42d32ed\"},\"breadcrumb\":{\"@id\":\"https:\/\/portaltela.pt\/noticias\/2026\/04\/09\/agate-de-sousa-mira-recorde-nacional-apos-ouro-nos-mundiais-indoor\/#breadcrumb\"},\"inLanguage\":\"pt-PT\",\"potentialAction\":[{\"@type\":\"ReadAction\",\"target\":[\"https:\/\/portaltela.pt\/noticias\/2026\/04\/09\/agate-de-sousa-mira-recorde-nacional-apos-ouro-nos-mundiais-indoor\/\"]}]},{\"@type\":\"ImageObject\",\"inLanguage\":\"pt-PT\",\"@id\":\"https:\/\/portaltela.pt\/noticias\/2026\/04\/09\/agate-de-sousa-mira-recorde-nacional-apos-ouro-nos-mundiais-indoor\/#primaryimage\",\"url\":\"https:\/\/portaltela.pt\/s.01k8rhncp4jt1\/2026\/04\/img_920x518uu2026-04-09-14-57-37-2431992.jpg\",\"contentUrl\":\"https:\/\/portaltela.pt\/s.01k8rhncp4jt1\/2026\/04\/img_920x518uu2026-04-09-14-57-37-2431992.jpg\",\"width\":796,\"height\":448,\"caption\":\"Agate de Sousa de olho no recorde nacional ap\u00f3s ouro nos Mundiais indoor\"},{\"@type\":\"BreadcrumbList\",\"@id\":\"https:\/\/portaltela.pt\/noticias\/2026\/04\/09\/agate-de-sousa-mira-recorde-nacional-apos-ouro-nos-mundiais-indoor\/#breadcrumb\",\"itemListElement\":[{\"@type\":\"ListItem\",\"position\":1,\"name\":\"In\u00edcio\",\"item\":\"https:\/\/portaltela.pt\/\"},{\"@type\":\"ListItem\",\"position\":2,\"name\":\"Agate de Sousa mira recorde nacional ap\u00f3s ouro nos Mundiais indoor\"}]},{\"@type\":\"WebSite\",\"@id\":\"https:\/\/portaltela.pt\/#website\",\"url\":\"https:\/\/portaltela.pt\/\",\"name\":\"Portal Tela Portugal\",\"description\":\"\",\"potentialAction\":[{\"@type\":\"SearchAction\",\"target\":{\"@type\":\"EntryPoint\",\"urlTemplate\":\"https:\/\/portaltela.pt\/?s={search_term_string}\"},\"query-input\":{\"@type\":\"PropertyValueSpecification\",\"valueRequired\":true,\"valueName\":\"search_term_string\"}}],\"inLanguage\":\"pt-PT\"},{\"@type\":\"Person\",\"@id\":\"https:\/\/portaltela.pt\/#\/schema\/person\/c4278d4a6028830caff9ee44b42d32ed\",\"name\":\"Telinha\",\"image\":{\"@type\":\"ImageObject\",\"inLanguage\":\"pt-PT\",\"@id\":\"https:\/\/portaltela.pt\/s.01k8rhncp4jt1\/2025\/11\/talking-bot-125x125.png\",\"url\":\"https:\/\/portaltela.pt\/s.01k8rhncp4jt1\/2025\/11\/talking-bot-125x125.png\",\"contentUrl\":\"https:\/\/portaltela.pt\/s.01k8rhncp4jt1\/2025\/11\/talking-bot-125x125.png\",\"caption\":\"Telinha\"},\"sameAs\":[\"https:\/\/portaltela.pt\/\"],\"url\":\"https:\/\/portaltela.pt\/por\/367410592786\/\"}]}<\/script>\n<!-- \/ Yoast SEO plugin. -->","yoast_head_json":{"title":"Agate de Sousa mira recorde nacional ap\u00f3s ouro nos Mundiais indoor - Portal Tela Portugal","robots":{"index":"index","follow":"follow","max-snippet":"max-snippet:-1","max-image-preview":"max-image-preview:large","max-video-preview":"max-video-preview:-1"},"og_locale":"pt_PT","og_type":"article","og_title":"Agate de Sousa mira recorde nacional ap\u00f3s ouro nos Mundiais indoor - Portal Tela Portugal","og_description":"A atleta portuguesa Agate de Sousa aponta ao recorde nacional do salto em comprimento, que continua nas m\u00e3os de Naide Gomes, ap\u00f3s conquistar o t\u00edtulo mundial indoor. Disse que a marca visada \u00e9, sem d\u00favida, o recorde de Portugal e que Naide Gomes \u00e9 uma inspira\u00e7\u00e3o. Falou \u00e0 margem da assinatura de um protocolo entre o Comit\u00e9 Ol\u00edmpico de Portugal e uma cadeia de supermercados. O arranque da Liga Diamante marca o regresso \u00e0s provas, com os Europeus ao ar livre em Birmingham, em agosto, como maior objetivo deste ano. Refere que, a m\u00e9dio prazo, tamb\u00e9m ambiciona regressar aos Jogos Ol\u00edmpicos, olhando j\u00e1 para Los Angeles 2028.","og_url":"https:\/\/portaltela.pt\/noticias\/2026\/04\/09\/agate-de-sousa-mira-recorde-nacional-apos-ouro-nos-mundiais-indoor\/","og_site_name":"Portal Tela Portugal","article_published_time":"2026-04-09T14:02:26+00:00","author":"Telinha","twitter_card":"summary_large_image","twitter_misc":{"Escrito por":"Telinha","Tempo estimado de leitura":"1 minuto"},"schema":{"@context":"https:\/\/schema.org","@graph":[{"@type":"Article","@id":"https:\/\/portaltela.pt\/noticias\/2026\/04\/09\/agate-de-sousa-mira-recorde-nacional-apos-ouro-nos-mundiais-indoor\/#article","isPartOf":{"@id":"https:\/\/portaltela.pt\/noticias\/2026\/04\/09\/agate-de-sousa-mira-recorde-nacional-apos-ouro-nos-mundiais-indoor\/"},"author":{"name":"Telinha","@id":"https:\/\/portaltela.pt\/#\/schema\/person\/c4278d4a6028830caff9ee44b42d32ed"},"headline":"Agate de Sousa mira recorde nacional ap\u00f3s ouro nos Mundiais indoor","datePublished":"2026-04-09T14:02:26+00:00","mainEntityOfPage":{"@id":"https:\/\/portaltela.pt\/noticias\/2026\/04\/09\/agate-de-sousa-mira-recorde-nacional-apos-ouro-nos-mundiais-indoor\/"},"wordCount":173,"image":{"@id":"https:\/\/portaltela.pt\/noticias\/2026\/04\/09\/agate-de-sousa-mira-recorde-nacional-apos-ouro-nos-mundiais-indoor\/#primaryimage"},"thumbnailUrl":"https:\/\/portaltela.pt\/s.01k8rhncp4jt1\/2026\/04\/img_920x518uu2026-04-09-14-57-37-2431992.jpg","keywords":["atletismo","competi\u00e7\u00e3o","esportes","Naide Gomes","ol\u00edmpicos","Portugal"],"articleSection":["Desporto","Futebol"],"inLanguage":"pt-PT"},{"@type":"WebPage","@id":"https:\/\/portaltela.pt\/noticias\/2026\/04\/09\/agate-de-sousa-mira-recorde-nacional-apos-ouro-nos-mundiais-indoor\/","url":"https:\/\/portaltela.pt\/noticias\/2026\/04\/09\/agate-de-sousa-mira-recorde-nacional-apos-ouro-nos-mundiais-indoor\/","name":"Agate de Sousa mira recorde nacional ap\u00f3s ouro nos Mundiais indoor - Portal Tela Portugal","isPartOf":{"@id":"https:\/\/portaltela.pt\/#website"},"primaryImageOfPage":{"@id":"https:\/\/portaltela.pt\/noticias\/2026\/04\/09\/agate-de-sousa-mira-recorde-nacional-apos-ouro-nos-mundiais-indoor\/#primaryimage"},"image":{"@id":"https:\/\/portaltela.pt\/noticias\/2026\/04\/09\/agate-de-sousa-mira-recorde-nacional-apos-ouro-nos-mundiais-indoor\/#primaryimage"},"thumbnailUrl":"https:\/\/portaltela.pt\/s.01k8rhncp4jt1\/2026\/04\/img_920x518uu2026-04-09-14-57-37-2431992.jpg","datePublished":"2026-04-09T14:02:26+00:00","author":{"@id":"https:\/\/portaltela.pt\/#\/schema\/person\/c4278d4a6028830caff9ee44b42d32ed"},"breadcrumb":{"@id":"https:\/\/portaltela.pt\/noticias\/2026\/04\/09\/agate-de-sousa-mira-recorde-nacional-apos-ouro-nos-mundiais-indoor\/#breadcrumb"},"inLanguage":"pt-PT","potentialAction":[{"@type":"ReadAction","target":["https:\/\/portaltela.pt\/noticias\/2026\/04\/09\/agate-de-sousa-mira-recorde-nacional-apos-ouro-nos-mundiais-indoor\/"]}]},{"@type":"ImageObject","inLanguage":"pt-PT","@id":"https:\/\/portaltela.pt\/noticias\/2026\/04\/09\/agate-de-sousa-mira-recorde-nacional-apos-ouro-nos-mundiais-indoor\/#primaryimage","url":"https:\/\/portaltela.pt\/s.01k8rhncp4jt1\/2026\/04\/img_920x518uu2026-04-09-14-57-37-2431992.jpg","contentUrl":"https:\/\/portaltela.pt\/s.01k8rhncp4jt1\/2026\/04\/img_920x518uu2026-04-09-14-57-37-2431992.jpg","width":796,"height":448,"caption":"Agate de Sousa de olho no recorde nacional ap\u00f3s ouro nos Mundiais indoor"},{"@type":"BreadcrumbList","@id":"https:\/\/portaltela.pt\/noticias\/2026\/04\/09\/agate-de-sousa-mira-recorde-nacional-apos-ouro-nos-mundiais-indoor\/#breadcrumb","itemListElement":[{"@type":"ListItem","position":1,"name":"In\u00edcio","item":"https:\/\/portaltela.pt\/"},{"@type":"ListItem","position":2,"name":"Agate de Sousa mira recorde nacional ap\u00f3s ouro nos Mundiais indoor"}]},{"@type":"WebSite","@id":"https:\/\/portaltela.pt\/#website","url":"https:\/\/portaltela.pt\/","name":"Portal Tela Portugal","description":"","potentialAction":[{"@type":"SearchAction","target":{"@type":"EntryPoint","urlTemplate":"https:\/\/portaltela.pt\/?s={search_term_string}"},"query-input":{"@type":"PropertyValueSpecification","valueRequired":true,"valueName":"search_term_string"}}],"inLanguage":"pt-PT"},{"@type":"Person","@id":"https:\/\/portaltela.pt\/#\/schema\/person\/c4278d4a6028830caff9ee44b42d32ed","name":"Telinha","image":{"@type":"ImageObject","inLanguage":"pt-PT","@id":"https:\/\/portaltela.pt\/s.01k8rhncp4jt1\/2025\/11\/talking-bot-125x125.png","url":"https:\/\/portaltela.pt\/s.01k8rhncp4jt1\/2025\/11\/talking-bot-125x125.png","contentUrl":"https:\/\/portaltela.pt\/s.01k8rhncp4jt1\/2025\/11\/talking-bot-125x125.png","caption":"Telinha"},"sameAs":["https:\/\/portaltela.pt\/"],"url":"https:\/\/portaltela.pt\/por\/367410592786\/"}]}},"_links":{"self":[{"href":"https:\/\/portaltela.pt\/api\/wp\/v2\/posts\/438062","targetHints":{"allow":["GET"]}}],"collection":[{"href":"https:\/\/portaltela.pt\/api\/wp\/v2\/posts"}],"about":[{"href":"https:\/\/portaltela.pt\/api\/wp\/v2\/types\/post"}],"author":[{"embeddable":true,"href":"https:\/\/portaltela.pt\/api\/wp\/v2\/users\/2"}],"replies":[{"embeddable":true,"href":"https:\/\/portaltela.pt\/api\/wp\/v2\/comments?post=438062"}],"version-history":[{"count":0,"href":"https:\/\/portaltela.pt\/api\/wp\/v2\/posts\/438062\/revisions"}],"wp:featuredmedia":[{"embeddable":true,"href":"https:\/\/portaltela.pt\/api\/wp\/v2\/media\/438064"}],"wp:attachment":[{"href":"https:\/\/portaltela.pt\/api\/wp\/v2\/media?parent=438062"}],"wp:term":[{"taxonomy":"category","embeddable":true,"href":"https:\/\/portaltela.pt\/api\/wp\/v2\/categories?post=438062"},{"taxonomy":"post_tag","embeddable":true,"href":"https:\/\/portaltela.pt\/api\/wp\/v2\/tags?post=438062"}],"curies":[{"name":"wp","href":"https:\/\/api.w.org\/{rel}","templated":true}]}}