{"id":438054,"date":"2026-04-09T10:47:10","date_gmt":"2026-04-09T13:47:10","guid":{"rendered":"https:\/\/portaltela.pt\/noticias\/2026\/04\/09\/ciclista-iuri-leitao-quer-vaga-na-volta-a-franca\/"},"modified":"2026-04-09T10:47:10","modified_gmt":"2026-04-09T13:47:10","slug":"ciclista-iuri-leitao-quer-vaga-na-volta-a-franca","status":"publish","type":"post","link":"https:\/\/portaltela.pt\/desporto\/futebol\/2026\/04\/09\/ciclista-iuri-leitao-quer-vaga-na-volta-a-franca\/","title":{"rendered":"Ciclista I\u00fari Leit\u00e3o quer vaga na Volta a Fran\u00e7a"},"content":{"rendered":"<p>O ciclista portugu\u00eas I\u00fari Leit\u00e3o afirmou nesta quarta-feira que vai trabalhar para merecer um lugar na Volta a Fran\u00e7a, depois de a Caja Rural ter sido convidada para a corrida. O objetivo mant\u00e9m-se, diz, embora a decis\u00e3o final dependa da equipa.<\/p>\n<p>Com 26 atletas no plantel e apenas oito lugares dispon\u00edveis, a escolha do plantel caber\u00e1 \u00e0 Caja Rural, que dever\u00e1 definir quem compete na maior prova francesa. Leit\u00e3o reconhece o desafio, mas sublinha a import\u00e2ncia de caminhar pelo objetivo.<\/p>\n<p>N\u00e3o fica desiludido se ficar de fora, e assume ter interesse em participar. O calend\u00e1rio da equipa, com provas importantes, oferece ainda v\u00e1rias oportunidades para o ciclista se manter em foco.<\/p>\n<h3>Palmar\u00e9s e momento atual<\/h3>\n<p>Leit\u00e3o soma ouro em omnium e prata em madison nos Jogos Ol\u00edmpicos Paris 2024, al\u00e9m de triunfar na estrada na Cl\u00e1ssica Loire Atlantique. Estes resultados configuram um in\u00edcio de \u00e9poca promissor.<\/p>\n<p>O desempenho recente inclui um quarto lugar logo no segundo dia de competi\u00e7\u00e3o na estrada, seguido de triunfos no Europeu de pista em v\u00e1rias disciplinas, consolidando o estatuto do ciclista na temporada.<\/p>\n<h3>Perspetivas futuras<\/h3>\n<p>A \u00e9poca continua com o Mundial de pista no final do ano e outras provas de estrada em abril e maio. Leit\u00e3o aponta um calend\u00e1rio alargado, com o Europeu de estrada entre os objetivos prov\u00e1veis, conforme o estado de forma e a escolha da equipa.<\/p>\n","protected":false},"excerpt":{"rendered":"<ul>\n<li>O ciclista portugu\u00eas I\u00fari Leit\u00e3o disse trabalhar para merecer um lugar na Volta \u00e0 Fran\u00e7a, ap\u00f3s a Caja Rural ter sido convidada para a prova.<\/li>\n<li>S\u00e3o vinte e seis ciclistas na equipa, mas apenas oito podem competir, cabendo \u00e0 equipa decidir qual plantel leva \u00e0 Volta.<\/li>\n<li>Leit\u00e3o afirmou n\u00e3o ficar triste se n\u00e3o for escolhido, mas admitiu que gostaria de estar presente, mencionando ainda um calend\u00e1rio que inclui o Mundial de pista no fim do ano.<\/li>\n<li>O atleta soma t\u00edtulos relevantes, como ouro em Madison e prata em Omnium nos Jogos Ol\u00edmpicos Paris 2024, al\u00e9m de vit\u00f3ria na Cl\u00e1ssica Loire-Atlantique e Europeu de omnium.<\/li>\n<li>A \u00e9poca come\u00e7ou bem, com bons resultados na estrada e na pista e bons desempenhos no in\u00edcio de abril e maio.<\/li>\n<\/ul>\n","protected":false},"author":2,"featured_media":438059,"comment_status":"closed","ping_status":"closed","sticky":false,"template":"","format":"standard","meta":{"footnotes":""},"categories":[21,24],"tags":[923,152,2487,84,1014],"class_list":["post-438054","post","type-post","status-publish","format-standard","has-post-thumbnail","hentry","category-desporto","category-futebol","tag-ciclismo","tag-desporto","tag-europa","tag-olimpiadas","tag-portugal"],"yoast_head":"<!-- This site is optimized with the Yoast SEO plugin v27.2 - https:\/\/yoast.com\/product\/yoast-seo-wordpress\/ -->\n<title>Ciclista I\u00fari Leit\u00e3o quer vaga na Volta a Fran\u00e7a - Portal Tela Portugal<\/title>\n<meta name=\"robots\" content=\"index, follow, max-snippet:-1, max-image-preview:large, max-video-preview:-1\" \/>\n<meta property=\"og:locale\" content=\"pt_PT\" \/>\n<meta property=\"og:type\" content=\"article\" \/>\n<meta property=\"og:title\" content=\"Ciclista I\u00fari Leit\u00e3o quer vaga na Volta a Fran\u00e7a - Portal Tela Portugal\" \/>\n<meta property=\"og:description\" content=\"O ciclista portugu\u00eas I\u00fari Leit\u00e3o disse trabalhar para merecer um lugar na Volta \u00e0 Fran\u00e7a, ap\u00f3s a Caja Rural ter sido convidada para a prova. S\u00e3o vinte e seis ciclistas na equipa, mas apenas oito podem competir, cabendo \u00e0 equipa decidir qual plantel leva \u00e0 Volta. Leit\u00e3o afirmou n\u00e3o ficar triste se n\u00e3o for escolhido, mas admitiu que gostaria de estar presente, mencionando ainda um calend\u00e1rio que inclui o Mundial de pista no fim do ano. O atleta soma t\u00edtulos relevantes, como ouro em Madison e prata em Omnium nos Jogos Ol\u00edmpicos Paris 2024, al\u00e9m de vit\u00f3ria na Cl\u00e1ssica Loire-Atlantique e Europeu de omnium. A \u00e9poca come\u00e7ou bem, com bons resultados na estrada e na pista e bons desempenhos no in\u00edcio de abril e maio.\" \/>\n<meta property=\"og:url\" content=\"https:\/\/portaltela.pt\/noticias\/2026\/04\/09\/ciclista-iuri-leitao-quer-vaga-na-volta-a-franca\/\" \/>\n<meta property=\"og:site_name\" content=\"Portal Tela Portugal\" \/>\n<meta property=\"article:published_time\" content=\"2026-04-09T13:47:10+00:00\" \/>\n<meta name=\"author\" content=\"Telinha\" \/>\n<meta name=\"twitter:card\" content=\"summary_large_image\" \/>\n<meta name=\"twitter:label1\" content=\"Escrito por\" \/>\n\t<meta name=\"twitter:data1\" content=\"Telinha\" \/>\n\t<meta name=\"twitter:label2\" content=\"Tempo estimado de leitura\" \/>\n\t<meta name=\"twitter:data2\" content=\"1 minuto\" \/>\n<script type=\"application\/ld+json\" class=\"yoast-schema-graph\">{\"@context\":\"https:\/\/schema.org\",\"@graph\":[{\"@type\":\"Article\",\"@id\":\"https:\/\/portaltela.pt\/noticias\/2026\/04\/09\/ciclista-iuri-leitao-quer-vaga-na-volta-a-franca\/#article\",\"isPartOf\":{\"@id\":\"https:\/\/portaltela.pt\/noticias\/2026\/04\/09\/ciclista-iuri-leitao-quer-vaga-na-volta-a-franca\/\"},\"author\":{\"name\":\"Telinha\",\"@id\":\"https:\/\/portaltela.pt\/#\/schema\/person\/c4278d4a6028830caff9ee44b42d32ed\"},\"headline\":\"Ciclista I\u00fari Leit\u00e3o quer vaga na Volta a Fran\u00e7a\",\"datePublished\":\"2026-04-09T13:47:10+00:00\",\"mainEntityOfPage\":{\"@id\":\"https:\/\/portaltela.pt\/noticias\/2026\/04\/09\/ciclista-iuri-leitao-quer-vaga-na-volta-a-franca\/\"},\"wordCount\":257,\"image\":{\"@id\":\"https:\/\/portaltela.pt\/noticias\/2026\/04\/09\/ciclista-iuri-leitao-quer-vaga-na-volta-a-franca\/#primaryimage\"},\"thumbnailUrl\":\"https:\/\/portaltela.pt\/s.01k8rhncp4jt1\/2026\/04\/img_1500x1000uu2024-08-17-19-33-43-1727775.jpg\",\"keywords\":[\"ciclismo\",\"desporto\",\"Europa\",\"olimp\u00edadas\",\"Portugal\"],\"articleSection\":[\"Desporto\",\"Futebol\"],\"inLanguage\":\"pt-PT\"},{\"@type\":\"WebPage\",\"@id\":\"https:\/\/portaltela.pt\/noticias\/2026\/04\/09\/ciclista-iuri-leitao-quer-vaga-na-volta-a-franca\/\",\"url\":\"https:\/\/portaltela.pt\/noticias\/2026\/04\/09\/ciclista-iuri-leitao-quer-vaga-na-volta-a-franca\/\",\"name\":\"Ciclista I\u00fari Leit\u00e3o quer vaga na Volta a Fran\u00e7a - Portal Tela Portugal\",\"isPartOf\":{\"@id\":\"https:\/\/portaltela.pt\/#website\"},\"primaryImageOfPage\":{\"@id\":\"https:\/\/portaltela.pt\/noticias\/2026\/04\/09\/ciclista-iuri-leitao-quer-vaga-na-volta-a-franca\/#primaryimage\"},\"image\":{\"@id\":\"https:\/\/portaltela.pt\/noticias\/2026\/04\/09\/ciclista-iuri-leitao-quer-vaga-na-volta-a-franca\/#primaryimage\"},\"thumbnailUrl\":\"https:\/\/portaltela.pt\/s.01k8rhncp4jt1\/2026\/04\/img_1500x1000uu2024-08-17-19-33-43-1727775.jpg\",\"datePublished\":\"2026-04-09T13:47:10+00:00\",\"author\":{\"@id\":\"https:\/\/portaltela.pt\/#\/schema\/person\/c4278d4a6028830caff9ee44b42d32ed\"},\"breadcrumb\":{\"@id\":\"https:\/\/portaltela.pt\/noticias\/2026\/04\/09\/ciclista-iuri-leitao-quer-vaga-na-volta-a-franca\/#breadcrumb\"},\"inLanguage\":\"pt-PT\",\"potentialAction\":[{\"@type\":\"ReadAction\",\"target\":[\"https:\/\/portaltela.pt\/noticias\/2026\/04\/09\/ciclista-iuri-leitao-quer-vaga-na-volta-a-franca\/\"]}]},{\"@type\":\"ImageObject\",\"inLanguage\":\"pt-PT\",\"@id\":\"https:\/\/portaltela.pt\/noticias\/2026\/04\/09\/ciclista-iuri-leitao-quer-vaga-na-volta-a-franca\/#primaryimage\",\"url\":\"https:\/\/portaltela.pt\/s.01k8rhncp4jt1\/2026\/04\/img_1500x1000uu2024-08-17-19-33-43-1727775.jpg\",\"contentUrl\":\"https:\/\/portaltela.pt\/s.01k8rhncp4jt1\/2026\/04\/img_1500x1000uu2024-08-17-19-33-43-1727775.jpg\",\"width\":796,\"height\":448,\"caption\":\"Iuri Leit\u00e3o\"},{\"@type\":\"BreadcrumbList\",\"@id\":\"https:\/\/portaltela.pt\/noticias\/2026\/04\/09\/ciclista-iuri-leitao-quer-vaga-na-volta-a-franca\/#breadcrumb\",\"itemListElement\":[{\"@type\":\"ListItem\",\"position\":1,\"name\":\"In\u00edcio\",\"item\":\"https:\/\/portaltela.pt\/\"},{\"@type\":\"ListItem\",\"position\":2,\"name\":\"Ciclista I\u00fari Leit\u00e3o quer vaga na Volta a Fran\u00e7a\"}]},{\"@type\":\"WebSite\",\"@id\":\"https:\/\/portaltela.pt\/#website\",\"url\":\"https:\/\/portaltela.pt\/\",\"name\":\"Portal Tela Portugal\",\"description\":\"\",\"potentialAction\":[{\"@type\":\"SearchAction\",\"target\":{\"@type\":\"EntryPoint\",\"urlTemplate\":\"https:\/\/portaltela.pt\/?s={search_term_string}\"},\"query-input\":{\"@type\":\"PropertyValueSpecification\",\"valueRequired\":true,\"valueName\":\"search_term_string\"}}],\"inLanguage\":\"pt-PT\"},{\"@type\":\"Person\",\"@id\":\"https:\/\/portaltela.pt\/#\/schema\/person\/c4278d4a6028830caff9ee44b42d32ed\",\"name\":\"Telinha\",\"image\":{\"@type\":\"ImageObject\",\"inLanguage\":\"pt-PT\",\"@id\":\"https:\/\/portaltela.pt\/s.01k8rhncp4jt1\/2025\/11\/talking-bot-125x125.png\",\"url\":\"https:\/\/portaltela.pt\/s.01k8rhncp4jt1\/2025\/11\/talking-bot-125x125.png\",\"contentUrl\":\"https:\/\/portaltela.pt\/s.01k8rhncp4jt1\/2025\/11\/talking-bot-125x125.png\",\"caption\":\"Telinha\"},\"sameAs\":[\"https:\/\/portaltela.pt\/\"],\"url\":\"https:\/\/portaltela.pt\/por\/367410592786\/\"}]}<\/script>\n<!-- \/ Yoast SEO plugin. -->","yoast_head_json":{"title":"Ciclista I\u00fari Leit\u00e3o quer vaga na Volta a Fran\u00e7a - Portal Tela Portugal","robots":{"index":"index","follow":"follow","max-snippet":"max-snippet:-1","max-image-preview":"max-image-preview:large","max-video-preview":"max-video-preview:-1"},"og_locale":"pt_PT","og_type":"article","og_title":"Ciclista I\u00fari Leit\u00e3o quer vaga na Volta a Fran\u00e7a - Portal Tela Portugal","og_description":"O ciclista portugu\u00eas I\u00fari Leit\u00e3o disse trabalhar para merecer um lugar na Volta \u00e0 Fran\u00e7a, ap\u00f3s a Caja Rural ter sido convidada para a prova. S\u00e3o vinte e seis ciclistas na equipa, mas apenas oito podem competir, cabendo \u00e0 equipa decidir qual plantel leva \u00e0 Volta. Leit\u00e3o afirmou n\u00e3o ficar triste se n\u00e3o for escolhido, mas admitiu que gostaria de estar presente, mencionando ainda um calend\u00e1rio que inclui o Mundial de pista no fim do ano. O atleta soma t\u00edtulos relevantes, como ouro em Madison e prata em Omnium nos Jogos Ol\u00edmpicos Paris 2024, al\u00e9m de vit\u00f3ria na Cl\u00e1ssica Loire-Atlantique e Europeu de omnium. A \u00e9poca come\u00e7ou bem, com bons resultados na estrada e na pista e bons desempenhos no in\u00edcio de abril e maio.","og_url":"https:\/\/portaltela.pt\/noticias\/2026\/04\/09\/ciclista-iuri-leitao-quer-vaga-na-volta-a-franca\/","og_site_name":"Portal Tela Portugal","article_published_time":"2026-04-09T13:47:10+00:00","author":"Telinha","twitter_card":"summary_large_image","twitter_misc":{"Escrito por":"Telinha","Tempo estimado de leitura":"1 minuto"},"schema":{"@context":"https:\/\/schema.org","@graph":[{"@type":"Article","@id":"https:\/\/portaltela.pt\/noticias\/2026\/04\/09\/ciclista-iuri-leitao-quer-vaga-na-volta-a-franca\/#article","isPartOf":{"@id":"https:\/\/portaltela.pt\/noticias\/2026\/04\/09\/ciclista-iuri-leitao-quer-vaga-na-volta-a-franca\/"},"author":{"name":"Telinha","@id":"https:\/\/portaltela.pt\/#\/schema\/person\/c4278d4a6028830caff9ee44b42d32ed"},"headline":"Ciclista I\u00fari Leit\u00e3o quer vaga na Volta a Fran\u00e7a","datePublished":"2026-04-09T13:47:10+00:00","mainEntityOfPage":{"@id":"https:\/\/portaltela.pt\/noticias\/2026\/04\/09\/ciclista-iuri-leitao-quer-vaga-na-volta-a-franca\/"},"wordCount":257,"image":{"@id":"https:\/\/portaltela.pt\/noticias\/2026\/04\/09\/ciclista-iuri-leitao-quer-vaga-na-volta-a-franca\/#primaryimage"},"thumbnailUrl":"https:\/\/portaltela.pt\/s.01k8rhncp4jt1\/2026\/04\/img_1500x1000uu2024-08-17-19-33-43-1727775.jpg","keywords":["ciclismo","desporto","Europa","olimp\u00edadas","Portugal"],"articleSection":["Desporto","Futebol"],"inLanguage":"pt-PT"},{"@type":"WebPage","@id":"https:\/\/portaltela.pt\/noticias\/2026\/04\/09\/ciclista-iuri-leitao-quer-vaga-na-volta-a-franca\/","url":"https:\/\/portaltela.pt\/noticias\/2026\/04\/09\/ciclista-iuri-leitao-quer-vaga-na-volta-a-franca\/","name":"Ciclista I\u00fari Leit\u00e3o quer vaga na Volta a Fran\u00e7a - Portal Tela Portugal","isPartOf":{"@id":"https:\/\/portaltela.pt\/#website"},"primaryImageOfPage":{"@id":"https:\/\/portaltela.pt\/noticias\/2026\/04\/09\/ciclista-iuri-leitao-quer-vaga-na-volta-a-franca\/#primaryimage"},"image":{"@id":"https:\/\/portaltela.pt\/noticias\/2026\/04\/09\/ciclista-iuri-leitao-quer-vaga-na-volta-a-franca\/#primaryimage"},"thumbnailUrl":"https:\/\/portaltela.pt\/s.01k8rhncp4jt1\/2026\/04\/img_1500x1000uu2024-08-17-19-33-43-1727775.jpg","datePublished":"2026-04-09T13:47:10+00:00","author":{"@id":"https:\/\/portaltela.pt\/#\/schema\/person\/c4278d4a6028830caff9ee44b42d32ed"},"breadcrumb":{"@id":"https:\/\/portaltela.pt\/noticias\/2026\/04\/09\/ciclista-iuri-leitao-quer-vaga-na-volta-a-franca\/#breadcrumb"},"inLanguage":"pt-PT","potentialAction":[{"@type":"ReadAction","target":["https:\/\/portaltela.pt\/noticias\/2026\/04\/09\/ciclista-iuri-leitao-quer-vaga-na-volta-a-franca\/"]}]},{"@type":"ImageObject","inLanguage":"pt-PT","@id":"https:\/\/portaltela.pt\/noticias\/2026\/04\/09\/ciclista-iuri-leitao-quer-vaga-na-volta-a-franca\/#primaryimage","url":"https:\/\/portaltela.pt\/s.01k8rhncp4jt1\/2026\/04\/img_1500x1000uu2024-08-17-19-33-43-1727775.jpg","contentUrl":"https:\/\/portaltela.pt\/s.01k8rhncp4jt1\/2026\/04\/img_1500x1000uu2024-08-17-19-33-43-1727775.jpg","width":796,"height":448,"caption":"Iuri Leit\u00e3o"},{"@type":"BreadcrumbList","@id":"https:\/\/portaltela.pt\/noticias\/2026\/04\/09\/ciclista-iuri-leitao-quer-vaga-na-volta-a-franca\/#breadcrumb","itemListElement":[{"@type":"ListItem","position":1,"name":"In\u00edcio","item":"https:\/\/portaltela.pt\/"},{"@type":"ListItem","position":2,"name":"Ciclista I\u00fari Leit\u00e3o quer vaga na Volta a Fran\u00e7a"}]},{"@type":"WebSite","@id":"https:\/\/portaltela.pt\/#website","url":"https:\/\/portaltela.pt\/","name":"Portal Tela Portugal","description":"","potentialAction":[{"@type":"SearchAction","target":{"@type":"EntryPoint","urlTemplate":"https:\/\/portaltela.pt\/?s={search_term_string}"},"query-input":{"@type":"PropertyValueSpecification","valueRequired":true,"valueName":"search_term_string"}}],"inLanguage":"pt-PT"},{"@type":"Person","@id":"https:\/\/portaltela.pt\/#\/schema\/person\/c4278d4a6028830caff9ee44b42d32ed","name":"Telinha","image":{"@type":"ImageObject","inLanguage":"pt-PT","@id":"https:\/\/portaltela.pt\/s.01k8rhncp4jt1\/2025\/11\/talking-bot-125x125.png","url":"https:\/\/portaltela.pt\/s.01k8rhncp4jt1\/2025\/11\/talking-bot-125x125.png","contentUrl":"https:\/\/portaltela.pt\/s.01k8rhncp4jt1\/2025\/11\/talking-bot-125x125.png","caption":"Telinha"},"sameAs":["https:\/\/portaltela.pt\/"],"url":"https:\/\/portaltela.pt\/por\/367410592786\/"}]}},"_links":{"self":[{"href":"https:\/\/portaltela.pt\/api\/wp\/v2\/posts\/438054","targetHints":{"allow":["GET"]}}],"collection":[{"href":"https:\/\/portaltela.pt\/api\/wp\/v2\/posts"}],"about":[{"href":"https:\/\/portaltela.pt\/api\/wp\/v2\/types\/post"}],"author":[{"embeddable":true,"href":"https:\/\/portaltela.pt\/api\/wp\/v2\/users\/2"}],"replies":[{"embeddable":true,"href":"https:\/\/portaltela.pt\/api\/wp\/v2\/comments?post=438054"}],"version-history":[{"count":0,"href":"https:\/\/portaltela.pt\/api\/wp\/v2\/posts\/438054\/revisions"}],"wp:featuredmedia":[{"embeddable":true,"href":"https:\/\/portaltela.pt\/api\/wp\/v2\/media\/438059"}],"wp:attachment":[{"href":"https:\/\/portaltela.pt\/api\/wp\/v2\/media?parent=438054"}],"wp:term":[{"taxonomy":"category","embeddable":true,"href":"https:\/\/portaltela.pt\/api\/wp\/v2\/categories?post=438054"},{"taxonomy":"post_tag","embeddable":true,"href":"https:\/\/portaltela.pt\/api\/wp\/v2\/tags?post=438054"}],"curies":[{"name":"wp","href":"https:\/\/api.w.org\/{rel}","templated":true}]}}