{"id":438053,"date":"2026-04-09T10:47:09","date_gmt":"2026-04-09T13:47:09","guid":{"rendered":"https:\/\/portaltela.pt\/noticias\/2026\/04\/09\/pimenta-apela-a-mais-atencao-ao-desporto-junto-de-antonio-jose-seguro\/"},"modified":"2026-04-09T10:47:09","modified_gmt":"2026-04-09T13:47:09","slug":"pimenta-apela-a-mais-atencao-ao-desporto-junto-de-antonio-jose-seguro","status":"publish","type":"post","link":"https:\/\/portaltela.pt\/desporto\/copa-do-mundo\/2026\/04\/09\/pimenta-apela-a-mais-atencao-ao-desporto-junto-de-antonio-jose-seguro\/","title":{"rendered":"Pimenta apela a mais aten\u00e7\u00e3o ao desporto junto de Ant\u00f3nio Jos\u00e9 Seguro"},"content":{"rendered":"<p>Fernando Pimenta reuniu-se com o Presidente da Rep\u00fablica no Centro de Alto Rendimento (CAR) de Montemor-o-Novo, numa visita ligada \u00e0 assinatura de um protocolo entre o Comit\u00e9 Ol\u00edmpico de Portugal (COP) e uma rede de supermercados. O encontro ocorreu esta quinta-feira, durante as atividades do centro.<\/p>\n<p>O cano\u00edsta pediu ao novo chefe de Estado para manter uma aten\u00e7\u00e3o maior ao desporto, destacando que os atletas s\u00e3o a imagem de Portugal e atuam como embaixadores e ativo nacional. O pedido surgiu na margem da assinatura do protocolo.<\/p>\n<p>Pimenta tamb\u00e9m mostrou desejo de ver o Presidente presente nos Europeus de canoagem de velocidade, que se realizam em Montemor-o-Novo. Referiu ainda o apoio \u00e0 regi\u00e3o afetada por cheias e tempestades, dizendo que os atletas podem contribuir para trazer alegrias ao pa\u00eds e \u00e0 comunidade local.<\/p>\n<p>Quanto ao CAR, o atleta confirmou que as estruturas foram abaladas pelo mau tempo e que a recupera\u00e7\u00e3o funciona a passos lentos. Acredita que algumas infraestruturas v\u00e3o demorar a ficar prontas, mas que a semana e meia seguintes devem melhorar para a seletiva que a\u00ed vem.<\/p>\n<p>No plano desportivo, Pimenta, medalha de prata em Londres 2012 e bronze em T\u00f3quio 2020, aponta o objetivo de pontuar para os Jogos Ol\u00edmpicos. A nova qualifica\u00e7\u00e3o por ranking exige consist\u00eancia em v\u00e1rias provas internacionais ao longo da temporada.<\/p>\n<p>O cano\u00edsta aponta a necessidade de estar ao mais alto n\u00edvel nas cinco competi\u00e7\u00f5es internacionais previstas, incluindo tr\u00eas Ta\u00e7as do Mundo, o Europeu em Montemor-o-Velho e o Mundial em Pozna\u0144, na Pol\u00f3nia. A meta \u00e9 tornar-se regular entre os melhores em diversos eventos.<\/p>\n","protected":false},"excerpt":{"rendered":"<ul>\n<li>O cano\u00edsta Fernando Pimenta pediu ao novo Presidente da Rep\u00fablica que preste mais aten\u00e7\u00e3o ao desporto, dizendo que os atletas s\u00e3o a imagem de Portugal e os seus embaixadores.<\/li>\n<li>Durante a assinatura de um protocolo entre o Comit\u00e9 Ol\u00edmpico de Portugal e uma cadeia de supermercados, Pimenta mostrou desejo de que Ant\u00f3nio Jos\u00e9 Seguro esteja presente nos Europeus de canoagem de velocidade, em Montemor-o-Novo.<\/li>\n<li>O Centro de Alto Rendimento de Montemor-o-Novo est\u00e1 a recuperar-se dos efeitos do mau tempo, com algumas infraestruturas a exigir mais tempo de reabilita\u00e7\u00e3o; h\u00e1 uma seletiva marcada para a pr\u00f3xima semana e meia, antes do Europeu.<\/li>\n<li>O objetivo de Pimenta para a \u00e9poca \u00e9 pontuar para os Jogos Ol\u00edmpicos, em regime de ranking, admitindo que a nova regra pode favorecer pot\u00eancias na modalidade.<\/li>\n<li>A agenda inclui cinco competi\u00e7\u00f5es internacionais, tr\u00eas Ta\u00e7as do Mundo (uma fora da Europa), o Campeonato da Europa em Montemor-o-Velho, a meio de junho, e o Mundial em Pozna\u0144.<\/li>\n<\/ul>\n","protected":false},"author":2,"featured_media":438056,"comment_status":"closed","ping_status":"closed","sticky":false,"template":"","format":"standard","meta":{"footnotes":""},"categories":[6695,21],"tags":[1132,152,2487,4903,7625],"class_list":["post-438053","post","type-post","status-publish","format-standard","has-post-thumbnail","hentry","category-copa-do-mundo","category-desporto","tag-canoagem","tag-desporto","tag-europa","tag-montemor-o-velho","tag-olimpicos"],"yoast_head":"<!-- This site is optimized with the Yoast SEO plugin v27.2 - https:\/\/yoast.com\/product\/yoast-seo-wordpress\/ -->\n<title>Pimenta apela a mais aten\u00e7\u00e3o ao desporto junto de Ant\u00f3nio Jos\u00e9 Seguro - Portal Tela Portugal<\/title>\n<meta name=\"robots\" content=\"index, follow, max-snippet:-1, max-image-preview:large, max-video-preview:-1\" \/>\n<meta property=\"og:locale\" content=\"pt_PT\" \/>\n<meta property=\"og:type\" content=\"article\" \/>\n<meta property=\"og:title\" content=\"Pimenta apela a mais aten\u00e7\u00e3o ao desporto junto de Ant\u00f3nio Jos\u00e9 Seguro - Portal Tela Portugal\" \/>\n<meta property=\"og:description\" content=\"O cano\u00edsta Fernando Pimenta pediu ao novo Presidente da Rep\u00fablica que preste mais aten\u00e7\u00e3o ao desporto, dizendo que os atletas s\u00e3o a imagem de Portugal e os seus embaixadores. Durante a assinatura de um protocolo entre o Comit\u00e9 Ol\u00edmpico de Portugal e uma cadeia de supermercados, Pimenta mostrou desejo de que Ant\u00f3nio Jos\u00e9 Seguro esteja presente nos Europeus de canoagem de velocidade, em Montemor-o-Novo. O Centro de Alto Rendimento de Montemor-o-Novo est\u00e1 a recuperar-se dos efeitos do mau tempo, com algumas infraestruturas a exigir mais tempo de reabilita\u00e7\u00e3o; h\u00e1 uma seletiva marcada para a pr\u00f3xima semana e meia, antes do Europeu. O objetivo de Pimenta para a \u00e9poca \u00e9 pontuar para os Jogos Ol\u00edmpicos, em regime de ranking, admitindo que a nova regra pode favorecer pot\u00eancias na modalidade. A agenda inclui cinco competi\u00e7\u00f5es internacionais, tr\u00eas Ta\u00e7as do Mundo (uma fora da Europa), o Campeonato da Europa em Montemor-o-Velho, a meio de junho, e o Mundial em Pozna\u0144.\" \/>\n<meta property=\"og:url\" content=\"https:\/\/portaltela.pt\/noticias\/2026\/04\/09\/pimenta-apela-a-mais-atencao-ao-desporto-junto-de-antonio-jose-seguro\/\" \/>\n<meta property=\"og:site_name\" content=\"Portal Tela Portugal\" \/>\n<meta property=\"article:published_time\" content=\"2026-04-09T13:47:09+00:00\" \/>\n<meta name=\"author\" content=\"Telinha\" \/>\n<meta name=\"twitter:card\" content=\"summary_large_image\" \/>\n<meta name=\"twitter:label1\" content=\"Escrito por\" \/>\n\t<meta name=\"twitter:data1\" content=\"Telinha\" \/>\n\t<meta name=\"twitter:label2\" content=\"Tempo estimado de leitura\" \/>\n\t<meta name=\"twitter:data2\" content=\"1 minuto\" \/>\n<script type=\"application\/ld+json\" class=\"yoast-schema-graph\">{\"@context\":\"https:\/\/schema.org\",\"@graph\":[{\"@type\":\"Article\",\"@id\":\"https:\/\/portaltela.pt\/noticias\/2026\/04\/09\/pimenta-apela-a-mais-atencao-ao-desporto-junto-de-antonio-jose-seguro\/#article\",\"isPartOf\":{\"@id\":\"https:\/\/portaltela.pt\/noticias\/2026\/04\/09\/pimenta-apela-a-mais-atencao-ao-desporto-junto-de-antonio-jose-seguro\/\"},\"author\":{\"name\":\"Telinha\",\"@id\":\"https:\/\/portaltela.pt\/#\/schema\/person\/c4278d4a6028830caff9ee44b42d32ed\"},\"headline\":\"Pimenta apela a mais aten\u00e7\u00e3o ao desporto junto de Ant\u00f3nio Jos\u00e9 Seguro\",\"datePublished\":\"2026-04-09T13:47:09+00:00\",\"mainEntityOfPage\":{\"@id\":\"https:\/\/portaltela.pt\/noticias\/2026\/04\/09\/pimenta-apela-a-mais-atencao-ao-desporto-junto-de-antonio-jose-seguro\/\"},\"wordCount\":289,\"image\":{\"@id\":\"https:\/\/portaltela.pt\/noticias\/2026\/04\/09\/pimenta-apela-a-mais-atencao-ao-desporto-junto-de-antonio-jose-seguro\/#primaryimage\"},\"thumbnailUrl\":\"https:\/\/portaltela.pt\/s.01k8rhncp4jt1\/2026\/04\/img_920x518uu2026-04-09-14-34-12-2431990.jpg\",\"keywords\":[\"canoagem\",\"desporto\",\"Europa\",\"Montemor-o-Velho\",\"ol\u00edmpicos\"],\"articleSection\":[\"Copa do Mundo\",\"Desporto\"],\"inLanguage\":\"pt-PT\"},{\"@type\":\"WebPage\",\"@id\":\"https:\/\/portaltela.pt\/noticias\/2026\/04\/09\/pimenta-apela-a-mais-atencao-ao-desporto-junto-de-antonio-jose-seguro\/\",\"url\":\"https:\/\/portaltela.pt\/noticias\/2026\/04\/09\/pimenta-apela-a-mais-atencao-ao-desporto-junto-de-antonio-jose-seguro\/\",\"name\":\"Pimenta apela a mais aten\u00e7\u00e3o ao desporto junto de Ant\u00f3nio Jos\u00e9 Seguro - Portal Tela Portugal\",\"isPartOf\":{\"@id\":\"https:\/\/portaltela.pt\/#website\"},\"primaryImageOfPage\":{\"@id\":\"https:\/\/portaltela.pt\/noticias\/2026\/04\/09\/pimenta-apela-a-mais-atencao-ao-desporto-junto-de-antonio-jose-seguro\/#primaryimage\"},\"image\":{\"@id\":\"https:\/\/portaltela.pt\/noticias\/2026\/04\/09\/pimenta-apela-a-mais-atencao-ao-desporto-junto-de-antonio-jose-seguro\/#primaryimage\"},\"thumbnailUrl\":\"https:\/\/portaltela.pt\/s.01k8rhncp4jt1\/2026\/04\/img_920x518uu2026-04-09-14-34-12-2431990.jpg\",\"datePublished\":\"2026-04-09T13:47:09+00:00\",\"author\":{\"@id\":\"https:\/\/portaltela.pt\/#\/schema\/person\/c4278d4a6028830caff9ee44b42d32ed\"},\"breadcrumb\":{\"@id\":\"https:\/\/portaltela.pt\/noticias\/2026\/04\/09\/pimenta-apela-a-mais-atencao-ao-desporto-junto-de-antonio-jose-seguro\/#breadcrumb\"},\"inLanguage\":\"pt-PT\",\"potentialAction\":[{\"@type\":\"ReadAction\",\"target\":[\"https:\/\/portaltela.pt\/noticias\/2026\/04\/09\/pimenta-apela-a-mais-atencao-ao-desporto-junto-de-antonio-jose-seguro\/\"]}]},{\"@type\":\"ImageObject\",\"inLanguage\":\"pt-PT\",\"@id\":\"https:\/\/portaltela.pt\/noticias\/2026\/04\/09\/pimenta-apela-a-mais-atencao-ao-desporto-junto-de-antonio-jose-seguro\/#primaryimage\",\"url\":\"https:\/\/portaltela.pt\/s.01k8rhncp4jt1\/2026\/04\/img_920x518uu2026-04-09-14-34-12-2431990.jpg\",\"contentUrl\":\"https:\/\/portaltela.pt\/s.01k8rhncp4jt1\/2026\/04\/img_920x518uu2026-04-09-14-34-12-2431990.jpg\",\"width\":796,\"height\":448,\"caption\":\"Fernando Pimenta esteve \u00e0 conversa com Ant\u00f3nio Jos\u00e9 Seguro\"},{\"@type\":\"BreadcrumbList\",\"@id\":\"https:\/\/portaltela.pt\/noticias\/2026\/04\/09\/pimenta-apela-a-mais-atencao-ao-desporto-junto-de-antonio-jose-seguro\/#breadcrumb\",\"itemListElement\":[{\"@type\":\"ListItem\",\"position\":1,\"name\":\"In\u00edcio\",\"item\":\"https:\/\/portaltela.pt\/\"},{\"@type\":\"ListItem\",\"position\":2,\"name\":\"Pimenta apela a mais aten\u00e7\u00e3o ao desporto junto de Ant\u00f3nio Jos\u00e9 Seguro\"}]},{\"@type\":\"WebSite\",\"@id\":\"https:\/\/portaltela.pt\/#website\",\"url\":\"https:\/\/portaltela.pt\/\",\"name\":\"Portal Tela Portugal\",\"description\":\"\",\"potentialAction\":[{\"@type\":\"SearchAction\",\"target\":{\"@type\":\"EntryPoint\",\"urlTemplate\":\"https:\/\/portaltela.pt\/?s={search_term_string}\"},\"query-input\":{\"@type\":\"PropertyValueSpecification\",\"valueRequired\":true,\"valueName\":\"search_term_string\"}}],\"inLanguage\":\"pt-PT\"},{\"@type\":\"Person\",\"@id\":\"https:\/\/portaltela.pt\/#\/schema\/person\/c4278d4a6028830caff9ee44b42d32ed\",\"name\":\"Telinha\",\"image\":{\"@type\":\"ImageObject\",\"inLanguage\":\"pt-PT\",\"@id\":\"https:\/\/portaltela.pt\/s.01k8rhncp4jt1\/2025\/11\/talking-bot-125x125.png\",\"url\":\"https:\/\/portaltela.pt\/s.01k8rhncp4jt1\/2025\/11\/talking-bot-125x125.png\",\"contentUrl\":\"https:\/\/portaltela.pt\/s.01k8rhncp4jt1\/2025\/11\/talking-bot-125x125.png\",\"caption\":\"Telinha\"},\"sameAs\":[\"https:\/\/portaltela.pt\/\"],\"url\":\"https:\/\/portaltela.pt\/por\/367410592786\/\"}]}<\/script>\n<!-- \/ Yoast SEO plugin. -->","yoast_head_json":{"title":"Pimenta apela a mais aten\u00e7\u00e3o ao desporto junto de Ant\u00f3nio Jos\u00e9 Seguro - Portal Tela Portugal","robots":{"index":"index","follow":"follow","max-snippet":"max-snippet:-1","max-image-preview":"max-image-preview:large","max-video-preview":"max-video-preview:-1"},"og_locale":"pt_PT","og_type":"article","og_title":"Pimenta apela a mais aten\u00e7\u00e3o ao desporto junto de Ant\u00f3nio Jos\u00e9 Seguro - Portal Tela Portugal","og_description":"O cano\u00edsta Fernando Pimenta pediu ao novo Presidente da Rep\u00fablica que preste mais aten\u00e7\u00e3o ao desporto, dizendo que os atletas s\u00e3o a imagem de Portugal e os seus embaixadores. Durante a assinatura de um protocolo entre o Comit\u00e9 Ol\u00edmpico de Portugal e uma cadeia de supermercados, Pimenta mostrou desejo de que Ant\u00f3nio Jos\u00e9 Seguro esteja presente nos Europeus de canoagem de velocidade, em Montemor-o-Novo. O Centro de Alto Rendimento de Montemor-o-Novo est\u00e1 a recuperar-se dos efeitos do mau tempo, com algumas infraestruturas a exigir mais tempo de reabilita\u00e7\u00e3o; h\u00e1 uma seletiva marcada para a pr\u00f3xima semana e meia, antes do Europeu. O objetivo de Pimenta para a \u00e9poca \u00e9 pontuar para os Jogos Ol\u00edmpicos, em regime de ranking, admitindo que a nova regra pode favorecer pot\u00eancias na modalidade. A agenda inclui cinco competi\u00e7\u00f5es internacionais, tr\u00eas Ta\u00e7as do Mundo (uma fora da Europa), o Campeonato da Europa em Montemor-o-Velho, a meio de junho, e o Mundial em Pozna\u0144.","og_url":"https:\/\/portaltela.pt\/noticias\/2026\/04\/09\/pimenta-apela-a-mais-atencao-ao-desporto-junto-de-antonio-jose-seguro\/","og_site_name":"Portal Tela Portugal","article_published_time":"2026-04-09T13:47:09+00:00","author":"Telinha","twitter_card":"summary_large_image","twitter_misc":{"Escrito por":"Telinha","Tempo estimado de leitura":"1 minuto"},"schema":{"@context":"https:\/\/schema.org","@graph":[{"@type":"Article","@id":"https:\/\/portaltela.pt\/noticias\/2026\/04\/09\/pimenta-apela-a-mais-atencao-ao-desporto-junto-de-antonio-jose-seguro\/#article","isPartOf":{"@id":"https:\/\/portaltela.pt\/noticias\/2026\/04\/09\/pimenta-apela-a-mais-atencao-ao-desporto-junto-de-antonio-jose-seguro\/"},"author":{"name":"Telinha","@id":"https:\/\/portaltela.pt\/#\/schema\/person\/c4278d4a6028830caff9ee44b42d32ed"},"headline":"Pimenta apela a mais aten\u00e7\u00e3o ao desporto junto de Ant\u00f3nio Jos\u00e9 Seguro","datePublished":"2026-04-09T13:47:09+00:00","mainEntityOfPage":{"@id":"https:\/\/portaltela.pt\/noticias\/2026\/04\/09\/pimenta-apela-a-mais-atencao-ao-desporto-junto-de-antonio-jose-seguro\/"},"wordCount":289,"image":{"@id":"https:\/\/portaltela.pt\/noticias\/2026\/04\/09\/pimenta-apela-a-mais-atencao-ao-desporto-junto-de-antonio-jose-seguro\/#primaryimage"},"thumbnailUrl":"https:\/\/portaltela.pt\/s.01k8rhncp4jt1\/2026\/04\/img_920x518uu2026-04-09-14-34-12-2431990.jpg","keywords":["canoagem","desporto","Europa","Montemor-o-Velho","ol\u00edmpicos"],"articleSection":["Copa do Mundo","Desporto"],"inLanguage":"pt-PT"},{"@type":"WebPage","@id":"https:\/\/portaltela.pt\/noticias\/2026\/04\/09\/pimenta-apela-a-mais-atencao-ao-desporto-junto-de-antonio-jose-seguro\/","url":"https:\/\/portaltela.pt\/noticias\/2026\/04\/09\/pimenta-apela-a-mais-atencao-ao-desporto-junto-de-antonio-jose-seguro\/","name":"Pimenta apela a mais aten\u00e7\u00e3o ao desporto junto de Ant\u00f3nio Jos\u00e9 Seguro - Portal Tela Portugal","isPartOf":{"@id":"https:\/\/portaltela.pt\/#website"},"primaryImageOfPage":{"@id":"https:\/\/portaltela.pt\/noticias\/2026\/04\/09\/pimenta-apela-a-mais-atencao-ao-desporto-junto-de-antonio-jose-seguro\/#primaryimage"},"image":{"@id":"https:\/\/portaltela.pt\/noticias\/2026\/04\/09\/pimenta-apela-a-mais-atencao-ao-desporto-junto-de-antonio-jose-seguro\/#primaryimage"},"thumbnailUrl":"https:\/\/portaltela.pt\/s.01k8rhncp4jt1\/2026\/04\/img_920x518uu2026-04-09-14-34-12-2431990.jpg","datePublished":"2026-04-09T13:47:09+00:00","author":{"@id":"https:\/\/portaltela.pt\/#\/schema\/person\/c4278d4a6028830caff9ee44b42d32ed"},"breadcrumb":{"@id":"https:\/\/portaltela.pt\/noticias\/2026\/04\/09\/pimenta-apela-a-mais-atencao-ao-desporto-junto-de-antonio-jose-seguro\/#breadcrumb"},"inLanguage":"pt-PT","potentialAction":[{"@type":"ReadAction","target":["https:\/\/portaltela.pt\/noticias\/2026\/04\/09\/pimenta-apela-a-mais-atencao-ao-desporto-junto-de-antonio-jose-seguro\/"]}]},{"@type":"ImageObject","inLanguage":"pt-PT","@id":"https:\/\/portaltela.pt\/noticias\/2026\/04\/09\/pimenta-apela-a-mais-atencao-ao-desporto-junto-de-antonio-jose-seguro\/#primaryimage","url":"https:\/\/portaltela.pt\/s.01k8rhncp4jt1\/2026\/04\/img_920x518uu2026-04-09-14-34-12-2431990.jpg","contentUrl":"https:\/\/portaltela.pt\/s.01k8rhncp4jt1\/2026\/04\/img_920x518uu2026-04-09-14-34-12-2431990.jpg","width":796,"height":448,"caption":"Fernando Pimenta esteve \u00e0 conversa com Ant\u00f3nio Jos\u00e9 Seguro"},{"@type":"BreadcrumbList","@id":"https:\/\/portaltela.pt\/noticias\/2026\/04\/09\/pimenta-apela-a-mais-atencao-ao-desporto-junto-de-antonio-jose-seguro\/#breadcrumb","itemListElement":[{"@type":"ListItem","position":1,"name":"In\u00edcio","item":"https:\/\/portaltela.pt\/"},{"@type":"ListItem","position":2,"name":"Pimenta apela a mais aten\u00e7\u00e3o ao desporto junto de Ant\u00f3nio Jos\u00e9 Seguro"}]},{"@type":"WebSite","@id":"https:\/\/portaltela.pt\/#website","url":"https:\/\/portaltela.pt\/","name":"Portal Tela Portugal","description":"","potentialAction":[{"@type":"SearchAction","target":{"@type":"EntryPoint","urlTemplate":"https:\/\/portaltela.pt\/?s={search_term_string}"},"query-input":{"@type":"PropertyValueSpecification","valueRequired":true,"valueName":"search_term_string"}}],"inLanguage":"pt-PT"},{"@type":"Person","@id":"https:\/\/portaltela.pt\/#\/schema\/person\/c4278d4a6028830caff9ee44b42d32ed","name":"Telinha","image":{"@type":"ImageObject","inLanguage":"pt-PT","@id":"https:\/\/portaltela.pt\/s.01k8rhncp4jt1\/2025\/11\/talking-bot-125x125.png","url":"https:\/\/portaltela.pt\/s.01k8rhncp4jt1\/2025\/11\/talking-bot-125x125.png","contentUrl":"https:\/\/portaltela.pt\/s.01k8rhncp4jt1\/2025\/11\/talking-bot-125x125.png","caption":"Telinha"},"sameAs":["https:\/\/portaltela.pt\/"],"url":"https:\/\/portaltela.pt\/por\/367410592786\/"}]}},"_links":{"self":[{"href":"https:\/\/portaltela.pt\/api\/wp\/v2\/posts\/438053","targetHints":{"allow":["GET"]}}],"collection":[{"href":"https:\/\/portaltela.pt\/api\/wp\/v2\/posts"}],"about":[{"href":"https:\/\/portaltela.pt\/api\/wp\/v2\/types\/post"}],"author":[{"embeddable":true,"href":"https:\/\/portaltela.pt\/api\/wp\/v2\/users\/2"}],"replies":[{"embeddable":true,"href":"https:\/\/portaltela.pt\/api\/wp\/v2\/comments?post=438053"}],"version-history":[{"count":0,"href":"https:\/\/portaltela.pt\/api\/wp\/v2\/posts\/438053\/revisions"}],"wp:featuredmedia":[{"embeddable":true,"href":"https:\/\/portaltela.pt\/api\/wp\/v2\/media\/438056"}],"wp:attachment":[{"href":"https:\/\/portaltela.pt\/api\/wp\/v2\/media?parent=438053"}],"wp:term":[{"taxonomy":"category","embeddable":true,"href":"https:\/\/portaltela.pt\/api\/wp\/v2\/categories?post=438053"},{"taxonomy":"post_tag","embeddable":true,"href":"https:\/\/portaltela.pt\/api\/wp\/v2\/tags?post=438053"}],"curies":[{"name":"wp","href":"https:\/\/api.w.org\/{rel}","templated":true}]}}