{"id":438052,"date":"2026-04-09T10:47:08","date_gmt":"2026-04-09T13:47:08","guid":{"rendered":"https:\/\/portaltela.pt\/noticias\/2026\/04\/09\/erc-reforca-protecao-de-menores-no-digital-em-parceria-com-nova\/"},"modified":"2026-04-09T10:47:08","modified_gmt":"2026-04-09T13:47:08","slug":"erc-reforca-protecao-de-menores-no-digital-em-parceria-com-nova","status":"publish","type":"post","link":"https:\/\/portaltela.pt\/tecnologia\/2026\/04\/09\/erc-reforca-protecao-de-menores-no-digital-em-parceria-com-nova\/","title":{"rendered":"ERC refor\u00e7a prote\u00e7\u00e3o de menores no digital em parceria com NOVA"},"content":{"rendered":"<p>A Entidade Reguladora para a Comunica\u00e7\u00e3o Social (ERC) refor\u00e7ou a aposta na prote\u00e7\u00e3o de menores no digital com um protocolo de coopera\u00e7\u00e3o assinado com a Universidade NOVA de Lisboa. O acordo visa fortalecer a atua\u00e7\u00e3o em ambientes digitais.<\/p>\n<p>A assinatura ocorreu entre a ERC e a Faculdade de Ci\u00eancias Sociais e Humanas da NOVA (NOVA FCSH), com foco na prote\u00e7\u00e3o de p\u00fablicos menores. A iniciativa visa melhorar a colabora\u00e7\u00e3o entre as institui\u00e7\u00f5es em temas de seguran\u00e7a online.<\/p>\n<p>O protocolo possibilita a participa\u00e7\u00e3o da ERC na plataforma Crian\u00e7as e Adolescentes Online (CriA.On), criada pelo Instituto de Comunica\u00e7\u00e3o da NOVA (ICNOVA) e pelo Centro Interdisciplinar de Ci\u00eancias Sociais (CICS.NOVA).<\/p>\n<p>A CriA.On pretende apoiar fam\u00edlias, educadores e quem acompanha jovens, disponibilizando conte\u00fados em l\u00edngua portuguesa organizados por temas e faixas et\u00e1rias, acess\u00edveis a p\u00fablico n\u00e3o acad\u00e9mico. A ERC vai colaborar nesses conte\u00fados.<\/p>\n<p>Deste modo, o acordo prev\u00ea campanhas de literacia medi\u00e1tica, bem como o desenvolvimento de estudos, projetos de investiga\u00e7\u00e3o e a organiza\u00e7\u00e3o conjunta de eventos. A iniciativa insere-se na estrat\u00e9gia de refor\u00e7ar a prote\u00e7\u00e3o de menores frente a conte\u00fados nocivos.<\/p>\n<p>A presidente da ERC, Helena Sousa, afirma que o protocolo \u00e9 relevante para a prote\u00e7\u00e3o de crian\u00e7as e jovens nos media e nas plataformas de v\u00eddeo partilha. A respons\u00e1vel tamb\u00e9m destaca a responsabilidade reguladora no \u00e2mbito do Regulamento dos Servi\u00e7os Digitais.<\/p>\n<p>Este protocolo tem a dura\u00e7\u00e3o de dois anos e \u00e9 renov\u00e1vel automaticamente por iguais per\u00edodos, salvo den\u00fancia por parte de qualquer das partes. A ERC sublinha a sua liga\u00e7\u00e3o \u00e0 academia e aos centros de investiga\u00e7\u00e3o como eixo estrat\u00e9gico.<\/p>\n<p>A diretora da NOVA FCSH, Alexandra Curvelo, aponta que a parceria refor\u00e7a a transfer\u00eancia de conhecimento para a sociedade e evidencia o impacto social da investiga\u00e7\u00e3o aplicada da institui\u00e7\u00e3o. A colabora\u00e7\u00e3o \u00e9 apresentada como contributo importante para a literacia medi\u00e1tica.<\/p>\n","protected":false},"excerpt":{"rendered":"<ul>\n<li>A ERC e a Universidade NOVA de Lisboa assinam um protocolo para fortalecer a prote\u00e7\u00e3o de menores no digital e promover a literacia medi\u00e1tica.<\/li>\n<li>O acordo envolve a plataforma Crian\u00e7as e Adolescentes Online (CriA.On), do ICNOVA e do Centro Interdisciplinar de Ci\u00eancias Sociais (CICS.NOVA), visando apoiar usos digitais por menores e facilitar di\u00e1logo com fam\u00edlias e profissionais.<\/li>\n<li>A iniciativa prev\u00ea campanhas de literacia medi\u00e1tica, bem como o desenvolvimento de estudos, projetos de investiga\u00e7\u00e3o e organiza\u00e7\u00e3o de eventos conjuntos.<\/li>\n<li>O protocolo tem a dura\u00e7\u00e3o de dois anos, com renova\u00e7\u00e3o autom\u00e1tica por iguais per\u00edodos, salvo den\u00fancia de qualquer parte.<\/li>\n<li>A presidente da ERC, Helena Sousa, sublinha a import\u00e2ncia da parceria para a prote\u00e7\u00e3o de crian\u00e7as e jovens, especialmente no contexto do Regulamento dos Servi\u00e7os Digitais, e a NOVA FCSH destaca o potencial de transfer\u00eancia de conhecimento para a sociedade.<\/li>\n<\/ul>\n","protected":false},"author":2,"featured_media":438058,"comment_status":"closed","ping_status":"closed","sticky":false,"template":"","format":"standard","meta":{"footnotes":""},"categories":[6716],"tags":[163,5955,2443,5169,2181,7393],"class_list":["post-438052","post","type-post","status-publish","format-standard","has-post-thumbnail","hentry","category-tecnologia","tag-educacao","tag-educacao-infantil","tag-educacao-publica","tag-literacia-mediatica","tag-protecao-de-menores","tag-seguranca-digital"],"yoast_head":"<!-- This site is optimized with the Yoast SEO plugin v27.2 - https:\/\/yoast.com\/product\/yoast-seo-wordpress\/ -->\n<title>ERC refor\u00e7a prote\u00e7\u00e3o de menores no digital em parceria com NOVA - Portal Tela Portugal<\/title>\n<meta name=\"robots\" content=\"index, follow, max-snippet:-1, max-image-preview:large, max-video-preview:-1\" \/>\n<meta property=\"og:locale\" content=\"pt_PT\" \/>\n<meta property=\"og:type\" content=\"article\" \/>\n<meta property=\"og:title\" content=\"ERC refor\u00e7a prote\u00e7\u00e3o de menores no digital em parceria com NOVA - Portal Tela Portugal\" \/>\n<meta property=\"og:description\" content=\"A ERC e a Universidade NOVA de Lisboa assinam um protocolo para fortalecer a prote\u00e7\u00e3o de menores no digital e promover a literacia medi\u00e1tica. O acordo envolve a plataforma Crian\u00e7as e Adolescentes Online (CriA.On), do ICNOVA e do Centro Interdisciplinar de Ci\u00eancias Sociais (CICS.NOVA), visando apoiar usos digitais por menores e facilitar di\u00e1logo com fam\u00edlias e profissionais. A iniciativa prev\u00ea campanhas de literacia medi\u00e1tica, bem como o desenvolvimento de estudos, projetos de investiga\u00e7\u00e3o e organiza\u00e7\u00e3o de eventos conjuntos. O protocolo tem a dura\u00e7\u00e3o de dois anos, com renova\u00e7\u00e3o autom\u00e1tica por iguais per\u00edodos, salvo den\u00fancia de qualquer parte. A presidente da ERC, Helena Sousa, sublinha a import\u00e2ncia da parceria para a prote\u00e7\u00e3o de crian\u00e7as e jovens, especialmente no contexto do Regulamento dos Servi\u00e7os Digitais, e a NOVA FCSH destaca o potencial de transfer\u00eancia de conhecimento para a sociedade.\" \/>\n<meta property=\"og:url\" content=\"https:\/\/portaltela.pt\/noticias\/2026\/04\/09\/erc-reforca-protecao-de-menores-no-digital-em-parceria-com-nova\/\" \/>\n<meta property=\"og:site_name\" content=\"Portal Tela Portugal\" \/>\n<meta property=\"article:published_time\" content=\"2026-04-09T13:47:08+00:00\" \/>\n<meta name=\"author\" content=\"Telinha\" \/>\n<meta name=\"twitter:card\" content=\"summary_large_image\" \/>\n<meta name=\"twitter:label1\" content=\"Escrito por\" \/>\n\t<meta name=\"twitter:data1\" content=\"Telinha\" \/>\n\t<meta name=\"twitter:label2\" content=\"Tempo estimado de leitura\" \/>\n\t<meta name=\"twitter:data2\" content=\"2 minutos\" \/>\n<script type=\"application\/ld+json\" class=\"yoast-schema-graph\">{\"@context\":\"https:\/\/schema.org\",\"@graph\":[{\"@type\":\"Article\",\"@id\":\"https:\/\/portaltela.pt\/noticias\/2026\/04\/09\/erc-reforca-protecao-de-menores-no-digital-em-parceria-com-nova\/#article\",\"isPartOf\":{\"@id\":\"https:\/\/portaltela.pt\/noticias\/2026\/04\/09\/erc-reforca-protecao-de-menores-no-digital-em-parceria-com-nova\/\"},\"author\":{\"name\":\"Telinha\",\"@id\":\"https:\/\/portaltela.pt\/#\/schema\/person\/c4278d4a6028830caff9ee44b42d32ed\"},\"headline\":\"ERC refor\u00e7a prote\u00e7\u00e3o de menores no digital em parceria com NOVA\",\"datePublished\":\"2026-04-09T13:47:08+00:00\",\"mainEntityOfPage\":{\"@id\":\"https:\/\/portaltela.pt\/noticias\/2026\/04\/09\/erc-reforca-protecao-de-menores-no-digital-em-parceria-com-nova\/\"},\"wordCount\":360,\"image\":{\"@id\":\"https:\/\/portaltela.pt\/noticias\/2026\/04\/09\/erc-reforca-protecao-de-menores-no-digital-em-parceria-com-nova\/#primaryimage\"},\"thumbnailUrl\":\"https:\/\/portaltela.pt\/s.01k8rhncp4jt1\/2026\/04\/img_1280x721uu2020-01-31-00-29-28-921119.jpg\",\"keywords\":[\"educa\u00e7\u00e3o\",\"educa\u00e7\u00e3o infantil\",\"educa\u00e7\u00e3o p\u00fablica\",\"literacia medi\u00e1tica\",\"prote\u00e7\u00e3o de menores\",\"seguran\u00e7a digital\"],\"articleSection\":[\"Tecnologia\"],\"inLanguage\":\"pt-PT\"},{\"@type\":\"WebPage\",\"@id\":\"https:\/\/portaltela.pt\/noticias\/2026\/04\/09\/erc-reforca-protecao-de-menores-no-digital-em-parceria-com-nova\/\",\"url\":\"https:\/\/portaltela.pt\/noticias\/2026\/04\/09\/erc-reforca-protecao-de-menores-no-digital-em-parceria-com-nova\/\",\"name\":\"ERC refor\u00e7a prote\u00e7\u00e3o de menores no digital em parceria com NOVA - Portal Tela Portugal\",\"isPartOf\":{\"@id\":\"https:\/\/portaltela.pt\/#website\"},\"primaryImageOfPage\":{\"@id\":\"https:\/\/portaltela.pt\/noticias\/2026\/04\/09\/erc-reforca-protecao-de-menores-no-digital-em-parceria-com-nova\/#primaryimage\"},\"image\":{\"@id\":\"https:\/\/portaltela.pt\/noticias\/2026\/04\/09\/erc-reforca-protecao-de-menores-no-digital-em-parceria-com-nova\/#primaryimage\"},\"thumbnailUrl\":\"https:\/\/portaltela.pt\/s.01k8rhncp4jt1\/2026\/04\/img_1280x721uu2020-01-31-00-29-28-921119.jpg\",\"datePublished\":\"2026-04-09T13:47:08+00:00\",\"author\":{\"@id\":\"https:\/\/portaltela.pt\/#\/schema\/person\/c4278d4a6028830caff9ee44b42d32ed\"},\"breadcrumb\":{\"@id\":\"https:\/\/portaltela.pt\/noticias\/2026\/04\/09\/erc-reforca-protecao-de-menores-no-digital-em-parceria-com-nova\/#breadcrumb\"},\"inLanguage\":\"pt-PT\",\"potentialAction\":[{\"@type\":\"ReadAction\",\"target\":[\"https:\/\/portaltela.pt\/noticias\/2026\/04\/09\/erc-reforca-protecao-de-menores-no-digital-em-parceria-com-nova\/\"]}]},{\"@type\":\"ImageObject\",\"inLanguage\":\"pt-PT\",\"@id\":\"https:\/\/portaltela.pt\/noticias\/2026\/04\/09\/erc-reforca-protecao-de-menores-no-digital-em-parceria-com-nova\/#primaryimage\",\"url\":\"https:\/\/portaltela.pt\/s.01k8rhncp4jt1\/2026\/04\/img_1280x721uu2020-01-31-00-29-28-921119.jpg\",\"contentUrl\":\"https:\/\/portaltela.pt\/s.01k8rhncp4jt1\/2026\/04\/img_1280x721uu2020-01-31-00-29-28-921119.jpg\",\"width\":796,\"height\":448,\"caption\":\"Photo\"},{\"@type\":\"BreadcrumbList\",\"@id\":\"https:\/\/portaltela.pt\/noticias\/2026\/04\/09\/erc-reforca-protecao-de-menores-no-digital-em-parceria-com-nova\/#breadcrumb\",\"itemListElement\":[{\"@type\":\"ListItem\",\"position\":1,\"name\":\"In\u00edcio\",\"item\":\"https:\/\/portaltela.pt\/\"},{\"@type\":\"ListItem\",\"position\":2,\"name\":\"ERC refor\u00e7a prote\u00e7\u00e3o de menores no digital em parceria com NOVA\"}]},{\"@type\":\"WebSite\",\"@id\":\"https:\/\/portaltela.pt\/#website\",\"url\":\"https:\/\/portaltela.pt\/\",\"name\":\"Portal Tela Portugal\",\"description\":\"\",\"potentialAction\":[{\"@type\":\"SearchAction\",\"target\":{\"@type\":\"EntryPoint\",\"urlTemplate\":\"https:\/\/portaltela.pt\/?s={search_term_string}\"},\"query-input\":{\"@type\":\"PropertyValueSpecification\",\"valueRequired\":true,\"valueName\":\"search_term_string\"}}],\"inLanguage\":\"pt-PT\"},{\"@type\":\"Person\",\"@id\":\"https:\/\/portaltela.pt\/#\/schema\/person\/c4278d4a6028830caff9ee44b42d32ed\",\"name\":\"Telinha\",\"image\":{\"@type\":\"ImageObject\",\"inLanguage\":\"pt-PT\",\"@id\":\"https:\/\/portaltela.pt\/s.01k8rhncp4jt1\/2025\/11\/talking-bot-125x125.png\",\"url\":\"https:\/\/portaltela.pt\/s.01k8rhncp4jt1\/2025\/11\/talking-bot-125x125.png\",\"contentUrl\":\"https:\/\/portaltela.pt\/s.01k8rhncp4jt1\/2025\/11\/talking-bot-125x125.png\",\"caption\":\"Telinha\"},\"sameAs\":[\"https:\/\/portaltela.pt\/\"],\"url\":\"https:\/\/portaltela.pt\/por\/367410592786\/\"}]}<\/script>\n<!-- \/ Yoast SEO plugin. -->","yoast_head_json":{"title":"ERC refor\u00e7a prote\u00e7\u00e3o de menores no digital em parceria com NOVA - Portal Tela Portugal","robots":{"index":"index","follow":"follow","max-snippet":"max-snippet:-1","max-image-preview":"max-image-preview:large","max-video-preview":"max-video-preview:-1"},"og_locale":"pt_PT","og_type":"article","og_title":"ERC refor\u00e7a prote\u00e7\u00e3o de menores no digital em parceria com NOVA - Portal Tela Portugal","og_description":"A ERC e a Universidade NOVA de Lisboa assinam um protocolo para fortalecer a prote\u00e7\u00e3o de menores no digital e promover a literacia medi\u00e1tica. O acordo envolve a plataforma Crian\u00e7as e Adolescentes Online (CriA.On), do ICNOVA e do Centro Interdisciplinar de Ci\u00eancias Sociais (CICS.NOVA), visando apoiar usos digitais por menores e facilitar di\u00e1logo com fam\u00edlias e profissionais. A iniciativa prev\u00ea campanhas de literacia medi\u00e1tica, bem como o desenvolvimento de estudos, projetos de investiga\u00e7\u00e3o e organiza\u00e7\u00e3o de eventos conjuntos. O protocolo tem a dura\u00e7\u00e3o de dois anos, com renova\u00e7\u00e3o autom\u00e1tica por iguais per\u00edodos, salvo den\u00fancia de qualquer parte. A presidente da ERC, Helena Sousa, sublinha a import\u00e2ncia da parceria para a prote\u00e7\u00e3o de crian\u00e7as e jovens, especialmente no contexto do Regulamento dos Servi\u00e7os Digitais, e a NOVA FCSH destaca o potencial de transfer\u00eancia de conhecimento para a sociedade.","og_url":"https:\/\/portaltela.pt\/noticias\/2026\/04\/09\/erc-reforca-protecao-de-menores-no-digital-em-parceria-com-nova\/","og_site_name":"Portal Tela Portugal","article_published_time":"2026-04-09T13:47:08+00:00","author":"Telinha","twitter_card":"summary_large_image","twitter_misc":{"Escrito por":"Telinha","Tempo estimado de leitura":"2 minutos"},"schema":{"@context":"https:\/\/schema.org","@graph":[{"@type":"Article","@id":"https:\/\/portaltela.pt\/noticias\/2026\/04\/09\/erc-reforca-protecao-de-menores-no-digital-em-parceria-com-nova\/#article","isPartOf":{"@id":"https:\/\/portaltela.pt\/noticias\/2026\/04\/09\/erc-reforca-protecao-de-menores-no-digital-em-parceria-com-nova\/"},"author":{"name":"Telinha","@id":"https:\/\/portaltela.pt\/#\/schema\/person\/c4278d4a6028830caff9ee44b42d32ed"},"headline":"ERC refor\u00e7a prote\u00e7\u00e3o de menores no digital em parceria com NOVA","datePublished":"2026-04-09T13:47:08+00:00","mainEntityOfPage":{"@id":"https:\/\/portaltela.pt\/noticias\/2026\/04\/09\/erc-reforca-protecao-de-menores-no-digital-em-parceria-com-nova\/"},"wordCount":360,"image":{"@id":"https:\/\/portaltela.pt\/noticias\/2026\/04\/09\/erc-reforca-protecao-de-menores-no-digital-em-parceria-com-nova\/#primaryimage"},"thumbnailUrl":"https:\/\/portaltela.pt\/s.01k8rhncp4jt1\/2026\/04\/img_1280x721uu2020-01-31-00-29-28-921119.jpg","keywords":["educa\u00e7\u00e3o","educa\u00e7\u00e3o infantil","educa\u00e7\u00e3o p\u00fablica","literacia medi\u00e1tica","prote\u00e7\u00e3o de menores","seguran\u00e7a digital"],"articleSection":["Tecnologia"],"inLanguage":"pt-PT"},{"@type":"WebPage","@id":"https:\/\/portaltela.pt\/noticias\/2026\/04\/09\/erc-reforca-protecao-de-menores-no-digital-em-parceria-com-nova\/","url":"https:\/\/portaltela.pt\/noticias\/2026\/04\/09\/erc-reforca-protecao-de-menores-no-digital-em-parceria-com-nova\/","name":"ERC refor\u00e7a prote\u00e7\u00e3o de menores no digital em parceria com NOVA - Portal Tela Portugal","isPartOf":{"@id":"https:\/\/portaltela.pt\/#website"},"primaryImageOfPage":{"@id":"https:\/\/portaltela.pt\/noticias\/2026\/04\/09\/erc-reforca-protecao-de-menores-no-digital-em-parceria-com-nova\/#primaryimage"},"image":{"@id":"https:\/\/portaltela.pt\/noticias\/2026\/04\/09\/erc-reforca-protecao-de-menores-no-digital-em-parceria-com-nova\/#primaryimage"},"thumbnailUrl":"https:\/\/portaltela.pt\/s.01k8rhncp4jt1\/2026\/04\/img_1280x721uu2020-01-31-00-29-28-921119.jpg","datePublished":"2026-04-09T13:47:08+00:00","author":{"@id":"https:\/\/portaltela.pt\/#\/schema\/person\/c4278d4a6028830caff9ee44b42d32ed"},"breadcrumb":{"@id":"https:\/\/portaltela.pt\/noticias\/2026\/04\/09\/erc-reforca-protecao-de-menores-no-digital-em-parceria-com-nova\/#breadcrumb"},"inLanguage":"pt-PT","potentialAction":[{"@type":"ReadAction","target":["https:\/\/portaltela.pt\/noticias\/2026\/04\/09\/erc-reforca-protecao-de-menores-no-digital-em-parceria-com-nova\/"]}]},{"@type":"ImageObject","inLanguage":"pt-PT","@id":"https:\/\/portaltela.pt\/noticias\/2026\/04\/09\/erc-reforca-protecao-de-menores-no-digital-em-parceria-com-nova\/#primaryimage","url":"https:\/\/portaltela.pt\/s.01k8rhncp4jt1\/2026\/04\/img_1280x721uu2020-01-31-00-29-28-921119.jpg","contentUrl":"https:\/\/portaltela.pt\/s.01k8rhncp4jt1\/2026\/04\/img_1280x721uu2020-01-31-00-29-28-921119.jpg","width":796,"height":448,"caption":"Photo"},{"@type":"BreadcrumbList","@id":"https:\/\/portaltela.pt\/noticias\/2026\/04\/09\/erc-reforca-protecao-de-menores-no-digital-em-parceria-com-nova\/#breadcrumb","itemListElement":[{"@type":"ListItem","position":1,"name":"In\u00edcio","item":"https:\/\/portaltela.pt\/"},{"@type":"ListItem","position":2,"name":"ERC refor\u00e7a prote\u00e7\u00e3o de menores no digital em parceria com NOVA"}]},{"@type":"WebSite","@id":"https:\/\/portaltela.pt\/#website","url":"https:\/\/portaltela.pt\/","name":"Portal Tela Portugal","description":"","potentialAction":[{"@type":"SearchAction","target":{"@type":"EntryPoint","urlTemplate":"https:\/\/portaltela.pt\/?s={search_term_string}"},"query-input":{"@type":"PropertyValueSpecification","valueRequired":true,"valueName":"search_term_string"}}],"inLanguage":"pt-PT"},{"@type":"Person","@id":"https:\/\/portaltela.pt\/#\/schema\/person\/c4278d4a6028830caff9ee44b42d32ed","name":"Telinha","image":{"@type":"ImageObject","inLanguage":"pt-PT","@id":"https:\/\/portaltela.pt\/s.01k8rhncp4jt1\/2025\/11\/talking-bot-125x125.png","url":"https:\/\/portaltela.pt\/s.01k8rhncp4jt1\/2025\/11\/talking-bot-125x125.png","contentUrl":"https:\/\/portaltela.pt\/s.01k8rhncp4jt1\/2025\/11\/talking-bot-125x125.png","caption":"Telinha"},"sameAs":["https:\/\/portaltela.pt\/"],"url":"https:\/\/portaltela.pt\/por\/367410592786\/"}]}},"_links":{"self":[{"href":"https:\/\/portaltela.pt\/api\/wp\/v2\/posts\/438052","targetHints":{"allow":["GET"]}}],"collection":[{"href":"https:\/\/portaltela.pt\/api\/wp\/v2\/posts"}],"about":[{"href":"https:\/\/portaltela.pt\/api\/wp\/v2\/types\/post"}],"author":[{"embeddable":true,"href":"https:\/\/portaltela.pt\/api\/wp\/v2\/users\/2"}],"replies":[{"embeddable":true,"href":"https:\/\/portaltela.pt\/api\/wp\/v2\/comments?post=438052"}],"version-history":[{"count":0,"href":"https:\/\/portaltela.pt\/api\/wp\/v2\/posts\/438052\/revisions"}],"wp:featuredmedia":[{"embeddable":true,"href":"https:\/\/portaltela.pt\/api\/wp\/v2\/media\/438058"}],"wp:attachment":[{"href":"https:\/\/portaltela.pt\/api\/wp\/v2\/media?parent=438052"}],"wp:term":[{"taxonomy":"category","embeddable":true,"href":"https:\/\/portaltela.pt\/api\/wp\/v2\/categories?post=438052"},{"taxonomy":"post_tag","embeddable":true,"href":"https:\/\/portaltela.pt\/api\/wp\/v2\/tags?post=438052"}],"curies":[{"name":"wp","href":"https:\/\/api.w.org\/{rel}","templated":true}]}}