{"id":438005,"date":"2026-04-09T08:41:00","date_gmt":"2026-04-09T11:41:00","guid":{"rendered":"https:\/\/portaltela.pt\/noticias\/2026\/04\/09\/exportacoes-caem-149-e-importacoes-63-em-fevereiro-diz-ine\/"},"modified":"2026-04-09T08:41:00","modified_gmt":"2026-04-09T11:41:00","slug":"exportacoes-caem-149-e-importacoes-63-em-fevereiro-diz-ine","status":"publish","type":"post","link":"https:\/\/portaltela.pt\/noticias\/economia\/2026\/04\/09\/exportacoes-caem-149-e-importacoes-63-em-fevereiro-diz-ine\/","title":{"rendered":"Exporta\u00e7\u00f5es caem 14,9% e importa\u00e7\u00f5es 6,3% em fevereiro, diz INE"},"content":{"rendered":"<p>Segundo o Instituto Nacional de Estat\u00edstica (INE), as exporta\u00e7\u00f5es de bens recuaram 14,9% em fevereiro, enquanto as importa\u00e7\u00f5es ca\u00edram 6,3%.<\/p>\n<p>Os n\u00fameros traduzem varia\u00e7\u00f5es no com\u00e9rcio externo registadas no segundo m\u00eas do ano, segundo a entidade oficial de estat\u00edsticas.<\/p>\n<p>Ainda sem detalhar setores espec\u00edficos, o INE aponta uma tend\u00eancia de contra\u00e7\u00e3o nas trocas comerciais de bens no m\u00eas em an\u00e1lise.<\/p>\n<p>As informa\u00e7\u00f5es s\u00e3o provenientes de dados oficiais do INE, com divulga\u00e7\u00e3o adicional prevista pela institui\u00e7\u00e3o.<\/p>\n","protected":false},"excerpt":{"rendered":"<ul>\n<li>Exporta\u00e7\u00f5es de bens ca\u00edram 14,9% em fevereiro, segundo o INE.<\/li>\n<li>Importa\u00e7\u00f5es de bens recuaram 6,3% no mesmo m\u00eas.<\/li>\n<li>Os dados referem-se a fevereiro e foram divulgados pelo Instituto Nacional de Estat\u00edstica.<\/li>\n<li>O conte\u00fado completo da not\u00edcia est\u00e1 dispon\u00edvel apenas para subscritores.<\/li>\n<\/ul>\n","protected":false},"author":2,"featured_media":438007,"comment_status":"closed","ping_status":"closed","sticky":false,"template":"","format":"standard","meta":{"footnotes":""},"categories":[2,6850],"tags":[244,3368,28,3861,2541,5821],"class_list":["post-438005","post","type-post","status-publish","format-standard","has-post-thumbnail","hentry","category-economia","category-financas","tag-comercio","tag-comercio-internacional","tag-economia","tag-economia-internacional","tag-exportacoes","tag-importacoes-internacionais"],"yoast_head":"<!-- This site is optimized with the Yoast SEO plugin v27.2 - https:\/\/yoast.com\/product\/yoast-seo-wordpress\/ -->\n<title>Exporta\u00e7\u00f5es caem 14,9% e importa\u00e7\u00f5es 6,3% em fevereiro, diz INE - Portal Tela Portugal<\/title>\n<meta name=\"robots\" content=\"index, follow, max-snippet:-1, max-image-preview:large, max-video-preview:-1\" \/>\n<meta property=\"og:locale\" content=\"pt_PT\" \/>\n<meta property=\"og:type\" content=\"article\" \/>\n<meta property=\"og:title\" content=\"Exporta\u00e7\u00f5es caem 14,9% e importa\u00e7\u00f5es 6,3% em fevereiro, diz INE - Portal Tela Portugal\" \/>\n<meta property=\"og:description\" content=\"Exporta\u00e7\u00f5es de bens ca\u00edram 14,9% em fevereiro, segundo o INE. Importa\u00e7\u00f5es de bens recuaram 6,3% no mesmo m\u00eas. Os dados referem-se a fevereiro e foram divulgados pelo Instituto Nacional de Estat\u00edstica. O conte\u00fado completo da not\u00edcia est\u00e1 dispon\u00edvel apenas para subscritores.\" \/>\n<meta property=\"og:url\" content=\"https:\/\/portaltela.pt\/noticias\/2026\/04\/09\/exportacoes-caem-149-e-importacoes-63-em-fevereiro-diz-ine\/\" \/>\n<meta property=\"og:site_name\" content=\"Portal Tela Portugal\" \/>\n<meta property=\"article:published_time\" content=\"2026-04-09T11:41:00+00:00\" \/>\n<meta name=\"author\" content=\"Telinha\" \/>\n<meta name=\"twitter:card\" content=\"summary_large_image\" \/>\n<meta name=\"twitter:label1\" content=\"Escrito por\" \/>\n\t<meta name=\"twitter:data1\" content=\"Telinha\" \/>\n<script type=\"application\/ld+json\" class=\"yoast-schema-graph\">{\"@context\":\"https:\/\/schema.org\",\"@graph\":[{\"@type\":\"Article\",\"@id\":\"https:\/\/portaltela.pt\/noticias\/2026\/04\/09\/exportacoes-caem-149-e-importacoes-63-em-fevereiro-diz-ine\/#article\",\"isPartOf\":{\"@id\":\"https:\/\/portaltela.pt\/noticias\/2026\/04\/09\/exportacoes-caem-149-e-importacoes-63-em-fevereiro-diz-ine\/\"},\"author\":{\"name\":\"Telinha\",\"@id\":\"https:\/\/portaltela.pt\/#\/schema\/person\/c4278d4a6028830caff9ee44b42d32ed\"},\"headline\":\"Exporta\u00e7\u00f5es caem 14,9% e importa\u00e7\u00f5es 6,3% em fevereiro, diz INE\",\"datePublished\":\"2026-04-09T11:41:00+00:00\",\"mainEntityOfPage\":{\"@id\":\"https:\/\/portaltela.pt\/noticias\/2026\/04\/09\/exportacoes-caem-149-e-importacoes-63-em-fevereiro-diz-ine\/\"},\"wordCount\":101,\"image\":{\"@id\":\"https:\/\/portaltela.pt\/noticias\/2026\/04\/09\/exportacoes-caem-149-e-importacoes-63-em-fevereiro-diz-ine\/#primaryimage\"},\"thumbnailUrl\":\"https:\/\/portaltela.pt\/s.01k8rhncp4jt1\/2026\/04\/CACHE_780X1200_ANALOG_WATERMARKED_27565455_3263268_27112019050137.jpg\",\"keywords\":[\"com\u00e9rcio\",\"com\u00e9rcio internacional\",\"economia\",\"economia internacional\",\"exporta\u00e7\u00f5es\",\"importa\u00e7\u00f5es internacionais\"],\"articleSection\":[\"Economia\",\"Finan\u00e7as\"],\"inLanguage\":\"pt-PT\"},{\"@type\":\"WebPage\",\"@id\":\"https:\/\/portaltela.pt\/noticias\/2026\/04\/09\/exportacoes-caem-149-e-importacoes-63-em-fevereiro-diz-ine\/\",\"url\":\"https:\/\/portaltela.pt\/noticias\/2026\/04\/09\/exportacoes-caem-149-e-importacoes-63-em-fevereiro-diz-ine\/\",\"name\":\"Exporta\u00e7\u00f5es caem 14,9% e importa\u00e7\u00f5es 6,3% em fevereiro, diz INE - Portal Tela Portugal\",\"isPartOf\":{\"@id\":\"https:\/\/portaltela.pt\/#website\"},\"primaryImageOfPage\":{\"@id\":\"https:\/\/portaltela.pt\/noticias\/2026\/04\/09\/exportacoes-caem-149-e-importacoes-63-em-fevereiro-diz-ine\/#primaryimage\"},\"image\":{\"@id\":\"https:\/\/portaltela.pt\/noticias\/2026\/04\/09\/exportacoes-caem-149-e-importacoes-63-em-fevereiro-diz-ine\/#primaryimage\"},\"thumbnailUrl\":\"https:\/\/portaltela.pt\/s.01k8rhncp4jt1\/2026\/04\/CACHE_780X1200_ANALOG_WATERMARKED_27565455_3263268_27112019050137.jpg\",\"datePublished\":\"2026-04-09T11:41:00+00:00\",\"author\":{\"@id\":\"https:\/\/portaltela.pt\/#\/schema\/person\/c4278d4a6028830caff9ee44b42d32ed\"},\"breadcrumb\":{\"@id\":\"https:\/\/portaltela.pt\/noticias\/2026\/04\/09\/exportacoes-caem-149-e-importacoes-63-em-fevereiro-diz-ine\/#breadcrumb\"},\"inLanguage\":\"pt-PT\",\"potentialAction\":[{\"@type\":\"ReadAction\",\"target\":[\"https:\/\/portaltela.pt\/noticias\/2026\/04\/09\/exportacoes-caem-149-e-importacoes-63-em-fevereiro-diz-ine\/\"]}]},{\"@type\":\"ImageObject\",\"inLanguage\":\"pt-PT\",\"@id\":\"https:\/\/portaltela.pt\/noticias\/2026\/04\/09\/exportacoes-caem-149-e-importacoes-63-em-fevereiro-diz-ine\/#primaryimage\",\"url\":\"https:\/\/portaltela.pt\/s.01k8rhncp4jt1\/2026\/04\/CACHE_780X1200_ANALOG_WATERMARKED_27565455_3263268_27112019050137.jpg\",\"contentUrl\":\"https:\/\/portaltela.pt\/s.01k8rhncp4jt1\/2026\/04\/CACHE_780X1200_ANALOG_WATERMARKED_27565455_3263268_27112019050137.jpg\",\"width\":796,\"height\":448,\"caption\":\"Exporta\u00e7\u00f5es de bens caem 14,9% e importa\u00e7\u00f5es 6,3% em fevereiro - INE\"},{\"@type\":\"BreadcrumbList\",\"@id\":\"https:\/\/portaltela.pt\/noticias\/2026\/04\/09\/exportacoes-caem-149-e-importacoes-63-em-fevereiro-diz-ine\/#breadcrumb\",\"itemListElement\":[{\"@type\":\"ListItem\",\"position\":1,\"name\":\"In\u00edcio\",\"item\":\"https:\/\/portaltela.pt\/\"},{\"@type\":\"ListItem\",\"position\":2,\"name\":\"Exporta\u00e7\u00f5es caem 14,9% e importa\u00e7\u00f5es 6,3% em fevereiro, diz INE\"}]},{\"@type\":\"WebSite\",\"@id\":\"https:\/\/portaltela.pt\/#website\",\"url\":\"https:\/\/portaltela.pt\/\",\"name\":\"Portal Tela Portugal\",\"description\":\"\",\"potentialAction\":[{\"@type\":\"SearchAction\",\"target\":{\"@type\":\"EntryPoint\",\"urlTemplate\":\"https:\/\/portaltela.pt\/?s={search_term_string}\"},\"query-input\":{\"@type\":\"PropertyValueSpecification\",\"valueRequired\":true,\"valueName\":\"search_term_string\"}}],\"inLanguage\":\"pt-PT\"},{\"@type\":\"Person\",\"@id\":\"https:\/\/portaltela.pt\/#\/schema\/person\/c4278d4a6028830caff9ee44b42d32ed\",\"name\":\"Telinha\",\"image\":{\"@type\":\"ImageObject\",\"inLanguage\":\"pt-PT\",\"@id\":\"https:\/\/portaltela.pt\/s.01k8rhncp4jt1\/2025\/11\/talking-bot-125x125.png\",\"url\":\"https:\/\/portaltela.pt\/s.01k8rhncp4jt1\/2025\/11\/talking-bot-125x125.png\",\"contentUrl\":\"https:\/\/portaltela.pt\/s.01k8rhncp4jt1\/2025\/11\/talking-bot-125x125.png\",\"caption\":\"Telinha\"},\"sameAs\":[\"https:\/\/portaltela.pt\/\"],\"url\":\"https:\/\/portaltela.pt\/por\/367410592786\/\"}]}<\/script>\n<!-- \/ Yoast SEO plugin. -->","yoast_head_json":{"title":"Exporta\u00e7\u00f5es caem 14,9% e importa\u00e7\u00f5es 6,3% em fevereiro, diz INE - Portal Tela Portugal","robots":{"index":"index","follow":"follow","max-snippet":"max-snippet:-1","max-image-preview":"max-image-preview:large","max-video-preview":"max-video-preview:-1"},"og_locale":"pt_PT","og_type":"article","og_title":"Exporta\u00e7\u00f5es caem 14,9% e importa\u00e7\u00f5es 6,3% em fevereiro, diz INE - Portal Tela Portugal","og_description":"Exporta\u00e7\u00f5es de bens ca\u00edram 14,9% em fevereiro, segundo o INE. Importa\u00e7\u00f5es de bens recuaram 6,3% no mesmo m\u00eas. Os dados referem-se a fevereiro e foram divulgados pelo Instituto Nacional de Estat\u00edstica. O conte\u00fado completo da not\u00edcia est\u00e1 dispon\u00edvel apenas para subscritores.","og_url":"https:\/\/portaltela.pt\/noticias\/2026\/04\/09\/exportacoes-caem-149-e-importacoes-63-em-fevereiro-diz-ine\/","og_site_name":"Portal Tela Portugal","article_published_time":"2026-04-09T11:41:00+00:00","author":"Telinha","twitter_card":"summary_large_image","twitter_misc":{"Escrito por":"Telinha"},"schema":{"@context":"https:\/\/schema.org","@graph":[{"@type":"Article","@id":"https:\/\/portaltela.pt\/noticias\/2026\/04\/09\/exportacoes-caem-149-e-importacoes-63-em-fevereiro-diz-ine\/#article","isPartOf":{"@id":"https:\/\/portaltela.pt\/noticias\/2026\/04\/09\/exportacoes-caem-149-e-importacoes-63-em-fevereiro-diz-ine\/"},"author":{"name":"Telinha","@id":"https:\/\/portaltela.pt\/#\/schema\/person\/c4278d4a6028830caff9ee44b42d32ed"},"headline":"Exporta\u00e7\u00f5es caem 14,9% e importa\u00e7\u00f5es 6,3% em fevereiro, diz INE","datePublished":"2026-04-09T11:41:00+00:00","mainEntityOfPage":{"@id":"https:\/\/portaltela.pt\/noticias\/2026\/04\/09\/exportacoes-caem-149-e-importacoes-63-em-fevereiro-diz-ine\/"},"wordCount":101,"image":{"@id":"https:\/\/portaltela.pt\/noticias\/2026\/04\/09\/exportacoes-caem-149-e-importacoes-63-em-fevereiro-diz-ine\/#primaryimage"},"thumbnailUrl":"https:\/\/portaltela.pt\/s.01k8rhncp4jt1\/2026\/04\/CACHE_780X1200_ANALOG_WATERMARKED_27565455_3263268_27112019050137.jpg","keywords":["com\u00e9rcio","com\u00e9rcio internacional","economia","economia internacional","exporta\u00e7\u00f5es","importa\u00e7\u00f5es internacionais"],"articleSection":["Economia","Finan\u00e7as"],"inLanguage":"pt-PT"},{"@type":"WebPage","@id":"https:\/\/portaltela.pt\/noticias\/2026\/04\/09\/exportacoes-caem-149-e-importacoes-63-em-fevereiro-diz-ine\/","url":"https:\/\/portaltela.pt\/noticias\/2026\/04\/09\/exportacoes-caem-149-e-importacoes-63-em-fevereiro-diz-ine\/","name":"Exporta\u00e7\u00f5es caem 14,9% e importa\u00e7\u00f5es 6,3% em fevereiro, diz INE - Portal Tela Portugal","isPartOf":{"@id":"https:\/\/portaltela.pt\/#website"},"primaryImageOfPage":{"@id":"https:\/\/portaltela.pt\/noticias\/2026\/04\/09\/exportacoes-caem-149-e-importacoes-63-em-fevereiro-diz-ine\/#primaryimage"},"image":{"@id":"https:\/\/portaltela.pt\/noticias\/2026\/04\/09\/exportacoes-caem-149-e-importacoes-63-em-fevereiro-diz-ine\/#primaryimage"},"thumbnailUrl":"https:\/\/portaltela.pt\/s.01k8rhncp4jt1\/2026\/04\/CACHE_780X1200_ANALOG_WATERMARKED_27565455_3263268_27112019050137.jpg","datePublished":"2026-04-09T11:41:00+00:00","author":{"@id":"https:\/\/portaltela.pt\/#\/schema\/person\/c4278d4a6028830caff9ee44b42d32ed"},"breadcrumb":{"@id":"https:\/\/portaltela.pt\/noticias\/2026\/04\/09\/exportacoes-caem-149-e-importacoes-63-em-fevereiro-diz-ine\/#breadcrumb"},"inLanguage":"pt-PT","potentialAction":[{"@type":"ReadAction","target":["https:\/\/portaltela.pt\/noticias\/2026\/04\/09\/exportacoes-caem-149-e-importacoes-63-em-fevereiro-diz-ine\/"]}]},{"@type":"ImageObject","inLanguage":"pt-PT","@id":"https:\/\/portaltela.pt\/noticias\/2026\/04\/09\/exportacoes-caem-149-e-importacoes-63-em-fevereiro-diz-ine\/#primaryimage","url":"https:\/\/portaltela.pt\/s.01k8rhncp4jt1\/2026\/04\/CACHE_780X1200_ANALOG_WATERMARKED_27565455_3263268_27112019050137.jpg","contentUrl":"https:\/\/portaltela.pt\/s.01k8rhncp4jt1\/2026\/04\/CACHE_780X1200_ANALOG_WATERMARKED_27565455_3263268_27112019050137.jpg","width":796,"height":448,"caption":"Exporta\u00e7\u00f5es de bens caem 14,9% e importa\u00e7\u00f5es 6,3% em fevereiro - INE"},{"@type":"BreadcrumbList","@id":"https:\/\/portaltela.pt\/noticias\/2026\/04\/09\/exportacoes-caem-149-e-importacoes-63-em-fevereiro-diz-ine\/#breadcrumb","itemListElement":[{"@type":"ListItem","position":1,"name":"In\u00edcio","item":"https:\/\/portaltela.pt\/"},{"@type":"ListItem","position":2,"name":"Exporta\u00e7\u00f5es caem 14,9% e importa\u00e7\u00f5es 6,3% em fevereiro, diz INE"}]},{"@type":"WebSite","@id":"https:\/\/portaltela.pt\/#website","url":"https:\/\/portaltela.pt\/","name":"Portal Tela Portugal","description":"","potentialAction":[{"@type":"SearchAction","target":{"@type":"EntryPoint","urlTemplate":"https:\/\/portaltela.pt\/?s={search_term_string}"},"query-input":{"@type":"PropertyValueSpecification","valueRequired":true,"valueName":"search_term_string"}}],"inLanguage":"pt-PT"},{"@type":"Person","@id":"https:\/\/portaltela.pt\/#\/schema\/person\/c4278d4a6028830caff9ee44b42d32ed","name":"Telinha","image":{"@type":"ImageObject","inLanguage":"pt-PT","@id":"https:\/\/portaltela.pt\/s.01k8rhncp4jt1\/2025\/11\/talking-bot-125x125.png","url":"https:\/\/portaltela.pt\/s.01k8rhncp4jt1\/2025\/11\/talking-bot-125x125.png","contentUrl":"https:\/\/portaltela.pt\/s.01k8rhncp4jt1\/2025\/11\/talking-bot-125x125.png","caption":"Telinha"},"sameAs":["https:\/\/portaltela.pt\/"],"url":"https:\/\/portaltela.pt\/por\/367410592786\/"}]}},"_links":{"self":[{"href":"https:\/\/portaltela.pt\/api\/wp\/v2\/posts\/438005","targetHints":{"allow":["GET"]}}],"collection":[{"href":"https:\/\/portaltela.pt\/api\/wp\/v2\/posts"}],"about":[{"href":"https:\/\/portaltela.pt\/api\/wp\/v2\/types\/post"}],"author":[{"embeddable":true,"href":"https:\/\/portaltela.pt\/api\/wp\/v2\/users\/2"}],"replies":[{"embeddable":true,"href":"https:\/\/portaltela.pt\/api\/wp\/v2\/comments?post=438005"}],"version-history":[{"count":0,"href":"https:\/\/portaltela.pt\/api\/wp\/v2\/posts\/438005\/revisions"}],"wp:featuredmedia":[{"embeddable":true,"href":"https:\/\/portaltela.pt\/api\/wp\/v2\/media\/438007"}],"wp:attachment":[{"href":"https:\/\/portaltela.pt\/api\/wp\/v2\/media?parent=438005"}],"wp:term":[{"taxonomy":"category","embeddable":true,"href":"https:\/\/portaltela.pt\/api\/wp\/v2\/categories?post=438005"},{"taxonomy":"post_tag","embeddable":true,"href":"https:\/\/portaltela.pt\/api\/wp\/v2\/tags?post=438005"}],"curies":[{"name":"wp","href":"https:\/\/api.w.org\/{rel}","templated":true}]}}