{"id":437990,"date":"2026-04-09T10:02:25","date_gmt":"2026-04-09T13:02:25","guid":{"rendered":"https:\/\/portaltela.pt\/noticias\/2026\/04\/09\/conflito-no-irao-eleva-precos-de-medicamentos-em-portugal\/"},"modified":"2026-04-09T10:02:25","modified_gmt":"2026-04-09T13:02:25","slug":"conflito-no-irao-eleva-precos-de-medicamentos-em-portugal","status":"publish","type":"post","link":"https:\/\/portaltela.pt\/geopolitica\/2026\/04\/09\/conflito-no-irao-eleva-precos-de-medicamentos-em-portugal\/","title":{"rendered":"Conflito no Ir\u00e3o eleva pre\u00e7os de medicamentos em Portugal"},"content":{"rendered":"<p>A guerra no Ir\u00e3o est\u00e1 a influenciar o pre\u00e7o dos medicamentos em Portugal. A Associa\u00e7\u00e3o Nacional das Farm\u00e1cias (ANF) alerta que o aumento dos combust\u00edveis, materiais e tarifas internacionais pressiona os custos de produ\u00e7\u00e3o e transporte, o que pode subir o pre\u00e7o final.<\/p>\n<p>Segundo a ANF, a escalada de custos pode tornar os medicamentos mais caros para os consumidores. A associa\u00e7\u00e3o recomenda que quem necessite de f\u00e1rmacos fique atento aos valores e procure aconselhamento junto de profissionais de sa\u00fade.<\/p>\n<p>O conflito entre Ir\u00e3o e Estados Unidos tem desencadeado instabilidade regional, com subida do pre\u00e7o do petr\u00f3leo e de materiais essenciais. Este cen\u00e1rio afeta diretamente a cadeia de abastecimento de medicamentos em Portugal.<\/p>\n<p>A ANF refor\u00e7a a possibilidade de recorrer a alternativas mais acess\u00edveis, nomeadamente medicamentos gen\u00e9ricos, que podem traduzir-se em poupan\u00e7as para fam\u00edlias. As autoridades portuguesas monitorizam a situa\u00e7\u00e3o para mitigar impactos econ\u00f3micos.<\/p>\n<p>A situa\u00e7\u00e3o continua em evolu\u00e7\u00e3o, com a ANF a acompanhar de perto os desenvolvimentos no M\u00e9dio Oriente. Aguardam-se atualiza\u00e7\u00f5es oficiais sobre efeitos adicionais na distribui\u00e7\u00e3o de f\u00e1rmacos nacionalmente.<\/p>\n","protected":false},"excerpt":{"rendered":"<ul>\n<li>A guerra no Ir\u00e3o est\u00e1 a provocar aumento no pre\u00e7o dos medicamentos em Portugal, devido ao aumento de combust\u00edveis, materiais e tarifas internacionais.<\/li>\n<li>A Associa\u00e7\u00e3o Nacional das Farm\u00e1cias (ANF) alerta que o crescimento dos custos de produ\u00e7\u00e3o e transporte pode refletir-se no pre\u00e7o final para os consumidores.<\/li>\n<li>A ANF recomenda que os consumidores fiquem atentos aos pre\u00e7os e procurem aconselhamento junto de profissionais de sa\u00fade.<\/li>\n<li>A instabilidade na regi\u00e3o est\u00e1 a afectar a economia portuguesa e a cadeia de abastecimento de medicamentos, com subida do petr\u00f3leo e de materiais essenciais.<\/li>\n<li>A associa\u00e7\u00e3o incentiva o uso de medicamentos gen\u00e9ricos como forma de poupan\u00e7a e de manter op\u00e7\u00f5es mais acess\u00edveis.<\/li>\n<\/ul>\n","protected":false},"author":2,"featured_media":437995,"comment_status":"closed","ping_status":"closed","sticky":false,"template":"","format":"standard","meta":{"footnotes":""},"categories":[6814],"tags":[6115,3664,5821,81,172,271],"class_list":["post-437990","post","type-post","status-publish","format-standard","has-post-thumbnail","hentry","category-geopolitica","tag-_economia","tag-farmacias","tag-importacoes-internacionais","tag-internacionais","tag-saude","tag-saude-publica"],"yoast_head":"<!-- This site is optimized with the Yoast SEO plugin v27.2 - https:\/\/yoast.com\/product\/yoast-seo-wordpress\/ -->\n<title>Conflito no Ir\u00e3o eleva pre\u00e7os de medicamentos em Portugal - Portal Tela Portugal<\/title>\n<meta name=\"robots\" content=\"index, follow, max-snippet:-1, max-image-preview:large, max-video-preview:-1\" \/>\n<meta property=\"og:locale\" content=\"pt_PT\" \/>\n<meta property=\"og:type\" content=\"article\" \/>\n<meta property=\"og:title\" content=\"Conflito no Ir\u00e3o eleva pre\u00e7os de medicamentos em Portugal - Portal Tela Portugal\" \/>\n<meta property=\"og:description\" content=\"A guerra no Ir\u00e3o est\u00e1 a provocar aumento no pre\u00e7o dos medicamentos em Portugal, devido ao aumento de combust\u00edveis, materiais e tarifas internacionais. A Associa\u00e7\u00e3o Nacional das Farm\u00e1cias (ANF) alerta que o crescimento dos custos de produ\u00e7\u00e3o e transporte pode refletir-se no pre\u00e7o final para os consumidores. A ANF recomenda que os consumidores fiquem atentos aos pre\u00e7os e procurem aconselhamento junto de profissionais de sa\u00fade. A instabilidade na regi\u00e3o est\u00e1 a afectar a economia portuguesa e a cadeia de abastecimento de medicamentos, com subida do petr\u00f3leo e de materiais essenciais. A associa\u00e7\u00e3o incentiva o uso de medicamentos gen\u00e9ricos como forma de poupan\u00e7a e de manter op\u00e7\u00f5es mais acess\u00edveis.\" \/>\n<meta property=\"og:url\" content=\"https:\/\/portaltela.pt\/noticias\/2026\/04\/09\/conflito-no-irao-eleva-precos-de-medicamentos-em-portugal\/\" \/>\n<meta property=\"og:site_name\" content=\"Portal Tela Portugal\" \/>\n<meta property=\"article:published_time\" content=\"2026-04-09T13:02:25+00:00\" \/>\n<meta name=\"author\" content=\"Telinha\" \/>\n<meta name=\"twitter:card\" content=\"summary_large_image\" \/>\n<meta name=\"twitter:label1\" content=\"Escrito por\" \/>\n\t<meta name=\"twitter:data1\" content=\"Telinha\" \/>\n\t<meta name=\"twitter:label2\" content=\"Tempo estimado de leitura\" \/>\n\t<meta name=\"twitter:data2\" content=\"1 minuto\" \/>\n<script type=\"application\/ld+json\" class=\"yoast-schema-graph\">{\"@context\":\"https:\/\/schema.org\",\"@graph\":[{\"@type\":\"Article\",\"@id\":\"https:\/\/portaltela.pt\/noticias\/2026\/04\/09\/conflito-no-irao-eleva-precos-de-medicamentos-em-portugal\/#article\",\"isPartOf\":{\"@id\":\"https:\/\/portaltela.pt\/noticias\/2026\/04\/09\/conflito-no-irao-eleva-precos-de-medicamentos-em-portugal\/\"},\"author\":{\"name\":\"Telinha\",\"@id\":\"https:\/\/portaltela.pt\/#\/schema\/person\/c4278d4a6028830caff9ee44b42d32ed\"},\"headline\":\"Conflito no Ir\u00e3o eleva pre\u00e7os de medicamentos em Portugal\",\"datePublished\":\"2026-04-09T13:02:25+00:00\",\"mainEntityOfPage\":{\"@id\":\"https:\/\/portaltela.pt\/noticias\/2026\/04\/09\/conflito-no-irao-eleva-precos-de-medicamentos-em-portugal\/\"},\"wordCount\":209,\"image\":{\"@id\":\"https:\/\/portaltela.pt\/noticias\/2026\/04\/09\/conflito-no-irao-eleva-precos-de-medicamentos-em-portugal\/#primaryimage\"},\"thumbnailUrl\":\"https:\/\/portaltela.pt\/s.01k8rhncp4jt1\/2026\/04\/img_1280x722uu2019-04-05-00-06-50-838794.jpg\",\"keywords\":[\"_economia\",\"farm\u00e1cias\",\"importa\u00e7\u00f5es internacionais\",\"internacionais\",\"sa\u00fade\",\"sa\u00fade p\u00fablica\"],\"articleSection\":[\"Geopol\u00edtica\"],\"inLanguage\":\"pt-PT\"},{\"@type\":\"WebPage\",\"@id\":\"https:\/\/portaltela.pt\/noticias\/2026\/04\/09\/conflito-no-irao-eleva-precos-de-medicamentos-em-portugal\/\",\"url\":\"https:\/\/portaltela.pt\/noticias\/2026\/04\/09\/conflito-no-irao-eleva-precos-de-medicamentos-em-portugal\/\",\"name\":\"Conflito no Ir\u00e3o eleva pre\u00e7os de medicamentos em Portugal - Portal Tela Portugal\",\"isPartOf\":{\"@id\":\"https:\/\/portaltela.pt\/#website\"},\"primaryImageOfPage\":{\"@id\":\"https:\/\/portaltela.pt\/noticias\/2026\/04\/09\/conflito-no-irao-eleva-precos-de-medicamentos-em-portugal\/#primaryimage\"},\"image\":{\"@id\":\"https:\/\/portaltela.pt\/noticias\/2026\/04\/09\/conflito-no-irao-eleva-precos-de-medicamentos-em-portugal\/#primaryimage\"},\"thumbnailUrl\":\"https:\/\/portaltela.pt\/s.01k8rhncp4jt1\/2026\/04\/img_1280x722uu2019-04-05-00-06-50-838794.jpg\",\"datePublished\":\"2026-04-09T13:02:25+00:00\",\"author\":{\"@id\":\"https:\/\/portaltela.pt\/#\/schema\/person\/c4278d4a6028830caff9ee44b42d32ed\"},\"breadcrumb\":{\"@id\":\"https:\/\/portaltela.pt\/noticias\/2026\/04\/09\/conflito-no-irao-eleva-precos-de-medicamentos-em-portugal\/#breadcrumb\"},\"inLanguage\":\"pt-PT\",\"potentialAction\":[{\"@type\":\"ReadAction\",\"target\":[\"https:\/\/portaltela.pt\/noticias\/2026\/04\/09\/conflito-no-irao-eleva-precos-de-medicamentos-em-portugal\/\"]}]},{\"@type\":\"ImageObject\",\"inLanguage\":\"pt-PT\",\"@id\":\"https:\/\/portaltela.pt\/noticias\/2026\/04\/09\/conflito-no-irao-eleva-precos-de-medicamentos-em-portugal\/#primaryimage\",\"url\":\"https:\/\/portaltela.pt\/s.01k8rhncp4jt1\/2026\/04\/img_1280x722uu2019-04-05-00-06-50-838794.jpg\",\"contentUrl\":\"https:\/\/portaltela.pt\/s.01k8rhncp4jt1\/2026\/04\/img_1280x722uu2019-04-05-00-06-50-838794.jpg\",\"width\":796,\"height\":448,\"caption\":\"Photo\"},{\"@type\":\"BreadcrumbList\",\"@id\":\"https:\/\/portaltela.pt\/noticias\/2026\/04\/09\/conflito-no-irao-eleva-precos-de-medicamentos-em-portugal\/#breadcrumb\",\"itemListElement\":[{\"@type\":\"ListItem\",\"position\":1,\"name\":\"In\u00edcio\",\"item\":\"https:\/\/portaltela.pt\/\"},{\"@type\":\"ListItem\",\"position\":2,\"name\":\"Conflito no Ir\u00e3o eleva pre\u00e7os de medicamentos em Portugal\"}]},{\"@type\":\"WebSite\",\"@id\":\"https:\/\/portaltela.pt\/#website\",\"url\":\"https:\/\/portaltela.pt\/\",\"name\":\"Portal Tela Portugal\",\"description\":\"\",\"potentialAction\":[{\"@type\":\"SearchAction\",\"target\":{\"@type\":\"EntryPoint\",\"urlTemplate\":\"https:\/\/portaltela.pt\/?s={search_term_string}\"},\"query-input\":{\"@type\":\"PropertyValueSpecification\",\"valueRequired\":true,\"valueName\":\"search_term_string\"}}],\"inLanguage\":\"pt-PT\"},{\"@type\":\"Person\",\"@id\":\"https:\/\/portaltela.pt\/#\/schema\/person\/c4278d4a6028830caff9ee44b42d32ed\",\"name\":\"Telinha\",\"image\":{\"@type\":\"ImageObject\",\"inLanguage\":\"pt-PT\",\"@id\":\"https:\/\/portaltela.pt\/s.01k8rhncp4jt1\/2025\/11\/talking-bot-125x125.png\",\"url\":\"https:\/\/portaltela.pt\/s.01k8rhncp4jt1\/2025\/11\/talking-bot-125x125.png\",\"contentUrl\":\"https:\/\/portaltela.pt\/s.01k8rhncp4jt1\/2025\/11\/talking-bot-125x125.png\",\"caption\":\"Telinha\"},\"sameAs\":[\"https:\/\/portaltela.pt\/\"],\"url\":\"https:\/\/portaltela.pt\/por\/367410592786\/\"}]}<\/script>\n<!-- \/ Yoast SEO plugin. -->","yoast_head_json":{"title":"Conflito no Ir\u00e3o eleva pre\u00e7os de medicamentos em Portugal - Portal Tela Portugal","robots":{"index":"index","follow":"follow","max-snippet":"max-snippet:-1","max-image-preview":"max-image-preview:large","max-video-preview":"max-video-preview:-1"},"og_locale":"pt_PT","og_type":"article","og_title":"Conflito no Ir\u00e3o eleva pre\u00e7os de medicamentos em Portugal - Portal Tela Portugal","og_description":"A guerra no Ir\u00e3o est\u00e1 a provocar aumento no pre\u00e7o dos medicamentos em Portugal, devido ao aumento de combust\u00edveis, materiais e tarifas internacionais. A Associa\u00e7\u00e3o Nacional das Farm\u00e1cias (ANF) alerta que o crescimento dos custos de produ\u00e7\u00e3o e transporte pode refletir-se no pre\u00e7o final para os consumidores. A ANF recomenda que os consumidores fiquem atentos aos pre\u00e7os e procurem aconselhamento junto de profissionais de sa\u00fade. A instabilidade na regi\u00e3o est\u00e1 a afectar a economia portuguesa e a cadeia de abastecimento de medicamentos, com subida do petr\u00f3leo e de materiais essenciais. A associa\u00e7\u00e3o incentiva o uso de medicamentos gen\u00e9ricos como forma de poupan\u00e7a e de manter op\u00e7\u00f5es mais acess\u00edveis.","og_url":"https:\/\/portaltela.pt\/noticias\/2026\/04\/09\/conflito-no-irao-eleva-precos-de-medicamentos-em-portugal\/","og_site_name":"Portal Tela Portugal","article_published_time":"2026-04-09T13:02:25+00:00","author":"Telinha","twitter_card":"summary_large_image","twitter_misc":{"Escrito por":"Telinha","Tempo estimado de leitura":"1 minuto"},"schema":{"@context":"https:\/\/schema.org","@graph":[{"@type":"Article","@id":"https:\/\/portaltela.pt\/noticias\/2026\/04\/09\/conflito-no-irao-eleva-precos-de-medicamentos-em-portugal\/#article","isPartOf":{"@id":"https:\/\/portaltela.pt\/noticias\/2026\/04\/09\/conflito-no-irao-eleva-precos-de-medicamentos-em-portugal\/"},"author":{"name":"Telinha","@id":"https:\/\/portaltela.pt\/#\/schema\/person\/c4278d4a6028830caff9ee44b42d32ed"},"headline":"Conflito no Ir\u00e3o eleva pre\u00e7os de medicamentos em Portugal","datePublished":"2026-04-09T13:02:25+00:00","mainEntityOfPage":{"@id":"https:\/\/portaltela.pt\/noticias\/2026\/04\/09\/conflito-no-irao-eleva-precos-de-medicamentos-em-portugal\/"},"wordCount":209,"image":{"@id":"https:\/\/portaltela.pt\/noticias\/2026\/04\/09\/conflito-no-irao-eleva-precos-de-medicamentos-em-portugal\/#primaryimage"},"thumbnailUrl":"https:\/\/portaltela.pt\/s.01k8rhncp4jt1\/2026\/04\/img_1280x722uu2019-04-05-00-06-50-838794.jpg","keywords":["_economia","farm\u00e1cias","importa\u00e7\u00f5es internacionais","internacionais","sa\u00fade","sa\u00fade p\u00fablica"],"articleSection":["Geopol\u00edtica"],"inLanguage":"pt-PT"},{"@type":"WebPage","@id":"https:\/\/portaltela.pt\/noticias\/2026\/04\/09\/conflito-no-irao-eleva-precos-de-medicamentos-em-portugal\/","url":"https:\/\/portaltela.pt\/noticias\/2026\/04\/09\/conflito-no-irao-eleva-precos-de-medicamentos-em-portugal\/","name":"Conflito no Ir\u00e3o eleva pre\u00e7os de medicamentos em Portugal - Portal Tela Portugal","isPartOf":{"@id":"https:\/\/portaltela.pt\/#website"},"primaryImageOfPage":{"@id":"https:\/\/portaltela.pt\/noticias\/2026\/04\/09\/conflito-no-irao-eleva-precos-de-medicamentos-em-portugal\/#primaryimage"},"image":{"@id":"https:\/\/portaltela.pt\/noticias\/2026\/04\/09\/conflito-no-irao-eleva-precos-de-medicamentos-em-portugal\/#primaryimage"},"thumbnailUrl":"https:\/\/portaltela.pt\/s.01k8rhncp4jt1\/2026\/04\/img_1280x722uu2019-04-05-00-06-50-838794.jpg","datePublished":"2026-04-09T13:02:25+00:00","author":{"@id":"https:\/\/portaltela.pt\/#\/schema\/person\/c4278d4a6028830caff9ee44b42d32ed"},"breadcrumb":{"@id":"https:\/\/portaltela.pt\/noticias\/2026\/04\/09\/conflito-no-irao-eleva-precos-de-medicamentos-em-portugal\/#breadcrumb"},"inLanguage":"pt-PT","potentialAction":[{"@type":"ReadAction","target":["https:\/\/portaltela.pt\/noticias\/2026\/04\/09\/conflito-no-irao-eleva-precos-de-medicamentos-em-portugal\/"]}]},{"@type":"ImageObject","inLanguage":"pt-PT","@id":"https:\/\/portaltela.pt\/noticias\/2026\/04\/09\/conflito-no-irao-eleva-precos-de-medicamentos-em-portugal\/#primaryimage","url":"https:\/\/portaltela.pt\/s.01k8rhncp4jt1\/2026\/04\/img_1280x722uu2019-04-05-00-06-50-838794.jpg","contentUrl":"https:\/\/portaltela.pt\/s.01k8rhncp4jt1\/2026\/04\/img_1280x722uu2019-04-05-00-06-50-838794.jpg","width":796,"height":448,"caption":"Photo"},{"@type":"BreadcrumbList","@id":"https:\/\/portaltela.pt\/noticias\/2026\/04\/09\/conflito-no-irao-eleva-precos-de-medicamentos-em-portugal\/#breadcrumb","itemListElement":[{"@type":"ListItem","position":1,"name":"In\u00edcio","item":"https:\/\/portaltela.pt\/"},{"@type":"ListItem","position":2,"name":"Conflito no Ir\u00e3o eleva pre\u00e7os de medicamentos em Portugal"}]},{"@type":"WebSite","@id":"https:\/\/portaltela.pt\/#website","url":"https:\/\/portaltela.pt\/","name":"Portal Tela Portugal","description":"","potentialAction":[{"@type":"SearchAction","target":{"@type":"EntryPoint","urlTemplate":"https:\/\/portaltela.pt\/?s={search_term_string}"},"query-input":{"@type":"PropertyValueSpecification","valueRequired":true,"valueName":"search_term_string"}}],"inLanguage":"pt-PT"},{"@type":"Person","@id":"https:\/\/portaltela.pt\/#\/schema\/person\/c4278d4a6028830caff9ee44b42d32ed","name":"Telinha","image":{"@type":"ImageObject","inLanguage":"pt-PT","@id":"https:\/\/portaltela.pt\/s.01k8rhncp4jt1\/2025\/11\/talking-bot-125x125.png","url":"https:\/\/portaltela.pt\/s.01k8rhncp4jt1\/2025\/11\/talking-bot-125x125.png","contentUrl":"https:\/\/portaltela.pt\/s.01k8rhncp4jt1\/2025\/11\/talking-bot-125x125.png","caption":"Telinha"},"sameAs":["https:\/\/portaltela.pt\/"],"url":"https:\/\/portaltela.pt\/por\/367410592786\/"}]}},"_links":{"self":[{"href":"https:\/\/portaltela.pt\/api\/wp\/v2\/posts\/437990","targetHints":{"allow":["GET"]}}],"collection":[{"href":"https:\/\/portaltela.pt\/api\/wp\/v2\/posts"}],"about":[{"href":"https:\/\/portaltela.pt\/api\/wp\/v2\/types\/post"}],"author":[{"embeddable":true,"href":"https:\/\/portaltela.pt\/api\/wp\/v2\/users\/2"}],"replies":[{"embeddable":true,"href":"https:\/\/portaltela.pt\/api\/wp\/v2\/comments?post=437990"}],"version-history":[{"count":0,"href":"https:\/\/portaltela.pt\/api\/wp\/v2\/posts\/437990\/revisions"}],"wp:featuredmedia":[{"embeddable":true,"href":"https:\/\/portaltela.pt\/api\/wp\/v2\/media\/437995"}],"wp:attachment":[{"href":"https:\/\/portaltela.pt\/api\/wp\/v2\/media?parent=437990"}],"wp:term":[{"taxonomy":"category","embeddable":true,"href":"https:\/\/portaltela.pt\/api\/wp\/v2\/categories?post=437990"},{"taxonomy":"post_tag","embeddable":true,"href":"https:\/\/portaltela.pt\/api\/wp\/v2\/tags?post=437990"}],"curies":[{"name":"wp","href":"https:\/\/api.w.org\/{rel}","templated":true}]}}