{"id":437970,"date":"2026-04-09T09:47:05","date_gmt":"2026-04-09T12:47:05","guid":{"rendered":"https:\/\/portaltela.pt\/noticias\/2026\/04\/09\/camara-do-porto-encerra-decimo-alojamento-ilegal-este-ano\/"},"modified":"2026-04-09T09:47:05","modified_gmt":"2026-04-09T12:47:05","slug":"camara-do-porto-encerra-decimo-alojamento-ilegal-este-ano","status":"publish","type":"post","link":"https:\/\/portaltela.pt\/sociedade\/2026\/04\/09\/camara-do-porto-encerra-decimo-alojamento-ilegal-este-ano\/","title":{"rendered":"C\u00e2mara do Porto encerra d\u00e9cimo alojamento ilegal este ano"},"content":{"rendered":"<p>Foi selado pela C\u00e2mara do Porto mais um alojamento ilegal na zona central da cidade, na rua de Santa Catarina. O espa\u00e7o funcionava como habita\u00e7\u00e3o, sem condi\u00e7\u00f5es m\u00ednimas de habitabilidade, higiene ou dignidade, e foi encerrado nesta quinta-feira.<\/p>\n<p>Este foi o d\u00e9cimo alojamento fiscalizado pela autarquia desde o in\u00edcio do ano, no \u00e2mbito de uma opera\u00e7\u00e3o de combate \u00e0s irregularidades e de promo\u00e7\u00e3o da dignidade humana. Desde janeiro, j\u00e1 foram retiradas 125 pessoas destes alojamentos.<\/p>\n<h3>Condi\u00e7\u00f5es de higiene e sala de estar<\/h3>\n<p>A entrada, pela loja de lembran\u00e7as existente na zona, apresentava-se aparentemente limpa, mas, ap\u00f3s descer as escadas, evidenciavam-se condi\u00e7\u00f5es de salubridade comprometidas. Havia beliches junto \u00e0 cozinha improvisada, com o fog\u00e3o colocado sobre caixas de cerveja, e uma arca frigor\u00edfica suja.<\/p>\n<p>L\u00e1 fora, amontoado de lixo refor\u00e7ava a falta de higiene. O presidente da C\u00e2mara do Porto, Pedro Duarte, explicou que existe rotatividade de ocupantes em alguns casos, tornando dif\u00edcil indicar o n\u00famero exato de residentes.<\/p>\n<h3>Opera\u00e7\u00e3o e coopera\u00e7\u00e3o institucional<\/h3>\n<p>As a\u00e7\u00f5es contam com o apoio de v\u00e1rias entidades: Pol\u00edcia Municipal, PSP, Bombeiros e ASAE, entre outros. Duarte sublinhou que a coopera\u00e7\u00e3o entre estas estruturas refor\u00e7a o rigor na fiscaliza\u00e7\u00e3o sempre que h\u00e1 sinais de sobrelota\u00e7\u00e3o ou de atentados \u00e0 dignidade humana.<\/p>\n<p>Ao todo, as 10 a\u00e7\u00f5es resultaram na retirada de 125 pessoas que n\u00e3o recorreram a servi\u00e7os camar\u00e1rios nem \u00e0 Seguran\u00e7a Social. N\u00e3o h\u00e1 confirma\u00e7\u00e3o sobre o destino dos residentes, embora o autarca tenha reconhecido a preocupa\u00e7\u00e3o com a situa\u00e7\u00e3o.<\/p>\n<h3>Impacto na cidade<\/h3>\n<p>Duarte afirmou estar indignado com estas situa\u00e7\u00f5es e refor\u00e7ou que a cidade n\u00e3o pode tolerar condi\u00e7\u00f5es que atentem contra a dignidade humana. As selagens ocorrem ap\u00f3s o cumprimento de prazos de pr\u00e9-aviso e notifica\u00e7\u00f5es legais.<\/p>\n<p>Estas a\u00e7\u00f5es mant\u00eam foco na dignidade humana e na seguran\u00e7a habitacional, com monitoriza\u00e7\u00e3o cont\u00ednua e novas inspe\u00e7\u00f5es programadas pela C\u00e2mara do Porto.<\/p>\n","protected":false},"excerpt":{"rendered":"<ul>\n<li>A C\u00e2mara do Porto selou, nesta quinta-feira, o d\u00e9cimo alojamento ilegal identificado este ano no combate \u00e0 dignidade humana.<\/li>\n<li>O espa\u00e7o situava-se numa loja na Rua de Santa Catarina, no centro do Porto, apresentando condi\u00e7\u00f5es de salubridade muito prec\u00e1rias.<\/li>\n<li>Desde janeiro, j\u00e1 foram retiradas 125 pessoas destes alojamentos, algumas com rotatividade de ocupantes.<\/li>\n<li>A a\u00e7\u00e3o envolveu v\u00e1rias entidades p\u00fablicas, incluindo a Pol\u00edcia Municipal, PSP, Bombeiros e ASAE, com o autarca a prometer rigidez nas fiscaliza\u00e7\u00f5es.<\/li>\n<li>N\u00e3o se sabe para onde foram as pessoas retiradas, mas o presidente da C\u00e2mara espera que n\u00e3o retornem a situa\u00e7\u00f5es semelhantes e reitera o objetivo de erradicar alojamentos que atentem contra a dignidade humana.<\/li>\n<\/ul>\n","protected":false},"author":2,"featured_media":437972,"comment_status":"closed","ping_status":"closed","sticky":false,"template":"","format":"standard","meta":{"footnotes":""},"categories":[6871],"tags":[7791,7815,7816,3004,250],"class_list":["post-437970","post","type-post","status-publish","format-standard","has-post-thumbnail","hentry","category-sociedade","tag-_habitacao","tag-_habitacao-publica","tag-_habitacao-social","tag-desalojados","tag-seguranca-publica"],"yoast_head":"<!-- This site is optimized with the Yoast SEO plugin v27.2 - https:\/\/yoast.com\/product\/yoast-seo-wordpress\/ -->\n<title>C\u00e2mara do Porto encerra d\u00e9cimo alojamento ilegal este ano - Portal Tela Portugal<\/title>\n<meta name=\"robots\" content=\"index, follow, max-snippet:-1, max-image-preview:large, max-video-preview:-1\" \/>\n<meta property=\"og:locale\" content=\"pt_PT\" \/>\n<meta property=\"og:type\" content=\"article\" \/>\n<meta property=\"og:title\" content=\"C\u00e2mara do Porto encerra d\u00e9cimo alojamento ilegal este ano - Portal Tela Portugal\" \/>\n<meta property=\"og:description\" content=\"A C\u00e2mara do Porto selou, nesta quinta-feira, o d\u00e9cimo alojamento ilegal identificado este ano no combate \u00e0 dignidade humana. O espa\u00e7o situava-se numa loja na Rua de Santa Catarina, no centro do Porto, apresentando condi\u00e7\u00f5es de salubridade muito prec\u00e1rias. Desde janeiro, j\u00e1 foram retiradas 125 pessoas destes alojamentos, algumas com rotatividade de ocupantes. A a\u00e7\u00e3o envolveu v\u00e1rias entidades p\u00fablicas, incluindo a Pol\u00edcia Municipal, PSP, Bombeiros e ASAE, com o autarca a prometer rigidez nas fiscaliza\u00e7\u00f5es. N\u00e3o se sabe para onde foram as pessoas retiradas, mas o presidente da C\u00e2mara espera que n\u00e3o retornem a situa\u00e7\u00f5es semelhantes e reitera o objetivo de erradicar alojamentos que atentem contra a dignidade humana.\" \/>\n<meta property=\"og:url\" content=\"https:\/\/portaltela.pt\/noticias\/2026\/04\/09\/camara-do-porto-encerra-decimo-alojamento-ilegal-este-ano\/\" \/>\n<meta property=\"og:site_name\" content=\"Portal Tela Portugal\" \/>\n<meta property=\"article:published_time\" content=\"2026-04-09T12:47:05+00:00\" \/>\n<meta name=\"author\" content=\"Telinha\" \/>\n<meta name=\"twitter:card\" content=\"summary_large_image\" \/>\n<meta name=\"twitter:label1\" content=\"Escrito por\" \/>\n\t<meta name=\"twitter:data1\" content=\"Telinha\" \/>\n\t<meta name=\"twitter:label2\" content=\"Tempo estimado de leitura\" \/>\n\t<meta name=\"twitter:data2\" content=\"2 minutos\" \/>\n<script type=\"application\/ld+json\" class=\"yoast-schema-graph\">{\"@context\":\"https:\/\/schema.org\",\"@graph\":[{\"@type\":\"Article\",\"@id\":\"https:\/\/portaltela.pt\/noticias\/2026\/04\/09\/camara-do-porto-encerra-decimo-alojamento-ilegal-este-ano\/#article\",\"isPartOf\":{\"@id\":\"https:\/\/portaltela.pt\/noticias\/2026\/04\/09\/camara-do-porto-encerra-decimo-alojamento-ilegal-este-ano\/\"},\"author\":{\"name\":\"Telinha\",\"@id\":\"https:\/\/portaltela.pt\/#\/schema\/person\/c4278d4a6028830caff9ee44b42d32ed\"},\"headline\":\"C\u00e2mara do Porto encerra d\u00e9cimo alojamento ilegal este ano\",\"datePublished\":\"2026-04-09T12:47:05+00:00\",\"mainEntityOfPage\":{\"@id\":\"https:\/\/portaltela.pt\/noticias\/2026\/04\/09\/camara-do-porto-encerra-decimo-alojamento-ilegal-este-ano\/\"},\"wordCount\":359,\"image\":{\"@id\":\"https:\/\/portaltela.pt\/noticias\/2026\/04\/09\/camara-do-porto-encerra-decimo-alojamento-ilegal-este-ano\/#primaryimage\"},\"thumbnailUrl\":\"https:\/\/portaltela.pt\/s.01k8rhncp4jt1\/2026\/04\/img_1280x721uu2026-04-09-13-10-21-2277481.jpg\",\"keywords\":[\"_habita\u00e7\u00e3o\",\"_habita\u00e7\u00e3o p\u00fablica\",\"_habita\u00e7\u00e3o social\",\"desalojados\",\"seguran\u00e7a p\u00fablica\"],\"articleSection\":[\"Sociedade\"],\"inLanguage\":\"pt-PT\"},{\"@type\":\"WebPage\",\"@id\":\"https:\/\/portaltela.pt\/noticias\/2026\/04\/09\/camara-do-porto-encerra-decimo-alojamento-ilegal-este-ano\/\",\"url\":\"https:\/\/portaltela.pt\/noticias\/2026\/04\/09\/camara-do-porto-encerra-decimo-alojamento-ilegal-este-ano\/\",\"name\":\"C\u00e2mara do Porto encerra d\u00e9cimo alojamento ilegal este ano - Portal Tela Portugal\",\"isPartOf\":{\"@id\":\"https:\/\/portaltela.pt\/#website\"},\"primaryImageOfPage\":{\"@id\":\"https:\/\/portaltela.pt\/noticias\/2026\/04\/09\/camara-do-porto-encerra-decimo-alojamento-ilegal-este-ano\/#primaryimage\"},\"image\":{\"@id\":\"https:\/\/portaltela.pt\/noticias\/2026\/04\/09\/camara-do-porto-encerra-decimo-alojamento-ilegal-este-ano\/#primaryimage\"},\"thumbnailUrl\":\"https:\/\/portaltela.pt\/s.01k8rhncp4jt1\/2026\/04\/img_1280x721uu2026-04-09-13-10-21-2277481.jpg\",\"datePublished\":\"2026-04-09T12:47:05+00:00\",\"author\":{\"@id\":\"https:\/\/portaltela.pt\/#\/schema\/person\/c4278d4a6028830caff9ee44b42d32ed\"},\"breadcrumb\":{\"@id\":\"https:\/\/portaltela.pt\/noticias\/2026\/04\/09\/camara-do-porto-encerra-decimo-alojamento-ilegal-este-ano\/#breadcrumb\"},\"inLanguage\":\"pt-PT\",\"potentialAction\":[{\"@type\":\"ReadAction\",\"target\":[\"https:\/\/portaltela.pt\/noticias\/2026\/04\/09\/camara-do-porto-encerra-decimo-alojamento-ilegal-este-ano\/\"]}]},{\"@type\":\"ImageObject\",\"inLanguage\":\"pt-PT\",\"@id\":\"https:\/\/portaltela.pt\/noticias\/2026\/04\/09\/camara-do-porto-encerra-decimo-alojamento-ilegal-este-ano\/#primaryimage\",\"url\":\"https:\/\/portaltela.pt\/s.01k8rhncp4jt1\/2026\/04\/img_1280x721uu2026-04-09-13-10-21-2277481.jpg\",\"contentUrl\":\"https:\/\/portaltela.pt\/s.01k8rhncp4jt1\/2026\/04\/img_1280x721uu2026-04-09-13-10-21-2277481.jpg\",\"width\":796,\"height\":448,\"caption\":\"Alojamento ilegal Porto\"},{\"@type\":\"BreadcrumbList\",\"@id\":\"https:\/\/portaltela.pt\/noticias\/2026\/04\/09\/camara-do-porto-encerra-decimo-alojamento-ilegal-este-ano\/#breadcrumb\",\"itemListElement\":[{\"@type\":\"ListItem\",\"position\":1,\"name\":\"In\u00edcio\",\"item\":\"https:\/\/portaltela.pt\/\"},{\"@type\":\"ListItem\",\"position\":2,\"name\":\"C\u00e2mara do Porto encerra d\u00e9cimo alojamento ilegal este ano\"}]},{\"@type\":\"WebSite\",\"@id\":\"https:\/\/portaltela.pt\/#website\",\"url\":\"https:\/\/portaltela.pt\/\",\"name\":\"Portal Tela Portugal\",\"description\":\"\",\"potentialAction\":[{\"@type\":\"SearchAction\",\"target\":{\"@type\":\"EntryPoint\",\"urlTemplate\":\"https:\/\/portaltela.pt\/?s={search_term_string}\"},\"query-input\":{\"@type\":\"PropertyValueSpecification\",\"valueRequired\":true,\"valueName\":\"search_term_string\"}}],\"inLanguage\":\"pt-PT\"},{\"@type\":\"Person\",\"@id\":\"https:\/\/portaltela.pt\/#\/schema\/person\/c4278d4a6028830caff9ee44b42d32ed\",\"name\":\"Telinha\",\"image\":{\"@type\":\"ImageObject\",\"inLanguage\":\"pt-PT\",\"@id\":\"https:\/\/portaltela.pt\/s.01k8rhncp4jt1\/2025\/11\/talking-bot-125x125.png\",\"url\":\"https:\/\/portaltela.pt\/s.01k8rhncp4jt1\/2025\/11\/talking-bot-125x125.png\",\"contentUrl\":\"https:\/\/portaltela.pt\/s.01k8rhncp4jt1\/2025\/11\/talking-bot-125x125.png\",\"caption\":\"Telinha\"},\"sameAs\":[\"https:\/\/portaltela.pt\/\"],\"url\":\"https:\/\/portaltela.pt\/por\/367410592786\/\"}]}<\/script>\n<!-- \/ Yoast SEO plugin. -->","yoast_head_json":{"title":"C\u00e2mara do Porto encerra d\u00e9cimo alojamento ilegal este ano - Portal Tela Portugal","robots":{"index":"index","follow":"follow","max-snippet":"max-snippet:-1","max-image-preview":"max-image-preview:large","max-video-preview":"max-video-preview:-1"},"og_locale":"pt_PT","og_type":"article","og_title":"C\u00e2mara do Porto encerra d\u00e9cimo alojamento ilegal este ano - Portal Tela Portugal","og_description":"A C\u00e2mara do Porto selou, nesta quinta-feira, o d\u00e9cimo alojamento ilegal identificado este ano no combate \u00e0 dignidade humana. O espa\u00e7o situava-se numa loja na Rua de Santa Catarina, no centro do Porto, apresentando condi\u00e7\u00f5es de salubridade muito prec\u00e1rias. Desde janeiro, j\u00e1 foram retiradas 125 pessoas destes alojamentos, algumas com rotatividade de ocupantes. A a\u00e7\u00e3o envolveu v\u00e1rias entidades p\u00fablicas, incluindo a Pol\u00edcia Municipal, PSP, Bombeiros e ASAE, com o autarca a prometer rigidez nas fiscaliza\u00e7\u00f5es. N\u00e3o se sabe para onde foram as pessoas retiradas, mas o presidente da C\u00e2mara espera que n\u00e3o retornem a situa\u00e7\u00f5es semelhantes e reitera o objetivo de erradicar alojamentos que atentem contra a dignidade humana.","og_url":"https:\/\/portaltela.pt\/noticias\/2026\/04\/09\/camara-do-porto-encerra-decimo-alojamento-ilegal-este-ano\/","og_site_name":"Portal Tela Portugal","article_published_time":"2026-04-09T12:47:05+00:00","author":"Telinha","twitter_card":"summary_large_image","twitter_misc":{"Escrito por":"Telinha","Tempo estimado de leitura":"2 minutos"},"schema":{"@context":"https:\/\/schema.org","@graph":[{"@type":"Article","@id":"https:\/\/portaltela.pt\/noticias\/2026\/04\/09\/camara-do-porto-encerra-decimo-alojamento-ilegal-este-ano\/#article","isPartOf":{"@id":"https:\/\/portaltela.pt\/noticias\/2026\/04\/09\/camara-do-porto-encerra-decimo-alojamento-ilegal-este-ano\/"},"author":{"name":"Telinha","@id":"https:\/\/portaltela.pt\/#\/schema\/person\/c4278d4a6028830caff9ee44b42d32ed"},"headline":"C\u00e2mara do Porto encerra d\u00e9cimo alojamento ilegal este ano","datePublished":"2026-04-09T12:47:05+00:00","mainEntityOfPage":{"@id":"https:\/\/portaltela.pt\/noticias\/2026\/04\/09\/camara-do-porto-encerra-decimo-alojamento-ilegal-este-ano\/"},"wordCount":359,"image":{"@id":"https:\/\/portaltela.pt\/noticias\/2026\/04\/09\/camara-do-porto-encerra-decimo-alojamento-ilegal-este-ano\/#primaryimage"},"thumbnailUrl":"https:\/\/portaltela.pt\/s.01k8rhncp4jt1\/2026\/04\/img_1280x721uu2026-04-09-13-10-21-2277481.jpg","keywords":["_habita\u00e7\u00e3o","_habita\u00e7\u00e3o p\u00fablica","_habita\u00e7\u00e3o social","desalojados","seguran\u00e7a p\u00fablica"],"articleSection":["Sociedade"],"inLanguage":"pt-PT"},{"@type":"WebPage","@id":"https:\/\/portaltela.pt\/noticias\/2026\/04\/09\/camara-do-porto-encerra-decimo-alojamento-ilegal-este-ano\/","url":"https:\/\/portaltela.pt\/noticias\/2026\/04\/09\/camara-do-porto-encerra-decimo-alojamento-ilegal-este-ano\/","name":"C\u00e2mara do Porto encerra d\u00e9cimo alojamento ilegal este ano - Portal Tela Portugal","isPartOf":{"@id":"https:\/\/portaltela.pt\/#website"},"primaryImageOfPage":{"@id":"https:\/\/portaltela.pt\/noticias\/2026\/04\/09\/camara-do-porto-encerra-decimo-alojamento-ilegal-este-ano\/#primaryimage"},"image":{"@id":"https:\/\/portaltela.pt\/noticias\/2026\/04\/09\/camara-do-porto-encerra-decimo-alojamento-ilegal-este-ano\/#primaryimage"},"thumbnailUrl":"https:\/\/portaltela.pt\/s.01k8rhncp4jt1\/2026\/04\/img_1280x721uu2026-04-09-13-10-21-2277481.jpg","datePublished":"2026-04-09T12:47:05+00:00","author":{"@id":"https:\/\/portaltela.pt\/#\/schema\/person\/c4278d4a6028830caff9ee44b42d32ed"},"breadcrumb":{"@id":"https:\/\/portaltela.pt\/noticias\/2026\/04\/09\/camara-do-porto-encerra-decimo-alojamento-ilegal-este-ano\/#breadcrumb"},"inLanguage":"pt-PT","potentialAction":[{"@type":"ReadAction","target":["https:\/\/portaltela.pt\/noticias\/2026\/04\/09\/camara-do-porto-encerra-decimo-alojamento-ilegal-este-ano\/"]}]},{"@type":"ImageObject","inLanguage":"pt-PT","@id":"https:\/\/portaltela.pt\/noticias\/2026\/04\/09\/camara-do-porto-encerra-decimo-alojamento-ilegal-este-ano\/#primaryimage","url":"https:\/\/portaltela.pt\/s.01k8rhncp4jt1\/2026\/04\/img_1280x721uu2026-04-09-13-10-21-2277481.jpg","contentUrl":"https:\/\/portaltela.pt\/s.01k8rhncp4jt1\/2026\/04\/img_1280x721uu2026-04-09-13-10-21-2277481.jpg","width":796,"height":448,"caption":"Alojamento ilegal Porto"},{"@type":"BreadcrumbList","@id":"https:\/\/portaltela.pt\/noticias\/2026\/04\/09\/camara-do-porto-encerra-decimo-alojamento-ilegal-este-ano\/#breadcrumb","itemListElement":[{"@type":"ListItem","position":1,"name":"In\u00edcio","item":"https:\/\/portaltela.pt\/"},{"@type":"ListItem","position":2,"name":"C\u00e2mara do Porto encerra d\u00e9cimo alojamento ilegal este ano"}]},{"@type":"WebSite","@id":"https:\/\/portaltela.pt\/#website","url":"https:\/\/portaltela.pt\/","name":"Portal Tela Portugal","description":"","potentialAction":[{"@type":"SearchAction","target":{"@type":"EntryPoint","urlTemplate":"https:\/\/portaltela.pt\/?s={search_term_string}"},"query-input":{"@type":"PropertyValueSpecification","valueRequired":true,"valueName":"search_term_string"}}],"inLanguage":"pt-PT"},{"@type":"Person","@id":"https:\/\/portaltela.pt\/#\/schema\/person\/c4278d4a6028830caff9ee44b42d32ed","name":"Telinha","image":{"@type":"ImageObject","inLanguage":"pt-PT","@id":"https:\/\/portaltela.pt\/s.01k8rhncp4jt1\/2025\/11\/talking-bot-125x125.png","url":"https:\/\/portaltela.pt\/s.01k8rhncp4jt1\/2025\/11\/talking-bot-125x125.png","contentUrl":"https:\/\/portaltela.pt\/s.01k8rhncp4jt1\/2025\/11\/talking-bot-125x125.png","caption":"Telinha"},"sameAs":["https:\/\/portaltela.pt\/"],"url":"https:\/\/portaltela.pt\/por\/367410592786\/"}]}},"_links":{"self":[{"href":"https:\/\/portaltela.pt\/api\/wp\/v2\/posts\/437970","targetHints":{"allow":["GET"]}}],"collection":[{"href":"https:\/\/portaltela.pt\/api\/wp\/v2\/posts"}],"about":[{"href":"https:\/\/portaltela.pt\/api\/wp\/v2\/types\/post"}],"author":[{"embeddable":true,"href":"https:\/\/portaltela.pt\/api\/wp\/v2\/users\/2"}],"replies":[{"embeddable":true,"href":"https:\/\/portaltela.pt\/api\/wp\/v2\/comments?post=437970"}],"version-history":[{"count":0,"href":"https:\/\/portaltela.pt\/api\/wp\/v2\/posts\/437970\/revisions"}],"wp:featuredmedia":[{"embeddable":true,"href":"https:\/\/portaltela.pt\/api\/wp\/v2\/media\/437972"}],"wp:attachment":[{"href":"https:\/\/portaltela.pt\/api\/wp\/v2\/media?parent=437970"}],"wp:term":[{"taxonomy":"category","embeddable":true,"href":"https:\/\/portaltela.pt\/api\/wp\/v2\/categories?post=437970"},{"taxonomy":"post_tag","embeddable":true,"href":"https:\/\/portaltela.pt\/api\/wp\/v2\/tags?post=437970"}],"curies":[{"name":"wp","href":"https:\/\/api.w.org\/{rel}","templated":true}]}}