{"id":437900,"date":"2026-04-09T09:03:05","date_gmt":"2026-04-09T12:03:05","guid":{"rendered":"https:\/\/portaltela.pt\/noticias\/2026\/04\/09\/infracoes-por-uso-de-telemovel-ao-volante-aumentam-no-1o-trimestre\/"},"modified":"2026-04-09T09:03:05","modified_gmt":"2026-04-09T12:03:05","slug":"infracoes-por-uso-de-telemovel-ao-volante-aumentam-no-1o-trimestre","status":"publish","type":"post","link":"https:\/\/portaltela.pt\/seguranca\/2026\/04\/09\/infracoes-por-uso-de-telemovel-ao-volante-aumentam-no-1o-trimestre\/","title":{"rendered":"Infra\u00e7\u00f5es por uso de telem\u00f3vel ao volante aumentam no 1\u00ba trimestre"},"content":{"rendered":"<p>No primeiro trimestre, a GNR registou 4179 infra\u00e7\u00f5es por uso indevido do telem\u00f3vel durante a conduite, cerca de 50 por dia. Este comportamento de risco aumenta o perigo nas vias e distrai o condutor, aponta a for\u00e7a em comunicado.<\/p>\n<p>Os dados revelam n\u00fameros preocupantes no manuseamento de dispositivos eletr\u00f3nicos. Em 2025 foram registadas 18.631 infra\u00e7\u00f5es, mais 8% que as 17.281 de 2024. O primeiro trimestre de 2025 foi o mais gravoso, com 5612 infra\u00e7\u00f5es.<\/p>\n<p>A GNR destaca ainda a subida acentuada em mar\u00e7o, com 1688 infra\u00e7\u00f5es. Este valor representa um crescimento de 16,5% face a fevereiro e 61,8% face a janeiro, sinal de aumento recente da incid\u00eancia.<\/p>\n<h3>Sinaliza\u00e7\u00e3o de risco e tend\u00eancias<\/h3>\n<p>Os distritos com mais ocorr\u00eancias s\u00e3o Porto e Lisboa. O Porto contou 3826 casos em 2024 e 3522 em 2025; Lisboa teve 2257 em 2024 e 2453 em 2025. Aveiro j\u00e1 ultrapassou as 1700 infra\u00e7\u00f5es em 2025.<\/p>\n<p>Entre as zonas menos afetadas est\u00e3o Bragan\u00e7a e Beja, com 31 infra\u00e7\u00f5es em 2026. Portalegre passou de 101 em 2024 para 194 em 2025; j\u00e1 este ano regista 68 infra\u00e7\u00f5es.<\/p>\n","protected":false},"excerpt":{"rendered":"<ul>\n<li>No primeiro trimestre de 2025, foram registadas 5.612 infra\u00e7\u00f5es por uso indevido do telem\u00f3vel durante a condu\u00e7\u00e3o.<\/li>\n<li>Em 2025, o total de infra\u00e7\u00f5es foi de 18.631, cerca de 8% acima de 2024, com o primeiro trimestre j\u00e1 a concentrar parte significativa do total.<\/li>\n<li>O m\u00eas de mar\u00e7o marcou 1.688 infra\u00e7\u00f5es, mais 16,5% do que fevereiro e 61,8% face a janeiro.<\/li>\n<li>Os distritos com mais infra\u00e7\u00f5es foram Porto (3522 em 2025), Lisboa (2453 em 2025) e Aveiro, com mais de 1.700 em 2025.<\/li>\n<li>Em 2025 houve 194 infra\u00e7\u00f5es em Portalegre; Bragan\u00e7a e Beja registaram 31 infra\u00e7\u00f5es em 2026.<\/li>\n<\/ul>\n","protected":false},"author":2,"featured_media":437904,"comment_status":"closed","ping_status":"closed","sticky":false,"template":"","format":"standard","meta":{"footnotes":""},"categories":[1,6779],"tags":[5423,6306,1014,2761,1629,2267],"class_list":["post-437900","post","type-post","status-publish","format-standard","has-post-thumbnail","hentry","category-noticias","category-seguranca","tag-condutores","tag-infracoes","tag-portugal","tag-seguranca-rodoviaria","tag-transito","tag-uso-de-telemovel"],"yoast_head":"<!-- This site is optimized with the Yoast SEO plugin v27.2 - https:\/\/yoast.com\/product\/yoast-seo-wordpress\/ -->\n<title>Infra\u00e7\u00f5es por uso de telem\u00f3vel ao volante aumentam no 1\u00ba trimestre - Portal Tela Portugal<\/title>\n<meta name=\"robots\" content=\"index, follow, max-snippet:-1, max-image-preview:large, max-video-preview:-1\" \/>\n<meta property=\"og:locale\" content=\"pt_PT\" \/>\n<meta property=\"og:type\" content=\"article\" \/>\n<meta property=\"og:title\" content=\"Infra\u00e7\u00f5es por uso de telem\u00f3vel ao volante aumentam no 1\u00ba trimestre - Portal Tela Portugal\" \/>\n<meta property=\"og:description\" content=\"No primeiro trimestre de 2025, foram registadas 5.612 infra\u00e7\u00f5es por uso indevido do telem\u00f3vel durante a condu\u00e7\u00e3o. Em 2025, o total de infra\u00e7\u00f5es foi de 18.631, cerca de 8% acima de 2024, com o primeiro trimestre j\u00e1 a concentrar parte significativa do total. O m\u00eas de mar\u00e7o marcou 1.688 infra\u00e7\u00f5es, mais 16,5% do que fevereiro e 61,8% face a janeiro. Os distritos com mais infra\u00e7\u00f5es foram Porto (3522 em 2025), Lisboa (2453 em 2025) e Aveiro, com mais de 1.700 em 2025. Em 2025 houve 194 infra\u00e7\u00f5es em Portalegre; Bragan\u00e7a e Beja registaram 31 infra\u00e7\u00f5es em 2026.\" \/>\n<meta property=\"og:url\" content=\"https:\/\/portaltela.pt\/noticias\/2026\/04\/09\/infracoes-por-uso-de-telemovel-ao-volante-aumentam-no-1o-trimestre\/\" \/>\n<meta property=\"og:site_name\" content=\"Portal Tela Portugal\" \/>\n<meta property=\"article:published_time\" content=\"2026-04-09T12:03:05+00:00\" \/>\n<meta name=\"author\" content=\"Telinha\" \/>\n<meta name=\"twitter:card\" content=\"summary_large_image\" \/>\n<meta name=\"twitter:label1\" content=\"Escrito por\" \/>\n\t<meta name=\"twitter:data1\" content=\"Telinha\" \/>\n\t<meta name=\"twitter:label2\" content=\"Tempo estimado de leitura\" \/>\n\t<meta name=\"twitter:data2\" content=\"1 minuto\" \/>\n<script type=\"application\/ld+json\" class=\"yoast-schema-graph\">{\"@context\":\"https:\/\/schema.org\",\"@graph\":[{\"@type\":\"Article\",\"@id\":\"https:\/\/portaltela.pt\/noticias\/2026\/04\/09\/infracoes-por-uso-de-telemovel-ao-volante-aumentam-no-1o-trimestre\/#article\",\"isPartOf\":{\"@id\":\"https:\/\/portaltela.pt\/noticias\/2026\/04\/09\/infracoes-por-uso-de-telemovel-ao-volante-aumentam-no-1o-trimestre\/\"},\"author\":{\"name\":\"Telinha\",\"@id\":\"https:\/\/portaltela.pt\/#\/schema\/person\/c4278d4a6028830caff9ee44b42d32ed\"},\"headline\":\"Infra\u00e7\u00f5es por uso de telem\u00f3vel ao volante aumentam no 1\u00ba trimestre\",\"datePublished\":\"2026-04-09T12:03:05+00:00\",\"mainEntityOfPage\":{\"@id\":\"https:\/\/portaltela.pt\/noticias\/2026\/04\/09\/infracoes-por-uso-de-telemovel-ao-volante-aumentam-no-1o-trimestre\/\"},\"wordCount\":181,\"image\":{\"@id\":\"https:\/\/portaltela.pt\/noticias\/2026\/04\/09\/infracoes-por-uso-de-telemovel-ao-volante-aumentam-no-1o-trimestre\/#primaryimage\"},\"thumbnailUrl\":\"https:\/\/portaltela.pt\/s.01k8rhncp4jt1\/2026\/04\/image-502.jpg\",\"keywords\":[\"condutores\",\"infra\u00e7\u00f5es\",\"Portugal\",\"seguran\u00e7a rodovi\u00e1ria\",\"tr\u00e2nsito\",\"uso de telem\u00f3vel\"],\"articleSection\":[\"Not\u00edcias\",\"Seguran\u00e7a\"],\"inLanguage\":\"pt-PT\"},{\"@type\":\"WebPage\",\"@id\":\"https:\/\/portaltela.pt\/noticias\/2026\/04\/09\/infracoes-por-uso-de-telemovel-ao-volante-aumentam-no-1o-trimestre\/\",\"url\":\"https:\/\/portaltela.pt\/noticias\/2026\/04\/09\/infracoes-por-uso-de-telemovel-ao-volante-aumentam-no-1o-trimestre\/\",\"name\":\"Infra\u00e7\u00f5es por uso de telem\u00f3vel ao volante aumentam no 1\u00ba trimestre - Portal Tela Portugal\",\"isPartOf\":{\"@id\":\"https:\/\/portaltela.pt\/#website\"},\"primaryImageOfPage\":{\"@id\":\"https:\/\/portaltela.pt\/noticias\/2026\/04\/09\/infracoes-por-uso-de-telemovel-ao-volante-aumentam-no-1o-trimestre\/#primaryimage\"},\"image\":{\"@id\":\"https:\/\/portaltela.pt\/noticias\/2026\/04\/09\/infracoes-por-uso-de-telemovel-ao-volante-aumentam-no-1o-trimestre\/#primaryimage\"},\"thumbnailUrl\":\"https:\/\/portaltela.pt\/s.01k8rhncp4jt1\/2026\/04\/image-502.jpg\",\"datePublished\":\"2026-04-09T12:03:05+00:00\",\"author\":{\"@id\":\"https:\/\/portaltela.pt\/#\/schema\/person\/c4278d4a6028830caff9ee44b42d32ed\"},\"breadcrumb\":{\"@id\":\"https:\/\/portaltela.pt\/noticias\/2026\/04\/09\/infracoes-por-uso-de-telemovel-ao-volante-aumentam-no-1o-trimestre\/#breadcrumb\"},\"inLanguage\":\"pt-PT\",\"potentialAction\":[{\"@type\":\"ReadAction\",\"target\":[\"https:\/\/portaltela.pt\/noticias\/2026\/04\/09\/infracoes-por-uso-de-telemovel-ao-volante-aumentam-no-1o-trimestre\/\"]}]},{\"@type\":\"ImageObject\",\"inLanguage\":\"pt-PT\",\"@id\":\"https:\/\/portaltela.pt\/noticias\/2026\/04\/09\/infracoes-por-uso-de-telemovel-ao-volante-aumentam-no-1o-trimestre\/#primaryimage\",\"url\":\"https:\/\/portaltela.pt\/s.01k8rhncp4jt1\/2026\/04\/image-502.jpg\",\"contentUrl\":\"https:\/\/portaltela.pt\/s.01k8rhncp4jt1\/2026\/04\/image-502.jpg\",\"width\":796,\"height\":448,\"caption\":\"No primeiro trimestre, a GNR registou 4179 infra\u00e7\u00f5es relacionadas com o uso indevido do telem\u00f3vel durante a condu\u00e7\u00e3o\"},{\"@type\":\"BreadcrumbList\",\"@id\":\"https:\/\/portaltela.pt\/noticias\/2026\/04\/09\/infracoes-por-uso-de-telemovel-ao-volante-aumentam-no-1o-trimestre\/#breadcrumb\",\"itemListElement\":[{\"@type\":\"ListItem\",\"position\":1,\"name\":\"In\u00edcio\",\"item\":\"https:\/\/portaltela.pt\/\"},{\"@type\":\"ListItem\",\"position\":2,\"name\":\"Infra\u00e7\u00f5es por uso de telem\u00f3vel ao volante aumentam no 1\u00ba trimestre\"}]},{\"@type\":\"WebSite\",\"@id\":\"https:\/\/portaltela.pt\/#website\",\"url\":\"https:\/\/portaltela.pt\/\",\"name\":\"Portal Tela Portugal\",\"description\":\"\",\"potentialAction\":[{\"@type\":\"SearchAction\",\"target\":{\"@type\":\"EntryPoint\",\"urlTemplate\":\"https:\/\/portaltela.pt\/?s={search_term_string}\"},\"query-input\":{\"@type\":\"PropertyValueSpecification\",\"valueRequired\":true,\"valueName\":\"search_term_string\"}}],\"inLanguage\":\"pt-PT\"},{\"@type\":\"Person\",\"@id\":\"https:\/\/portaltela.pt\/#\/schema\/person\/c4278d4a6028830caff9ee44b42d32ed\",\"name\":\"Telinha\",\"image\":{\"@type\":\"ImageObject\",\"inLanguage\":\"pt-PT\",\"@id\":\"https:\/\/portaltela.pt\/s.01k8rhncp4jt1\/2025\/11\/talking-bot-125x125.png\",\"url\":\"https:\/\/portaltela.pt\/s.01k8rhncp4jt1\/2025\/11\/talking-bot-125x125.png\",\"contentUrl\":\"https:\/\/portaltela.pt\/s.01k8rhncp4jt1\/2025\/11\/talking-bot-125x125.png\",\"caption\":\"Telinha\"},\"sameAs\":[\"https:\/\/portaltela.pt\/\"],\"url\":\"https:\/\/portaltela.pt\/por\/367410592786\/\"}]}<\/script>\n<!-- \/ Yoast SEO plugin. -->","yoast_head_json":{"title":"Infra\u00e7\u00f5es por uso de telem\u00f3vel ao volante aumentam no 1\u00ba trimestre - Portal Tela Portugal","robots":{"index":"index","follow":"follow","max-snippet":"max-snippet:-1","max-image-preview":"max-image-preview:large","max-video-preview":"max-video-preview:-1"},"og_locale":"pt_PT","og_type":"article","og_title":"Infra\u00e7\u00f5es por uso de telem\u00f3vel ao volante aumentam no 1\u00ba trimestre - Portal Tela Portugal","og_description":"No primeiro trimestre de 2025, foram registadas 5.612 infra\u00e7\u00f5es por uso indevido do telem\u00f3vel durante a condu\u00e7\u00e3o. Em 2025, o total de infra\u00e7\u00f5es foi de 18.631, cerca de 8% acima de 2024, com o primeiro trimestre j\u00e1 a concentrar parte significativa do total. O m\u00eas de mar\u00e7o marcou 1.688 infra\u00e7\u00f5es, mais 16,5% do que fevereiro e 61,8% face a janeiro. Os distritos com mais infra\u00e7\u00f5es foram Porto (3522 em 2025), Lisboa (2453 em 2025) e Aveiro, com mais de 1.700 em 2025. Em 2025 houve 194 infra\u00e7\u00f5es em Portalegre; Bragan\u00e7a e Beja registaram 31 infra\u00e7\u00f5es em 2026.","og_url":"https:\/\/portaltela.pt\/noticias\/2026\/04\/09\/infracoes-por-uso-de-telemovel-ao-volante-aumentam-no-1o-trimestre\/","og_site_name":"Portal Tela Portugal","article_published_time":"2026-04-09T12:03:05+00:00","author":"Telinha","twitter_card":"summary_large_image","twitter_misc":{"Escrito por":"Telinha","Tempo estimado de leitura":"1 minuto"},"schema":{"@context":"https:\/\/schema.org","@graph":[{"@type":"Article","@id":"https:\/\/portaltela.pt\/noticias\/2026\/04\/09\/infracoes-por-uso-de-telemovel-ao-volante-aumentam-no-1o-trimestre\/#article","isPartOf":{"@id":"https:\/\/portaltela.pt\/noticias\/2026\/04\/09\/infracoes-por-uso-de-telemovel-ao-volante-aumentam-no-1o-trimestre\/"},"author":{"name":"Telinha","@id":"https:\/\/portaltela.pt\/#\/schema\/person\/c4278d4a6028830caff9ee44b42d32ed"},"headline":"Infra\u00e7\u00f5es por uso de telem\u00f3vel ao volante aumentam no 1\u00ba trimestre","datePublished":"2026-04-09T12:03:05+00:00","mainEntityOfPage":{"@id":"https:\/\/portaltela.pt\/noticias\/2026\/04\/09\/infracoes-por-uso-de-telemovel-ao-volante-aumentam-no-1o-trimestre\/"},"wordCount":181,"image":{"@id":"https:\/\/portaltela.pt\/noticias\/2026\/04\/09\/infracoes-por-uso-de-telemovel-ao-volante-aumentam-no-1o-trimestre\/#primaryimage"},"thumbnailUrl":"https:\/\/portaltela.pt\/s.01k8rhncp4jt1\/2026\/04\/image-502.jpg","keywords":["condutores","infra\u00e7\u00f5es","Portugal","seguran\u00e7a rodovi\u00e1ria","tr\u00e2nsito","uso de telem\u00f3vel"],"articleSection":["Not\u00edcias","Seguran\u00e7a"],"inLanguage":"pt-PT"},{"@type":"WebPage","@id":"https:\/\/portaltela.pt\/noticias\/2026\/04\/09\/infracoes-por-uso-de-telemovel-ao-volante-aumentam-no-1o-trimestre\/","url":"https:\/\/portaltela.pt\/noticias\/2026\/04\/09\/infracoes-por-uso-de-telemovel-ao-volante-aumentam-no-1o-trimestre\/","name":"Infra\u00e7\u00f5es por uso de telem\u00f3vel ao volante aumentam no 1\u00ba trimestre - Portal Tela Portugal","isPartOf":{"@id":"https:\/\/portaltela.pt\/#website"},"primaryImageOfPage":{"@id":"https:\/\/portaltela.pt\/noticias\/2026\/04\/09\/infracoes-por-uso-de-telemovel-ao-volante-aumentam-no-1o-trimestre\/#primaryimage"},"image":{"@id":"https:\/\/portaltela.pt\/noticias\/2026\/04\/09\/infracoes-por-uso-de-telemovel-ao-volante-aumentam-no-1o-trimestre\/#primaryimage"},"thumbnailUrl":"https:\/\/portaltela.pt\/s.01k8rhncp4jt1\/2026\/04\/image-502.jpg","datePublished":"2026-04-09T12:03:05+00:00","author":{"@id":"https:\/\/portaltela.pt\/#\/schema\/person\/c4278d4a6028830caff9ee44b42d32ed"},"breadcrumb":{"@id":"https:\/\/portaltela.pt\/noticias\/2026\/04\/09\/infracoes-por-uso-de-telemovel-ao-volante-aumentam-no-1o-trimestre\/#breadcrumb"},"inLanguage":"pt-PT","potentialAction":[{"@type":"ReadAction","target":["https:\/\/portaltela.pt\/noticias\/2026\/04\/09\/infracoes-por-uso-de-telemovel-ao-volante-aumentam-no-1o-trimestre\/"]}]},{"@type":"ImageObject","inLanguage":"pt-PT","@id":"https:\/\/portaltela.pt\/noticias\/2026\/04\/09\/infracoes-por-uso-de-telemovel-ao-volante-aumentam-no-1o-trimestre\/#primaryimage","url":"https:\/\/portaltela.pt\/s.01k8rhncp4jt1\/2026\/04\/image-502.jpg","contentUrl":"https:\/\/portaltela.pt\/s.01k8rhncp4jt1\/2026\/04\/image-502.jpg","width":796,"height":448,"caption":"No primeiro trimestre, a GNR registou 4179 infra\u00e7\u00f5es relacionadas com o uso indevido do telem\u00f3vel durante a condu\u00e7\u00e3o"},{"@type":"BreadcrumbList","@id":"https:\/\/portaltela.pt\/noticias\/2026\/04\/09\/infracoes-por-uso-de-telemovel-ao-volante-aumentam-no-1o-trimestre\/#breadcrumb","itemListElement":[{"@type":"ListItem","position":1,"name":"In\u00edcio","item":"https:\/\/portaltela.pt\/"},{"@type":"ListItem","position":2,"name":"Infra\u00e7\u00f5es por uso de telem\u00f3vel ao volante aumentam no 1\u00ba trimestre"}]},{"@type":"WebSite","@id":"https:\/\/portaltela.pt\/#website","url":"https:\/\/portaltela.pt\/","name":"Portal Tela Portugal","description":"","potentialAction":[{"@type":"SearchAction","target":{"@type":"EntryPoint","urlTemplate":"https:\/\/portaltela.pt\/?s={search_term_string}"},"query-input":{"@type":"PropertyValueSpecification","valueRequired":true,"valueName":"search_term_string"}}],"inLanguage":"pt-PT"},{"@type":"Person","@id":"https:\/\/portaltela.pt\/#\/schema\/person\/c4278d4a6028830caff9ee44b42d32ed","name":"Telinha","image":{"@type":"ImageObject","inLanguage":"pt-PT","@id":"https:\/\/portaltela.pt\/s.01k8rhncp4jt1\/2025\/11\/talking-bot-125x125.png","url":"https:\/\/portaltela.pt\/s.01k8rhncp4jt1\/2025\/11\/talking-bot-125x125.png","contentUrl":"https:\/\/portaltela.pt\/s.01k8rhncp4jt1\/2025\/11\/talking-bot-125x125.png","caption":"Telinha"},"sameAs":["https:\/\/portaltela.pt\/"],"url":"https:\/\/portaltela.pt\/por\/367410592786\/"}]}},"_links":{"self":[{"href":"https:\/\/portaltela.pt\/api\/wp\/v2\/posts\/437900","targetHints":{"allow":["GET"]}}],"collection":[{"href":"https:\/\/portaltela.pt\/api\/wp\/v2\/posts"}],"about":[{"href":"https:\/\/portaltela.pt\/api\/wp\/v2\/types\/post"}],"author":[{"embeddable":true,"href":"https:\/\/portaltela.pt\/api\/wp\/v2\/users\/2"}],"replies":[{"embeddable":true,"href":"https:\/\/portaltela.pt\/api\/wp\/v2\/comments?post=437900"}],"version-history":[{"count":0,"href":"https:\/\/portaltela.pt\/api\/wp\/v2\/posts\/437900\/revisions"}],"wp:featuredmedia":[{"embeddable":true,"href":"https:\/\/portaltela.pt\/api\/wp\/v2\/media\/437904"}],"wp:attachment":[{"href":"https:\/\/portaltela.pt\/api\/wp\/v2\/media?parent=437900"}],"wp:term":[{"taxonomy":"category","embeddable":true,"href":"https:\/\/portaltela.pt\/api\/wp\/v2\/categories?post=437900"},{"taxonomy":"post_tag","embeddable":true,"href":"https:\/\/portaltela.pt\/api\/wp\/v2\/tags?post=437900"}],"curies":[{"name":"wp","href":"https:\/\/api.w.org\/{rel}","templated":true}]}}