{"id":437896,"date":"2026-04-09T09:03:00","date_gmt":"2026-04-09T12:03:00","guid":{"rendered":"https:\/\/portaltela.pt\/noticias\/2026\/04\/09\/congresso-discute-ambiente-e-saude-1-em-cada-4-mortes-ligadas-ao-ambiente\/"},"modified":"2026-04-09T09:03:00","modified_gmt":"2026-04-09T12:03:00","slug":"congresso-discute-ambiente-e-saude-1-em-cada-4-mortes-ligadas-ao-ambiente","status":"publish","type":"post","link":"https:\/\/portaltela.pt\/saude\/2026\/04\/09\/congresso-discute-ambiente-e-saude-1-em-cada-4-mortes-ligadas-ao-ambiente\/","title":{"rendered":"Congresso discute ambiente e sa\u00fade: 1 em cada 4 mortes ligadas ao ambiente"},"content":{"rendered":"<p>Um congresso de dois dias em Lisboa re\u00fane cerca de 2000 participantes de diversas \u00e1reas para debater sa\u00fade e ambiente. O encontro, realizado na Funda\u00e7\u00e3o Calouste Gulbenkian, aborda o impacto das altera\u00e7\u00f5es clim\u00e1ticas na sa\u00fade e as implica\u00e7\u00f5es para as pol\u00edticas p\u00fablicas.<\/p>\n<p>O 2.\u00ba Congresso Nacional de Sa\u00fade e Ambiente \u00e9 organizado pelo Conselho Portugu\u00eas para a Sa\u00fade e Ambiente (CPSA). O evento debate dados como a hesita\u00e7\u00e3o de 37% dos jovens portugueses em ter filhos devido \u00e0s altera\u00e7\u00f5es clim\u00e1ticas e a presen\u00e7a de potenciais carcinog\u00e9neos mam\u00e1rios em materiais de contacto com alimentos, estimada em 21%.<\/p>\n<p>Al\u00e9m disso, o CPSA indica que o evento re\u00fane mais de cem especialistas em 20 sess\u00f5es, com foco no efeito das mudan\u00e7as ambientais na sa\u00fade. A OMS associa a sa\u00fade ambiental a cerca de 25% das mortes globais, tema em an\u00e1lise no encontro.<\/p>\n<p>Outros t\u00f3picos incluem doen\u00e7as transmitidas por alimentos, v\u00edrus com potencial pand\u00e9mico, e a dissemina\u00e7\u00e3o de doen\u00e7as antes t\u00edpicas de zonas tropicais na Europa. A pegada ambiental do setor da sa\u00fade, respons\u00e1vel por cerca de 5% das emiss\u00f5es de gases com efeito de estufa em Portugal, tamb\u00e9m est\u00e1 em debate.<\/p>\n<h3>Propostas e iniciativas<\/h3>\n<p>Durante o congresso, a literacia p\u00fablica e a forma\u00e7\u00e3o dos profissionais sobre o impacto clim\u00e1tico na sa\u00fade ser\u00e3o revistas, assim como as oportunidades da economia circular na sa\u00fade. Tamb\u00e9m se discute o papel das cidades na promo\u00e7\u00e3o de sa\u00fade e ambiente, sem excluir a responsabilidade profissional no tema.<\/p>\n<p>Vai ainda decorrer a iniciativa CircularMed, com solu\u00e7\u00f5es de economia circular para a sa\u00fade, incluindo projetos como a transforma\u00e7\u00e3o de urina humana em adubo. A sess\u00e3o de abertura atribui o Pr\u00e9mio Nacional da Sa\u00fade e Ambiente ao cardiologista Jo\u00e3o Queiroz e Melo.<\/p>\n<p>O CPSA, criado em outubro de 2022, visa mobilizar uma rede de organiza\u00e7\u00f5es ligadas \u00e0 sa\u00fade para reduzir o impacto ambiental na sa\u00fade. O conselho integra hoje 105 organiza\u00e7\u00f5es e assume uma posi\u00e7\u00e3o de articula\u00e7\u00e3o entre pol\u00edticas de sa\u00fade e ambiente.<\/p>\n","protected":false},"excerpt":{"rendered":"<ul>\n<li>O 2.\u00ba Congresso Nacional de Sa\u00fade e Ambiente realiza-se em Lisboa, durante dois dias, na Funda\u00e7\u00e3o Calouste Gulbenkian.<\/li>\n<li>Re\u00fane mais de cem especialistas em vinte sess\u00f5es para debater o impacto das altera\u00e7\u00f5es ambientais na sa\u00fade e dados como 37% dos jovens portugueses hesitam em ter filhos devido \u00e0s mudan\u00e7as clim\u00e1ticas.<\/li>\n<li>Tamb\u00e9m ser\u00e1 discutida a presen\u00e7a de 21% de potenciais carcinog\u00e9neos mam\u00e1rios nos materiais que entram em contacto com os alimentos.<\/li>\n<li>A Organiza\u00e7\u00e3o Mundial da Sa\u00fade sustenta que a sa\u00fade \u00e9 respons\u00e1vel por uma em cada quatro mortes a n\u00edvel global; o setor da sa\u00fade representa cerca de cinco por cento das emiss\u00f5es nacionais de gases com efeito de estufa.<\/li>\n<li>No \u00e2mbito do encontro, decorre a iniciativa CircularMed, com solu\u00e7\u00f5es de economia circular na sa\u00fade, e ser\u00e1 atribu\u00eddo o Pr\u00e9mio Nacional da Sa\u00fade e Ambiente a Jo\u00e3o Queiroz e Melo.<\/li>\n<\/ul>\n","protected":false},"author":2,"featured_media":437898,"comment_status":"closed","ping_status":"closed","sticky":false,"template":"","format":"standard","meta":{"footnotes":""},"categories":[7371,6745],"tags":[7767,4769,61,5328,981,172],"class_list":["post-437896","post","type-post","status-publish","format-standard","has-post-thumbnail","hentry","category-medicina","category-saude","tag-_meio-ambiente","tag-cidades-inteligentes","tag-doencas","tag-economia-sustentavel","tag-lisboa","tag-saude"],"yoast_head":"<!-- This site is optimized with the Yoast SEO plugin v27.2 - https:\/\/yoast.com\/product\/yoast-seo-wordpress\/ -->\n<title>Congresso discute ambiente e sa\u00fade: 1 em cada 4 mortes ligadas ao ambiente - Portal Tela Portugal<\/title>\n<meta name=\"robots\" content=\"index, follow, max-snippet:-1, max-image-preview:large, max-video-preview:-1\" \/>\n<meta property=\"og:locale\" content=\"pt_PT\" \/>\n<meta property=\"og:type\" content=\"article\" \/>\n<meta property=\"og:title\" content=\"Congresso discute ambiente e sa\u00fade: 1 em cada 4 mortes ligadas ao ambiente - Portal Tela Portugal\" \/>\n<meta property=\"og:description\" content=\"O 2.\u00ba Congresso Nacional de Sa\u00fade e Ambiente realiza-se em Lisboa, durante dois dias, na Funda\u00e7\u00e3o Calouste Gulbenkian. Re\u00fane mais de cem especialistas em vinte sess\u00f5es para debater o impacto das altera\u00e7\u00f5es ambientais na sa\u00fade e dados como 37% dos jovens portugueses hesitam em ter filhos devido \u00e0s mudan\u00e7as clim\u00e1ticas. Tamb\u00e9m ser\u00e1 discutida a presen\u00e7a de 21% de potenciais carcinog\u00e9neos mam\u00e1rios nos materiais que entram em contacto com os alimentos. A Organiza\u00e7\u00e3o Mundial da Sa\u00fade sustenta que a sa\u00fade \u00e9 respons\u00e1vel por uma em cada quatro mortes a n\u00edvel global; o setor da sa\u00fade representa cerca de cinco por cento das emiss\u00f5es nacionais de gases com efeito de estufa. No \u00e2mbito do encontro, decorre a iniciativa CircularMed, com solu\u00e7\u00f5es de economia circular na sa\u00fade, e ser\u00e1 atribu\u00eddo o Pr\u00e9mio Nacional da Sa\u00fade e Ambiente a Jo\u00e3o Queiroz e Melo.\" \/>\n<meta property=\"og:url\" content=\"https:\/\/portaltela.pt\/noticias\/2026\/04\/09\/congresso-discute-ambiente-e-saude-1-em-cada-4-mortes-ligadas-ao-ambiente\/\" \/>\n<meta property=\"og:site_name\" content=\"Portal Tela Portugal\" \/>\n<meta property=\"article:published_time\" content=\"2026-04-09T12:03:00+00:00\" \/>\n<meta name=\"author\" content=\"Telinha\" \/>\n<meta name=\"twitter:card\" content=\"summary_large_image\" \/>\n<meta name=\"twitter:label1\" content=\"Escrito por\" \/>\n\t<meta name=\"twitter:data1\" content=\"Telinha\" \/>\n\t<meta name=\"twitter:label2\" content=\"Tempo estimado de leitura\" \/>\n\t<meta name=\"twitter:data2\" content=\"2 minutos\" \/>\n<script type=\"application\/ld+json\" class=\"yoast-schema-graph\">{\"@context\":\"https:\/\/schema.org\",\"@graph\":[{\"@type\":\"Article\",\"@id\":\"https:\/\/portaltela.pt\/noticias\/2026\/04\/09\/congresso-discute-ambiente-e-saude-1-em-cada-4-mortes-ligadas-ao-ambiente\/#article\",\"isPartOf\":{\"@id\":\"https:\/\/portaltela.pt\/noticias\/2026\/04\/09\/congresso-discute-ambiente-e-saude-1-em-cada-4-mortes-ligadas-ao-ambiente\/\"},\"author\":{\"name\":\"Telinha\",\"@id\":\"https:\/\/portaltela.pt\/#\/schema\/person\/c4278d4a6028830caff9ee44b42d32ed\"},\"headline\":\"Congresso discute ambiente e sa\u00fade: 1 em cada 4 mortes ligadas ao ambiente\",\"datePublished\":\"2026-04-09T12:03:00+00:00\",\"mainEntityOfPage\":{\"@id\":\"https:\/\/portaltela.pt\/noticias\/2026\/04\/09\/congresso-discute-ambiente-e-saude-1-em-cada-4-mortes-ligadas-ao-ambiente\/\"},\"wordCount\":383,\"image\":{\"@id\":\"https:\/\/portaltela.pt\/noticias\/2026\/04\/09\/congresso-discute-ambiente-e-saude-1-em-cada-4-mortes-ligadas-ao-ambiente\/#primaryimage\"},\"thumbnailUrl\":\"https:\/\/portaltela.pt\/s.01k8rhncp4jt1\/2026\/04\/2080176.jpg\",\"keywords\":[\"_meio-ambiente\",\"Cidades Inteligentes\",\"doen\u00e7as\",\"Economia Sustent\u00e1vel\",\"Lisboa\",\"sa\u00fade\"],\"articleSection\":[\"Medicina\",\"Sa\u00fade\"],\"inLanguage\":\"pt-PT\"},{\"@type\":\"WebPage\",\"@id\":\"https:\/\/portaltela.pt\/noticias\/2026\/04\/09\/congresso-discute-ambiente-e-saude-1-em-cada-4-mortes-ligadas-ao-ambiente\/\",\"url\":\"https:\/\/portaltela.pt\/noticias\/2026\/04\/09\/congresso-discute-ambiente-e-saude-1-em-cada-4-mortes-ligadas-ao-ambiente\/\",\"name\":\"Congresso discute ambiente e sa\u00fade: 1 em cada 4 mortes ligadas ao ambiente - Portal Tela Portugal\",\"isPartOf\":{\"@id\":\"https:\/\/portaltela.pt\/#website\"},\"primaryImageOfPage\":{\"@id\":\"https:\/\/portaltela.pt\/noticias\/2026\/04\/09\/congresso-discute-ambiente-e-saude-1-em-cada-4-mortes-ligadas-ao-ambiente\/#primaryimage\"},\"image\":{\"@id\":\"https:\/\/portaltela.pt\/noticias\/2026\/04\/09\/congresso-discute-ambiente-e-saude-1-em-cada-4-mortes-ligadas-ao-ambiente\/#primaryimage\"},\"thumbnailUrl\":\"https:\/\/portaltela.pt\/s.01k8rhncp4jt1\/2026\/04\/2080176.jpg\",\"datePublished\":\"2026-04-09T12:03:00+00:00\",\"author\":{\"@id\":\"https:\/\/portaltela.pt\/#\/schema\/person\/c4278d4a6028830caff9ee44b42d32ed\"},\"breadcrumb\":{\"@id\":\"https:\/\/portaltela.pt\/noticias\/2026\/04\/09\/congresso-discute-ambiente-e-saude-1-em-cada-4-mortes-ligadas-ao-ambiente\/#breadcrumb\"},\"inLanguage\":\"pt-PT\",\"potentialAction\":[{\"@type\":\"ReadAction\",\"target\":[\"https:\/\/portaltela.pt\/noticias\/2026\/04\/09\/congresso-discute-ambiente-e-saude-1-em-cada-4-mortes-ligadas-ao-ambiente\/\"]}]},{\"@type\":\"ImageObject\",\"inLanguage\":\"pt-PT\",\"@id\":\"https:\/\/portaltela.pt\/noticias\/2026\/04\/09\/congresso-discute-ambiente-e-saude-1-em-cada-4-mortes-ligadas-ao-ambiente\/#primaryimage\",\"url\":\"https:\/\/portaltela.pt\/s.01k8rhncp4jt1\/2026\/04\/2080176.jpg\",\"contentUrl\":\"https:\/\/portaltela.pt\/s.01k8rhncp4jt1\/2026\/04\/2080176.jpg\",\"width\":796,\"height\":448,\"caption\":\"No congresso de dois dias, os participantes v\u00e3o tamb\u00e9m discutir a necessidade de se melhorar a literacia do p\u00fablico e a educa\u00e7\u00e3o dos profissionais em rela\u00e7\u00e3o ao impacto das altera\u00e7\u00f5es clim\u00e1ticas na sa\u00fade\"},{\"@type\":\"BreadcrumbList\",\"@id\":\"https:\/\/portaltela.pt\/noticias\/2026\/04\/09\/congresso-discute-ambiente-e-saude-1-em-cada-4-mortes-ligadas-ao-ambiente\/#breadcrumb\",\"itemListElement\":[{\"@type\":\"ListItem\",\"position\":1,\"name\":\"In\u00edcio\",\"item\":\"https:\/\/portaltela.pt\/\"},{\"@type\":\"ListItem\",\"position\":2,\"name\":\"Congresso discute ambiente e sa\u00fade: 1 em cada 4 mortes ligadas ao ambiente\"}]},{\"@type\":\"WebSite\",\"@id\":\"https:\/\/portaltela.pt\/#website\",\"url\":\"https:\/\/portaltela.pt\/\",\"name\":\"Portal Tela Portugal\",\"description\":\"\",\"potentialAction\":[{\"@type\":\"SearchAction\",\"target\":{\"@type\":\"EntryPoint\",\"urlTemplate\":\"https:\/\/portaltela.pt\/?s={search_term_string}\"},\"query-input\":{\"@type\":\"PropertyValueSpecification\",\"valueRequired\":true,\"valueName\":\"search_term_string\"}}],\"inLanguage\":\"pt-PT\"},{\"@type\":\"Person\",\"@id\":\"https:\/\/portaltela.pt\/#\/schema\/person\/c4278d4a6028830caff9ee44b42d32ed\",\"name\":\"Telinha\",\"image\":{\"@type\":\"ImageObject\",\"inLanguage\":\"pt-PT\",\"@id\":\"https:\/\/portaltela.pt\/s.01k8rhncp4jt1\/2025\/11\/talking-bot-125x125.png\",\"url\":\"https:\/\/portaltela.pt\/s.01k8rhncp4jt1\/2025\/11\/talking-bot-125x125.png\",\"contentUrl\":\"https:\/\/portaltela.pt\/s.01k8rhncp4jt1\/2025\/11\/talking-bot-125x125.png\",\"caption\":\"Telinha\"},\"sameAs\":[\"https:\/\/portaltela.pt\/\"],\"url\":\"https:\/\/portaltela.pt\/por\/367410592786\/\"}]}<\/script>\n<!-- \/ Yoast SEO plugin. -->","yoast_head_json":{"title":"Congresso discute ambiente e sa\u00fade: 1 em cada 4 mortes ligadas ao ambiente - Portal Tela Portugal","robots":{"index":"index","follow":"follow","max-snippet":"max-snippet:-1","max-image-preview":"max-image-preview:large","max-video-preview":"max-video-preview:-1"},"og_locale":"pt_PT","og_type":"article","og_title":"Congresso discute ambiente e sa\u00fade: 1 em cada 4 mortes ligadas ao ambiente - Portal Tela Portugal","og_description":"O 2.\u00ba Congresso Nacional de Sa\u00fade e Ambiente realiza-se em Lisboa, durante dois dias, na Funda\u00e7\u00e3o Calouste Gulbenkian. Re\u00fane mais de cem especialistas em vinte sess\u00f5es para debater o impacto das altera\u00e7\u00f5es ambientais na sa\u00fade e dados como 37% dos jovens portugueses hesitam em ter filhos devido \u00e0s mudan\u00e7as clim\u00e1ticas. Tamb\u00e9m ser\u00e1 discutida a presen\u00e7a de 21% de potenciais carcinog\u00e9neos mam\u00e1rios nos materiais que entram em contacto com os alimentos. A Organiza\u00e7\u00e3o Mundial da Sa\u00fade sustenta que a sa\u00fade \u00e9 respons\u00e1vel por uma em cada quatro mortes a n\u00edvel global; o setor da sa\u00fade representa cerca de cinco por cento das emiss\u00f5es nacionais de gases com efeito de estufa. No \u00e2mbito do encontro, decorre a iniciativa CircularMed, com solu\u00e7\u00f5es de economia circular na sa\u00fade, e ser\u00e1 atribu\u00eddo o Pr\u00e9mio Nacional da Sa\u00fade e Ambiente a Jo\u00e3o Queiroz e Melo.","og_url":"https:\/\/portaltela.pt\/noticias\/2026\/04\/09\/congresso-discute-ambiente-e-saude-1-em-cada-4-mortes-ligadas-ao-ambiente\/","og_site_name":"Portal Tela Portugal","article_published_time":"2026-04-09T12:03:00+00:00","author":"Telinha","twitter_card":"summary_large_image","twitter_misc":{"Escrito por":"Telinha","Tempo estimado de leitura":"2 minutos"},"schema":{"@context":"https:\/\/schema.org","@graph":[{"@type":"Article","@id":"https:\/\/portaltela.pt\/noticias\/2026\/04\/09\/congresso-discute-ambiente-e-saude-1-em-cada-4-mortes-ligadas-ao-ambiente\/#article","isPartOf":{"@id":"https:\/\/portaltela.pt\/noticias\/2026\/04\/09\/congresso-discute-ambiente-e-saude-1-em-cada-4-mortes-ligadas-ao-ambiente\/"},"author":{"name":"Telinha","@id":"https:\/\/portaltela.pt\/#\/schema\/person\/c4278d4a6028830caff9ee44b42d32ed"},"headline":"Congresso discute ambiente e sa\u00fade: 1 em cada 4 mortes ligadas ao ambiente","datePublished":"2026-04-09T12:03:00+00:00","mainEntityOfPage":{"@id":"https:\/\/portaltela.pt\/noticias\/2026\/04\/09\/congresso-discute-ambiente-e-saude-1-em-cada-4-mortes-ligadas-ao-ambiente\/"},"wordCount":383,"image":{"@id":"https:\/\/portaltela.pt\/noticias\/2026\/04\/09\/congresso-discute-ambiente-e-saude-1-em-cada-4-mortes-ligadas-ao-ambiente\/#primaryimage"},"thumbnailUrl":"https:\/\/portaltela.pt\/s.01k8rhncp4jt1\/2026\/04\/2080176.jpg","keywords":["_meio-ambiente","Cidades Inteligentes","doen\u00e7as","Economia Sustent\u00e1vel","Lisboa","sa\u00fade"],"articleSection":["Medicina","Sa\u00fade"],"inLanguage":"pt-PT"},{"@type":"WebPage","@id":"https:\/\/portaltela.pt\/noticias\/2026\/04\/09\/congresso-discute-ambiente-e-saude-1-em-cada-4-mortes-ligadas-ao-ambiente\/","url":"https:\/\/portaltela.pt\/noticias\/2026\/04\/09\/congresso-discute-ambiente-e-saude-1-em-cada-4-mortes-ligadas-ao-ambiente\/","name":"Congresso discute ambiente e sa\u00fade: 1 em cada 4 mortes ligadas ao ambiente - Portal Tela Portugal","isPartOf":{"@id":"https:\/\/portaltela.pt\/#website"},"primaryImageOfPage":{"@id":"https:\/\/portaltela.pt\/noticias\/2026\/04\/09\/congresso-discute-ambiente-e-saude-1-em-cada-4-mortes-ligadas-ao-ambiente\/#primaryimage"},"image":{"@id":"https:\/\/portaltela.pt\/noticias\/2026\/04\/09\/congresso-discute-ambiente-e-saude-1-em-cada-4-mortes-ligadas-ao-ambiente\/#primaryimage"},"thumbnailUrl":"https:\/\/portaltela.pt\/s.01k8rhncp4jt1\/2026\/04\/2080176.jpg","datePublished":"2026-04-09T12:03:00+00:00","author":{"@id":"https:\/\/portaltela.pt\/#\/schema\/person\/c4278d4a6028830caff9ee44b42d32ed"},"breadcrumb":{"@id":"https:\/\/portaltela.pt\/noticias\/2026\/04\/09\/congresso-discute-ambiente-e-saude-1-em-cada-4-mortes-ligadas-ao-ambiente\/#breadcrumb"},"inLanguage":"pt-PT","potentialAction":[{"@type":"ReadAction","target":["https:\/\/portaltela.pt\/noticias\/2026\/04\/09\/congresso-discute-ambiente-e-saude-1-em-cada-4-mortes-ligadas-ao-ambiente\/"]}]},{"@type":"ImageObject","inLanguage":"pt-PT","@id":"https:\/\/portaltela.pt\/noticias\/2026\/04\/09\/congresso-discute-ambiente-e-saude-1-em-cada-4-mortes-ligadas-ao-ambiente\/#primaryimage","url":"https:\/\/portaltela.pt\/s.01k8rhncp4jt1\/2026\/04\/2080176.jpg","contentUrl":"https:\/\/portaltela.pt\/s.01k8rhncp4jt1\/2026\/04\/2080176.jpg","width":796,"height":448,"caption":"No congresso de dois dias, os participantes v\u00e3o tamb\u00e9m discutir a necessidade de se melhorar a literacia do p\u00fablico e a educa\u00e7\u00e3o dos profissionais em rela\u00e7\u00e3o ao impacto das altera\u00e7\u00f5es clim\u00e1ticas na sa\u00fade"},{"@type":"BreadcrumbList","@id":"https:\/\/portaltela.pt\/noticias\/2026\/04\/09\/congresso-discute-ambiente-e-saude-1-em-cada-4-mortes-ligadas-ao-ambiente\/#breadcrumb","itemListElement":[{"@type":"ListItem","position":1,"name":"In\u00edcio","item":"https:\/\/portaltela.pt\/"},{"@type":"ListItem","position":2,"name":"Congresso discute ambiente e sa\u00fade: 1 em cada 4 mortes ligadas ao ambiente"}]},{"@type":"WebSite","@id":"https:\/\/portaltela.pt\/#website","url":"https:\/\/portaltela.pt\/","name":"Portal Tela Portugal","description":"","potentialAction":[{"@type":"SearchAction","target":{"@type":"EntryPoint","urlTemplate":"https:\/\/portaltela.pt\/?s={search_term_string}"},"query-input":{"@type":"PropertyValueSpecification","valueRequired":true,"valueName":"search_term_string"}}],"inLanguage":"pt-PT"},{"@type":"Person","@id":"https:\/\/portaltela.pt\/#\/schema\/person\/c4278d4a6028830caff9ee44b42d32ed","name":"Telinha","image":{"@type":"ImageObject","inLanguage":"pt-PT","@id":"https:\/\/portaltela.pt\/s.01k8rhncp4jt1\/2025\/11\/talking-bot-125x125.png","url":"https:\/\/portaltela.pt\/s.01k8rhncp4jt1\/2025\/11\/talking-bot-125x125.png","contentUrl":"https:\/\/portaltela.pt\/s.01k8rhncp4jt1\/2025\/11\/talking-bot-125x125.png","caption":"Telinha"},"sameAs":["https:\/\/portaltela.pt\/"],"url":"https:\/\/portaltela.pt\/por\/367410592786\/"}]}},"_links":{"self":[{"href":"https:\/\/portaltela.pt\/api\/wp\/v2\/posts\/437896","targetHints":{"allow":["GET"]}}],"collection":[{"href":"https:\/\/portaltela.pt\/api\/wp\/v2\/posts"}],"about":[{"href":"https:\/\/portaltela.pt\/api\/wp\/v2\/types\/post"}],"author":[{"embeddable":true,"href":"https:\/\/portaltela.pt\/api\/wp\/v2\/users\/2"}],"replies":[{"embeddable":true,"href":"https:\/\/portaltela.pt\/api\/wp\/v2\/comments?post=437896"}],"version-history":[{"count":0,"href":"https:\/\/portaltela.pt\/api\/wp\/v2\/posts\/437896\/revisions"}],"wp:featuredmedia":[{"embeddable":true,"href":"https:\/\/portaltela.pt\/api\/wp\/v2\/media\/437898"}],"wp:attachment":[{"href":"https:\/\/portaltela.pt\/api\/wp\/v2\/media?parent=437896"}],"wp:term":[{"taxonomy":"category","embeddable":true,"href":"https:\/\/portaltela.pt\/api\/wp\/v2\/categories?post=437896"},{"taxonomy":"post_tag","embeddable":true,"href":"https:\/\/portaltela.pt\/api\/wp\/v2\/tags?post=437896"}],"curies":[{"name":"wp","href":"https:\/\/api.w.org\/{rel}","templated":true}]}}