{"id":437881,"date":"2026-04-09T09:02:44","date_gmt":"2026-04-09T12:02:44","guid":{"rendered":"https:\/\/portaltela.pt\/noticias\/2026\/04\/09\/drone-norte-americano-aterra-novamente-na-base-das-lajes-acores\/"},"modified":"2026-04-09T09:02:44","modified_gmt":"2026-04-09T12:02:44","slug":"drone-norte-americano-aterra-novamente-na-base-das-lajes-acores","status":"publish","type":"post","link":"https:\/\/portaltela.pt\/noticias\/2026\/04\/09\/drone-norte-americano-aterra-novamente-na-base-das-lajes-acores\/","title":{"rendered":"Drone norte-americano aterra novamente na Base das Lajes, A\u00e7ores"},"content":{"rendered":"<p>Um drone militar de combate MQ-9 Reaper, da For\u00e7a A\u00e9rea norte\u2011americana, aterrou na Base A\u00e9rea das Lajes, nos A\u00e7ores, durante a madrugada de hoje. O aparelho, j\u00e1 visto na base anteriormente, foi operado remotamente por sat\u00e9lite.<\/p>\n<p>Desenvolvido pela General Atomics, o MQ-9 Reaper mede cerca de 11 metros de comprimento e 20 de envergadura, \u00e9 considerado o mais potente entre os drones de combate em uso e pode transportar at\u00e9 oito m\u00edsseis de precis\u00e3o. A aeronave tem autonomia de at\u00e9 27 horas e exige dois pilotos remotos.<\/p>\n<p>A aterragagem na base a\u00e7oriana ocorreu num contexto de autoriza\u00e7\u00e3o portuguesa para aeronaves norte\u2011americanas aterrarem e voarem sobre territ\u00f3rio nacional, desde o in\u00edcio da escalada entre EUA\/Israel e Ir\u00e3o. O acordo, condicionado, impede o uso para bombardear infraestruturas civis e foi acompanhado de um cessar\u2011fogo condicional de duas semanas acordado a 7 de abril.<\/p>\n<h3>Contexto estrat\u00e9gico<\/h3>\n<p>A Base das Lajes j\u00e1 recebeu drones MQ\u20119 em anteriores ocasi\u00f5es, mantendo-se como ponto de apoio log\u00edstico para opera\u00e7\u00f5es da NATO e dos EUA na regi\u00e3o. A viabilidade de novas miss\u00f5es depende de decis\u00f5es diplom\u00e1ticas entre Portugal e aliados, bem como de eventuais altera\u00e7\u00f5es no cen\u00e1rio regional.<\/p>\n<h3>Observa\u00e7\u00f5es operacionais<\/h3>\n<p>As autoridades portuguesas n\u00e3o divulgaram detalhes sobre rotas, hor\u00e1rios ou miss\u00f5es espec\u00edficas associadas ao drone. A presen\u00e7a do MQ\u20119 na ilha \u00e9 descrita pela defesa como parte de exerc\u00edcios e de curiosidades estrat\u00e9gicas, sem conclus\u00e3o anunciada.<\/p>\n","protected":false},"excerpt":{"rendered":"<ul>\n<li>Um drone militar de combate MQ-9 Reaper aterrou na Base das Lajes, nos A\u00e7ores, na madrugada de quinta-feira, pela segunda noite consecutiva.<\/li>\n<li>O drone, desenvolvido pela General Atomics, tem cerca de 11 metros de comprimento e 20 de envergadura, e pode transportar at\u00e9 oito m\u00edsseis de precis\u00e3o.<\/li>\n<li>Possui capacidade de carga de 1.700 quilos e autonomia de at\u00e9 27 horas, sendo pilotado remotamente via sat\u00e9lite por duas pessoas.<\/li>\n<li>Portugal confirmou ter autorizado aterragens e voos norte\u2011americanos na Base das Lajes desde o in\u00edcio do conflito entre os EUA e Israel contra o Ir\u00e3o, desde que n\u00e3o haja bombardear infraestruturas civis.<\/li>\n<li>A 7 de abril foi acordado com o Ir\u00e3o um cessar-fogo condicional de duas semanas.<\/li>\n<\/ul>\n","protected":false},"author":2,"featured_media":437883,"comment_status":"closed","ping_status":"closed","sticky":false,"template":"","format":"standard","meta":{"footnotes":""},"categories":[6804,1],"tags":[6760,822,2625,7400,1600,4299],"class_list":["post-437881","post","type-post","status-publish","format-standard","has-post-thumbnail","hentry","category-guerra","category-noticias","tag-a-base-das-lajes","tag-acores","tag-aeronautica","tag-drones","tag-estados-unidos","tag-forca-aerea"],"yoast_head":"<!-- This site is optimized with the Yoast SEO plugin v27.2 - https:\/\/yoast.com\/product\/yoast-seo-wordpress\/ -->\n<title>Drone norte-americano aterra novamente na Base das Lajes, A\u00e7ores - Portal Tela Portugal<\/title>\n<meta name=\"robots\" content=\"index, follow, max-snippet:-1, max-image-preview:large, max-video-preview:-1\" \/>\n<meta property=\"og:locale\" content=\"pt_PT\" \/>\n<meta property=\"og:type\" content=\"article\" \/>\n<meta property=\"og:title\" content=\"Drone norte-americano aterra novamente na Base das Lajes, A\u00e7ores - Portal Tela Portugal\" \/>\n<meta property=\"og:description\" content=\"Um drone militar de combate MQ-9 Reaper aterrou na Base das Lajes, nos A\u00e7ores, na madrugada de quinta-feira, pela segunda noite consecutiva. O drone, desenvolvido pela General Atomics, tem cerca de 11 metros de comprimento e 20 de envergadura, e pode transportar at\u00e9 oito m\u00edsseis de precis\u00e3o. Possui capacidade de carga de 1.700 quilos e autonomia de at\u00e9 27 horas, sendo pilotado remotamente via sat\u00e9lite por duas pessoas. Portugal confirmou ter autorizado aterragens e voos norte\u2011americanos na Base das Lajes desde o in\u00edcio do conflito entre os EUA e Israel contra o Ir\u00e3o, desde que n\u00e3o haja bombardear infraestruturas civis. A 7 de abril foi acordado com o Ir\u00e3o um cessar-fogo condicional de duas semanas.\" \/>\n<meta property=\"og:url\" content=\"https:\/\/portaltela.pt\/noticias\/2026\/04\/09\/drone-norte-americano-aterra-novamente-na-base-das-lajes-acores\/\" \/>\n<meta property=\"og:site_name\" content=\"Portal Tela Portugal\" \/>\n<meta property=\"article:published_time\" content=\"2026-04-09T12:02:44+00:00\" \/>\n<meta name=\"author\" content=\"Telinha\" \/>\n<meta name=\"twitter:card\" content=\"summary_large_image\" \/>\n<meta name=\"twitter:label1\" content=\"Escrito por\" \/>\n\t<meta name=\"twitter:data1\" content=\"Telinha\" \/>\n\t<meta name=\"twitter:label2\" content=\"Tempo estimado de leitura\" \/>\n\t<meta name=\"twitter:data2\" content=\"1 minuto\" \/>\n<script type=\"application\/ld+json\" class=\"yoast-schema-graph\">{\"@context\":\"https:\/\/schema.org\",\"@graph\":[{\"@type\":\"Article\",\"@id\":\"https:\/\/portaltela.pt\/noticias\/2026\/04\/09\/drone-norte-americano-aterra-novamente-na-base-das-lajes-acores\/#article\",\"isPartOf\":{\"@id\":\"https:\/\/portaltela.pt\/noticias\/2026\/04\/09\/drone-norte-americano-aterra-novamente-na-base-das-lajes-acores\/\"},\"author\":{\"name\":\"Telinha\",\"@id\":\"https:\/\/portaltela.pt\/#\/schema\/person\/c4278d4a6028830caff9ee44b42d32ed\"},\"headline\":\"Drone norte-americano aterra novamente na Base das Lajes, A\u00e7ores\",\"datePublished\":\"2026-04-09T12:02:44+00:00\",\"mainEntityOfPage\":{\"@id\":\"https:\/\/portaltela.pt\/noticias\/2026\/04\/09\/drone-norte-americano-aterra-novamente-na-base-das-lajes-acores\/\"},\"wordCount\":267,\"image\":{\"@id\":\"https:\/\/portaltela.pt\/noticias\/2026\/04\/09\/drone-norte-americano-aterra-novamente-na-base-das-lajes-acores\/#primaryimage\"},\"thumbnailUrl\":\"https:\/\/portaltela.pt\/s.01k8rhncp4jt1\/2026\/04\/img_1280x721uu2026-04-09-12-41-03-2277466.jpg\",\"keywords\":[\"A Base das Lajes\",\"A\u00e7ores\",\"aeron\u00e1utica\",\"drones\",\"Estados Unidos\",\"For\u00e7a A\u00e9rea\"],\"articleSection\":[\"Guerra\",\"Not\u00edcias\"],\"inLanguage\":\"pt-PT\"},{\"@type\":\"WebPage\",\"@id\":\"https:\/\/portaltela.pt\/noticias\/2026\/04\/09\/drone-norte-americano-aterra-novamente-na-base-das-lajes-acores\/\",\"url\":\"https:\/\/portaltela.pt\/noticias\/2026\/04\/09\/drone-norte-americano-aterra-novamente-na-base-das-lajes-acores\/\",\"name\":\"Drone norte-americano aterra novamente na Base das Lajes, A\u00e7ores - Portal Tela Portugal\",\"isPartOf\":{\"@id\":\"https:\/\/portaltela.pt\/#website\"},\"primaryImageOfPage\":{\"@id\":\"https:\/\/portaltela.pt\/noticias\/2026\/04\/09\/drone-norte-americano-aterra-novamente-na-base-das-lajes-acores\/#primaryimage\"},\"image\":{\"@id\":\"https:\/\/portaltela.pt\/noticias\/2026\/04\/09\/drone-norte-americano-aterra-novamente-na-base-das-lajes-acores\/#primaryimage\"},\"thumbnailUrl\":\"https:\/\/portaltela.pt\/s.01k8rhncp4jt1\/2026\/04\/img_1280x721uu2026-04-09-12-41-03-2277466.jpg\",\"datePublished\":\"2026-04-09T12:02:44+00:00\",\"author\":{\"@id\":\"https:\/\/portaltela.pt\/#\/schema\/person\/c4278d4a6028830caff9ee44b42d32ed\"},\"breadcrumb\":{\"@id\":\"https:\/\/portaltela.pt\/noticias\/2026\/04\/09\/drone-norte-americano-aterra-novamente-na-base-das-lajes-acores\/#breadcrumb\"},\"inLanguage\":\"pt-PT\",\"potentialAction\":[{\"@type\":\"ReadAction\",\"target\":[\"https:\/\/portaltela.pt\/noticias\/2026\/04\/09\/drone-norte-americano-aterra-novamente-na-base-das-lajes-acores\/\"]}]},{\"@type\":\"ImageObject\",\"inLanguage\":\"pt-PT\",\"@id\":\"https:\/\/portaltela.pt\/noticias\/2026\/04\/09\/drone-norte-americano-aterra-novamente-na-base-das-lajes-acores\/#primaryimage\",\"url\":\"https:\/\/portaltela.pt\/s.01k8rhncp4jt1\/2026\/04\/img_1280x721uu2026-04-09-12-41-03-2277466.jpg\",\"contentUrl\":\"https:\/\/portaltela.pt\/s.01k8rhncp4jt1\/2026\/04\/img_1280x721uu2026-04-09-12-41-03-2277466.jpg\",\"width\":796,\"height\":448,\"caption\":\"Drone MQ-9 Reaper dos EUA na Base A\u00e9rea das Lajes, A\u00e7ores\"},{\"@type\":\"BreadcrumbList\",\"@id\":\"https:\/\/portaltela.pt\/noticias\/2026\/04\/09\/drone-norte-americano-aterra-novamente-na-base-das-lajes-acores\/#breadcrumb\",\"itemListElement\":[{\"@type\":\"ListItem\",\"position\":1,\"name\":\"In\u00edcio\",\"item\":\"https:\/\/portaltela.pt\/\"},{\"@type\":\"ListItem\",\"position\":2,\"name\":\"Drone norte-americano aterra novamente na Base das Lajes, A\u00e7ores\"}]},{\"@type\":\"WebSite\",\"@id\":\"https:\/\/portaltela.pt\/#website\",\"url\":\"https:\/\/portaltela.pt\/\",\"name\":\"Portal Tela Portugal\",\"description\":\"\",\"potentialAction\":[{\"@type\":\"SearchAction\",\"target\":{\"@type\":\"EntryPoint\",\"urlTemplate\":\"https:\/\/portaltela.pt\/?s={search_term_string}\"},\"query-input\":{\"@type\":\"PropertyValueSpecification\",\"valueRequired\":true,\"valueName\":\"search_term_string\"}}],\"inLanguage\":\"pt-PT\"},{\"@type\":\"Person\",\"@id\":\"https:\/\/portaltela.pt\/#\/schema\/person\/c4278d4a6028830caff9ee44b42d32ed\",\"name\":\"Telinha\",\"image\":{\"@type\":\"ImageObject\",\"inLanguage\":\"pt-PT\",\"@id\":\"https:\/\/portaltela.pt\/s.01k8rhncp4jt1\/2025\/11\/talking-bot-125x125.png\",\"url\":\"https:\/\/portaltela.pt\/s.01k8rhncp4jt1\/2025\/11\/talking-bot-125x125.png\",\"contentUrl\":\"https:\/\/portaltela.pt\/s.01k8rhncp4jt1\/2025\/11\/talking-bot-125x125.png\",\"caption\":\"Telinha\"},\"sameAs\":[\"https:\/\/portaltela.pt\/\"],\"url\":\"https:\/\/portaltela.pt\/por\/367410592786\/\"}]}<\/script>\n<!-- \/ Yoast SEO plugin. -->","yoast_head_json":{"title":"Drone norte-americano aterra novamente na Base das Lajes, A\u00e7ores - Portal Tela Portugal","robots":{"index":"index","follow":"follow","max-snippet":"max-snippet:-1","max-image-preview":"max-image-preview:large","max-video-preview":"max-video-preview:-1"},"og_locale":"pt_PT","og_type":"article","og_title":"Drone norte-americano aterra novamente na Base das Lajes, A\u00e7ores - Portal Tela Portugal","og_description":"Um drone militar de combate MQ-9 Reaper aterrou na Base das Lajes, nos A\u00e7ores, na madrugada de quinta-feira, pela segunda noite consecutiva. O drone, desenvolvido pela General Atomics, tem cerca de 11 metros de comprimento e 20 de envergadura, e pode transportar at\u00e9 oito m\u00edsseis de precis\u00e3o. Possui capacidade de carga de 1.700 quilos e autonomia de at\u00e9 27 horas, sendo pilotado remotamente via sat\u00e9lite por duas pessoas. Portugal confirmou ter autorizado aterragens e voos norte\u2011americanos na Base das Lajes desde o in\u00edcio do conflito entre os EUA e Israel contra o Ir\u00e3o, desde que n\u00e3o haja bombardear infraestruturas civis. A 7 de abril foi acordado com o Ir\u00e3o um cessar-fogo condicional de duas semanas.","og_url":"https:\/\/portaltela.pt\/noticias\/2026\/04\/09\/drone-norte-americano-aterra-novamente-na-base-das-lajes-acores\/","og_site_name":"Portal Tela Portugal","article_published_time":"2026-04-09T12:02:44+00:00","author":"Telinha","twitter_card":"summary_large_image","twitter_misc":{"Escrito por":"Telinha","Tempo estimado de leitura":"1 minuto"},"schema":{"@context":"https:\/\/schema.org","@graph":[{"@type":"Article","@id":"https:\/\/portaltela.pt\/noticias\/2026\/04\/09\/drone-norte-americano-aterra-novamente-na-base-das-lajes-acores\/#article","isPartOf":{"@id":"https:\/\/portaltela.pt\/noticias\/2026\/04\/09\/drone-norte-americano-aterra-novamente-na-base-das-lajes-acores\/"},"author":{"name":"Telinha","@id":"https:\/\/portaltela.pt\/#\/schema\/person\/c4278d4a6028830caff9ee44b42d32ed"},"headline":"Drone norte-americano aterra novamente na Base das Lajes, A\u00e7ores","datePublished":"2026-04-09T12:02:44+00:00","mainEntityOfPage":{"@id":"https:\/\/portaltela.pt\/noticias\/2026\/04\/09\/drone-norte-americano-aterra-novamente-na-base-das-lajes-acores\/"},"wordCount":267,"image":{"@id":"https:\/\/portaltela.pt\/noticias\/2026\/04\/09\/drone-norte-americano-aterra-novamente-na-base-das-lajes-acores\/#primaryimage"},"thumbnailUrl":"https:\/\/portaltela.pt\/s.01k8rhncp4jt1\/2026\/04\/img_1280x721uu2026-04-09-12-41-03-2277466.jpg","keywords":["A Base das Lajes","A\u00e7ores","aeron\u00e1utica","drones","Estados Unidos","For\u00e7a A\u00e9rea"],"articleSection":["Guerra","Not\u00edcias"],"inLanguage":"pt-PT"},{"@type":"WebPage","@id":"https:\/\/portaltela.pt\/noticias\/2026\/04\/09\/drone-norte-americano-aterra-novamente-na-base-das-lajes-acores\/","url":"https:\/\/portaltela.pt\/noticias\/2026\/04\/09\/drone-norte-americano-aterra-novamente-na-base-das-lajes-acores\/","name":"Drone norte-americano aterra novamente na Base das Lajes, A\u00e7ores - Portal Tela Portugal","isPartOf":{"@id":"https:\/\/portaltela.pt\/#website"},"primaryImageOfPage":{"@id":"https:\/\/portaltela.pt\/noticias\/2026\/04\/09\/drone-norte-americano-aterra-novamente-na-base-das-lajes-acores\/#primaryimage"},"image":{"@id":"https:\/\/portaltela.pt\/noticias\/2026\/04\/09\/drone-norte-americano-aterra-novamente-na-base-das-lajes-acores\/#primaryimage"},"thumbnailUrl":"https:\/\/portaltela.pt\/s.01k8rhncp4jt1\/2026\/04\/img_1280x721uu2026-04-09-12-41-03-2277466.jpg","datePublished":"2026-04-09T12:02:44+00:00","author":{"@id":"https:\/\/portaltela.pt\/#\/schema\/person\/c4278d4a6028830caff9ee44b42d32ed"},"breadcrumb":{"@id":"https:\/\/portaltela.pt\/noticias\/2026\/04\/09\/drone-norte-americano-aterra-novamente-na-base-das-lajes-acores\/#breadcrumb"},"inLanguage":"pt-PT","potentialAction":[{"@type":"ReadAction","target":["https:\/\/portaltela.pt\/noticias\/2026\/04\/09\/drone-norte-americano-aterra-novamente-na-base-das-lajes-acores\/"]}]},{"@type":"ImageObject","inLanguage":"pt-PT","@id":"https:\/\/portaltela.pt\/noticias\/2026\/04\/09\/drone-norte-americano-aterra-novamente-na-base-das-lajes-acores\/#primaryimage","url":"https:\/\/portaltela.pt\/s.01k8rhncp4jt1\/2026\/04\/img_1280x721uu2026-04-09-12-41-03-2277466.jpg","contentUrl":"https:\/\/portaltela.pt\/s.01k8rhncp4jt1\/2026\/04\/img_1280x721uu2026-04-09-12-41-03-2277466.jpg","width":796,"height":448,"caption":"Drone MQ-9 Reaper dos EUA na Base A\u00e9rea das Lajes, A\u00e7ores"},{"@type":"BreadcrumbList","@id":"https:\/\/portaltela.pt\/noticias\/2026\/04\/09\/drone-norte-americano-aterra-novamente-na-base-das-lajes-acores\/#breadcrumb","itemListElement":[{"@type":"ListItem","position":1,"name":"In\u00edcio","item":"https:\/\/portaltela.pt\/"},{"@type":"ListItem","position":2,"name":"Drone norte-americano aterra novamente na Base das Lajes, A\u00e7ores"}]},{"@type":"WebSite","@id":"https:\/\/portaltela.pt\/#website","url":"https:\/\/portaltela.pt\/","name":"Portal Tela Portugal","description":"","potentialAction":[{"@type":"SearchAction","target":{"@type":"EntryPoint","urlTemplate":"https:\/\/portaltela.pt\/?s={search_term_string}"},"query-input":{"@type":"PropertyValueSpecification","valueRequired":true,"valueName":"search_term_string"}}],"inLanguage":"pt-PT"},{"@type":"Person","@id":"https:\/\/portaltela.pt\/#\/schema\/person\/c4278d4a6028830caff9ee44b42d32ed","name":"Telinha","image":{"@type":"ImageObject","inLanguage":"pt-PT","@id":"https:\/\/portaltela.pt\/s.01k8rhncp4jt1\/2025\/11\/talking-bot-125x125.png","url":"https:\/\/portaltela.pt\/s.01k8rhncp4jt1\/2025\/11\/talking-bot-125x125.png","contentUrl":"https:\/\/portaltela.pt\/s.01k8rhncp4jt1\/2025\/11\/talking-bot-125x125.png","caption":"Telinha"},"sameAs":["https:\/\/portaltela.pt\/"],"url":"https:\/\/portaltela.pt\/por\/367410592786\/"}]}},"_links":{"self":[{"href":"https:\/\/portaltela.pt\/api\/wp\/v2\/posts\/437881","targetHints":{"allow":["GET"]}}],"collection":[{"href":"https:\/\/portaltela.pt\/api\/wp\/v2\/posts"}],"about":[{"href":"https:\/\/portaltela.pt\/api\/wp\/v2\/types\/post"}],"author":[{"embeddable":true,"href":"https:\/\/portaltela.pt\/api\/wp\/v2\/users\/2"}],"replies":[{"embeddable":true,"href":"https:\/\/portaltela.pt\/api\/wp\/v2\/comments?post=437881"}],"version-history":[{"count":0,"href":"https:\/\/portaltela.pt\/api\/wp\/v2\/posts\/437881\/revisions"}],"wp:featuredmedia":[{"embeddable":true,"href":"https:\/\/portaltela.pt\/api\/wp\/v2\/media\/437883"}],"wp:attachment":[{"href":"https:\/\/portaltela.pt\/api\/wp\/v2\/media?parent=437881"}],"wp:term":[{"taxonomy":"category","embeddable":true,"href":"https:\/\/portaltela.pt\/api\/wp\/v2\/categories?post=437881"},{"taxonomy":"post_tag","embeddable":true,"href":"https:\/\/portaltela.pt\/api\/wp\/v2\/tags?post=437881"}],"curies":[{"name":"wp","href":"https:\/\/api.w.org\/{rel}","templated":true}]}}