{"id":437879,"date":"2026-04-09T09:02:26","date_gmt":"2026-04-09T12:02:26","guid":{"rendered":"https:\/\/portaltela.pt\/noticias\/2026\/04\/09\/analise-questiona-se-a-nossa-democracia-e-verdadeiramente-democratica\/"},"modified":"2026-04-09T09:02:26","modified_gmt":"2026-04-09T12:02:26","slug":"analise-questiona-se-a-nossa-democracia-e-verdadeiramente-democratica","status":"publish","type":"post","link":"https:\/\/portaltela.pt\/geopolitica\/2026\/04\/09\/analise-questiona-se-a-nossa-democracia-e-verdadeiramente-democratica\/","title":{"rendered":"An\u00e1lise questiona se a nossa democracia \u00e9 verdadeiramente democr\u00e1tica"},"content":{"rendered":"<p>O artigo discute a ideia de tornar a democracia mais responsiva, atrav\u00e9s de uma carta por pontos para os eleitos. Articula a ideia de que pol\u00edticos cujas mentiras sejam comprovadas poderiam perder pontos, com eventual destitui\u00e7\u00e3o se a tend\u00eancia se mantiver. O texto questiona a atual democracia representativa e os mecanismos que a sustentam.<\/p>\n<p>Aponta que a democracia representativa, tal como existe, pode permitir que interesses particulares se imponham sobre o bem comum. Refere concentra\u00e7\u00e3o de meios de comunica\u00e7\u00e3o em grandes grupos industriais e a forma como a agenda pol\u00edtica \u00e9 moldada, colocando em causa a no\u00e7\u00e3o de governan\u00e7a verdadeiramente democr\u00e1tica.<\/p>\n<p>O exemplo de Donald Trump \u00e9 citado para ilustrar contradi\u00e7\u00f5es entre elei\u00e7\u00e3o e poder praticado. A reportagem descreve a\u00e7\u00f5es associadas ao seu mandato, como mudan\u00e7as em \u00e1reas-chave, e afirma que n\u00e3o haveria mecanismos institucionais eficazes para impedir tais decis\u00f5es.<\/p>\n<h3>Modelo de salvaguarda institucional<\/h3>\n<p>O texto analisa casos de pa\u00edses com mecanismos variados de participa\u00e7\u00e3o c\u00edvica. Em especial, refere a Irlanda, com assembleias cidad\u00e3s, e a Isl\u00e2ndia, que envolveu cidad\u00e3os na redac\u00e7\u00e3o de uma nova constitui\u00e7\u00e3o ap\u00f3s a crise de 2008. Sugere a cria\u00e7\u00e3o de uma comiss\u00e3o cidad\u00e3 independente com poder de veto.<\/p>\n<p>Aponta que uma carta por pontos para os eleitos pode funcionar como um sistema de verifica\u00e7\u00e3o de factualidade. Um organismo independente de verifica\u00e7\u00e3o de factos seria alimentar esse mecanismo, reduzindo a incid\u00eancia de desinforma\u00e7\u00e3o no debate p\u00fablico.<\/p>\n<h3>Rela\u00e7\u00e3o com pol\u00edticas nacionais<\/h3>\n<p>\u00c9 apresentada a ideia de adaptar modelos de participa\u00e7\u00e3o para manter o equil\u00edbrio entre liberdade de express\u00e3o e responsabilidade informativa. O texto cita ainda casos nacionais, como o l\u00edder de uma forma\u00e7\u00e3o pol\u00edtica cuja posi\u00e7\u00e3o p\u00fablica sobre imigra\u00e7\u00e3o e criminalidade foi contraria por dados oficiais, usando esse contraste para sustentar a necessidade de verifica\u00e7\u00e3o externa.<\/p>\n<p>A proposta \u00e9 apresentada como vi\u00e1vel, desde que haja vontade pol\u00edtica para reformar o sistema. A narrativa aponta que o obst\u00e1culo n\u00e3o \u00e9 t\u00e9cnico, mas pol\u00edtico: elites no poder podem resistir a reformas que diminuam o seu dom\u00ednio. A conclus\u00e3o deixa em aberto a possibilidade de mudan\u00e7a, caso haja mobiliza\u00e7\u00e3o c\u00edvica.<\/p>\n","protected":false},"excerpt":{"rendered":"<ul>\n<li>Defende-se a cria\u00e7\u00e3o de uma carta por pontos para os eleitos, em que mentiras comprovadas levariam \u00e0 perda de pontos e eventual destitui\u00e7\u00e3o se a desinforma\u00e7\u00e3o fosse sistem\u00e1tica.<\/li>\n<li>Prop\u00f5e-se estabelecer salvaguardas com um conjunto de valores intang\u00edveis (justi\u00e7a social, prote\u00e7\u00e3o ambiental, direitos fundamentais) e criar uma comiss\u00e3o cidad\u00e3 independente com poder de veto sobre leis contr\u00e1rias a esses princ\u00edpios.<\/li>\n<li>Aponta exemplos: assembleias cidad\u00e3s na Irlanda e a constitui\u00e7\u00e3o Icelandic envolvendo cidad\u00e3os como modelos de participa\u00e7\u00e3o direta para resolver temas n\u00e3o abordados pela pol\u00edtica tradicional.<\/li>\n<li>Enfrenta-se a desinforma\u00e7\u00e3o com um \u00f3rg\u00e3o independente de verifica\u00e7\u00e3o de factos e com a aplica\u00e7\u00e3o pr\u00e1tica da carta por pontos para eleitos, para impedir manipula\u00e7\u00e3o do debate p\u00fablico.<\/li>\n<li>Observa-se que sistemas democr\u00e1ticos evolu\u00edram com participa\u00e7\u00e3o c\u00edvica e que obst\u00e1culos s\u00e3o pol\u00edticos \u2014 evitar reformas beneficia as elites; a mudan\u00e7a depende da vontade dos cidad\u00e3os.<\/li>\n<\/ul>\n","protected":false},"author":2,"featured_media":437880,"comment_status":"closed","ping_status":"closed","sticky":false,"template":"","format":"standard","meta":{"footnotes":""},"categories":[6814],"tags":[370,2795,1469,5230,3759,2832],"class_list":["post-437879","post","type-post","status-publish","format-standard","has-post-thumbnail","hentry","category-geopolitica","tag-cidadania","tag-democracia","tag-desinformacao","tag-irlanda","tag-islandia","tag-politica"],"yoast_head":"<!-- This site is optimized with the Yoast SEO plugin v27.2 - https:\/\/yoast.com\/product\/yoast-seo-wordpress\/ -->\n<title>An\u00e1lise questiona se a nossa democracia \u00e9 verdadeiramente democr\u00e1tica - Portal Tela Portugal<\/title>\n<meta name=\"robots\" content=\"index, follow, max-snippet:-1, max-image-preview:large, max-video-preview:-1\" \/>\n<meta property=\"og:locale\" content=\"pt_PT\" \/>\n<meta property=\"og:type\" content=\"article\" \/>\n<meta property=\"og:title\" content=\"An\u00e1lise questiona se a nossa democracia \u00e9 verdadeiramente democr\u00e1tica - Portal Tela Portugal\" \/>\n<meta property=\"og:description\" content=\"Defende-se a cria\u00e7\u00e3o de uma carta por pontos para os eleitos, em que mentiras comprovadas levariam \u00e0 perda de pontos e eventual destitui\u00e7\u00e3o se a desinforma\u00e7\u00e3o fosse sistem\u00e1tica. Prop\u00f5e-se estabelecer salvaguardas com um conjunto de valores intang\u00edveis (justi\u00e7a social, prote\u00e7\u00e3o ambiental, direitos fundamentais) e criar uma comiss\u00e3o cidad\u00e3 independente com poder de veto sobre leis contr\u00e1rias a esses princ\u00edpios. Aponta exemplos: assembleias cidad\u00e3s na Irlanda e a constitui\u00e7\u00e3o Icelandic envolvendo cidad\u00e3os como modelos de participa\u00e7\u00e3o direta para resolver temas n\u00e3o abordados pela pol\u00edtica tradicional. Enfrenta-se a desinforma\u00e7\u00e3o com um \u00f3rg\u00e3o independente de verifica\u00e7\u00e3o de factos e com a aplica\u00e7\u00e3o pr\u00e1tica da carta por pontos para eleitos, para impedir manipula\u00e7\u00e3o do debate p\u00fablico. Observa-se que sistemas democr\u00e1ticos evolu\u00edram com participa\u00e7\u00e3o c\u00edvica e que obst\u00e1culos s\u00e3o pol\u00edticos \u2014 evitar reformas beneficia as elites; a mudan\u00e7a depende da vontade dos cidad\u00e3os.\" \/>\n<meta property=\"og:url\" content=\"https:\/\/portaltela.pt\/noticias\/2026\/04\/09\/analise-questiona-se-a-nossa-democracia-e-verdadeiramente-democratica\/\" \/>\n<meta property=\"og:site_name\" content=\"Portal Tela Portugal\" \/>\n<meta property=\"article:published_time\" content=\"2026-04-09T12:02:26+00:00\" \/>\n<meta name=\"author\" content=\"Telinha\" \/>\n<meta name=\"twitter:card\" content=\"summary_large_image\" \/>\n<meta name=\"twitter:label1\" content=\"Escrito por\" \/>\n\t<meta name=\"twitter:data1\" content=\"Telinha\" \/>\n\t<meta name=\"twitter:label2\" content=\"Tempo estimado de leitura\" \/>\n\t<meta name=\"twitter:data2\" content=\"2 minutos\" \/>\n<script type=\"application\/ld+json\" class=\"yoast-schema-graph\">{\"@context\":\"https:\/\/schema.org\",\"@graph\":[{\"@type\":\"Article\",\"@id\":\"https:\/\/portaltela.pt\/noticias\/2026\/04\/09\/analise-questiona-se-a-nossa-democracia-e-verdadeiramente-democratica\/#article\",\"isPartOf\":{\"@id\":\"https:\/\/portaltela.pt\/noticias\/2026\/04\/09\/analise-questiona-se-a-nossa-democracia-e-verdadeiramente-democratica\/\"},\"author\":{\"name\":\"Telinha\",\"@id\":\"https:\/\/portaltela.pt\/#\/schema\/person\/c4278d4a6028830caff9ee44b42d32ed\"},\"headline\":\"An\u00e1lise questiona se a nossa democracia \u00e9 verdadeiramente democr\u00e1tica\",\"datePublished\":\"2026-04-09T12:02:26+00:00\",\"mainEntityOfPage\":{\"@id\":\"https:\/\/portaltela.pt\/noticias\/2026\/04\/09\/analise-questiona-se-a-nossa-democracia-e-verdadeiramente-democratica\/\"},\"wordCount\":399,\"image\":{\"@id\":\"https:\/\/portaltela.pt\/noticias\/2026\/04\/09\/analise-questiona-se-a-nossa-democracia-e-verdadeiramente-democratica\/#primaryimage\"},\"thumbnailUrl\":\"https:\/\/portaltela.pt\/s.01k8rhncp4jt1\/2026\/04\/tpUHdbIMAGENStypeJPGshare1oBarraFacebook_P3.jpg\",\"keywords\":[\"cidadania\",\"democracia\",\"desinforma\u00e7\u00e3o\",\"Irlanda\",\"Isl\u00e2ndia\",\"pol\u00edtica\"],\"articleSection\":[\"Geopol\u00edtica\"],\"inLanguage\":\"pt-PT\"},{\"@type\":\"WebPage\",\"@id\":\"https:\/\/portaltela.pt\/noticias\/2026\/04\/09\/analise-questiona-se-a-nossa-democracia-e-verdadeiramente-democratica\/\",\"url\":\"https:\/\/portaltela.pt\/noticias\/2026\/04\/09\/analise-questiona-se-a-nossa-democracia-e-verdadeiramente-democratica\/\",\"name\":\"An\u00e1lise questiona se a nossa democracia \u00e9 verdadeiramente democr\u00e1tica - Portal Tela Portugal\",\"isPartOf\":{\"@id\":\"https:\/\/portaltela.pt\/#website\"},\"primaryImageOfPage\":{\"@id\":\"https:\/\/portaltela.pt\/noticias\/2026\/04\/09\/analise-questiona-se-a-nossa-democracia-e-verdadeiramente-democratica\/#primaryimage\"},\"image\":{\"@id\":\"https:\/\/portaltela.pt\/noticias\/2026\/04\/09\/analise-questiona-se-a-nossa-democracia-e-verdadeiramente-democratica\/#primaryimage\"},\"thumbnailUrl\":\"https:\/\/portaltela.pt\/s.01k8rhncp4jt1\/2026\/04\/tpUHdbIMAGENStypeJPGshare1oBarraFacebook_P3.jpg\",\"datePublished\":\"2026-04-09T12:02:26+00:00\",\"author\":{\"@id\":\"https:\/\/portaltela.pt\/#\/schema\/person\/c4278d4a6028830caff9ee44b42d32ed\"},\"breadcrumb\":{\"@id\":\"https:\/\/portaltela.pt\/noticias\/2026\/04\/09\/analise-questiona-se-a-nossa-democracia-e-verdadeiramente-democratica\/#breadcrumb\"},\"inLanguage\":\"pt-PT\",\"potentialAction\":[{\"@type\":\"ReadAction\",\"target\":[\"https:\/\/portaltela.pt\/noticias\/2026\/04\/09\/analise-questiona-se-a-nossa-democracia-e-verdadeiramente-democratica\/\"]}]},{\"@type\":\"ImageObject\",\"inLanguage\":\"pt-PT\",\"@id\":\"https:\/\/portaltela.pt\/noticias\/2026\/04\/09\/analise-questiona-se-a-nossa-democracia-e-verdadeiramente-democratica\/#primaryimage\",\"url\":\"https:\/\/portaltela.pt\/s.01k8rhncp4jt1\/2026\/04\/tpUHdbIMAGENStypeJPGshare1oBarraFacebook_P3.jpg\",\"contentUrl\":\"https:\/\/portaltela.pt\/s.01k8rhncp4jt1\/2026\/04\/tpUHdbIMAGENStypeJPGshare1oBarraFacebook_P3.jpg\",\"width\":1200,\"height\":630,\"caption\":\"Megafone P3\"},{\"@type\":\"BreadcrumbList\",\"@id\":\"https:\/\/portaltela.pt\/noticias\/2026\/04\/09\/analise-questiona-se-a-nossa-democracia-e-verdadeiramente-democratica\/#breadcrumb\",\"itemListElement\":[{\"@type\":\"ListItem\",\"position\":1,\"name\":\"In\u00edcio\",\"item\":\"https:\/\/portaltela.pt\/\"},{\"@type\":\"ListItem\",\"position\":2,\"name\":\"An\u00e1lise questiona se a nossa democracia \u00e9 verdadeiramente democr\u00e1tica\"}]},{\"@type\":\"WebSite\",\"@id\":\"https:\/\/portaltela.pt\/#website\",\"url\":\"https:\/\/portaltela.pt\/\",\"name\":\"Portal Tela Portugal\",\"description\":\"\",\"potentialAction\":[{\"@type\":\"SearchAction\",\"target\":{\"@type\":\"EntryPoint\",\"urlTemplate\":\"https:\/\/portaltela.pt\/?s={search_term_string}\"},\"query-input\":{\"@type\":\"PropertyValueSpecification\",\"valueRequired\":true,\"valueName\":\"search_term_string\"}}],\"inLanguage\":\"pt-PT\"},{\"@type\":\"Person\",\"@id\":\"https:\/\/portaltela.pt\/#\/schema\/person\/c4278d4a6028830caff9ee44b42d32ed\",\"name\":\"Telinha\",\"image\":{\"@type\":\"ImageObject\",\"inLanguage\":\"pt-PT\",\"@id\":\"https:\/\/portaltela.pt\/s.01k8rhncp4jt1\/2025\/11\/talking-bot-125x125.png\",\"url\":\"https:\/\/portaltela.pt\/s.01k8rhncp4jt1\/2025\/11\/talking-bot-125x125.png\",\"contentUrl\":\"https:\/\/portaltela.pt\/s.01k8rhncp4jt1\/2025\/11\/talking-bot-125x125.png\",\"caption\":\"Telinha\"},\"sameAs\":[\"https:\/\/portaltela.pt\/\"],\"url\":\"https:\/\/portaltela.pt\/por\/367410592786\/\"}]}<\/script>\n<!-- \/ Yoast SEO plugin. -->","yoast_head_json":{"title":"An\u00e1lise questiona se a nossa democracia \u00e9 verdadeiramente democr\u00e1tica - Portal Tela Portugal","robots":{"index":"index","follow":"follow","max-snippet":"max-snippet:-1","max-image-preview":"max-image-preview:large","max-video-preview":"max-video-preview:-1"},"og_locale":"pt_PT","og_type":"article","og_title":"An\u00e1lise questiona se a nossa democracia \u00e9 verdadeiramente democr\u00e1tica - Portal Tela Portugal","og_description":"Defende-se a cria\u00e7\u00e3o de uma carta por pontos para os eleitos, em que mentiras comprovadas levariam \u00e0 perda de pontos e eventual destitui\u00e7\u00e3o se a desinforma\u00e7\u00e3o fosse sistem\u00e1tica. Prop\u00f5e-se estabelecer salvaguardas com um conjunto de valores intang\u00edveis (justi\u00e7a social, prote\u00e7\u00e3o ambiental, direitos fundamentais) e criar uma comiss\u00e3o cidad\u00e3 independente com poder de veto sobre leis contr\u00e1rias a esses princ\u00edpios. Aponta exemplos: assembleias cidad\u00e3s na Irlanda e a constitui\u00e7\u00e3o Icelandic envolvendo cidad\u00e3os como modelos de participa\u00e7\u00e3o direta para resolver temas n\u00e3o abordados pela pol\u00edtica tradicional. Enfrenta-se a desinforma\u00e7\u00e3o com um \u00f3rg\u00e3o independente de verifica\u00e7\u00e3o de factos e com a aplica\u00e7\u00e3o pr\u00e1tica da carta por pontos para eleitos, para impedir manipula\u00e7\u00e3o do debate p\u00fablico. Observa-se que sistemas democr\u00e1ticos evolu\u00edram com participa\u00e7\u00e3o c\u00edvica e que obst\u00e1culos s\u00e3o pol\u00edticos \u2014 evitar reformas beneficia as elites; a mudan\u00e7a depende da vontade dos cidad\u00e3os.","og_url":"https:\/\/portaltela.pt\/noticias\/2026\/04\/09\/analise-questiona-se-a-nossa-democracia-e-verdadeiramente-democratica\/","og_site_name":"Portal Tela Portugal","article_published_time":"2026-04-09T12:02:26+00:00","author":"Telinha","twitter_card":"summary_large_image","twitter_misc":{"Escrito por":"Telinha","Tempo estimado de leitura":"2 minutos"},"schema":{"@context":"https:\/\/schema.org","@graph":[{"@type":"Article","@id":"https:\/\/portaltela.pt\/noticias\/2026\/04\/09\/analise-questiona-se-a-nossa-democracia-e-verdadeiramente-democratica\/#article","isPartOf":{"@id":"https:\/\/portaltela.pt\/noticias\/2026\/04\/09\/analise-questiona-se-a-nossa-democracia-e-verdadeiramente-democratica\/"},"author":{"name":"Telinha","@id":"https:\/\/portaltela.pt\/#\/schema\/person\/c4278d4a6028830caff9ee44b42d32ed"},"headline":"An\u00e1lise questiona se a nossa democracia \u00e9 verdadeiramente democr\u00e1tica","datePublished":"2026-04-09T12:02:26+00:00","mainEntityOfPage":{"@id":"https:\/\/portaltela.pt\/noticias\/2026\/04\/09\/analise-questiona-se-a-nossa-democracia-e-verdadeiramente-democratica\/"},"wordCount":399,"image":{"@id":"https:\/\/portaltela.pt\/noticias\/2026\/04\/09\/analise-questiona-se-a-nossa-democracia-e-verdadeiramente-democratica\/#primaryimage"},"thumbnailUrl":"https:\/\/portaltela.pt\/s.01k8rhncp4jt1\/2026\/04\/tpUHdbIMAGENStypeJPGshare1oBarraFacebook_P3.jpg","keywords":["cidadania","democracia","desinforma\u00e7\u00e3o","Irlanda","Isl\u00e2ndia","pol\u00edtica"],"articleSection":["Geopol\u00edtica"],"inLanguage":"pt-PT"},{"@type":"WebPage","@id":"https:\/\/portaltela.pt\/noticias\/2026\/04\/09\/analise-questiona-se-a-nossa-democracia-e-verdadeiramente-democratica\/","url":"https:\/\/portaltela.pt\/noticias\/2026\/04\/09\/analise-questiona-se-a-nossa-democracia-e-verdadeiramente-democratica\/","name":"An\u00e1lise questiona se a nossa democracia \u00e9 verdadeiramente democr\u00e1tica - Portal Tela Portugal","isPartOf":{"@id":"https:\/\/portaltela.pt\/#website"},"primaryImageOfPage":{"@id":"https:\/\/portaltela.pt\/noticias\/2026\/04\/09\/analise-questiona-se-a-nossa-democracia-e-verdadeiramente-democratica\/#primaryimage"},"image":{"@id":"https:\/\/portaltela.pt\/noticias\/2026\/04\/09\/analise-questiona-se-a-nossa-democracia-e-verdadeiramente-democratica\/#primaryimage"},"thumbnailUrl":"https:\/\/portaltela.pt\/s.01k8rhncp4jt1\/2026\/04\/tpUHdbIMAGENStypeJPGshare1oBarraFacebook_P3.jpg","datePublished":"2026-04-09T12:02:26+00:00","author":{"@id":"https:\/\/portaltela.pt\/#\/schema\/person\/c4278d4a6028830caff9ee44b42d32ed"},"breadcrumb":{"@id":"https:\/\/portaltela.pt\/noticias\/2026\/04\/09\/analise-questiona-se-a-nossa-democracia-e-verdadeiramente-democratica\/#breadcrumb"},"inLanguage":"pt-PT","potentialAction":[{"@type":"ReadAction","target":["https:\/\/portaltela.pt\/noticias\/2026\/04\/09\/analise-questiona-se-a-nossa-democracia-e-verdadeiramente-democratica\/"]}]},{"@type":"ImageObject","inLanguage":"pt-PT","@id":"https:\/\/portaltela.pt\/noticias\/2026\/04\/09\/analise-questiona-se-a-nossa-democracia-e-verdadeiramente-democratica\/#primaryimage","url":"https:\/\/portaltela.pt\/s.01k8rhncp4jt1\/2026\/04\/tpUHdbIMAGENStypeJPGshare1oBarraFacebook_P3.jpg","contentUrl":"https:\/\/portaltela.pt\/s.01k8rhncp4jt1\/2026\/04\/tpUHdbIMAGENStypeJPGshare1oBarraFacebook_P3.jpg","width":1200,"height":630,"caption":"Megafone P3"},{"@type":"BreadcrumbList","@id":"https:\/\/portaltela.pt\/noticias\/2026\/04\/09\/analise-questiona-se-a-nossa-democracia-e-verdadeiramente-democratica\/#breadcrumb","itemListElement":[{"@type":"ListItem","position":1,"name":"In\u00edcio","item":"https:\/\/portaltela.pt\/"},{"@type":"ListItem","position":2,"name":"An\u00e1lise questiona se a nossa democracia \u00e9 verdadeiramente democr\u00e1tica"}]},{"@type":"WebSite","@id":"https:\/\/portaltela.pt\/#website","url":"https:\/\/portaltela.pt\/","name":"Portal Tela Portugal","description":"","potentialAction":[{"@type":"SearchAction","target":{"@type":"EntryPoint","urlTemplate":"https:\/\/portaltela.pt\/?s={search_term_string}"},"query-input":{"@type":"PropertyValueSpecification","valueRequired":true,"valueName":"search_term_string"}}],"inLanguage":"pt-PT"},{"@type":"Person","@id":"https:\/\/portaltela.pt\/#\/schema\/person\/c4278d4a6028830caff9ee44b42d32ed","name":"Telinha","image":{"@type":"ImageObject","inLanguage":"pt-PT","@id":"https:\/\/portaltela.pt\/s.01k8rhncp4jt1\/2025\/11\/talking-bot-125x125.png","url":"https:\/\/portaltela.pt\/s.01k8rhncp4jt1\/2025\/11\/talking-bot-125x125.png","contentUrl":"https:\/\/portaltela.pt\/s.01k8rhncp4jt1\/2025\/11\/talking-bot-125x125.png","caption":"Telinha"},"sameAs":["https:\/\/portaltela.pt\/"],"url":"https:\/\/portaltela.pt\/por\/367410592786\/"}]}},"_links":{"self":[{"href":"https:\/\/portaltela.pt\/api\/wp\/v2\/posts\/437879","targetHints":{"allow":["GET"]}}],"collection":[{"href":"https:\/\/portaltela.pt\/api\/wp\/v2\/posts"}],"about":[{"href":"https:\/\/portaltela.pt\/api\/wp\/v2\/types\/post"}],"author":[{"embeddable":true,"href":"https:\/\/portaltela.pt\/api\/wp\/v2\/users\/2"}],"replies":[{"embeddable":true,"href":"https:\/\/portaltela.pt\/api\/wp\/v2\/comments?post=437879"}],"version-history":[{"count":0,"href":"https:\/\/portaltela.pt\/api\/wp\/v2\/posts\/437879\/revisions"}],"wp:featuredmedia":[{"embeddable":true,"href":"https:\/\/portaltela.pt\/api\/wp\/v2\/media\/437880"}],"wp:attachment":[{"href":"https:\/\/portaltela.pt\/api\/wp\/v2\/media?parent=437879"}],"wp:term":[{"taxonomy":"category","embeddable":true,"href":"https:\/\/portaltela.pt\/api\/wp\/v2\/categories?post=437879"},{"taxonomy":"post_tag","embeddable":true,"href":"https:\/\/portaltela.pt\/api\/wp\/v2\/tags?post=437879"}],"curies":[{"name":"wp","href":"https:\/\/api.w.org\/{rel}","templated":true}]}}