{"id":437874,"date":"2026-04-09T08:47:04","date_gmt":"2026-04-09T11:47:04","guid":{"rendered":"https:\/\/portaltela.pt\/noticias\/2026\/04\/09\/costa-dos-rissois-em-sao-joao-da-madeira-cresce-para-acompanhar-a-fama\/"},"modified":"2026-04-09T08:47:04","modified_gmt":"2026-04-09T11:47:04","slug":"costa-dos-rissois-em-sao-joao-da-madeira-cresce-para-acompanhar-a-fama","status":"publish","type":"post","link":"https:\/\/portaltela.pt\/noticias\/2026\/04\/09\/costa-dos-rissois-em-sao-joao-da-madeira-cresce-para-acompanhar-a-fama\/","title":{"rendered":"Costa dos Riss\u00f3is em S\u00e3o Jo\u00e3o da Madeira cresce para acompanhar a fama"},"content":{"rendered":"<p>O Costa dos Riss\u00f3is, em S\u00e3o Jo\u00e3o da Madeira, viu o espa\u00e7o do seu restaurante crescer para acompanhar a fama que j\u00e1 lhe \u00e9 atribu\u00edda. A renova\u00e7\u00e3o permite agora uma sala com maior capacidade, mantendo a identidade do estabelecimento.<\/p>\n<p>Antes, a tasquinha apresentava uma sala t\u00e9rrea estreita, com apenas meia d\u00fazia de lugares no balc\u00e3o e poucos assentos \u00e0 mesa. O piso superior era de dimens\u00f5es id\u00eanticas e sobretudo claustrof\u00f3bico, segundo relatos de clientes.<\/p>\n<p>\u00c0 hora de maior aflu\u00eancia, muitos optavam pela esplanada ou pelo take-away, o que gerava filas \u00e0 porta, mesmo em dias frios de inverno. A amplia\u00e7\u00e3o do espa\u00e7o procura reduzir tempos de espera e melhorar o conforto dos clientes.<\/p>\n<h3>Renova\u00e7\u00e3o do espa\u00e7o<\/h3>\n<p>A mudan\u00e7a corresponde a uma resposta \u00e0 crescente procura pela cozinha de massas finas e recheio abundante que caracteriza o Costa dos Riss\u00f3is. O restaurante continua a manter o formato tradicional, agora com \u00e1reas de servi\u00e7o mais amplas e maior disponibilidade de assentos.<\/p>\n","protected":false},"excerpt":{"rendered":"<ul>\n<li>O Costa dos Riss\u00f3is, em S\u00e3o Jo\u00e3o da Madeira, cresceu para ficar \u00e0 altura da sua fama.<\/li>\n<li>A casa, j\u00e1 uma institui\u00e7\u00e3o local, foi renovada para oferecer mais espa\u00e7o e conforto.<\/li>\n<li>Antes havia poucos lugares: sala t\u00e9rrea com meia d\u00fazia de lugares ao balc\u00e3o e outros tantos \u00e0 mesa; o piso superior era igual de estreito.<\/li>\n<li>Nos hor\u00e1rios de maior movimento, muitos clientes optavam pela esplanada ou pelo take-away, gerando filas \u00e0 porta.<\/li>\n<li>A reputa\u00e7\u00e3o continua associada aos riss\u00f3is de massa fina e recheio pleno.<\/li>\n<\/ul>\n","protected":false},"author":2,"featured_media":437876,"comment_status":"closed","ping_status":"closed","sticky":false,"template":"","format":"standard","meta":{"footnotes":""},"categories":[7369,1],"tags":[6115,6116,1059,778,219,6390],"class_list":["post-437874","post","type-post","status-publish","format-standard","has-post-thumbnail","hentry","category-gastronomia","category-noticias","tag-_economia","tag-a-cozinha","tag-aveiro","tag-comida","tag-gastronomia","tag-sao-joao-da-madeira"],"yoast_head":"<!-- This site is optimized with the Yoast SEO plugin v27.2 - https:\/\/yoast.com\/product\/yoast-seo-wordpress\/ -->\n<title>Costa dos Riss\u00f3is em S\u00e3o Jo\u00e3o da Madeira cresce para acompanhar a fama - Portal Tela Portugal<\/title>\n<meta name=\"robots\" content=\"index, follow, max-snippet:-1, max-image-preview:large, max-video-preview:-1\" \/>\n<meta property=\"og:locale\" content=\"pt_PT\" \/>\n<meta property=\"og:type\" content=\"article\" \/>\n<meta property=\"og:title\" content=\"Costa dos Riss\u00f3is em S\u00e3o Jo\u00e3o da Madeira cresce para acompanhar a fama - Portal Tela Portugal\" \/>\n<meta property=\"og:description\" content=\"O Costa dos Riss\u00f3is, em S\u00e3o Jo\u00e3o da Madeira, cresceu para ficar \u00e0 altura da sua fama. A casa, j\u00e1 uma institui\u00e7\u00e3o local, foi renovada para oferecer mais espa\u00e7o e conforto. Antes havia poucos lugares: sala t\u00e9rrea com meia d\u00fazia de lugares ao balc\u00e3o e outros tantos \u00e0 mesa; o piso superior era igual de estreito. Nos hor\u00e1rios de maior movimento, muitos clientes optavam pela esplanada ou pelo take-away, gerando filas \u00e0 porta. A reputa\u00e7\u00e3o continua associada aos riss\u00f3is de massa fina e recheio pleno.\" \/>\n<meta property=\"og:url\" content=\"https:\/\/portaltela.pt\/noticias\/2026\/04\/09\/costa-dos-rissois-em-sao-joao-da-madeira-cresce-para-acompanhar-a-fama\/\" \/>\n<meta property=\"og:site_name\" content=\"Portal Tela Portugal\" \/>\n<meta property=\"article:published_time\" content=\"2026-04-09T11:47:04+00:00\" \/>\n<meta name=\"author\" content=\"Telinha\" \/>\n<meta name=\"twitter:card\" content=\"summary_large_image\" \/>\n<meta name=\"twitter:label1\" content=\"Escrito por\" \/>\n\t<meta name=\"twitter:data1\" content=\"Telinha\" \/>\n\t<meta name=\"twitter:label2\" content=\"Tempo estimado de leitura\" \/>\n\t<meta name=\"twitter:data2\" content=\"1 minuto\" \/>\n<script type=\"application\/ld+json\" class=\"yoast-schema-graph\">{\"@context\":\"https:\/\/schema.org\",\"@graph\":[{\"@type\":\"Article\",\"@id\":\"https:\/\/portaltela.pt\/noticias\/2026\/04\/09\/costa-dos-rissois-em-sao-joao-da-madeira-cresce-para-acompanhar-a-fama\/#article\",\"isPartOf\":{\"@id\":\"https:\/\/portaltela.pt\/noticias\/2026\/04\/09\/costa-dos-rissois-em-sao-joao-da-madeira-cresce-para-acompanhar-a-fama\/\"},\"author\":{\"name\":\"Telinha\",\"@id\":\"https:\/\/portaltela.pt\/#\/schema\/person\/c4278d4a6028830caff9ee44b42d32ed\"},\"headline\":\"Costa dos Riss\u00f3is em S\u00e3o Jo\u00e3o da Madeira cresce para acompanhar a fama\",\"datePublished\":\"2026-04-09T11:47:04+00:00\",\"mainEntityOfPage\":{\"@id\":\"https:\/\/portaltela.pt\/noticias\/2026\/04\/09\/costa-dos-rissois-em-sao-joao-da-madeira-cresce-para-acompanhar-a-fama\/\"},\"wordCount\":190,\"image\":{\"@id\":\"https:\/\/portaltela.pt\/noticias\/2026\/04\/09\/costa-dos-rissois-em-sao-joao-da-madeira-cresce-para-acompanhar-a-fama\/#primaryimage\"},\"thumbnailUrl\":\"https:\/\/portaltela.pt\/s.01k8rhncp4jt1\/2026\/04\/2079524.jpg\",\"keywords\":[\"_economia\",\"a cozinha\",\"Aveiro\",\"comida\",\"gastronomia\",\"S\u00e3o Jo\u00e3o da Madeira\"],\"articleSection\":[\"Gastronomia\",\"Not\u00edcias\"],\"inLanguage\":\"pt-PT\"},{\"@type\":\"WebPage\",\"@id\":\"https:\/\/portaltela.pt\/noticias\/2026\/04\/09\/costa-dos-rissois-em-sao-joao-da-madeira-cresce-para-acompanhar-a-fama\/\",\"url\":\"https:\/\/portaltela.pt\/noticias\/2026\/04\/09\/costa-dos-rissois-em-sao-joao-da-madeira-cresce-para-acompanhar-a-fama\/\",\"name\":\"Costa dos Riss\u00f3is em S\u00e3o Jo\u00e3o da Madeira cresce para acompanhar a fama - Portal Tela Portugal\",\"isPartOf\":{\"@id\":\"https:\/\/portaltela.pt\/#website\"},\"primaryImageOfPage\":{\"@id\":\"https:\/\/portaltela.pt\/noticias\/2026\/04\/09\/costa-dos-rissois-em-sao-joao-da-madeira-cresce-para-acompanhar-a-fama\/#primaryimage\"},\"image\":{\"@id\":\"https:\/\/portaltela.pt\/noticias\/2026\/04\/09\/costa-dos-rissois-em-sao-joao-da-madeira-cresce-para-acompanhar-a-fama\/#primaryimage\"},\"thumbnailUrl\":\"https:\/\/portaltela.pt\/s.01k8rhncp4jt1\/2026\/04\/2079524.jpg\",\"datePublished\":\"2026-04-09T11:47:04+00:00\",\"author\":{\"@id\":\"https:\/\/portaltela.pt\/#\/schema\/person\/c4278d4a6028830caff9ee44b42d32ed\"},\"breadcrumb\":{\"@id\":\"https:\/\/portaltela.pt\/noticias\/2026\/04\/09\/costa-dos-rissois-em-sao-joao-da-madeira-cresce-para-acompanhar-a-fama\/#breadcrumb\"},\"inLanguage\":\"pt-PT\",\"potentialAction\":[{\"@type\":\"ReadAction\",\"target\":[\"https:\/\/portaltela.pt\/noticias\/2026\/04\/09\/costa-dos-rissois-em-sao-joao-da-madeira-cresce-para-acompanhar-a-fama\/\"]}]},{\"@type\":\"ImageObject\",\"inLanguage\":\"pt-PT\",\"@id\":\"https:\/\/portaltela.pt\/noticias\/2026\/04\/09\/costa-dos-rissois-em-sao-joao-da-madeira-cresce-para-acompanhar-a-fama\/#primaryimage\",\"url\":\"https:\/\/portaltela.pt\/s.01k8rhncp4jt1\/2026\/04\/2079524.jpg\",\"contentUrl\":\"https:\/\/portaltela.pt\/s.01k8rhncp4jt1\/2026\/04\/2079524.jpg\",\"width\":796,\"height\":448,\"caption\":\"A fam\u00edlia Costa \u00e9 propriet\u00e1ria do Costa dos Riss\u00f3is\"},{\"@type\":\"BreadcrumbList\",\"@id\":\"https:\/\/portaltela.pt\/noticias\/2026\/04\/09\/costa-dos-rissois-em-sao-joao-da-madeira-cresce-para-acompanhar-a-fama\/#breadcrumb\",\"itemListElement\":[{\"@type\":\"ListItem\",\"position\":1,\"name\":\"In\u00edcio\",\"item\":\"https:\/\/portaltela.pt\/\"},{\"@type\":\"ListItem\",\"position\":2,\"name\":\"Costa dos Riss\u00f3is em S\u00e3o Jo\u00e3o da Madeira cresce para acompanhar a fama\"}]},{\"@type\":\"WebSite\",\"@id\":\"https:\/\/portaltela.pt\/#website\",\"url\":\"https:\/\/portaltela.pt\/\",\"name\":\"Portal Tela Portugal\",\"description\":\"\",\"potentialAction\":[{\"@type\":\"SearchAction\",\"target\":{\"@type\":\"EntryPoint\",\"urlTemplate\":\"https:\/\/portaltela.pt\/?s={search_term_string}\"},\"query-input\":{\"@type\":\"PropertyValueSpecification\",\"valueRequired\":true,\"valueName\":\"search_term_string\"}}],\"inLanguage\":\"pt-PT\"},{\"@type\":\"Person\",\"@id\":\"https:\/\/portaltela.pt\/#\/schema\/person\/c4278d4a6028830caff9ee44b42d32ed\",\"name\":\"Telinha\",\"image\":{\"@type\":\"ImageObject\",\"inLanguage\":\"pt-PT\",\"@id\":\"https:\/\/portaltela.pt\/s.01k8rhncp4jt1\/2025\/11\/talking-bot-125x125.png\",\"url\":\"https:\/\/portaltela.pt\/s.01k8rhncp4jt1\/2025\/11\/talking-bot-125x125.png\",\"contentUrl\":\"https:\/\/portaltela.pt\/s.01k8rhncp4jt1\/2025\/11\/talking-bot-125x125.png\",\"caption\":\"Telinha\"},\"sameAs\":[\"https:\/\/portaltela.pt\/\"],\"url\":\"https:\/\/portaltela.pt\/por\/367410592786\/\"}]}<\/script>\n<!-- \/ Yoast SEO plugin. -->","yoast_head_json":{"title":"Costa dos Riss\u00f3is em S\u00e3o Jo\u00e3o da Madeira cresce para acompanhar a fama - Portal Tela Portugal","robots":{"index":"index","follow":"follow","max-snippet":"max-snippet:-1","max-image-preview":"max-image-preview:large","max-video-preview":"max-video-preview:-1"},"og_locale":"pt_PT","og_type":"article","og_title":"Costa dos Riss\u00f3is em S\u00e3o Jo\u00e3o da Madeira cresce para acompanhar a fama - Portal Tela Portugal","og_description":"O Costa dos Riss\u00f3is, em S\u00e3o Jo\u00e3o da Madeira, cresceu para ficar \u00e0 altura da sua fama. A casa, j\u00e1 uma institui\u00e7\u00e3o local, foi renovada para oferecer mais espa\u00e7o e conforto. Antes havia poucos lugares: sala t\u00e9rrea com meia d\u00fazia de lugares ao balc\u00e3o e outros tantos \u00e0 mesa; o piso superior era igual de estreito. Nos hor\u00e1rios de maior movimento, muitos clientes optavam pela esplanada ou pelo take-away, gerando filas \u00e0 porta. A reputa\u00e7\u00e3o continua associada aos riss\u00f3is de massa fina e recheio pleno.","og_url":"https:\/\/portaltela.pt\/noticias\/2026\/04\/09\/costa-dos-rissois-em-sao-joao-da-madeira-cresce-para-acompanhar-a-fama\/","og_site_name":"Portal Tela Portugal","article_published_time":"2026-04-09T11:47:04+00:00","author":"Telinha","twitter_card":"summary_large_image","twitter_misc":{"Escrito por":"Telinha","Tempo estimado de leitura":"1 minuto"},"schema":{"@context":"https:\/\/schema.org","@graph":[{"@type":"Article","@id":"https:\/\/portaltela.pt\/noticias\/2026\/04\/09\/costa-dos-rissois-em-sao-joao-da-madeira-cresce-para-acompanhar-a-fama\/#article","isPartOf":{"@id":"https:\/\/portaltela.pt\/noticias\/2026\/04\/09\/costa-dos-rissois-em-sao-joao-da-madeira-cresce-para-acompanhar-a-fama\/"},"author":{"name":"Telinha","@id":"https:\/\/portaltela.pt\/#\/schema\/person\/c4278d4a6028830caff9ee44b42d32ed"},"headline":"Costa dos Riss\u00f3is em S\u00e3o Jo\u00e3o da Madeira cresce para acompanhar a fama","datePublished":"2026-04-09T11:47:04+00:00","mainEntityOfPage":{"@id":"https:\/\/portaltela.pt\/noticias\/2026\/04\/09\/costa-dos-rissois-em-sao-joao-da-madeira-cresce-para-acompanhar-a-fama\/"},"wordCount":190,"image":{"@id":"https:\/\/portaltela.pt\/noticias\/2026\/04\/09\/costa-dos-rissois-em-sao-joao-da-madeira-cresce-para-acompanhar-a-fama\/#primaryimage"},"thumbnailUrl":"https:\/\/portaltela.pt\/s.01k8rhncp4jt1\/2026\/04\/2079524.jpg","keywords":["_economia","a cozinha","Aveiro","comida","gastronomia","S\u00e3o Jo\u00e3o da Madeira"],"articleSection":["Gastronomia","Not\u00edcias"],"inLanguage":"pt-PT"},{"@type":"WebPage","@id":"https:\/\/portaltela.pt\/noticias\/2026\/04\/09\/costa-dos-rissois-em-sao-joao-da-madeira-cresce-para-acompanhar-a-fama\/","url":"https:\/\/portaltela.pt\/noticias\/2026\/04\/09\/costa-dos-rissois-em-sao-joao-da-madeira-cresce-para-acompanhar-a-fama\/","name":"Costa dos Riss\u00f3is em S\u00e3o Jo\u00e3o da Madeira cresce para acompanhar a fama - Portal Tela Portugal","isPartOf":{"@id":"https:\/\/portaltela.pt\/#website"},"primaryImageOfPage":{"@id":"https:\/\/portaltela.pt\/noticias\/2026\/04\/09\/costa-dos-rissois-em-sao-joao-da-madeira-cresce-para-acompanhar-a-fama\/#primaryimage"},"image":{"@id":"https:\/\/portaltela.pt\/noticias\/2026\/04\/09\/costa-dos-rissois-em-sao-joao-da-madeira-cresce-para-acompanhar-a-fama\/#primaryimage"},"thumbnailUrl":"https:\/\/portaltela.pt\/s.01k8rhncp4jt1\/2026\/04\/2079524.jpg","datePublished":"2026-04-09T11:47:04+00:00","author":{"@id":"https:\/\/portaltela.pt\/#\/schema\/person\/c4278d4a6028830caff9ee44b42d32ed"},"breadcrumb":{"@id":"https:\/\/portaltela.pt\/noticias\/2026\/04\/09\/costa-dos-rissois-em-sao-joao-da-madeira-cresce-para-acompanhar-a-fama\/#breadcrumb"},"inLanguage":"pt-PT","potentialAction":[{"@type":"ReadAction","target":["https:\/\/portaltela.pt\/noticias\/2026\/04\/09\/costa-dos-rissois-em-sao-joao-da-madeira-cresce-para-acompanhar-a-fama\/"]}]},{"@type":"ImageObject","inLanguage":"pt-PT","@id":"https:\/\/portaltela.pt\/noticias\/2026\/04\/09\/costa-dos-rissois-em-sao-joao-da-madeira-cresce-para-acompanhar-a-fama\/#primaryimage","url":"https:\/\/portaltela.pt\/s.01k8rhncp4jt1\/2026\/04\/2079524.jpg","contentUrl":"https:\/\/portaltela.pt\/s.01k8rhncp4jt1\/2026\/04\/2079524.jpg","width":796,"height":448,"caption":"A fam\u00edlia Costa \u00e9 propriet\u00e1ria do Costa dos Riss\u00f3is"},{"@type":"BreadcrumbList","@id":"https:\/\/portaltela.pt\/noticias\/2026\/04\/09\/costa-dos-rissois-em-sao-joao-da-madeira-cresce-para-acompanhar-a-fama\/#breadcrumb","itemListElement":[{"@type":"ListItem","position":1,"name":"In\u00edcio","item":"https:\/\/portaltela.pt\/"},{"@type":"ListItem","position":2,"name":"Costa dos Riss\u00f3is em S\u00e3o Jo\u00e3o da Madeira cresce para acompanhar a fama"}]},{"@type":"WebSite","@id":"https:\/\/portaltela.pt\/#website","url":"https:\/\/portaltela.pt\/","name":"Portal Tela Portugal","description":"","potentialAction":[{"@type":"SearchAction","target":{"@type":"EntryPoint","urlTemplate":"https:\/\/portaltela.pt\/?s={search_term_string}"},"query-input":{"@type":"PropertyValueSpecification","valueRequired":true,"valueName":"search_term_string"}}],"inLanguage":"pt-PT"},{"@type":"Person","@id":"https:\/\/portaltela.pt\/#\/schema\/person\/c4278d4a6028830caff9ee44b42d32ed","name":"Telinha","image":{"@type":"ImageObject","inLanguage":"pt-PT","@id":"https:\/\/portaltela.pt\/s.01k8rhncp4jt1\/2025\/11\/talking-bot-125x125.png","url":"https:\/\/portaltela.pt\/s.01k8rhncp4jt1\/2025\/11\/talking-bot-125x125.png","contentUrl":"https:\/\/portaltela.pt\/s.01k8rhncp4jt1\/2025\/11\/talking-bot-125x125.png","caption":"Telinha"},"sameAs":["https:\/\/portaltela.pt\/"],"url":"https:\/\/portaltela.pt\/por\/367410592786\/"}]}},"_links":{"self":[{"href":"https:\/\/portaltela.pt\/api\/wp\/v2\/posts\/437874","targetHints":{"allow":["GET"]}}],"collection":[{"href":"https:\/\/portaltela.pt\/api\/wp\/v2\/posts"}],"about":[{"href":"https:\/\/portaltela.pt\/api\/wp\/v2\/types\/post"}],"author":[{"embeddable":true,"href":"https:\/\/portaltela.pt\/api\/wp\/v2\/users\/2"}],"replies":[{"embeddable":true,"href":"https:\/\/portaltela.pt\/api\/wp\/v2\/comments?post=437874"}],"version-history":[{"count":0,"href":"https:\/\/portaltela.pt\/api\/wp\/v2\/posts\/437874\/revisions"}],"wp:featuredmedia":[{"embeddable":true,"href":"https:\/\/portaltela.pt\/api\/wp\/v2\/media\/437876"}],"wp:attachment":[{"href":"https:\/\/portaltela.pt\/api\/wp\/v2\/media?parent=437874"}],"wp:term":[{"taxonomy":"category","embeddable":true,"href":"https:\/\/portaltela.pt\/api\/wp\/v2\/categories?post=437874"},{"taxonomy":"post_tag","embeddable":true,"href":"https:\/\/portaltela.pt\/api\/wp\/v2\/tags?post=437874"}],"curies":[{"name":"wp","href":"https:\/\/api.w.org\/{rel}","templated":true}]}}