{"id":437836,"date":"2026-04-09T05:55:00","date_gmt":"2026-04-09T08:55:00","guid":{"rendered":"https:\/\/portaltela.pt\/noticias\/2026\/04\/09\/reino-unido-e-franca-defendem-extensao-do-cessar-fogo-ao-libano\/"},"modified":"2026-04-09T05:55:00","modified_gmt":"2026-04-09T08:55:00","slug":"reino-unido-e-franca-defendem-extensao-do-cessar-fogo-ao-libano","status":"publish","type":"post","link":"https:\/\/portaltela.pt\/noticias\/politica\/2026\/04\/09\/reino-unido-e-franca-defendem-extensao-do-cessar-fogo-ao-libano\/","title":{"rendered":"Reino Unido e Fran\u00e7a defendem extens\u00e3o do cessar-fogo ao L\u00edbano"},"content":{"rendered":"<p>A ministra brit\u00e2nica dos Neg\u00f3cios Estrangeiros, Yvette Cooper, defendeu hoje o alargamento do cessar-fogo entre Washington e Teer\u00e3o ao L\u00edbano, manifestando preocupa\u00e7\u00e3o com os bombardeamentos de Israel.<\/p>\n<p>A dirigente frisou que a extens\u00e3o visa impedir uma escalada da viol\u00eancia na regi\u00e3o e proteger civis libaneses.<\/p>\n<p>N\u00e3o foram avan\u00e7adas datas nem termos espec\u00edficos para a extens\u00e3o, apenas o objetivo de reduzir hostilidades.<\/p>\n<p>A posi\u00e7\u00e3o brit\u00e2nica surge num contexto de tens\u00f5es entre pot\u00eancias regionais e cr\u00edticas a a\u00e7\u00f5es militares que afetam diversos pa\u00edses vizinhos.<\/p>\n","protected":false},"excerpt":{"rendered":"<ul>\n<li>A ministra dos Neg\u00f3cios Estrangeiros brit\u00e2nica, Yvette Cooper, defendeu hoje a extens\u00e3o do cessar-fogo entre Washington e Teer\u00e3o ao L\u00edbano.<\/li>\n<li>A posi\u00e7\u00e3o reflete preocupa\u00e7\u00e3o com os bombardeamentos recentes de Israel.<\/li>\n<li>O objetivo \u00e9 alargar o cessar-fogo \u00e0 regi\u00e3o do L\u00edbano.<\/li>\n<li>O artigo original indica que o conte\u00fado completo est\u00e1 dispon\u00edvel apenas para subscritores.<\/li>\n<li>N\u00e3o foram divulgados mais detalhes no texto dispon\u00edvel.<\/li>\n<\/ul>\n","protected":false},"author":2,"featured_media":437839,"comment_status":"closed","ping_status":"closed","sticky":false,"template":"","format":"standard","meta":{"footnotes":""},"categories":[6912,5],"tags":[4541,6703,1856,7439,2111,5043],"class_list":["post-437836","post","type-post","status-publish","format-standard","has-post-thumbnail","hentry","category-internacionais","category-politica","tag-cessar-fogo","tag-diplomacia-internacional","tag-franca","tag-politica-externa","tag-reino-unido","tag-tensoes-internacionais"],"yoast_head":"<!-- This site is optimized with the Yoast SEO plugin v27.2 - https:\/\/yoast.com\/product\/yoast-seo-wordpress\/ -->\n<title>Reino Unido e Fran\u00e7a defendem extens\u00e3o do cessar-fogo ao L\u00edbano - Portal Tela Portugal<\/title>\n<meta name=\"robots\" content=\"index, follow, max-snippet:-1, max-image-preview:large, max-video-preview:-1\" \/>\n<meta property=\"og:locale\" content=\"pt_PT\" \/>\n<meta property=\"og:type\" content=\"article\" \/>\n<meta property=\"og:title\" content=\"Reino Unido e Fran\u00e7a defendem extens\u00e3o do cessar-fogo ao L\u00edbano - Portal Tela Portugal\" \/>\n<meta property=\"og:description\" content=\"A ministra dos Neg\u00f3cios Estrangeiros brit\u00e2nica, Yvette Cooper, defendeu hoje a extens\u00e3o do cessar-fogo entre Washington e Teer\u00e3o ao L\u00edbano. A posi\u00e7\u00e3o reflete preocupa\u00e7\u00e3o com os bombardeamentos recentes de Israel. O objetivo \u00e9 alargar o cessar-fogo \u00e0 regi\u00e3o do L\u00edbano. O artigo original indica que o conte\u00fado completo est\u00e1 dispon\u00edvel apenas para subscritores. N\u00e3o foram divulgados mais detalhes no texto dispon\u00edvel.\" \/>\n<meta property=\"og:url\" content=\"https:\/\/portaltela.pt\/noticias\/2026\/04\/09\/reino-unido-e-franca-defendem-extensao-do-cessar-fogo-ao-libano\/\" \/>\n<meta property=\"og:site_name\" content=\"Portal Tela Portugal\" \/>\n<meta property=\"article:published_time\" content=\"2026-04-09T08:55:00+00:00\" \/>\n<meta name=\"author\" content=\"Telinha\" \/>\n<meta name=\"twitter:card\" content=\"summary_large_image\" \/>\n<meta name=\"twitter:label1\" content=\"Escrito por\" \/>\n\t<meta name=\"twitter:data1\" content=\"Telinha\" \/>\n\t<meta name=\"twitter:label2\" content=\"Tempo estimado de leitura\" \/>\n\t<meta name=\"twitter:data2\" content=\"1 minuto\" \/>\n<script type=\"application\/ld+json\" class=\"yoast-schema-graph\">{\"@context\":\"https:\/\/schema.org\",\"@graph\":[{\"@type\":\"Article\",\"@id\":\"https:\/\/portaltela.pt\/noticias\/2026\/04\/09\/reino-unido-e-franca-defendem-extensao-do-cessar-fogo-ao-libano\/#article\",\"isPartOf\":{\"@id\":\"https:\/\/portaltela.pt\/noticias\/2026\/04\/09\/reino-unido-e-franca-defendem-extensao-do-cessar-fogo-ao-libano\/\"},\"author\":{\"name\":\"Telinha\",\"@id\":\"https:\/\/portaltela.pt\/#\/schema\/person\/c4278d4a6028830caff9ee44b42d32ed\"},\"headline\":\"Reino Unido e Fran\u00e7a defendem extens\u00e3o do cessar-fogo ao L\u00edbano\",\"datePublished\":\"2026-04-09T08:55:00+00:00\",\"mainEntityOfPage\":{\"@id\":\"https:\/\/portaltela.pt\/noticias\/2026\/04\/09\/reino-unido-e-franca-defendem-extensao-do-cessar-fogo-ao-libano\/\"},\"wordCount\":114,\"image\":{\"@id\":\"https:\/\/portaltela.pt\/noticias\/2026\/04\/09\/reino-unido-e-franca-defendem-extensao-do-cessar-fogo-ao-libano\/#primaryimage\"},\"thumbnailUrl\":\"https:\/\/portaltela.pt\/s.01k8rhncp4jt1\/2026\/04\/CACHE_780X1200_ANALOG_WATERMARKED_46868293_2196809940147727.jpg\",\"keywords\":[\"cessar-fogo\",\"diplomacia internacional\",\"Fran\u00e7a\",\"pol\u00edtica externa\",\"Reino Unido\",\"tens\u00f5es internacionais\"],\"articleSection\":[\"Internacionais\",\"Pol\u00edtica\"],\"inLanguage\":\"pt-PT\"},{\"@type\":\"WebPage\",\"@id\":\"https:\/\/portaltela.pt\/noticias\/2026\/04\/09\/reino-unido-e-franca-defendem-extensao-do-cessar-fogo-ao-libano\/\",\"url\":\"https:\/\/portaltela.pt\/noticias\/2026\/04\/09\/reino-unido-e-franca-defendem-extensao-do-cessar-fogo-ao-libano\/\",\"name\":\"Reino Unido e Fran\u00e7a defendem extens\u00e3o do cessar-fogo ao L\u00edbano - Portal Tela Portugal\",\"isPartOf\":{\"@id\":\"https:\/\/portaltela.pt\/#website\"},\"primaryImageOfPage\":{\"@id\":\"https:\/\/portaltela.pt\/noticias\/2026\/04\/09\/reino-unido-e-franca-defendem-extensao-do-cessar-fogo-ao-libano\/#primaryimage\"},\"image\":{\"@id\":\"https:\/\/portaltela.pt\/noticias\/2026\/04\/09\/reino-unido-e-franca-defendem-extensao-do-cessar-fogo-ao-libano\/#primaryimage\"},\"thumbnailUrl\":\"https:\/\/portaltela.pt\/s.01k8rhncp4jt1\/2026\/04\/CACHE_780X1200_ANALOG_WATERMARKED_46868293_2196809940147727.jpg\",\"datePublished\":\"2026-04-09T08:55:00+00:00\",\"author\":{\"@id\":\"https:\/\/portaltela.pt\/#\/schema\/person\/c4278d4a6028830caff9ee44b42d32ed\"},\"breadcrumb\":{\"@id\":\"https:\/\/portaltela.pt\/noticias\/2026\/04\/09\/reino-unido-e-franca-defendem-extensao-do-cessar-fogo-ao-libano\/#breadcrumb\"},\"inLanguage\":\"pt-PT\",\"potentialAction\":[{\"@type\":\"ReadAction\",\"target\":[\"https:\/\/portaltela.pt\/noticias\/2026\/04\/09\/reino-unido-e-franca-defendem-extensao-do-cessar-fogo-ao-libano\/\"]}]},{\"@type\":\"ImageObject\",\"inLanguage\":\"pt-PT\",\"@id\":\"https:\/\/portaltela.pt\/noticias\/2026\/04\/09\/reino-unido-e-franca-defendem-extensao-do-cessar-fogo-ao-libano\/#primaryimage\",\"url\":\"https:\/\/portaltela.pt\/s.01k8rhncp4jt1\/2026\/04\/CACHE_780X1200_ANALOG_WATERMARKED_46868293_2196809940147727.jpg\",\"contentUrl\":\"https:\/\/portaltela.pt\/s.01k8rhncp4jt1\/2026\/04\/CACHE_780X1200_ANALOG_WATERMARKED_46868293_2196809940147727.jpg\",\"width\":796,\"height\":448,\"caption\":\"Reino Unido e Fran\u00e7a defendem extens\u00e3o do cessar-fogo ao L\u00edbano\"},{\"@type\":\"BreadcrumbList\",\"@id\":\"https:\/\/portaltela.pt\/noticias\/2026\/04\/09\/reino-unido-e-franca-defendem-extensao-do-cessar-fogo-ao-libano\/#breadcrumb\",\"itemListElement\":[{\"@type\":\"ListItem\",\"position\":1,\"name\":\"In\u00edcio\",\"item\":\"https:\/\/portaltela.pt\/\"},{\"@type\":\"ListItem\",\"position\":2,\"name\":\"Reino Unido e Fran\u00e7a defendem extens\u00e3o do cessar-fogo ao L\u00edbano\"}]},{\"@type\":\"WebSite\",\"@id\":\"https:\/\/portaltela.pt\/#website\",\"url\":\"https:\/\/portaltela.pt\/\",\"name\":\"Portal Tela Portugal\",\"description\":\"\",\"potentialAction\":[{\"@type\":\"SearchAction\",\"target\":{\"@type\":\"EntryPoint\",\"urlTemplate\":\"https:\/\/portaltela.pt\/?s={search_term_string}\"},\"query-input\":{\"@type\":\"PropertyValueSpecification\",\"valueRequired\":true,\"valueName\":\"search_term_string\"}}],\"inLanguage\":\"pt-PT\"},{\"@type\":\"Person\",\"@id\":\"https:\/\/portaltela.pt\/#\/schema\/person\/c4278d4a6028830caff9ee44b42d32ed\",\"name\":\"Telinha\",\"image\":{\"@type\":\"ImageObject\",\"inLanguage\":\"pt-PT\",\"@id\":\"https:\/\/portaltela.pt\/s.01k8rhncp4jt1\/2025\/11\/talking-bot-125x125.png\",\"url\":\"https:\/\/portaltela.pt\/s.01k8rhncp4jt1\/2025\/11\/talking-bot-125x125.png\",\"contentUrl\":\"https:\/\/portaltela.pt\/s.01k8rhncp4jt1\/2025\/11\/talking-bot-125x125.png\",\"caption\":\"Telinha\"},\"sameAs\":[\"https:\/\/portaltela.pt\/\"],\"url\":\"https:\/\/portaltela.pt\/por\/367410592786\/\"}]}<\/script>\n<!-- \/ Yoast SEO plugin. -->","yoast_head_json":{"title":"Reino Unido e Fran\u00e7a defendem extens\u00e3o do cessar-fogo ao L\u00edbano - Portal Tela Portugal","robots":{"index":"index","follow":"follow","max-snippet":"max-snippet:-1","max-image-preview":"max-image-preview:large","max-video-preview":"max-video-preview:-1"},"og_locale":"pt_PT","og_type":"article","og_title":"Reino Unido e Fran\u00e7a defendem extens\u00e3o do cessar-fogo ao L\u00edbano - Portal Tela Portugal","og_description":"A ministra dos Neg\u00f3cios Estrangeiros brit\u00e2nica, Yvette Cooper, defendeu hoje a extens\u00e3o do cessar-fogo entre Washington e Teer\u00e3o ao L\u00edbano. A posi\u00e7\u00e3o reflete preocupa\u00e7\u00e3o com os bombardeamentos recentes de Israel. O objetivo \u00e9 alargar o cessar-fogo \u00e0 regi\u00e3o do L\u00edbano. O artigo original indica que o conte\u00fado completo est\u00e1 dispon\u00edvel apenas para subscritores. N\u00e3o foram divulgados mais detalhes no texto dispon\u00edvel.","og_url":"https:\/\/portaltela.pt\/noticias\/2026\/04\/09\/reino-unido-e-franca-defendem-extensao-do-cessar-fogo-ao-libano\/","og_site_name":"Portal Tela Portugal","article_published_time":"2026-04-09T08:55:00+00:00","author":"Telinha","twitter_card":"summary_large_image","twitter_misc":{"Escrito por":"Telinha","Tempo estimado de leitura":"1 minuto"},"schema":{"@context":"https:\/\/schema.org","@graph":[{"@type":"Article","@id":"https:\/\/portaltela.pt\/noticias\/2026\/04\/09\/reino-unido-e-franca-defendem-extensao-do-cessar-fogo-ao-libano\/#article","isPartOf":{"@id":"https:\/\/portaltela.pt\/noticias\/2026\/04\/09\/reino-unido-e-franca-defendem-extensao-do-cessar-fogo-ao-libano\/"},"author":{"name":"Telinha","@id":"https:\/\/portaltela.pt\/#\/schema\/person\/c4278d4a6028830caff9ee44b42d32ed"},"headline":"Reino Unido e Fran\u00e7a defendem extens\u00e3o do cessar-fogo ao L\u00edbano","datePublished":"2026-04-09T08:55:00+00:00","mainEntityOfPage":{"@id":"https:\/\/portaltela.pt\/noticias\/2026\/04\/09\/reino-unido-e-franca-defendem-extensao-do-cessar-fogo-ao-libano\/"},"wordCount":114,"image":{"@id":"https:\/\/portaltela.pt\/noticias\/2026\/04\/09\/reino-unido-e-franca-defendem-extensao-do-cessar-fogo-ao-libano\/#primaryimage"},"thumbnailUrl":"https:\/\/portaltela.pt\/s.01k8rhncp4jt1\/2026\/04\/CACHE_780X1200_ANALOG_WATERMARKED_46868293_2196809940147727.jpg","keywords":["cessar-fogo","diplomacia internacional","Fran\u00e7a","pol\u00edtica externa","Reino Unido","tens\u00f5es internacionais"],"articleSection":["Internacionais","Pol\u00edtica"],"inLanguage":"pt-PT"},{"@type":"WebPage","@id":"https:\/\/portaltela.pt\/noticias\/2026\/04\/09\/reino-unido-e-franca-defendem-extensao-do-cessar-fogo-ao-libano\/","url":"https:\/\/portaltela.pt\/noticias\/2026\/04\/09\/reino-unido-e-franca-defendem-extensao-do-cessar-fogo-ao-libano\/","name":"Reino Unido e Fran\u00e7a defendem extens\u00e3o do cessar-fogo ao L\u00edbano - Portal Tela Portugal","isPartOf":{"@id":"https:\/\/portaltela.pt\/#website"},"primaryImageOfPage":{"@id":"https:\/\/portaltela.pt\/noticias\/2026\/04\/09\/reino-unido-e-franca-defendem-extensao-do-cessar-fogo-ao-libano\/#primaryimage"},"image":{"@id":"https:\/\/portaltela.pt\/noticias\/2026\/04\/09\/reino-unido-e-franca-defendem-extensao-do-cessar-fogo-ao-libano\/#primaryimage"},"thumbnailUrl":"https:\/\/portaltela.pt\/s.01k8rhncp4jt1\/2026\/04\/CACHE_780X1200_ANALOG_WATERMARKED_46868293_2196809940147727.jpg","datePublished":"2026-04-09T08:55:00+00:00","author":{"@id":"https:\/\/portaltela.pt\/#\/schema\/person\/c4278d4a6028830caff9ee44b42d32ed"},"breadcrumb":{"@id":"https:\/\/portaltela.pt\/noticias\/2026\/04\/09\/reino-unido-e-franca-defendem-extensao-do-cessar-fogo-ao-libano\/#breadcrumb"},"inLanguage":"pt-PT","potentialAction":[{"@type":"ReadAction","target":["https:\/\/portaltela.pt\/noticias\/2026\/04\/09\/reino-unido-e-franca-defendem-extensao-do-cessar-fogo-ao-libano\/"]}]},{"@type":"ImageObject","inLanguage":"pt-PT","@id":"https:\/\/portaltela.pt\/noticias\/2026\/04\/09\/reino-unido-e-franca-defendem-extensao-do-cessar-fogo-ao-libano\/#primaryimage","url":"https:\/\/portaltela.pt\/s.01k8rhncp4jt1\/2026\/04\/CACHE_780X1200_ANALOG_WATERMARKED_46868293_2196809940147727.jpg","contentUrl":"https:\/\/portaltela.pt\/s.01k8rhncp4jt1\/2026\/04\/CACHE_780X1200_ANALOG_WATERMARKED_46868293_2196809940147727.jpg","width":796,"height":448,"caption":"Reino Unido e Fran\u00e7a defendem extens\u00e3o do cessar-fogo ao L\u00edbano"},{"@type":"BreadcrumbList","@id":"https:\/\/portaltela.pt\/noticias\/2026\/04\/09\/reino-unido-e-franca-defendem-extensao-do-cessar-fogo-ao-libano\/#breadcrumb","itemListElement":[{"@type":"ListItem","position":1,"name":"In\u00edcio","item":"https:\/\/portaltela.pt\/"},{"@type":"ListItem","position":2,"name":"Reino Unido e Fran\u00e7a defendem extens\u00e3o do cessar-fogo ao L\u00edbano"}]},{"@type":"WebSite","@id":"https:\/\/portaltela.pt\/#website","url":"https:\/\/portaltela.pt\/","name":"Portal Tela Portugal","description":"","potentialAction":[{"@type":"SearchAction","target":{"@type":"EntryPoint","urlTemplate":"https:\/\/portaltela.pt\/?s={search_term_string}"},"query-input":{"@type":"PropertyValueSpecification","valueRequired":true,"valueName":"search_term_string"}}],"inLanguage":"pt-PT"},{"@type":"Person","@id":"https:\/\/portaltela.pt\/#\/schema\/person\/c4278d4a6028830caff9ee44b42d32ed","name":"Telinha","image":{"@type":"ImageObject","inLanguage":"pt-PT","@id":"https:\/\/portaltela.pt\/s.01k8rhncp4jt1\/2025\/11\/talking-bot-125x125.png","url":"https:\/\/portaltela.pt\/s.01k8rhncp4jt1\/2025\/11\/talking-bot-125x125.png","contentUrl":"https:\/\/portaltela.pt\/s.01k8rhncp4jt1\/2025\/11\/talking-bot-125x125.png","caption":"Telinha"},"sameAs":["https:\/\/portaltela.pt\/"],"url":"https:\/\/portaltela.pt\/por\/367410592786\/"}]}},"_links":{"self":[{"href":"https:\/\/portaltela.pt\/api\/wp\/v2\/posts\/437836","targetHints":{"allow":["GET"]}}],"collection":[{"href":"https:\/\/portaltela.pt\/api\/wp\/v2\/posts"}],"about":[{"href":"https:\/\/portaltela.pt\/api\/wp\/v2\/types\/post"}],"author":[{"embeddable":true,"href":"https:\/\/portaltela.pt\/api\/wp\/v2\/users\/2"}],"replies":[{"embeddable":true,"href":"https:\/\/portaltela.pt\/api\/wp\/v2\/comments?post=437836"}],"version-history":[{"count":0,"href":"https:\/\/portaltela.pt\/api\/wp\/v2\/posts\/437836\/revisions"}],"wp:featuredmedia":[{"embeddable":true,"href":"https:\/\/portaltela.pt\/api\/wp\/v2\/media\/437839"}],"wp:attachment":[{"href":"https:\/\/portaltela.pt\/api\/wp\/v2\/media?parent=437836"}],"wp:term":[{"taxonomy":"category","embeddable":true,"href":"https:\/\/portaltela.pt\/api\/wp\/v2\/categories?post=437836"},{"taxonomy":"post_tag","embeddable":true,"href":"https:\/\/portaltela.pt\/api\/wp\/v2\/tags?post=437836"}],"curies":[{"name":"wp","href":"https:\/\/api.w.org\/{rel}","templated":true}]}}