{"id":437827,"date":"2026-04-09T08:16:58","date_gmt":"2026-04-09T11:16:58","guid":{"rendered":"https:\/\/portaltela.pt\/noticias\/2026\/04\/09\/portugal-pode-obter-vaga-extra-na-liga-dos-campeoes-na-proxima-epoca\/"},"modified":"2026-04-09T08:16:58","modified_gmt":"2026-04-09T11:16:58","slug":"portugal-pode-obter-vaga-extra-na-liga-dos-campeoes-na-proxima-epoca","status":"publish","type":"post","link":"https:\/\/portaltela.pt\/desporto\/futebol\/2026\/04\/09\/portugal-pode-obter-vaga-extra-na-liga-dos-campeoes-na-proxima-epoca\/","title":{"rendered":"Portugal pode obter vaga extra na Liga dos Campe\u00f5es na pr\u00f3xima \u00e9poca"},"content":{"rendered":"<p>O Braga empatou 1-1 com o Betis, num jogo da Liga dos Campe\u00f5es. O resultado n\u00e3o assegura por si a vaga extra para Portugal na pr\u00f3xima \u00e9poca.<\/p>\n<p>O Atl\u00e9tico de Madrid venceu o seu encontro, aproximando a Espanha de uma qualifica\u00e7\u00e3o direta para a Liga dos Campe\u00f5es. A vit\u00f3ria refor\u00e7a as hip\u00f3teses de representa\u00e7\u00e3o espanhola na fase de grupos.<\/p>\n<p>O empate do Braga acrescentou 0,2 pontos \u00e0s contas de Portugal, mas as perspetivas de conseguir a vaga extra continuam reduzidas. Entre Espanha, Portugal e Alemanha, a luta est\u00e1 em aberto com 19.714 pontos da Alemanha.<\/p>\n<p>Nesta quinta-feira, o Friburgo recebe o Celta de Vigo, numa ocasi\u00e3o para a Alemanha somar pontos e subir no ranking europeu. O FC Porto parte para casa de Nottingham Forest, \u00e0s 20h, na esperan\u00e7a de contribuir para a merit\u00f3ria soma de Portugal.<\/p>\n<p>O duelo entre Porto e Nottingham Forest pode ajudar a Portugal a somar pontos nesta temporada, embora n\u00e3o garanta a terceira vaga na fase regular da Liga dos Campe\u00f5es.<\/p>\n","protected":false},"excerpt":{"rendered":"<ul>\n<li>O Braga empatou 1-1 com o Betis e Portugal viu acrescentar 0,2 pontos no ranking de vagas para a Liga dos Campe\u00f5es.<\/li>\n<li>A vit\u00f3ria do Atl\u00e9tico de Madrid ajudou a Espanha a aproximar-se de uma vaga direta na competi\u00e7\u00e3o.<\/li>\n<li>Mesmo assim, as hip\u00f3teses de Portugal ficar com a vaga extra permanecem reduzidas, porque a Inglaterra j\u00e1 assegurou uma.<\/li>\n<li>A Alemanha est\u00e1 com 19.714 pontos e pode somar mais pontos esta quinta-feira, com o Friburgo a receber o Celta de Vigo.<\/li>\n<li>O Porto recebe o Nottingham Forest hoje, \u00e0s 20h, e pode aumentar os pontos de Portugal, mas sem garantir j\u00e1 a vaga extra na Liga dos Campe\u00f5es.<\/li>\n<\/ul>\n","protected":false},"author":2,"featured_media":437831,"comment_status":"closed","ping_status":"closed","sticky":false,"template":"","format":"standard","meta":{"footnotes":""},"categories":[21,24],"tags":[3577,1285,152,32,3505,1014],"class_list":["post-437827","post","type-post","status-publish","format-standard","has-post-thumbnail","hentry","category-desporto","category-futebol","tag-champions-league","tag-competicao","tag-desporto","tag-futebol","tag-ligas-internacionais","tag-portugal"],"yoast_head":"<!-- This site is optimized with the Yoast SEO plugin v27.2 - https:\/\/yoast.com\/product\/yoast-seo-wordpress\/ -->\n<title>Portugal pode obter vaga extra na Liga dos Campe\u00f5es na pr\u00f3xima \u00e9poca - Portal Tela Portugal<\/title>\n<meta name=\"robots\" content=\"index, follow, max-snippet:-1, max-image-preview:large, max-video-preview:-1\" \/>\n<meta property=\"og:locale\" content=\"pt_PT\" \/>\n<meta property=\"og:type\" content=\"article\" \/>\n<meta property=\"og:title\" content=\"Portugal pode obter vaga extra na Liga dos Campe\u00f5es na pr\u00f3xima \u00e9poca - Portal Tela Portugal\" \/>\n<meta property=\"og:description\" content=\"O Braga empatou 1-1 com o Betis e Portugal viu acrescentar 0,2 pontos no ranking de vagas para a Liga dos Campe\u00f5es. A vit\u00f3ria do Atl\u00e9tico de Madrid ajudou a Espanha a aproximar-se de uma vaga direta na competi\u00e7\u00e3o. Mesmo assim, as hip\u00f3teses de Portugal ficar com a vaga extra permanecem reduzidas, porque a Inglaterra j\u00e1 assegurou uma. A Alemanha est\u00e1 com 19.714 pontos e pode somar mais pontos esta quinta-feira, com o Friburgo a receber o Celta de Vigo. O Porto recebe o Nottingham Forest hoje, \u00e0s 20h, e pode aumentar os pontos de Portugal, mas sem garantir j\u00e1 a vaga extra na Liga dos Campe\u00f5es.\" \/>\n<meta property=\"og:url\" content=\"https:\/\/portaltela.pt\/noticias\/2026\/04\/09\/portugal-pode-obter-vaga-extra-na-liga-dos-campeoes-na-proxima-epoca\/\" \/>\n<meta property=\"og:site_name\" content=\"Portal Tela Portugal\" \/>\n<meta property=\"article:published_time\" content=\"2026-04-09T11:16:58+00:00\" \/>\n<meta name=\"author\" content=\"Telinha\" \/>\n<meta name=\"twitter:card\" content=\"summary_large_image\" \/>\n<meta name=\"twitter:label1\" content=\"Escrito por\" \/>\n\t<meta name=\"twitter:data1\" content=\"Telinha\" \/>\n\t<meta name=\"twitter:label2\" content=\"Tempo estimado de leitura\" \/>\n\t<meta name=\"twitter:data2\" content=\"1 minuto\" \/>\n<script type=\"application\/ld+json\" class=\"yoast-schema-graph\">{\"@context\":\"https:\/\/schema.org\",\"@graph\":[{\"@type\":\"Article\",\"@id\":\"https:\/\/portaltela.pt\/noticias\/2026\/04\/09\/portugal-pode-obter-vaga-extra-na-liga-dos-campeoes-na-proxima-epoca\/#article\",\"isPartOf\":{\"@id\":\"https:\/\/portaltela.pt\/noticias\/2026\/04\/09\/portugal-pode-obter-vaga-extra-na-liga-dos-campeoes-na-proxima-epoca\/\"},\"author\":{\"name\":\"Telinha\",\"@id\":\"https:\/\/portaltela.pt\/#\/schema\/person\/c4278d4a6028830caff9ee44b42d32ed\"},\"headline\":\"Portugal pode obter vaga extra na Liga dos Campe\u00f5es na pr\u00f3xima \u00e9poca\",\"datePublished\":\"2026-04-09T11:16:58+00:00\",\"mainEntityOfPage\":{\"@id\":\"https:\/\/portaltela.pt\/noticias\/2026\/04\/09\/portugal-pode-obter-vaga-extra-na-liga-dos-campeoes-na-proxima-epoca\/\"},\"wordCount\":193,\"image\":{\"@id\":\"https:\/\/portaltela.pt\/noticias\/2026\/04\/09\/portugal-pode-obter-vaga-extra-na-liga-dos-campeoes-na-proxima-epoca\/#primaryimage\"},\"thumbnailUrl\":\"https:\/\/portaltela.pt\/s.01k8rhncp4jt1\/2026\/04\/08f5c09f-9251-4f71-b9f9-431856e01259_1200x675.jpg\",\"keywords\":[\"Champions League\",\"competi\u00e7\u00e3o\",\"desporto\",\"futebol\",\"ligas internacionais\",\"Portugal\"],\"articleSection\":[\"Desporto\",\"Futebol\"],\"inLanguage\":\"pt-PT\"},{\"@type\":\"WebPage\",\"@id\":\"https:\/\/portaltela.pt\/noticias\/2026\/04\/09\/portugal-pode-obter-vaga-extra-na-liga-dos-campeoes-na-proxima-epoca\/\",\"url\":\"https:\/\/portaltela.pt\/noticias\/2026\/04\/09\/portugal-pode-obter-vaga-extra-na-liga-dos-campeoes-na-proxima-epoca\/\",\"name\":\"Portugal pode obter vaga extra na Liga dos Campe\u00f5es na pr\u00f3xima \u00e9poca - Portal Tela Portugal\",\"isPartOf\":{\"@id\":\"https:\/\/portaltela.pt\/#website\"},\"primaryImageOfPage\":{\"@id\":\"https:\/\/portaltela.pt\/noticias\/2026\/04\/09\/portugal-pode-obter-vaga-extra-na-liga-dos-campeoes-na-proxima-epoca\/#primaryimage\"},\"image\":{\"@id\":\"https:\/\/portaltela.pt\/noticias\/2026\/04\/09\/portugal-pode-obter-vaga-extra-na-liga-dos-campeoes-na-proxima-epoca\/#primaryimage\"},\"thumbnailUrl\":\"https:\/\/portaltela.pt\/s.01k8rhncp4jt1\/2026\/04\/08f5c09f-9251-4f71-b9f9-431856e01259_1200x675.jpg\",\"datePublished\":\"2026-04-09T11:16:58+00:00\",\"author\":{\"@id\":\"https:\/\/portaltela.pt\/#\/schema\/person\/c4278d4a6028830caff9ee44b42d32ed\"},\"breadcrumb\":{\"@id\":\"https:\/\/portaltela.pt\/noticias\/2026\/04\/09\/portugal-pode-obter-vaga-extra-na-liga-dos-campeoes-na-proxima-epoca\/#breadcrumb\"},\"inLanguage\":\"pt-PT\",\"potentialAction\":[{\"@type\":\"ReadAction\",\"target\":[\"https:\/\/portaltela.pt\/noticias\/2026\/04\/09\/portugal-pode-obter-vaga-extra-na-liga-dos-campeoes-na-proxima-epoca\/\"]}]},{\"@type\":\"ImageObject\",\"inLanguage\":\"pt-PT\",\"@id\":\"https:\/\/portaltela.pt\/noticias\/2026\/04\/09\/portugal-pode-obter-vaga-extra-na-liga-dos-campeoes-na-proxima-epoca\/#primaryimage\",\"url\":\"https:\/\/portaltela.pt\/s.01k8rhncp4jt1\/2026\/04\/08f5c09f-9251-4f71-b9f9-431856e01259_1200x675.jpg\",\"contentUrl\":\"https:\/\/portaltela.pt\/s.01k8rhncp4jt1\/2026\/04\/08f5c09f-9251-4f71-b9f9-431856e01259_1200x675.jpg\",\"width\":796,\"height\":448,\"caption\":\"Sporting perdeu em Alvalade com o Arsenal e segue para a segunda-m\u00e3o com um golo de desvantagem\"},{\"@type\":\"BreadcrumbList\",\"@id\":\"https:\/\/portaltela.pt\/noticias\/2026\/04\/09\/portugal-pode-obter-vaga-extra-na-liga-dos-campeoes-na-proxima-epoca\/#breadcrumb\",\"itemListElement\":[{\"@type\":\"ListItem\",\"position\":1,\"name\":\"In\u00edcio\",\"item\":\"https:\/\/portaltela.pt\/\"},{\"@type\":\"ListItem\",\"position\":2,\"name\":\"Portugal pode obter vaga extra na Liga dos Campe\u00f5es na pr\u00f3xima \u00e9poca\"}]},{\"@type\":\"WebSite\",\"@id\":\"https:\/\/portaltela.pt\/#website\",\"url\":\"https:\/\/portaltela.pt\/\",\"name\":\"Portal Tela Portugal\",\"description\":\"\",\"potentialAction\":[{\"@type\":\"SearchAction\",\"target\":{\"@type\":\"EntryPoint\",\"urlTemplate\":\"https:\/\/portaltela.pt\/?s={search_term_string}\"},\"query-input\":{\"@type\":\"PropertyValueSpecification\",\"valueRequired\":true,\"valueName\":\"search_term_string\"}}],\"inLanguage\":\"pt-PT\"},{\"@type\":\"Person\",\"@id\":\"https:\/\/portaltela.pt\/#\/schema\/person\/c4278d4a6028830caff9ee44b42d32ed\",\"name\":\"Telinha\",\"image\":{\"@type\":\"ImageObject\",\"inLanguage\":\"pt-PT\",\"@id\":\"https:\/\/portaltela.pt\/s.01k8rhncp4jt1\/2025\/11\/talking-bot-125x125.png\",\"url\":\"https:\/\/portaltela.pt\/s.01k8rhncp4jt1\/2025\/11\/talking-bot-125x125.png\",\"contentUrl\":\"https:\/\/portaltela.pt\/s.01k8rhncp4jt1\/2025\/11\/talking-bot-125x125.png\",\"caption\":\"Telinha\"},\"sameAs\":[\"https:\/\/portaltela.pt\/\"],\"url\":\"https:\/\/portaltela.pt\/por\/367410592786\/\"}]}<\/script>\n<!-- \/ Yoast SEO plugin. -->","yoast_head_json":{"title":"Portugal pode obter vaga extra na Liga dos Campe\u00f5es na pr\u00f3xima \u00e9poca - Portal Tela Portugal","robots":{"index":"index","follow":"follow","max-snippet":"max-snippet:-1","max-image-preview":"max-image-preview:large","max-video-preview":"max-video-preview:-1"},"og_locale":"pt_PT","og_type":"article","og_title":"Portugal pode obter vaga extra na Liga dos Campe\u00f5es na pr\u00f3xima \u00e9poca - Portal Tela Portugal","og_description":"O Braga empatou 1-1 com o Betis e Portugal viu acrescentar 0,2 pontos no ranking de vagas para a Liga dos Campe\u00f5es. A vit\u00f3ria do Atl\u00e9tico de Madrid ajudou a Espanha a aproximar-se de uma vaga direta na competi\u00e7\u00e3o. Mesmo assim, as hip\u00f3teses de Portugal ficar com a vaga extra permanecem reduzidas, porque a Inglaterra j\u00e1 assegurou uma. A Alemanha est\u00e1 com 19.714 pontos e pode somar mais pontos esta quinta-feira, com o Friburgo a receber o Celta de Vigo. O Porto recebe o Nottingham Forest hoje, \u00e0s 20h, e pode aumentar os pontos de Portugal, mas sem garantir j\u00e1 a vaga extra na Liga dos Campe\u00f5es.","og_url":"https:\/\/portaltela.pt\/noticias\/2026\/04\/09\/portugal-pode-obter-vaga-extra-na-liga-dos-campeoes-na-proxima-epoca\/","og_site_name":"Portal Tela Portugal","article_published_time":"2026-04-09T11:16:58+00:00","author":"Telinha","twitter_card":"summary_large_image","twitter_misc":{"Escrito por":"Telinha","Tempo estimado de leitura":"1 minuto"},"schema":{"@context":"https:\/\/schema.org","@graph":[{"@type":"Article","@id":"https:\/\/portaltela.pt\/noticias\/2026\/04\/09\/portugal-pode-obter-vaga-extra-na-liga-dos-campeoes-na-proxima-epoca\/#article","isPartOf":{"@id":"https:\/\/portaltela.pt\/noticias\/2026\/04\/09\/portugal-pode-obter-vaga-extra-na-liga-dos-campeoes-na-proxima-epoca\/"},"author":{"name":"Telinha","@id":"https:\/\/portaltela.pt\/#\/schema\/person\/c4278d4a6028830caff9ee44b42d32ed"},"headline":"Portugal pode obter vaga extra na Liga dos Campe\u00f5es na pr\u00f3xima \u00e9poca","datePublished":"2026-04-09T11:16:58+00:00","mainEntityOfPage":{"@id":"https:\/\/portaltela.pt\/noticias\/2026\/04\/09\/portugal-pode-obter-vaga-extra-na-liga-dos-campeoes-na-proxima-epoca\/"},"wordCount":193,"image":{"@id":"https:\/\/portaltela.pt\/noticias\/2026\/04\/09\/portugal-pode-obter-vaga-extra-na-liga-dos-campeoes-na-proxima-epoca\/#primaryimage"},"thumbnailUrl":"https:\/\/portaltela.pt\/s.01k8rhncp4jt1\/2026\/04\/08f5c09f-9251-4f71-b9f9-431856e01259_1200x675.jpg","keywords":["Champions League","competi\u00e7\u00e3o","desporto","futebol","ligas internacionais","Portugal"],"articleSection":["Desporto","Futebol"],"inLanguage":"pt-PT"},{"@type":"WebPage","@id":"https:\/\/portaltela.pt\/noticias\/2026\/04\/09\/portugal-pode-obter-vaga-extra-na-liga-dos-campeoes-na-proxima-epoca\/","url":"https:\/\/portaltela.pt\/noticias\/2026\/04\/09\/portugal-pode-obter-vaga-extra-na-liga-dos-campeoes-na-proxima-epoca\/","name":"Portugal pode obter vaga extra na Liga dos Campe\u00f5es na pr\u00f3xima \u00e9poca - Portal Tela Portugal","isPartOf":{"@id":"https:\/\/portaltela.pt\/#website"},"primaryImageOfPage":{"@id":"https:\/\/portaltela.pt\/noticias\/2026\/04\/09\/portugal-pode-obter-vaga-extra-na-liga-dos-campeoes-na-proxima-epoca\/#primaryimage"},"image":{"@id":"https:\/\/portaltela.pt\/noticias\/2026\/04\/09\/portugal-pode-obter-vaga-extra-na-liga-dos-campeoes-na-proxima-epoca\/#primaryimage"},"thumbnailUrl":"https:\/\/portaltela.pt\/s.01k8rhncp4jt1\/2026\/04\/08f5c09f-9251-4f71-b9f9-431856e01259_1200x675.jpg","datePublished":"2026-04-09T11:16:58+00:00","author":{"@id":"https:\/\/portaltela.pt\/#\/schema\/person\/c4278d4a6028830caff9ee44b42d32ed"},"breadcrumb":{"@id":"https:\/\/portaltela.pt\/noticias\/2026\/04\/09\/portugal-pode-obter-vaga-extra-na-liga-dos-campeoes-na-proxima-epoca\/#breadcrumb"},"inLanguage":"pt-PT","potentialAction":[{"@type":"ReadAction","target":["https:\/\/portaltela.pt\/noticias\/2026\/04\/09\/portugal-pode-obter-vaga-extra-na-liga-dos-campeoes-na-proxima-epoca\/"]}]},{"@type":"ImageObject","inLanguage":"pt-PT","@id":"https:\/\/portaltela.pt\/noticias\/2026\/04\/09\/portugal-pode-obter-vaga-extra-na-liga-dos-campeoes-na-proxima-epoca\/#primaryimage","url":"https:\/\/portaltela.pt\/s.01k8rhncp4jt1\/2026\/04\/08f5c09f-9251-4f71-b9f9-431856e01259_1200x675.jpg","contentUrl":"https:\/\/portaltela.pt\/s.01k8rhncp4jt1\/2026\/04\/08f5c09f-9251-4f71-b9f9-431856e01259_1200x675.jpg","width":796,"height":448,"caption":"Sporting perdeu em Alvalade com o Arsenal e segue para a segunda-m\u00e3o com um golo de desvantagem"},{"@type":"BreadcrumbList","@id":"https:\/\/portaltela.pt\/noticias\/2026\/04\/09\/portugal-pode-obter-vaga-extra-na-liga-dos-campeoes-na-proxima-epoca\/#breadcrumb","itemListElement":[{"@type":"ListItem","position":1,"name":"In\u00edcio","item":"https:\/\/portaltela.pt\/"},{"@type":"ListItem","position":2,"name":"Portugal pode obter vaga extra na Liga dos Campe\u00f5es na pr\u00f3xima \u00e9poca"}]},{"@type":"WebSite","@id":"https:\/\/portaltela.pt\/#website","url":"https:\/\/portaltela.pt\/","name":"Portal Tela Portugal","description":"","potentialAction":[{"@type":"SearchAction","target":{"@type":"EntryPoint","urlTemplate":"https:\/\/portaltela.pt\/?s={search_term_string}"},"query-input":{"@type":"PropertyValueSpecification","valueRequired":true,"valueName":"search_term_string"}}],"inLanguage":"pt-PT"},{"@type":"Person","@id":"https:\/\/portaltela.pt\/#\/schema\/person\/c4278d4a6028830caff9ee44b42d32ed","name":"Telinha","image":{"@type":"ImageObject","inLanguage":"pt-PT","@id":"https:\/\/portaltela.pt\/s.01k8rhncp4jt1\/2025\/11\/talking-bot-125x125.png","url":"https:\/\/portaltela.pt\/s.01k8rhncp4jt1\/2025\/11\/talking-bot-125x125.png","contentUrl":"https:\/\/portaltela.pt\/s.01k8rhncp4jt1\/2025\/11\/talking-bot-125x125.png","caption":"Telinha"},"sameAs":["https:\/\/portaltela.pt\/"],"url":"https:\/\/portaltela.pt\/por\/367410592786\/"}]}},"_links":{"self":[{"href":"https:\/\/portaltela.pt\/api\/wp\/v2\/posts\/437827","targetHints":{"allow":["GET"]}}],"collection":[{"href":"https:\/\/portaltela.pt\/api\/wp\/v2\/posts"}],"about":[{"href":"https:\/\/portaltela.pt\/api\/wp\/v2\/types\/post"}],"author":[{"embeddable":true,"href":"https:\/\/portaltela.pt\/api\/wp\/v2\/users\/2"}],"replies":[{"embeddable":true,"href":"https:\/\/portaltela.pt\/api\/wp\/v2\/comments?post=437827"}],"version-history":[{"count":0,"href":"https:\/\/portaltela.pt\/api\/wp\/v2\/posts\/437827\/revisions"}],"wp:featuredmedia":[{"embeddable":true,"href":"https:\/\/portaltela.pt\/api\/wp\/v2\/media\/437831"}],"wp:attachment":[{"href":"https:\/\/portaltela.pt\/api\/wp\/v2\/media?parent=437827"}],"wp:term":[{"taxonomy":"category","embeddable":true,"href":"https:\/\/portaltela.pt\/api\/wp\/v2\/categories?post=437827"},{"taxonomy":"post_tag","embeddable":true,"href":"https:\/\/portaltela.pt\/api\/wp\/v2\/tags?post=437827"}],"curies":[{"name":"wp","href":"https:\/\/api.w.org\/{rel}","templated":true}]}}