{"id":437817,"date":"2026-04-09T07:44:00","date_gmt":"2026-04-09T10:44:00","guid":{"rendered":"https:\/\/portaltela.pt\/noticias\/2026\/04\/09\/guerras-migracao-e-desastres-climaticos-entre-vencedores-regionais-do-wpp\/"},"modified":"2026-04-09T07:44:00","modified_gmt":"2026-04-09T10:44:00","slug":"guerras-migracao-e-desastres-climaticos-entre-vencedores-regionais-do-wpp","status":"publish","type":"post","link":"https:\/\/portaltela.pt\/noticias\/internacional\/2026\/04\/09\/guerras-migracao-e-desastres-climaticos-entre-vencedores-regionais-do-wpp\/","title":{"rendered":"Guerras, migra\u00e7\u00e3o e desastres clim\u00e1ticos entre vencedores regionais do WPP"},"content":{"rendered":"<p>A ag\u00eancia Lusa informa que os vencedores regionais do World Press Photo destacaram, entre as suas imagens premiadas, temas como guerras, imigra\u00e7\u00e3o e desastres clim\u00e1ticos. A sele\u00e7\u00e3o evidencia o jornalismo visual sobre crises humanas e ambientais.<\/p>\n<p>A not\u00edcia n\u00e3o especifica nomes dos vencedores, datas nem locais exatos, limitando-se a apresentar o conjunto tem\u00e1tico dos trabalhos premiados. O foco permanece nos acontecimentos globais retratados por fot\u00f3grafos de v\u00e1rias regi\u00f5es.<\/p>\n<p>O an\u00fancio refor\u00e7a a import\u00e2ncia do fotojornalismo na cobertura de conflitos, deslocamentos de pessoas e eventos clim\u00e1ticos extremos. N\u00e3o foram divulgadas informa\u00e7\u00f5es adicionais sobre a cerim\u00f3nia ou crit\u00e9rios de sele\u00e7\u00e3o.<\/p>\n","protected":false},"excerpt":{"rendered":"<ul>\n<li>Guerras, imigra\u00e7\u00e3o e desastres clim\u00e1ticos entre os vencedores regionais do World Press Photo.<\/li>\n<li>O conjunto de temas destacado prov\u00e9m dos vencedores regionais desta edi\u00e7\u00e3o.<\/li>\n<li>A not\u00edcia foca a diversidade de enfoques entre regi\u00f5es premiadas.<\/li>\n<li>World Press Photo \u00e9 o evento em que esses temas foram premiados pelos vencedores regionais.<\/li>\n<\/ul>\n","protected":false},"author":2,"featured_media":437820,"comment_status":"closed","ping_status":"closed","sticky":false,"template":"","format":"standard","meta":{"footnotes":""},"categories":[6790,4],"tags":[7767,2358,6063,62,712,5707],"class_list":["post-437817","post","type-post","status-publish","format-standard","has-post-thumbnail","hentry","category-conflitos","category-internacional","tag-_meio-ambiente","tag-crises-internacionais","tag-desastres","tag-guerra","tag-imigracao","tag-jornalistas"],"yoast_head":"<!-- This site is optimized with the Yoast SEO plugin v27.2 - https:\/\/yoast.com\/product\/yoast-seo-wordpress\/ -->\n<title>Guerras, migra\u00e7\u00e3o e desastres clim\u00e1ticos entre vencedores regionais do WPP - Portal Tela Portugal<\/title>\n<meta name=\"robots\" content=\"index, follow, max-snippet:-1, max-image-preview:large, max-video-preview:-1\" \/>\n<meta property=\"og:locale\" content=\"pt_PT\" \/>\n<meta property=\"og:type\" content=\"article\" \/>\n<meta property=\"og:title\" content=\"Guerras, migra\u00e7\u00e3o e desastres clim\u00e1ticos entre vencedores regionais do WPP - Portal Tela Portugal\" \/>\n<meta property=\"og:description\" content=\"Guerras, imigra\u00e7\u00e3o e desastres clim\u00e1ticos entre os vencedores regionais do World Press Photo. O conjunto de temas destacado prov\u00e9m dos vencedores regionais desta edi\u00e7\u00e3o. A not\u00edcia foca a diversidade de enfoques entre regi\u00f5es premiadas. World Press Photo \u00e9 o evento em que esses temas foram premiados pelos vencedores regionais.\" \/>\n<meta property=\"og:url\" content=\"https:\/\/portaltela.pt\/noticias\/2026\/04\/09\/guerras-migracao-e-desastres-climaticos-entre-vencedores-regionais-do-wpp\/\" \/>\n<meta property=\"og:site_name\" content=\"Portal Tela Portugal\" \/>\n<meta property=\"article:published_time\" content=\"2026-04-09T10:44:00+00:00\" \/>\n<meta name=\"author\" content=\"Telinha\" \/>\n<meta name=\"twitter:card\" content=\"summary_large_image\" \/>\n<meta name=\"twitter:label1\" content=\"Escrito por\" \/>\n\t<meta name=\"twitter:data1\" content=\"Telinha\" \/>\n\t<meta name=\"twitter:label2\" content=\"Tempo estimado de leitura\" \/>\n\t<meta name=\"twitter:data2\" content=\"1 minuto\" \/>\n<script type=\"application\/ld+json\" class=\"yoast-schema-graph\">{\"@context\":\"https:\/\/schema.org\",\"@graph\":[{\"@type\":\"Article\",\"@id\":\"https:\/\/portaltela.pt\/noticias\/2026\/04\/09\/guerras-migracao-e-desastres-climaticos-entre-vencedores-regionais-do-wpp\/#article\",\"isPartOf\":{\"@id\":\"https:\/\/portaltela.pt\/noticias\/2026\/04\/09\/guerras-migracao-e-desastres-climaticos-entre-vencedores-regionais-do-wpp\/\"},\"author\":{\"name\":\"Telinha\",\"@id\":\"https:\/\/portaltela.pt\/#\/schema\/person\/c4278d4a6028830caff9ee44b42d32ed\"},\"headline\":\"Guerras, migra\u00e7\u00e3o e desastres clim\u00e1ticos entre vencedores regionais do WPP\",\"datePublished\":\"2026-04-09T10:44:00+00:00\",\"mainEntityOfPage\":{\"@id\":\"https:\/\/portaltela.pt\/noticias\/2026\/04\/09\/guerras-migracao-e-desastres-climaticos-entre-vencedores-regionais-do-wpp\/\"},\"wordCount\":129,\"image\":{\"@id\":\"https:\/\/portaltela.pt\/noticias\/2026\/04\/09\/guerras-migracao-e-desastres-climaticos-entre-vencedores-regionais-do-wpp\/#primaryimage\"},\"thumbnailUrl\":\"https:\/\/portaltela.pt\/s.01k8rhncp4jt1\/2026\/04\/CACHE_780X1200_ANALOG_WATERMARKED_46899247_529799525923129.jpg\",\"keywords\":[\"_meio-ambiente\",\"crises internacionais\",\"desastres\",\"guerra\",\"imigra\u00e7\u00e3o\",\"jornalistas\"],\"articleSection\":[\"Conflitos\",\"Internacional\"],\"inLanguage\":\"pt-PT\"},{\"@type\":\"WebPage\",\"@id\":\"https:\/\/portaltela.pt\/noticias\/2026\/04\/09\/guerras-migracao-e-desastres-climaticos-entre-vencedores-regionais-do-wpp\/\",\"url\":\"https:\/\/portaltela.pt\/noticias\/2026\/04\/09\/guerras-migracao-e-desastres-climaticos-entre-vencedores-regionais-do-wpp\/\",\"name\":\"Guerras, migra\u00e7\u00e3o e desastres clim\u00e1ticos entre vencedores regionais do WPP - Portal Tela Portugal\",\"isPartOf\":{\"@id\":\"https:\/\/portaltela.pt\/#website\"},\"primaryImageOfPage\":{\"@id\":\"https:\/\/portaltela.pt\/noticias\/2026\/04\/09\/guerras-migracao-e-desastres-climaticos-entre-vencedores-regionais-do-wpp\/#primaryimage\"},\"image\":{\"@id\":\"https:\/\/portaltela.pt\/noticias\/2026\/04\/09\/guerras-migracao-e-desastres-climaticos-entre-vencedores-regionais-do-wpp\/#primaryimage\"},\"thumbnailUrl\":\"https:\/\/portaltela.pt\/s.01k8rhncp4jt1\/2026\/04\/CACHE_780X1200_ANALOG_WATERMARKED_46899247_529799525923129.jpg\",\"datePublished\":\"2026-04-09T10:44:00+00:00\",\"author\":{\"@id\":\"https:\/\/portaltela.pt\/#\/schema\/person\/c4278d4a6028830caff9ee44b42d32ed\"},\"breadcrumb\":{\"@id\":\"https:\/\/portaltela.pt\/noticias\/2026\/04\/09\/guerras-migracao-e-desastres-climaticos-entre-vencedores-regionais-do-wpp\/#breadcrumb\"},\"inLanguage\":\"pt-PT\",\"potentialAction\":[{\"@type\":\"ReadAction\",\"target\":[\"https:\/\/portaltela.pt\/noticias\/2026\/04\/09\/guerras-migracao-e-desastres-climaticos-entre-vencedores-regionais-do-wpp\/\"]}]},{\"@type\":\"ImageObject\",\"inLanguage\":\"pt-PT\",\"@id\":\"https:\/\/portaltela.pt\/noticias\/2026\/04\/09\/guerras-migracao-e-desastres-climaticos-entre-vencedores-regionais-do-wpp\/#primaryimage\",\"url\":\"https:\/\/portaltela.pt\/s.01k8rhncp4jt1\/2026\/04\/CACHE_780X1200_ANALOG_WATERMARKED_46899247_529799525923129.jpg\",\"contentUrl\":\"https:\/\/portaltela.pt\/s.01k8rhncp4jt1\/2026\/04\/CACHE_780X1200_ANALOG_WATERMARKED_46899247_529799525923129.jpg\",\"width\":796,\"height\":448,\"caption\":\"Photo\"},{\"@type\":\"BreadcrumbList\",\"@id\":\"https:\/\/portaltela.pt\/noticias\/2026\/04\/09\/guerras-migracao-e-desastres-climaticos-entre-vencedores-regionais-do-wpp\/#breadcrumb\",\"itemListElement\":[{\"@type\":\"ListItem\",\"position\":1,\"name\":\"In\u00edcio\",\"item\":\"https:\/\/portaltela.pt\/\"},{\"@type\":\"ListItem\",\"position\":2,\"name\":\"Guerras, migra\u00e7\u00e3o e desastres clim\u00e1ticos entre vencedores regionais do WPP\"}]},{\"@type\":\"WebSite\",\"@id\":\"https:\/\/portaltela.pt\/#website\",\"url\":\"https:\/\/portaltela.pt\/\",\"name\":\"Portal Tela Portugal\",\"description\":\"\",\"potentialAction\":[{\"@type\":\"SearchAction\",\"target\":{\"@type\":\"EntryPoint\",\"urlTemplate\":\"https:\/\/portaltela.pt\/?s={search_term_string}\"},\"query-input\":{\"@type\":\"PropertyValueSpecification\",\"valueRequired\":true,\"valueName\":\"search_term_string\"}}],\"inLanguage\":\"pt-PT\"},{\"@type\":\"Person\",\"@id\":\"https:\/\/portaltela.pt\/#\/schema\/person\/c4278d4a6028830caff9ee44b42d32ed\",\"name\":\"Telinha\",\"image\":{\"@type\":\"ImageObject\",\"inLanguage\":\"pt-PT\",\"@id\":\"https:\/\/portaltela.pt\/s.01k8rhncp4jt1\/2025\/11\/talking-bot-125x125.png\",\"url\":\"https:\/\/portaltela.pt\/s.01k8rhncp4jt1\/2025\/11\/talking-bot-125x125.png\",\"contentUrl\":\"https:\/\/portaltela.pt\/s.01k8rhncp4jt1\/2025\/11\/talking-bot-125x125.png\",\"caption\":\"Telinha\"},\"sameAs\":[\"https:\/\/portaltela.pt\/\"],\"url\":\"https:\/\/portaltela.pt\/por\/367410592786\/\"}]}<\/script>\n<!-- \/ Yoast SEO plugin. -->","yoast_head_json":{"title":"Guerras, migra\u00e7\u00e3o e desastres clim\u00e1ticos entre vencedores regionais do WPP - Portal Tela Portugal","robots":{"index":"index","follow":"follow","max-snippet":"max-snippet:-1","max-image-preview":"max-image-preview:large","max-video-preview":"max-video-preview:-1"},"og_locale":"pt_PT","og_type":"article","og_title":"Guerras, migra\u00e7\u00e3o e desastres clim\u00e1ticos entre vencedores regionais do WPP - Portal Tela Portugal","og_description":"Guerras, imigra\u00e7\u00e3o e desastres clim\u00e1ticos entre os vencedores regionais do World Press Photo. O conjunto de temas destacado prov\u00e9m dos vencedores regionais desta edi\u00e7\u00e3o. A not\u00edcia foca a diversidade de enfoques entre regi\u00f5es premiadas. World Press Photo \u00e9 o evento em que esses temas foram premiados pelos vencedores regionais.","og_url":"https:\/\/portaltela.pt\/noticias\/2026\/04\/09\/guerras-migracao-e-desastres-climaticos-entre-vencedores-regionais-do-wpp\/","og_site_name":"Portal Tela Portugal","article_published_time":"2026-04-09T10:44:00+00:00","author":"Telinha","twitter_card":"summary_large_image","twitter_misc":{"Escrito por":"Telinha","Tempo estimado de leitura":"1 minuto"},"schema":{"@context":"https:\/\/schema.org","@graph":[{"@type":"Article","@id":"https:\/\/portaltela.pt\/noticias\/2026\/04\/09\/guerras-migracao-e-desastres-climaticos-entre-vencedores-regionais-do-wpp\/#article","isPartOf":{"@id":"https:\/\/portaltela.pt\/noticias\/2026\/04\/09\/guerras-migracao-e-desastres-climaticos-entre-vencedores-regionais-do-wpp\/"},"author":{"name":"Telinha","@id":"https:\/\/portaltela.pt\/#\/schema\/person\/c4278d4a6028830caff9ee44b42d32ed"},"headline":"Guerras, migra\u00e7\u00e3o e desastres clim\u00e1ticos entre vencedores regionais do WPP","datePublished":"2026-04-09T10:44:00+00:00","mainEntityOfPage":{"@id":"https:\/\/portaltela.pt\/noticias\/2026\/04\/09\/guerras-migracao-e-desastres-climaticos-entre-vencedores-regionais-do-wpp\/"},"wordCount":129,"image":{"@id":"https:\/\/portaltela.pt\/noticias\/2026\/04\/09\/guerras-migracao-e-desastres-climaticos-entre-vencedores-regionais-do-wpp\/#primaryimage"},"thumbnailUrl":"https:\/\/portaltela.pt\/s.01k8rhncp4jt1\/2026\/04\/CACHE_780X1200_ANALOG_WATERMARKED_46899247_529799525923129.jpg","keywords":["_meio-ambiente","crises internacionais","desastres","guerra","imigra\u00e7\u00e3o","jornalistas"],"articleSection":["Conflitos","Internacional"],"inLanguage":"pt-PT"},{"@type":"WebPage","@id":"https:\/\/portaltela.pt\/noticias\/2026\/04\/09\/guerras-migracao-e-desastres-climaticos-entre-vencedores-regionais-do-wpp\/","url":"https:\/\/portaltela.pt\/noticias\/2026\/04\/09\/guerras-migracao-e-desastres-climaticos-entre-vencedores-regionais-do-wpp\/","name":"Guerras, migra\u00e7\u00e3o e desastres clim\u00e1ticos entre vencedores regionais do WPP - Portal Tela Portugal","isPartOf":{"@id":"https:\/\/portaltela.pt\/#website"},"primaryImageOfPage":{"@id":"https:\/\/portaltela.pt\/noticias\/2026\/04\/09\/guerras-migracao-e-desastres-climaticos-entre-vencedores-regionais-do-wpp\/#primaryimage"},"image":{"@id":"https:\/\/portaltela.pt\/noticias\/2026\/04\/09\/guerras-migracao-e-desastres-climaticos-entre-vencedores-regionais-do-wpp\/#primaryimage"},"thumbnailUrl":"https:\/\/portaltela.pt\/s.01k8rhncp4jt1\/2026\/04\/CACHE_780X1200_ANALOG_WATERMARKED_46899247_529799525923129.jpg","datePublished":"2026-04-09T10:44:00+00:00","author":{"@id":"https:\/\/portaltela.pt\/#\/schema\/person\/c4278d4a6028830caff9ee44b42d32ed"},"breadcrumb":{"@id":"https:\/\/portaltela.pt\/noticias\/2026\/04\/09\/guerras-migracao-e-desastres-climaticos-entre-vencedores-regionais-do-wpp\/#breadcrumb"},"inLanguage":"pt-PT","potentialAction":[{"@type":"ReadAction","target":["https:\/\/portaltela.pt\/noticias\/2026\/04\/09\/guerras-migracao-e-desastres-climaticos-entre-vencedores-regionais-do-wpp\/"]}]},{"@type":"ImageObject","inLanguage":"pt-PT","@id":"https:\/\/portaltela.pt\/noticias\/2026\/04\/09\/guerras-migracao-e-desastres-climaticos-entre-vencedores-regionais-do-wpp\/#primaryimage","url":"https:\/\/portaltela.pt\/s.01k8rhncp4jt1\/2026\/04\/CACHE_780X1200_ANALOG_WATERMARKED_46899247_529799525923129.jpg","contentUrl":"https:\/\/portaltela.pt\/s.01k8rhncp4jt1\/2026\/04\/CACHE_780X1200_ANALOG_WATERMARKED_46899247_529799525923129.jpg","width":796,"height":448,"caption":"Photo"},{"@type":"BreadcrumbList","@id":"https:\/\/portaltela.pt\/noticias\/2026\/04\/09\/guerras-migracao-e-desastres-climaticos-entre-vencedores-regionais-do-wpp\/#breadcrumb","itemListElement":[{"@type":"ListItem","position":1,"name":"In\u00edcio","item":"https:\/\/portaltela.pt\/"},{"@type":"ListItem","position":2,"name":"Guerras, migra\u00e7\u00e3o e desastres clim\u00e1ticos entre vencedores regionais do WPP"}]},{"@type":"WebSite","@id":"https:\/\/portaltela.pt\/#website","url":"https:\/\/portaltela.pt\/","name":"Portal Tela Portugal","description":"","potentialAction":[{"@type":"SearchAction","target":{"@type":"EntryPoint","urlTemplate":"https:\/\/portaltela.pt\/?s={search_term_string}"},"query-input":{"@type":"PropertyValueSpecification","valueRequired":true,"valueName":"search_term_string"}}],"inLanguage":"pt-PT"},{"@type":"Person","@id":"https:\/\/portaltela.pt\/#\/schema\/person\/c4278d4a6028830caff9ee44b42d32ed","name":"Telinha","image":{"@type":"ImageObject","inLanguage":"pt-PT","@id":"https:\/\/portaltela.pt\/s.01k8rhncp4jt1\/2025\/11\/talking-bot-125x125.png","url":"https:\/\/portaltela.pt\/s.01k8rhncp4jt1\/2025\/11\/talking-bot-125x125.png","contentUrl":"https:\/\/portaltela.pt\/s.01k8rhncp4jt1\/2025\/11\/talking-bot-125x125.png","caption":"Telinha"},"sameAs":["https:\/\/portaltela.pt\/"],"url":"https:\/\/portaltela.pt\/por\/367410592786\/"}]}},"_links":{"self":[{"href":"https:\/\/portaltela.pt\/api\/wp\/v2\/posts\/437817","targetHints":{"allow":["GET"]}}],"collection":[{"href":"https:\/\/portaltela.pt\/api\/wp\/v2\/posts"}],"about":[{"href":"https:\/\/portaltela.pt\/api\/wp\/v2\/types\/post"}],"author":[{"embeddable":true,"href":"https:\/\/portaltela.pt\/api\/wp\/v2\/users\/2"}],"replies":[{"embeddable":true,"href":"https:\/\/portaltela.pt\/api\/wp\/v2\/comments?post=437817"}],"version-history":[{"count":0,"href":"https:\/\/portaltela.pt\/api\/wp\/v2\/posts\/437817\/revisions"}],"wp:featuredmedia":[{"embeddable":true,"href":"https:\/\/portaltela.pt\/api\/wp\/v2\/media\/437820"}],"wp:attachment":[{"href":"https:\/\/portaltela.pt\/api\/wp\/v2\/media?parent=437817"}],"wp:term":[{"taxonomy":"category","embeddable":true,"href":"https:\/\/portaltela.pt\/api\/wp\/v2\/categories?post=437817"},{"taxonomy":"post_tag","embeddable":true,"href":"https:\/\/portaltela.pt\/api\/wp\/v2\/tags?post=437817"}],"curies":[{"name":"wp","href":"https:\/\/api.w.org\/{rel}","templated":true}]}}