{"id":437804,"date":"2026-04-09T08:02:42","date_gmt":"2026-04-09T11:02:42","guid":{"rendered":"https:\/\/portaltela.pt\/noticias\/2026\/04\/09\/funchal-sem-voos-nesta-manha-vento-forte-condiciona-operacoes-nos-proximos-dias\/"},"modified":"2026-04-09T08:02:42","modified_gmt":"2026-04-09T11:02:42","slug":"funchal-sem-voos-nesta-manha-vento-forte-condiciona-operacoes-nos-proximos-dias","status":"publish","type":"post","link":"https:\/\/portaltela.pt\/tempo\/2026\/04\/09\/funchal-sem-voos-nesta-manha-vento-forte-condiciona-operacoes-nos-proximos-dias\/","title":{"rendered":"Funchal sem voos nesta manh\u00e3, vento forte condiciona opera\u00e7\u00f5es nos pr\u00f3ximos dias"},"content":{"rendered":"<p>O movimento no Aeroporto da Madeira est\u00e1 condicionado pela presen\u00e7a de vento forte, o que levou \u00e0 suspens\u00e3o de aterragens nesta manh\u00e3, segundo a ANA &#8211; Aeroportos de Portugal. Ainda n\u00e3o houve qualquer avi\u00e3o a aterrar ao in\u00edcio do dia.<\/p>\n<p>De acordo com a ANA, chegaram dois avi\u00f5es durante a madrugada, \u00e0s 00h34 e \u00e0s 2h02, mas n\u00e3o houve aterragens na manh\u00e3 de hoje no Aeroporto Internacional da Madeira &#8211; Cristiano Ronaldo.<\/p>\n<p>A esta hora, dois avi\u00f5es divergiram e 20 chegadas j\u00e1 estavam canceladas para quarta-feira. No mesmo per\u00edodo, tr\u00eas voos partiram entre a madrugada e o in\u00edcio da manh\u00e3, com 20 partidas canceladas.<\/p>\n<p>\u00c0 data da publica\u00e7\u00e3o, os quadros de partidas e chegadas mostravam apenas previs\u00f5es para a tarde e a noite, sujeitas a altera\u00e7\u00e3o. O aeroporto de Porto Santo permanece em funcionamento para avi\u00f5es obrigados a desviar.<\/p>\n<h3>Condi\u00e7\u00f5es meteorol\u00f3gicas<\/h3>\n<p>A ANA alerta que as previs\u00f5es apontam condi\u00e7\u00f5es adversas que podem condicionar a opera\u00e7\u00e3o de voos nos pr\u00f3ximos dias e aconselha os viajantes a contactar as companhias a\u00e9reas antes de se deslocarem ao aeroporto.<\/p>\n<p>A Capitania do Funchal emitiu avisos de agita\u00e7\u00e3o mar\u00edtima e vento forte para o arquip\u00e9lago at\u00e9 \u00e0s 6h de sexta-feira, enquanto o IPMA emitiu avisos amarelos e laranja para as condi\u00e7\u00f5es meteorol\u00f3gicas atuais.<\/p>\n","protected":false},"excerpt":{"rendered":"<ul>\n<li>O Aeroporto da Madeira n\u00e3o teve aterragens na manh\u00e3 de quarta-feira devido ao vento forte, mantendo-se o movimento condicionado.<\/li>\n<li>Cerca de quarenta partidas e chegadas foram canceladas; dois avi\u00f5es chegaram na madrugada, mas nenhuma aeronave aterraram pela manh\u00e3.<\/li>\n<li>Dois avi\u00f5es divergiram e vinte chegadas foram canceladas para quarta-feira; tr\u00eas avi\u00f5es partiram entre a madrugada e o in\u00edcio da manh\u00e3.<\/li>\n<li>O aeroporto de Porto Santo permanece em funcionamento, para avi\u00f5es obrigados a divergir.<\/li>\n<li>A capitania do Funchal emitiu avisos de agita\u00e7\u00e3o mar\u00edtima e vento fortes at\u00e9 \u00e0s seis horas de sexta-feira; o Instituto Portugu\u00eas do Mar e da Atmosfera levantou avisos amarelos e laranja.<\/li>\n<\/ul>\n","protected":false},"author":2,"featured_media":437806,"comment_status":"closed","ping_status":"closed","sticky":false,"template":"","format":"standard","meta":{"footnotes":""},"categories":[1,7365],"tags":[3302,7799,7448,6789,859,5784],"class_list":["post-437804","post","type-post","status-publish","format-standard","has-post-thumbnail","hentry","category-noticias","category-tempo","tag-aeroportos","tag-aviao","tag-avicao","tag-avioes","tag-madeira","tag-voos"],"yoast_head":"<!-- This site is optimized with the Yoast SEO plugin v27.2 - https:\/\/yoast.com\/product\/yoast-seo-wordpress\/ -->\n<title>Funchal sem voos nesta manh\u00e3, vento forte condiciona opera\u00e7\u00f5es nos pr\u00f3ximos dias - Portal Tela Portugal<\/title>\n<meta name=\"robots\" content=\"index, follow, max-snippet:-1, max-image-preview:large, max-video-preview:-1\" \/>\n<meta property=\"og:locale\" content=\"pt_PT\" \/>\n<meta property=\"og:type\" content=\"article\" \/>\n<meta property=\"og:title\" content=\"Funchal sem voos nesta manh\u00e3, vento forte condiciona opera\u00e7\u00f5es nos pr\u00f3ximos dias - Portal Tela Portugal\" \/>\n<meta property=\"og:description\" content=\"O Aeroporto da Madeira n\u00e3o teve aterragens na manh\u00e3 de quarta-feira devido ao vento forte, mantendo-se o movimento condicionado. Cerca de quarenta partidas e chegadas foram canceladas; dois avi\u00f5es chegaram na madrugada, mas nenhuma aeronave aterraram pela manh\u00e3. Dois avi\u00f5es divergiram e vinte chegadas foram canceladas para quarta-feira; tr\u00eas avi\u00f5es partiram entre a madrugada e o in\u00edcio da manh\u00e3. O aeroporto de Porto Santo permanece em funcionamento, para avi\u00f5es obrigados a divergir. A capitania do Funchal emitiu avisos de agita\u00e7\u00e3o mar\u00edtima e vento fortes at\u00e9 \u00e0s seis horas de sexta-feira; o Instituto Portugu\u00eas do Mar e da Atmosfera levantou avisos amarelos e laranja.\" \/>\n<meta property=\"og:url\" content=\"https:\/\/portaltela.pt\/noticias\/2026\/04\/09\/funchal-sem-voos-nesta-manha-vento-forte-condiciona-operacoes-nos-proximos-dias\/\" \/>\n<meta property=\"og:site_name\" content=\"Portal Tela Portugal\" \/>\n<meta property=\"article:published_time\" content=\"2026-04-09T11:02:42+00:00\" \/>\n<meta name=\"author\" content=\"Telinha\" \/>\n<meta name=\"twitter:card\" content=\"summary_large_image\" \/>\n<meta name=\"twitter:label1\" content=\"Escrito por\" \/>\n\t<meta name=\"twitter:data1\" content=\"Telinha\" \/>\n\t<meta name=\"twitter:label2\" content=\"Tempo estimado de leitura\" \/>\n\t<meta name=\"twitter:data2\" content=\"1 minuto\" \/>\n<script type=\"application\/ld+json\" class=\"yoast-schema-graph\">{\"@context\":\"https:\/\/schema.org\",\"@graph\":[{\"@type\":\"Article\",\"@id\":\"https:\/\/portaltela.pt\/noticias\/2026\/04\/09\/funchal-sem-voos-nesta-manha-vento-forte-condiciona-operacoes-nos-proximos-dias\/#article\",\"isPartOf\":{\"@id\":\"https:\/\/portaltela.pt\/noticias\/2026\/04\/09\/funchal-sem-voos-nesta-manha-vento-forte-condiciona-operacoes-nos-proximos-dias\/\"},\"author\":{\"name\":\"Telinha\",\"@id\":\"https:\/\/portaltela.pt\/#\/schema\/person\/c4278d4a6028830caff9ee44b42d32ed\"},\"headline\":\"Funchal sem voos nesta manh\u00e3, vento forte condiciona opera\u00e7\u00f5es nos pr\u00f3ximos dias\",\"datePublished\":\"2026-04-09T11:02:42+00:00\",\"mainEntityOfPage\":{\"@id\":\"https:\/\/portaltela.pt\/noticias\/2026\/04\/09\/funchal-sem-voos-nesta-manha-vento-forte-condiciona-operacoes-nos-proximos-dias\/\"},\"wordCount\":245,\"image\":{\"@id\":\"https:\/\/portaltela.pt\/noticias\/2026\/04\/09\/funchal-sem-voos-nesta-manha-vento-forte-condiciona-operacoes-nos-proximos-dias\/#primaryimage\"},\"thumbnailUrl\":\"https:\/\/portaltela.pt\/s.01k8rhncp4jt1\/2026\/04\/2080141.jpg\",\"keywords\":[\"aeroportos\",\"avi\u00e3o\",\"avi\u00e7\u00e3o\",\"avi\u00f5es\",\"Madeira\",\"voos\"],\"articleSection\":[\"Not\u00edcias\",\"Tempo\"],\"inLanguage\":\"pt-PT\"},{\"@type\":\"WebPage\",\"@id\":\"https:\/\/portaltela.pt\/noticias\/2026\/04\/09\/funchal-sem-voos-nesta-manha-vento-forte-condiciona-operacoes-nos-proximos-dias\/\",\"url\":\"https:\/\/portaltela.pt\/noticias\/2026\/04\/09\/funchal-sem-voos-nesta-manha-vento-forte-condiciona-operacoes-nos-proximos-dias\/\",\"name\":\"Funchal sem voos nesta manh\u00e3, vento forte condiciona opera\u00e7\u00f5es nos pr\u00f3ximos dias - Portal Tela Portugal\",\"isPartOf\":{\"@id\":\"https:\/\/portaltela.pt\/#website\"},\"primaryImageOfPage\":{\"@id\":\"https:\/\/portaltela.pt\/noticias\/2026\/04\/09\/funchal-sem-voos-nesta-manha-vento-forte-condiciona-operacoes-nos-proximos-dias\/#primaryimage\"},\"image\":{\"@id\":\"https:\/\/portaltela.pt\/noticias\/2026\/04\/09\/funchal-sem-voos-nesta-manha-vento-forte-condiciona-operacoes-nos-proximos-dias\/#primaryimage\"},\"thumbnailUrl\":\"https:\/\/portaltela.pt\/s.01k8rhncp4jt1\/2026\/04\/2080141.jpg\",\"datePublished\":\"2026-04-09T11:02:42+00:00\",\"author\":{\"@id\":\"https:\/\/portaltela.pt\/#\/schema\/person\/c4278d4a6028830caff9ee44b42d32ed\"},\"breadcrumb\":{\"@id\":\"https:\/\/portaltela.pt\/noticias\/2026\/04\/09\/funchal-sem-voos-nesta-manha-vento-forte-condiciona-operacoes-nos-proximos-dias\/#breadcrumb\"},\"inLanguage\":\"pt-PT\",\"potentialAction\":[{\"@type\":\"ReadAction\",\"target\":[\"https:\/\/portaltela.pt\/noticias\/2026\/04\/09\/funchal-sem-voos-nesta-manha-vento-forte-condiciona-operacoes-nos-proximos-dias\/\"]}]},{\"@type\":\"ImageObject\",\"inLanguage\":\"pt-PT\",\"@id\":\"https:\/\/portaltela.pt\/noticias\/2026\/04\/09\/funchal-sem-voos-nesta-manha-vento-forte-condiciona-operacoes-nos-proximos-dias\/#primaryimage\",\"url\":\"https:\/\/portaltela.pt\/s.01k8rhncp4jt1\/2026\/04\/2080141.jpg\",\"contentUrl\":\"https:\/\/portaltela.pt\/s.01k8rhncp4jt1\/2026\/04\/2080141.jpg\",\"width\":796,\"height\":448,\"caption\":\"Aeroporto Cristiano Ronaldo com dezenas de voos cancelados e com altera\u00e7\u00f5es\"},{\"@type\":\"BreadcrumbList\",\"@id\":\"https:\/\/portaltela.pt\/noticias\/2026\/04\/09\/funchal-sem-voos-nesta-manha-vento-forte-condiciona-operacoes-nos-proximos-dias\/#breadcrumb\",\"itemListElement\":[{\"@type\":\"ListItem\",\"position\":1,\"name\":\"In\u00edcio\",\"item\":\"https:\/\/portaltela.pt\/\"},{\"@type\":\"ListItem\",\"position\":2,\"name\":\"Funchal sem voos nesta manh\u00e3, vento forte condiciona opera\u00e7\u00f5es nos pr\u00f3ximos dias\"}]},{\"@type\":\"WebSite\",\"@id\":\"https:\/\/portaltela.pt\/#website\",\"url\":\"https:\/\/portaltela.pt\/\",\"name\":\"Portal Tela Portugal\",\"description\":\"\",\"potentialAction\":[{\"@type\":\"SearchAction\",\"target\":{\"@type\":\"EntryPoint\",\"urlTemplate\":\"https:\/\/portaltela.pt\/?s={search_term_string}\"},\"query-input\":{\"@type\":\"PropertyValueSpecification\",\"valueRequired\":true,\"valueName\":\"search_term_string\"}}],\"inLanguage\":\"pt-PT\"},{\"@type\":\"Person\",\"@id\":\"https:\/\/portaltela.pt\/#\/schema\/person\/c4278d4a6028830caff9ee44b42d32ed\",\"name\":\"Telinha\",\"image\":{\"@type\":\"ImageObject\",\"inLanguage\":\"pt-PT\",\"@id\":\"https:\/\/portaltela.pt\/s.01k8rhncp4jt1\/2025\/11\/talking-bot-125x125.png\",\"url\":\"https:\/\/portaltela.pt\/s.01k8rhncp4jt1\/2025\/11\/talking-bot-125x125.png\",\"contentUrl\":\"https:\/\/portaltela.pt\/s.01k8rhncp4jt1\/2025\/11\/talking-bot-125x125.png\",\"caption\":\"Telinha\"},\"sameAs\":[\"https:\/\/portaltela.pt\/\"],\"url\":\"https:\/\/portaltela.pt\/por\/367410592786\/\"}]}<\/script>\n<!-- \/ Yoast SEO plugin. -->","yoast_head_json":{"title":"Funchal sem voos nesta manh\u00e3, vento forte condiciona opera\u00e7\u00f5es nos pr\u00f3ximos dias - Portal Tela Portugal","robots":{"index":"index","follow":"follow","max-snippet":"max-snippet:-1","max-image-preview":"max-image-preview:large","max-video-preview":"max-video-preview:-1"},"og_locale":"pt_PT","og_type":"article","og_title":"Funchal sem voos nesta manh\u00e3, vento forte condiciona opera\u00e7\u00f5es nos pr\u00f3ximos dias - Portal Tela Portugal","og_description":"O Aeroporto da Madeira n\u00e3o teve aterragens na manh\u00e3 de quarta-feira devido ao vento forte, mantendo-se o movimento condicionado. Cerca de quarenta partidas e chegadas foram canceladas; dois avi\u00f5es chegaram na madrugada, mas nenhuma aeronave aterraram pela manh\u00e3. Dois avi\u00f5es divergiram e vinte chegadas foram canceladas para quarta-feira; tr\u00eas avi\u00f5es partiram entre a madrugada e o in\u00edcio da manh\u00e3. O aeroporto de Porto Santo permanece em funcionamento, para avi\u00f5es obrigados a divergir. A capitania do Funchal emitiu avisos de agita\u00e7\u00e3o mar\u00edtima e vento fortes at\u00e9 \u00e0s seis horas de sexta-feira; o Instituto Portugu\u00eas do Mar e da Atmosfera levantou avisos amarelos e laranja.","og_url":"https:\/\/portaltela.pt\/noticias\/2026\/04\/09\/funchal-sem-voos-nesta-manha-vento-forte-condiciona-operacoes-nos-proximos-dias\/","og_site_name":"Portal Tela Portugal","article_published_time":"2026-04-09T11:02:42+00:00","author":"Telinha","twitter_card":"summary_large_image","twitter_misc":{"Escrito por":"Telinha","Tempo estimado de leitura":"1 minuto"},"schema":{"@context":"https:\/\/schema.org","@graph":[{"@type":"Article","@id":"https:\/\/portaltela.pt\/noticias\/2026\/04\/09\/funchal-sem-voos-nesta-manha-vento-forte-condiciona-operacoes-nos-proximos-dias\/#article","isPartOf":{"@id":"https:\/\/portaltela.pt\/noticias\/2026\/04\/09\/funchal-sem-voos-nesta-manha-vento-forte-condiciona-operacoes-nos-proximos-dias\/"},"author":{"name":"Telinha","@id":"https:\/\/portaltela.pt\/#\/schema\/person\/c4278d4a6028830caff9ee44b42d32ed"},"headline":"Funchal sem voos nesta manh\u00e3, vento forte condiciona opera\u00e7\u00f5es nos pr\u00f3ximos dias","datePublished":"2026-04-09T11:02:42+00:00","mainEntityOfPage":{"@id":"https:\/\/portaltela.pt\/noticias\/2026\/04\/09\/funchal-sem-voos-nesta-manha-vento-forte-condiciona-operacoes-nos-proximos-dias\/"},"wordCount":245,"image":{"@id":"https:\/\/portaltela.pt\/noticias\/2026\/04\/09\/funchal-sem-voos-nesta-manha-vento-forte-condiciona-operacoes-nos-proximos-dias\/#primaryimage"},"thumbnailUrl":"https:\/\/portaltela.pt\/s.01k8rhncp4jt1\/2026\/04\/2080141.jpg","keywords":["aeroportos","avi\u00e3o","avi\u00e7\u00e3o","avi\u00f5es","Madeira","voos"],"articleSection":["Not\u00edcias","Tempo"],"inLanguage":"pt-PT"},{"@type":"WebPage","@id":"https:\/\/portaltela.pt\/noticias\/2026\/04\/09\/funchal-sem-voos-nesta-manha-vento-forte-condiciona-operacoes-nos-proximos-dias\/","url":"https:\/\/portaltela.pt\/noticias\/2026\/04\/09\/funchal-sem-voos-nesta-manha-vento-forte-condiciona-operacoes-nos-proximos-dias\/","name":"Funchal sem voos nesta manh\u00e3, vento forte condiciona opera\u00e7\u00f5es nos pr\u00f3ximos dias - Portal Tela Portugal","isPartOf":{"@id":"https:\/\/portaltela.pt\/#website"},"primaryImageOfPage":{"@id":"https:\/\/portaltela.pt\/noticias\/2026\/04\/09\/funchal-sem-voos-nesta-manha-vento-forte-condiciona-operacoes-nos-proximos-dias\/#primaryimage"},"image":{"@id":"https:\/\/portaltela.pt\/noticias\/2026\/04\/09\/funchal-sem-voos-nesta-manha-vento-forte-condiciona-operacoes-nos-proximos-dias\/#primaryimage"},"thumbnailUrl":"https:\/\/portaltela.pt\/s.01k8rhncp4jt1\/2026\/04\/2080141.jpg","datePublished":"2026-04-09T11:02:42+00:00","author":{"@id":"https:\/\/portaltela.pt\/#\/schema\/person\/c4278d4a6028830caff9ee44b42d32ed"},"breadcrumb":{"@id":"https:\/\/portaltela.pt\/noticias\/2026\/04\/09\/funchal-sem-voos-nesta-manha-vento-forte-condiciona-operacoes-nos-proximos-dias\/#breadcrumb"},"inLanguage":"pt-PT","potentialAction":[{"@type":"ReadAction","target":["https:\/\/portaltela.pt\/noticias\/2026\/04\/09\/funchal-sem-voos-nesta-manha-vento-forte-condiciona-operacoes-nos-proximos-dias\/"]}]},{"@type":"ImageObject","inLanguage":"pt-PT","@id":"https:\/\/portaltela.pt\/noticias\/2026\/04\/09\/funchal-sem-voos-nesta-manha-vento-forte-condiciona-operacoes-nos-proximos-dias\/#primaryimage","url":"https:\/\/portaltela.pt\/s.01k8rhncp4jt1\/2026\/04\/2080141.jpg","contentUrl":"https:\/\/portaltela.pt\/s.01k8rhncp4jt1\/2026\/04\/2080141.jpg","width":796,"height":448,"caption":"Aeroporto Cristiano Ronaldo com dezenas de voos cancelados e com altera\u00e7\u00f5es"},{"@type":"BreadcrumbList","@id":"https:\/\/portaltela.pt\/noticias\/2026\/04\/09\/funchal-sem-voos-nesta-manha-vento-forte-condiciona-operacoes-nos-proximos-dias\/#breadcrumb","itemListElement":[{"@type":"ListItem","position":1,"name":"In\u00edcio","item":"https:\/\/portaltela.pt\/"},{"@type":"ListItem","position":2,"name":"Funchal sem voos nesta manh\u00e3, vento forte condiciona opera\u00e7\u00f5es nos pr\u00f3ximos dias"}]},{"@type":"WebSite","@id":"https:\/\/portaltela.pt\/#website","url":"https:\/\/portaltela.pt\/","name":"Portal Tela Portugal","description":"","potentialAction":[{"@type":"SearchAction","target":{"@type":"EntryPoint","urlTemplate":"https:\/\/portaltela.pt\/?s={search_term_string}"},"query-input":{"@type":"PropertyValueSpecification","valueRequired":true,"valueName":"search_term_string"}}],"inLanguage":"pt-PT"},{"@type":"Person","@id":"https:\/\/portaltela.pt\/#\/schema\/person\/c4278d4a6028830caff9ee44b42d32ed","name":"Telinha","image":{"@type":"ImageObject","inLanguage":"pt-PT","@id":"https:\/\/portaltela.pt\/s.01k8rhncp4jt1\/2025\/11\/talking-bot-125x125.png","url":"https:\/\/portaltela.pt\/s.01k8rhncp4jt1\/2025\/11\/talking-bot-125x125.png","contentUrl":"https:\/\/portaltela.pt\/s.01k8rhncp4jt1\/2025\/11\/talking-bot-125x125.png","caption":"Telinha"},"sameAs":["https:\/\/portaltela.pt\/"],"url":"https:\/\/portaltela.pt\/por\/367410592786\/"}]}},"_links":{"self":[{"href":"https:\/\/portaltela.pt\/api\/wp\/v2\/posts\/437804","targetHints":{"allow":["GET"]}}],"collection":[{"href":"https:\/\/portaltela.pt\/api\/wp\/v2\/posts"}],"about":[{"href":"https:\/\/portaltela.pt\/api\/wp\/v2\/types\/post"}],"author":[{"embeddable":true,"href":"https:\/\/portaltela.pt\/api\/wp\/v2\/users\/2"}],"replies":[{"embeddable":true,"href":"https:\/\/portaltela.pt\/api\/wp\/v2\/comments?post=437804"}],"version-history":[{"count":0,"href":"https:\/\/portaltela.pt\/api\/wp\/v2\/posts\/437804\/revisions"}],"wp:featuredmedia":[{"embeddable":true,"href":"https:\/\/portaltela.pt\/api\/wp\/v2\/media\/437806"}],"wp:attachment":[{"href":"https:\/\/portaltela.pt\/api\/wp\/v2\/media?parent=437804"}],"wp:term":[{"taxonomy":"category","embeddable":true,"href":"https:\/\/portaltela.pt\/api\/wp\/v2\/categories?post=437804"},{"taxonomy":"post_tag","embeddable":true,"href":"https:\/\/portaltela.pt\/api\/wp\/v2\/tags?post=437804"}],"curies":[{"name":"wp","href":"https:\/\/api.w.org\/{rel}","templated":true}]}}