{"id":437786,"date":"2026-04-09T07:47:15","date_gmt":"2026-04-09T10:47:15","guid":{"rendered":"https:\/\/portaltela.pt\/noticias\/2026\/04\/09\/verificacao-de-factos-jd-vance-afirma-bruxelas-prejudica-a-hungria\/"},"modified":"2026-04-09T07:47:15","modified_gmt":"2026-04-09T10:47:15","slug":"verificacao-de-factos-jd-vance-afirma-bruxelas-prejudica-a-hungria","status":"publish","type":"post","link":"https:\/\/portaltela.pt\/noticias\/internacional\/2026\/04\/09\/verificacao-de-factos-jd-vance-afirma-bruxelas-prejudica-a-hungria\/","title":{"rendered":"Verifica\u00e7\u00e3o de factos: JD Vance afirma Bruxelas prejudica a Hungria"},"content":{"rendered":"<p>O vice-presidente dos EUA, JD Vance, visitou Budapeste para apoiar Viktor Orb\u00e1n e criticar a UE, dias antes das elei\u00e7\u00f5es h\u00fangaras. Em confer\u00eancia de imprensa ao lado do l\u00edder h\u00fangaro, Vance alegou que Bruxelas procura destruir a economia da Hungria e prejudicar a independ\u00eancia energ\u00e9tica. Tamb\u00e9m acusou a UE de interfer\u00eancia eleitoral intensa.<\/p>\n<p>A equipa de verifica\u00e7\u00e3o de factos da Euronews, O Cubo, analisou as declara\u00e7\u00f5es de Vance. A an\u00e1lise conclui que algumas afirma\u00e7\u00f5es carecem de contexto e que n\u00e3o h\u00e1 provas de um objetivo deliberado da UE de paralisar a economia h\u00fangara. O texto do verificador destaca que a UE congelou fundos por quest\u00f5es de Estado de Direito.<\/p>\n<p>Segundo o estudo, desde o in\u00edcio de 2026 a UE congelou pelo menos 17 mil milh\u00f5es de euros de fundos \u00e0 Hungria, por n\u00e3o cumprir reformas em \u00e1reas-chave. As san\u00e7\u00f5es visam preservar o or\u00e7amento da UE, n\u00e3o punir a economia de forma espec\u00edfica, e dependem da implementa\u00e7\u00e3o de reformas acordadas.<\/p>\n<p>Relativamente \u00e0 energia, Vance afirmou que a UE procura tornar a Hungria menos independente energeticamente. A an\u00e1lise sublinha que a situa\u00e7\u00e3o envolve o caminho da UE para reduzir a depend\u00eancia do petr\u00f3leo russo, ap\u00f3s a invas\u00e3o da Ucr\u00e2nia em 2022, e a disputa do oleoduto Druzhba, danificado desde in\u00edcio de 2026.<\/p>\n<p>A Hungria mant\u00e9m avan\u00e7os na diversifica\u00e7\u00e3o de energia, embora continue dependente do crude russo. Dados do Centro para o Estudo da Democracia indicam que, em 2025, o petr\u00f3leo russo representava uma parte significativa das importa\u00e7\u00f5es h\u00fangaras. A situa\u00e7\u00e3o \u00e9 complexa e envolve m\u00faltiplos atores europeus.<\/p>\n<p>O caso Druzhba alimenta tens\u00f5es entre Hungria, Eslov\u00e1quia e Ucr\u00e2nia, com Budapeste a alegar sabotagem ucraniana e Kiev a apontar para ataque russo. A UE enviou uma miss\u00e3o independente para apurar as causas dos danos no oleoduto.<\/p>\n<p>Por fim, Vance sugeriu que Bruxelas controla conte\u00fados de redes sociais para os eleitores h\u00fangaros, citando a Lei dos Servi\u00e7os Digitais (DSA). A DSA, vigente desde 2022, busca mitigar desinforma\u00e7\u00e3o e conte\u00fados ilegais online, com san\u00e7\u00f5es a plataformas que n\u00e3o cumpram as regras de transpar\u00eancia e modera\u00e7\u00e3o.<\/p>\n","protected":false},"excerpt":{"rendered":"<ul>\n<li>JD Vance, vice\u2011presidente dos EUA, falou em Budapeste antes das elei\u00e7\u00f5es h\u00fangaras e acusou a Uni\u00e3o Europeia de tentar destruir a economia da Hungria, sabotar a independ\u00eancia energ\u00e9tica e aumentar os custos para os h\u00fangaros.<\/li>\n<li>A verifica\u00e7\u00e3o aponta que n\u00e3o h\u00e1 provas de que a Uni\u00e3o Europeia vise deliberadamente destruir a economia h\u00fangara; a UE congelou cerca de 17 mil milh\u00f5es de euros em fundos due a reformas de Estado de direito, com condicionantes que podem ser desbloqueadas se forem cumpridas.<\/li>\n<li>Os fundos congelados representam, estimadamente, cerca de oito por cento do Produto Interno Bruto da Hungria; as condi\u00e7\u00f5es s\u00e3o acordadas entre os Estados\u2011membros para proteger o or\u00e7amento da UE.<\/li>\n<li>No que toca \u00e0 energia, a mensagem de Vance ter\u00e1 de ser lida no contexto de se afastar do petr\u00f3leo russo; a Hungria permanece dependente do crude russo, e o oleoduto Druzhba tem um estado de dano desde in\u00edcio de 2026, alimentando disputas com a Eslov\u00e1quia e a Ucr\u00e2nia.<\/li>\n<li>Sobre alega\u00e7\u00f5es de que Bruxelas dita conte\u00fados nas redes sociais, n\u00e3o h\u00e1 provas p\u00fablicas de censura da Meta sobre o Fidesz; a legisla\u00e7\u00e3o europeia de Servi\u00e7os Digitais (DSA) visa mitigar riscos online, incluindo desinforma\u00e7\u00e3o, mas n\u00e3o h\u00e1 evid\u00eancia de manipula\u00e7\u00e3o eleitoral espec\u00edfica nesse caso.<\/li>\n<\/ul>\n","protected":false},"author":2,"featured_media":437790,"comment_status":"closed","ping_status":"closed","sticky":false,"template":"","format":"standard","meta":{"footnotes":""},"categories":[6814,4],"tags":[7775,3161,1469,2579,7439,2055],"class_list":["post-437786","post","type-post","status-publish","format-standard","has-post-thumbnail","hentry","category-geopolitica","category-internacional","tag-_energia","tag-bruxelas","tag-desinformacao","tag-hungria","tag-politica-externa","tag-uniao-europeia"],"yoast_head":"<!-- This site is optimized with the Yoast SEO plugin v27.2 - https:\/\/yoast.com\/product\/yoast-seo-wordpress\/ -->\n<title>Verifica\u00e7\u00e3o de factos: JD Vance afirma Bruxelas prejudica a Hungria - Portal Tela Portugal<\/title>\n<meta name=\"robots\" content=\"index, follow, max-snippet:-1, max-image-preview:large, max-video-preview:-1\" \/>\n<meta property=\"og:locale\" content=\"pt_PT\" \/>\n<meta property=\"og:type\" content=\"article\" \/>\n<meta property=\"og:title\" content=\"Verifica\u00e7\u00e3o de factos: JD Vance afirma Bruxelas prejudica a Hungria - Portal Tela Portugal\" \/>\n<meta property=\"og:description\" content=\"JD Vance, vice\u2011presidente dos EUA, falou em Budapeste antes das elei\u00e7\u00f5es h\u00fangaras e acusou a Uni\u00e3o Europeia de tentar destruir a economia da Hungria, sabotar a independ\u00eancia energ\u00e9tica e aumentar os custos para os h\u00fangaros. A verifica\u00e7\u00e3o aponta que n\u00e3o h\u00e1 provas de que a Uni\u00e3o Europeia vise deliberadamente destruir a economia h\u00fangara; a UE congelou cerca de 17 mil milh\u00f5es de euros em fundos due a reformas de Estado de direito, com condicionantes que podem ser desbloqueadas se forem cumpridas. Os fundos congelados representam, estimadamente, cerca de oito por cento do Produto Interno Bruto da Hungria; as condi\u00e7\u00f5es s\u00e3o acordadas entre os Estados\u2011membros para proteger o or\u00e7amento da UE. No que toca \u00e0 energia, a mensagem de Vance ter\u00e1 de ser lida no contexto de se afastar do petr\u00f3leo russo; a Hungria permanece dependente do crude russo, e o oleoduto Druzhba tem um estado de dano desde in\u00edcio de 2026, alimentando disputas com a Eslov\u00e1quia e a Ucr\u00e2nia. Sobre alega\u00e7\u00f5es de que Bruxelas dita conte\u00fados nas redes sociais, n\u00e3o h\u00e1 provas p\u00fablicas de censura da Meta sobre o Fidesz; a legisla\u00e7\u00e3o europeia de Servi\u00e7os Digitais (DSA) visa mitigar riscos online, incluindo desinforma\u00e7\u00e3o, mas n\u00e3o h\u00e1 evid\u00eancia de manipula\u00e7\u00e3o eleitoral espec\u00edfica nesse caso.\" \/>\n<meta property=\"og:url\" content=\"https:\/\/portaltela.pt\/noticias\/2026\/04\/09\/verificacao-de-factos-jd-vance-afirma-bruxelas-prejudica-a-hungria\/\" \/>\n<meta property=\"og:site_name\" content=\"Portal Tela Portugal\" \/>\n<meta property=\"article:published_time\" content=\"2026-04-09T10:47:15+00:00\" \/>\n<meta name=\"author\" content=\"Telinha\" \/>\n<meta name=\"twitter:card\" content=\"summary_large_image\" \/>\n<meta name=\"twitter:label1\" content=\"Escrito por\" \/>\n\t<meta name=\"twitter:data1\" content=\"Telinha\" \/>\n\t<meta name=\"twitter:label2\" content=\"Tempo estimado de leitura\" \/>\n\t<meta name=\"twitter:data2\" content=\"2 minutos\" \/>\n<script type=\"application\/ld+json\" class=\"yoast-schema-graph\">{\"@context\":\"https:\/\/schema.org\",\"@graph\":[{\"@type\":\"Article\",\"@id\":\"https:\/\/portaltela.pt\/noticias\/2026\/04\/09\/verificacao-de-factos-jd-vance-afirma-bruxelas-prejudica-a-hungria\/#article\",\"isPartOf\":{\"@id\":\"https:\/\/portaltela.pt\/noticias\/2026\/04\/09\/verificacao-de-factos-jd-vance-afirma-bruxelas-prejudica-a-hungria\/\"},\"author\":{\"name\":\"Telinha\",\"@id\":\"https:\/\/portaltela.pt\/#\/schema\/person\/c4278d4a6028830caff9ee44b42d32ed\"},\"headline\":\"Verifica\u00e7\u00e3o de factos: JD Vance afirma Bruxelas prejudica a Hungria\",\"datePublished\":\"2026-04-09T10:47:15+00:00\",\"mainEntityOfPage\":{\"@id\":\"https:\/\/portaltela.pt\/noticias\/2026\/04\/09\/verificacao-de-factos-jd-vance-afirma-bruxelas-prejudica-a-hungria\/\"},\"wordCount\":395,\"image\":{\"@id\":\"https:\/\/portaltela.pt\/noticias\/2026\/04\/09\/verificacao-de-factos-jd-vance-afirma-bruxelas-prejudica-a-hungria\/#primaryimage\"},\"thumbnailUrl\":\"https:\/\/portaltela.pt\/s.01k8rhncp4jt1\/2026\/04\/1536x864_cmsv2_41f21967-280c-597f-8143-f79d6e3a06e9-9714721.jpg\",\"keywords\":[\"_energia\",\"Bruxelas\",\"desinforma\u00e7\u00e3o\",\"Hungria\",\"pol\u00edtica externa\",\"Uni\u00e3o Europeia\"],\"articleSection\":[\"Geopol\u00edtica\",\"Internacional\"],\"inLanguage\":\"pt-PT\"},{\"@type\":\"WebPage\",\"@id\":\"https:\/\/portaltela.pt\/noticias\/2026\/04\/09\/verificacao-de-factos-jd-vance-afirma-bruxelas-prejudica-a-hungria\/\",\"url\":\"https:\/\/portaltela.pt\/noticias\/2026\/04\/09\/verificacao-de-factos-jd-vance-afirma-bruxelas-prejudica-a-hungria\/\",\"name\":\"Verifica\u00e7\u00e3o de factos: JD Vance afirma Bruxelas prejudica a Hungria - Portal Tela Portugal\",\"isPartOf\":{\"@id\":\"https:\/\/portaltela.pt\/#website\"},\"primaryImageOfPage\":{\"@id\":\"https:\/\/portaltela.pt\/noticias\/2026\/04\/09\/verificacao-de-factos-jd-vance-afirma-bruxelas-prejudica-a-hungria\/#primaryimage\"},\"image\":{\"@id\":\"https:\/\/portaltela.pt\/noticias\/2026\/04\/09\/verificacao-de-factos-jd-vance-afirma-bruxelas-prejudica-a-hungria\/#primaryimage\"},\"thumbnailUrl\":\"https:\/\/portaltela.pt\/s.01k8rhncp4jt1\/2026\/04\/1536x864_cmsv2_41f21967-280c-597f-8143-f79d6e3a06e9-9714721.jpg\",\"datePublished\":\"2026-04-09T10:47:15+00:00\",\"author\":{\"@id\":\"https:\/\/portaltela.pt\/#\/schema\/person\/c4278d4a6028830caff9ee44b42d32ed\"},\"breadcrumb\":{\"@id\":\"https:\/\/portaltela.pt\/noticias\/2026\/04\/09\/verificacao-de-factos-jd-vance-afirma-bruxelas-prejudica-a-hungria\/#breadcrumb\"},\"inLanguage\":\"pt-PT\",\"potentialAction\":[{\"@type\":\"ReadAction\",\"target\":[\"https:\/\/portaltela.pt\/noticias\/2026\/04\/09\/verificacao-de-factos-jd-vance-afirma-bruxelas-prejudica-a-hungria\/\"]}]},{\"@type\":\"ImageObject\",\"inLanguage\":\"pt-PT\",\"@id\":\"https:\/\/portaltela.pt\/noticias\/2026\/04\/09\/verificacao-de-factos-jd-vance-afirma-bruxelas-prejudica-a-hungria\/#primaryimage\",\"url\":\"https:\/\/portaltela.pt\/s.01k8rhncp4jt1\/2026\/04\/1536x864_cmsv2_41f21967-280c-597f-8143-f79d6e3a06e9-9714721.jpg\",\"contentUrl\":\"https:\/\/portaltela.pt\/s.01k8rhncp4jt1\/2026\/04\/1536x864_cmsv2_41f21967-280c-597f-8143-f79d6e3a06e9-9714721.jpg\",\"width\":796,\"height\":448,\"caption\":\"O primeiro-ministro h\u00fangaro Viktor Orban, \u00e0 esquerda, e o vice-presidente dos EUA, JD Vance, gesticulam no final de um com\u00edcio pr\u00e9-eleitoral em Budapeste, Hungria, ter\u00e7a-feira, 7 de abril de 2026.\"},{\"@type\":\"BreadcrumbList\",\"@id\":\"https:\/\/portaltela.pt\/noticias\/2026\/04\/09\/verificacao-de-factos-jd-vance-afirma-bruxelas-prejudica-a-hungria\/#breadcrumb\",\"itemListElement\":[{\"@type\":\"ListItem\",\"position\":1,\"name\":\"In\u00edcio\",\"item\":\"https:\/\/portaltela.pt\/\"},{\"@type\":\"ListItem\",\"position\":2,\"name\":\"Verifica\u00e7\u00e3o de factos: JD Vance afirma Bruxelas prejudica a Hungria\"}]},{\"@type\":\"WebSite\",\"@id\":\"https:\/\/portaltela.pt\/#website\",\"url\":\"https:\/\/portaltela.pt\/\",\"name\":\"Portal Tela Portugal\",\"description\":\"\",\"potentialAction\":[{\"@type\":\"SearchAction\",\"target\":{\"@type\":\"EntryPoint\",\"urlTemplate\":\"https:\/\/portaltela.pt\/?s={search_term_string}\"},\"query-input\":{\"@type\":\"PropertyValueSpecification\",\"valueRequired\":true,\"valueName\":\"search_term_string\"}}],\"inLanguage\":\"pt-PT\"},{\"@type\":\"Person\",\"@id\":\"https:\/\/portaltela.pt\/#\/schema\/person\/c4278d4a6028830caff9ee44b42d32ed\",\"name\":\"Telinha\",\"image\":{\"@type\":\"ImageObject\",\"inLanguage\":\"pt-PT\",\"@id\":\"https:\/\/portaltela.pt\/s.01k8rhncp4jt1\/2025\/11\/talking-bot-125x125.png\",\"url\":\"https:\/\/portaltela.pt\/s.01k8rhncp4jt1\/2025\/11\/talking-bot-125x125.png\",\"contentUrl\":\"https:\/\/portaltela.pt\/s.01k8rhncp4jt1\/2025\/11\/talking-bot-125x125.png\",\"caption\":\"Telinha\"},\"sameAs\":[\"https:\/\/portaltela.pt\/\"],\"url\":\"https:\/\/portaltela.pt\/por\/367410592786\/\"}]}<\/script>\n<!-- \/ Yoast SEO plugin. -->","yoast_head_json":{"title":"Verifica\u00e7\u00e3o de factos: JD Vance afirma Bruxelas prejudica a Hungria - Portal Tela Portugal","robots":{"index":"index","follow":"follow","max-snippet":"max-snippet:-1","max-image-preview":"max-image-preview:large","max-video-preview":"max-video-preview:-1"},"og_locale":"pt_PT","og_type":"article","og_title":"Verifica\u00e7\u00e3o de factos: JD Vance afirma Bruxelas prejudica a Hungria - Portal Tela Portugal","og_description":"JD Vance, vice\u2011presidente dos EUA, falou em Budapeste antes das elei\u00e7\u00f5es h\u00fangaras e acusou a Uni\u00e3o Europeia de tentar destruir a economia da Hungria, sabotar a independ\u00eancia energ\u00e9tica e aumentar os custos para os h\u00fangaros. A verifica\u00e7\u00e3o aponta que n\u00e3o h\u00e1 provas de que a Uni\u00e3o Europeia vise deliberadamente destruir a economia h\u00fangara; a UE congelou cerca de 17 mil milh\u00f5es de euros em fundos due a reformas de Estado de direito, com condicionantes que podem ser desbloqueadas se forem cumpridas. Os fundos congelados representam, estimadamente, cerca de oito por cento do Produto Interno Bruto da Hungria; as condi\u00e7\u00f5es s\u00e3o acordadas entre os Estados\u2011membros para proteger o or\u00e7amento da UE. No que toca \u00e0 energia, a mensagem de Vance ter\u00e1 de ser lida no contexto de se afastar do petr\u00f3leo russo; a Hungria permanece dependente do crude russo, e o oleoduto Druzhba tem um estado de dano desde in\u00edcio de 2026, alimentando disputas com a Eslov\u00e1quia e a Ucr\u00e2nia. Sobre alega\u00e7\u00f5es de que Bruxelas dita conte\u00fados nas redes sociais, n\u00e3o h\u00e1 provas p\u00fablicas de censura da Meta sobre o Fidesz; a legisla\u00e7\u00e3o europeia de Servi\u00e7os Digitais (DSA) visa mitigar riscos online, incluindo desinforma\u00e7\u00e3o, mas n\u00e3o h\u00e1 evid\u00eancia de manipula\u00e7\u00e3o eleitoral espec\u00edfica nesse caso.","og_url":"https:\/\/portaltela.pt\/noticias\/2026\/04\/09\/verificacao-de-factos-jd-vance-afirma-bruxelas-prejudica-a-hungria\/","og_site_name":"Portal Tela Portugal","article_published_time":"2026-04-09T10:47:15+00:00","author":"Telinha","twitter_card":"summary_large_image","twitter_misc":{"Escrito por":"Telinha","Tempo estimado de leitura":"2 minutos"},"schema":{"@context":"https:\/\/schema.org","@graph":[{"@type":"Article","@id":"https:\/\/portaltela.pt\/noticias\/2026\/04\/09\/verificacao-de-factos-jd-vance-afirma-bruxelas-prejudica-a-hungria\/#article","isPartOf":{"@id":"https:\/\/portaltela.pt\/noticias\/2026\/04\/09\/verificacao-de-factos-jd-vance-afirma-bruxelas-prejudica-a-hungria\/"},"author":{"name":"Telinha","@id":"https:\/\/portaltela.pt\/#\/schema\/person\/c4278d4a6028830caff9ee44b42d32ed"},"headline":"Verifica\u00e7\u00e3o de factos: JD Vance afirma Bruxelas prejudica a Hungria","datePublished":"2026-04-09T10:47:15+00:00","mainEntityOfPage":{"@id":"https:\/\/portaltela.pt\/noticias\/2026\/04\/09\/verificacao-de-factos-jd-vance-afirma-bruxelas-prejudica-a-hungria\/"},"wordCount":395,"image":{"@id":"https:\/\/portaltela.pt\/noticias\/2026\/04\/09\/verificacao-de-factos-jd-vance-afirma-bruxelas-prejudica-a-hungria\/#primaryimage"},"thumbnailUrl":"https:\/\/portaltela.pt\/s.01k8rhncp4jt1\/2026\/04\/1536x864_cmsv2_41f21967-280c-597f-8143-f79d6e3a06e9-9714721.jpg","keywords":["_energia","Bruxelas","desinforma\u00e7\u00e3o","Hungria","pol\u00edtica externa","Uni\u00e3o Europeia"],"articleSection":["Geopol\u00edtica","Internacional"],"inLanguage":"pt-PT"},{"@type":"WebPage","@id":"https:\/\/portaltela.pt\/noticias\/2026\/04\/09\/verificacao-de-factos-jd-vance-afirma-bruxelas-prejudica-a-hungria\/","url":"https:\/\/portaltela.pt\/noticias\/2026\/04\/09\/verificacao-de-factos-jd-vance-afirma-bruxelas-prejudica-a-hungria\/","name":"Verifica\u00e7\u00e3o de factos: JD Vance afirma Bruxelas prejudica a Hungria - Portal Tela Portugal","isPartOf":{"@id":"https:\/\/portaltela.pt\/#website"},"primaryImageOfPage":{"@id":"https:\/\/portaltela.pt\/noticias\/2026\/04\/09\/verificacao-de-factos-jd-vance-afirma-bruxelas-prejudica-a-hungria\/#primaryimage"},"image":{"@id":"https:\/\/portaltela.pt\/noticias\/2026\/04\/09\/verificacao-de-factos-jd-vance-afirma-bruxelas-prejudica-a-hungria\/#primaryimage"},"thumbnailUrl":"https:\/\/portaltela.pt\/s.01k8rhncp4jt1\/2026\/04\/1536x864_cmsv2_41f21967-280c-597f-8143-f79d6e3a06e9-9714721.jpg","datePublished":"2026-04-09T10:47:15+00:00","author":{"@id":"https:\/\/portaltela.pt\/#\/schema\/person\/c4278d4a6028830caff9ee44b42d32ed"},"breadcrumb":{"@id":"https:\/\/portaltela.pt\/noticias\/2026\/04\/09\/verificacao-de-factos-jd-vance-afirma-bruxelas-prejudica-a-hungria\/#breadcrumb"},"inLanguage":"pt-PT","potentialAction":[{"@type":"ReadAction","target":["https:\/\/portaltela.pt\/noticias\/2026\/04\/09\/verificacao-de-factos-jd-vance-afirma-bruxelas-prejudica-a-hungria\/"]}]},{"@type":"ImageObject","inLanguage":"pt-PT","@id":"https:\/\/portaltela.pt\/noticias\/2026\/04\/09\/verificacao-de-factos-jd-vance-afirma-bruxelas-prejudica-a-hungria\/#primaryimage","url":"https:\/\/portaltela.pt\/s.01k8rhncp4jt1\/2026\/04\/1536x864_cmsv2_41f21967-280c-597f-8143-f79d6e3a06e9-9714721.jpg","contentUrl":"https:\/\/portaltela.pt\/s.01k8rhncp4jt1\/2026\/04\/1536x864_cmsv2_41f21967-280c-597f-8143-f79d6e3a06e9-9714721.jpg","width":796,"height":448,"caption":"O primeiro-ministro h\u00fangaro Viktor Orban, \u00e0 esquerda, e o vice-presidente dos EUA, JD Vance, gesticulam no final de um com\u00edcio pr\u00e9-eleitoral em Budapeste, Hungria, ter\u00e7a-feira, 7 de abril de 2026."},{"@type":"BreadcrumbList","@id":"https:\/\/portaltela.pt\/noticias\/2026\/04\/09\/verificacao-de-factos-jd-vance-afirma-bruxelas-prejudica-a-hungria\/#breadcrumb","itemListElement":[{"@type":"ListItem","position":1,"name":"In\u00edcio","item":"https:\/\/portaltela.pt\/"},{"@type":"ListItem","position":2,"name":"Verifica\u00e7\u00e3o de factos: JD Vance afirma Bruxelas prejudica a Hungria"}]},{"@type":"WebSite","@id":"https:\/\/portaltela.pt\/#website","url":"https:\/\/portaltela.pt\/","name":"Portal Tela Portugal","description":"","potentialAction":[{"@type":"SearchAction","target":{"@type":"EntryPoint","urlTemplate":"https:\/\/portaltela.pt\/?s={search_term_string}"},"query-input":{"@type":"PropertyValueSpecification","valueRequired":true,"valueName":"search_term_string"}}],"inLanguage":"pt-PT"},{"@type":"Person","@id":"https:\/\/portaltela.pt\/#\/schema\/person\/c4278d4a6028830caff9ee44b42d32ed","name":"Telinha","image":{"@type":"ImageObject","inLanguage":"pt-PT","@id":"https:\/\/portaltela.pt\/s.01k8rhncp4jt1\/2025\/11\/talking-bot-125x125.png","url":"https:\/\/portaltela.pt\/s.01k8rhncp4jt1\/2025\/11\/talking-bot-125x125.png","contentUrl":"https:\/\/portaltela.pt\/s.01k8rhncp4jt1\/2025\/11\/talking-bot-125x125.png","caption":"Telinha"},"sameAs":["https:\/\/portaltela.pt\/"],"url":"https:\/\/portaltela.pt\/por\/367410592786\/"}]}},"_links":{"self":[{"href":"https:\/\/portaltela.pt\/api\/wp\/v2\/posts\/437786","targetHints":{"allow":["GET"]}}],"collection":[{"href":"https:\/\/portaltela.pt\/api\/wp\/v2\/posts"}],"about":[{"href":"https:\/\/portaltela.pt\/api\/wp\/v2\/types\/post"}],"author":[{"embeddable":true,"href":"https:\/\/portaltela.pt\/api\/wp\/v2\/users\/2"}],"replies":[{"embeddable":true,"href":"https:\/\/portaltela.pt\/api\/wp\/v2\/comments?post=437786"}],"version-history":[{"count":0,"href":"https:\/\/portaltela.pt\/api\/wp\/v2\/posts\/437786\/revisions"}],"wp:featuredmedia":[{"embeddable":true,"href":"https:\/\/portaltela.pt\/api\/wp\/v2\/media\/437790"}],"wp:attachment":[{"href":"https:\/\/portaltela.pt\/api\/wp\/v2\/media?parent=437786"}],"wp:term":[{"taxonomy":"category","embeddable":true,"href":"https:\/\/portaltela.pt\/api\/wp\/v2\/categories?post=437786"},{"taxonomy":"post_tag","embeddable":true,"href":"https:\/\/portaltela.pt\/api\/wp\/v2\/tags?post=437786"}],"curies":[{"name":"wp","href":"https:\/\/api.w.org\/{rel}","templated":true}]}}