{"id":437780,"date":"2026-04-09T07:47:06","date_gmt":"2026-04-09T10:47:06","guid":{"rendered":"https:\/\/portaltela.pt\/noticias\/2026\/04\/09\/adeptos-do-betis-arrancam-torneiras-na-pedreira-deixando-casa-de-banho-da-bancada-visitante\/"},"modified":"2026-04-09T07:47:06","modified_gmt":"2026-04-09T10:47:06","slug":"adeptos-do-betis-arrancam-torneiras-na-pedreira-deixando-casa-de-banho-da-bancada-visitante","status":"publish","type":"post","link":"https:\/\/portaltela.pt\/desporto\/futebol\/2026\/04\/09\/adeptos-do-betis-arrancam-torneiras-na-pedreira-deixando-casa-de-banho-da-bancada-visitante\/","title":{"rendered":"Adeptos do Betis arrancam torneiras na Pedreira, deixando casa de banho da bancada visitante"},"content":{"rendered":"<p>Os adeptos do Betis vandalizaram a casa de banho na Pedreira, antes do encontro com o SC Braga. Instaladas na bancada visitante, as torneiras foram arrancadas da parede, segundo imagens partilhadas pela p\u00e1gina SC Braga News.<\/p>\n<p>As imagens difundidas via X mostram o estado dos balne\u00e1rios do est\u00e1dio, com danos nas instala\u00e7\u00f5es da \u00e1rea destinada aos visitantes. N\u00e3o foi apresentada qualquer confirma\u00e7\u00e3o adicional sobre o n\u00famero de bens danificados.<\/p>\n<p>A divulga\u00e7\u00e3o do material ocorreu ap\u00f3s o grupo de adeptos do Betis ter estado reunido no Campo da Vinha para a concentra\u00e7\u00e3o antes do jogo, conforme refer\u00eancia no mesmo portal de f\u00e3s. O objetivo das publica\u00e7\u00f5es \u00e9 documentar os estragos causados.<\/p>\n<p>N\u00e3o h\u00e1 informa\u00e7\u00f5es oficiais dispon\u00edveis sobre eventuais consequ\u00eancias ou medidas adotadas pela organiza\u00e7\u00e3o do encontro, nem declara\u00e7\u00f5es de clubes ou autoridades. As informa\u00e7\u00f5es seguem apenas o material p\u00fablico partilhado pelas fontes indicadas.<\/p>\n","protected":false},"excerpt":{"rendered":"<ul>\n<li>Adeptos do Betis vandalizaram a casa de banho da bancada visitante na Pedreira, arrancando torneiras da parede.<\/li>\n<li>A informa\u00e7\u00e3o foi partilhada pela p\u00e1gina SC Braga News na rede social X.<\/li>\n<li>As imagens seguem a divulga\u00e7\u00e3o do estado do Campo da Vinha, ap\u00f3s a concentra\u00e7\u00e3o antes do jogo em Braga.<\/li>\n<li>N\u00e3o foram apresentados detalhes adicionais sobre danos ou respons\u00e1veis.<\/li>\n<\/ul>\n","protected":false},"author":2,"featured_media":437782,"comment_status":"closed","ping_status":"closed","sticky":false,"template":"","format":"standard","meta":{"footnotes":""},"categories":[21,24],"tags":[1207,152,32,2008],"class_list":["post-437780","post","type-post","status-publish","format-standard","has-post-thumbnail","hentry","category-desporto","category-futebol","tag-braga","tag-desporto","tag-futebol","tag-vandalismo"],"yoast_head":"<!-- This site is optimized with the Yoast SEO plugin v27.2 - https:\/\/yoast.com\/product\/yoast-seo-wordpress\/ -->\n<title>Adeptos do Betis arrancam torneiras na Pedreira, deixando casa de banho da bancada visitante - Portal Tela Portugal<\/title>\n<meta name=\"robots\" content=\"index, follow, max-snippet:-1, max-image-preview:large, max-video-preview:-1\" \/>\n<meta property=\"og:locale\" content=\"pt_PT\" \/>\n<meta property=\"og:type\" content=\"article\" \/>\n<meta property=\"og:title\" content=\"Adeptos do Betis arrancam torneiras na Pedreira, deixando casa de banho da bancada visitante - Portal Tela Portugal\" \/>\n<meta property=\"og:description\" content=\"Adeptos do Betis vandalizaram a casa de banho da bancada visitante na Pedreira, arrancando torneiras da parede. A informa\u00e7\u00e3o foi partilhada pela p\u00e1gina SC Braga News na rede social X. As imagens seguem a divulga\u00e7\u00e3o do estado do Campo da Vinha, ap\u00f3s a concentra\u00e7\u00e3o antes do jogo em Braga. N\u00e3o foram apresentados detalhes adicionais sobre danos ou respons\u00e1veis.\" \/>\n<meta property=\"og:url\" content=\"https:\/\/portaltela.pt\/noticias\/2026\/04\/09\/adeptos-do-betis-arrancam-torneiras-na-pedreira-deixando-casa-de-banho-da-bancada-visitante\/\" \/>\n<meta property=\"og:site_name\" content=\"Portal Tela Portugal\" \/>\n<meta property=\"article:published_time\" content=\"2026-04-09T10:47:06+00:00\" \/>\n<meta name=\"author\" content=\"Telinha\" \/>\n<meta name=\"twitter:card\" content=\"summary_large_image\" \/>\n<meta name=\"twitter:label1\" content=\"Escrito por\" \/>\n\t<meta name=\"twitter:data1\" content=\"Telinha\" \/>\n\t<meta name=\"twitter:label2\" content=\"Tempo estimado de leitura\" \/>\n\t<meta name=\"twitter:data2\" content=\"1 minuto\" \/>\n<script type=\"application\/ld+json\" class=\"yoast-schema-graph\">{\"@context\":\"https:\/\/schema.org\",\"@graph\":[{\"@type\":\"Article\",\"@id\":\"https:\/\/portaltela.pt\/noticias\/2026\/04\/09\/adeptos-do-betis-arrancam-torneiras-na-pedreira-deixando-casa-de-banho-da-bancada-visitante\/#article\",\"isPartOf\":{\"@id\":\"https:\/\/portaltela.pt\/noticias\/2026\/04\/09\/adeptos-do-betis-arrancam-torneiras-na-pedreira-deixando-casa-de-banho-da-bancada-visitante\/\"},\"author\":{\"name\":\"Telinha\",\"@id\":\"https:\/\/portaltela.pt\/#\/schema\/person\/c4278d4a6028830caff9ee44b42d32ed\"},\"headline\":\"Adeptos do Betis arrancam torneiras na Pedreira, deixando casa de banho da bancada visitante\",\"datePublished\":\"2026-04-09T10:47:06+00:00\",\"mainEntityOfPage\":{\"@id\":\"https:\/\/portaltela.pt\/noticias\/2026\/04\/09\/adeptos-do-betis-arrancam-torneiras-na-pedreira-deixando-casa-de-banho-da-bancada-visitante\/\"},\"wordCount\":176,\"image\":{\"@id\":\"https:\/\/portaltela.pt\/noticias\/2026\/04\/09\/adeptos-do-betis-arrancam-torneiras-na-pedreira-deixando-casa-de-banho-da-bancada-visitante\/#primaryimage\"},\"thumbnailUrl\":\"https:\/\/portaltela.pt\/s.01k8rhncp4jt1\/2026\/04\/img_920x519uu2026-04-09-11-27-11-2431965.jpg\",\"keywords\":[\"Braga\",\"desporto\",\"futebol\",\"vandalismo\"],\"articleSection\":[\"Desporto\",\"Futebol\"],\"inLanguage\":\"pt-PT\"},{\"@type\":\"WebPage\",\"@id\":\"https:\/\/portaltela.pt\/noticias\/2026\/04\/09\/adeptos-do-betis-arrancam-torneiras-na-pedreira-deixando-casa-de-banho-da-bancada-visitante\/\",\"url\":\"https:\/\/portaltela.pt\/noticias\/2026\/04\/09\/adeptos-do-betis-arrancam-torneiras-na-pedreira-deixando-casa-de-banho-da-bancada-visitante\/\",\"name\":\"Adeptos do Betis arrancam torneiras na Pedreira, deixando casa de banho da bancada visitante - Portal Tela Portugal\",\"isPartOf\":{\"@id\":\"https:\/\/portaltela.pt\/#website\"},\"primaryImageOfPage\":{\"@id\":\"https:\/\/portaltela.pt\/noticias\/2026\/04\/09\/adeptos-do-betis-arrancam-torneiras-na-pedreira-deixando-casa-de-banho-da-bancada-visitante\/#primaryimage\"},\"image\":{\"@id\":\"https:\/\/portaltela.pt\/noticias\/2026\/04\/09\/adeptos-do-betis-arrancam-torneiras-na-pedreira-deixando-casa-de-banho-da-bancada-visitante\/#primaryimage\"},\"thumbnailUrl\":\"https:\/\/portaltela.pt\/s.01k8rhncp4jt1\/2026\/04\/img_920x519uu2026-04-09-11-27-11-2431965.jpg\",\"datePublished\":\"2026-04-09T10:47:06+00:00\",\"author\":{\"@id\":\"https:\/\/portaltela.pt\/#\/schema\/person\/c4278d4a6028830caff9ee44b42d32ed\"},\"breadcrumb\":{\"@id\":\"https:\/\/portaltela.pt\/noticias\/2026\/04\/09\/adeptos-do-betis-arrancam-torneiras-na-pedreira-deixando-casa-de-banho-da-bancada-visitante\/#breadcrumb\"},\"inLanguage\":\"pt-PT\",\"potentialAction\":[{\"@type\":\"ReadAction\",\"target\":[\"https:\/\/portaltela.pt\/noticias\/2026\/04\/09\/adeptos-do-betis-arrancam-torneiras-na-pedreira-deixando-casa-de-banho-da-bancada-visitante\/\"]}]},{\"@type\":\"ImageObject\",\"inLanguage\":\"pt-PT\",\"@id\":\"https:\/\/portaltela.pt\/noticias\/2026\/04\/09\/adeptos-do-betis-arrancam-torneiras-na-pedreira-deixando-casa-de-banho-da-bancada-visitante\/#primaryimage\",\"url\":\"https:\/\/portaltela.pt\/s.01k8rhncp4jt1\/2026\/04\/img_920x519uu2026-04-09-11-27-11-2431965.jpg\",\"contentUrl\":\"https:\/\/portaltela.pt\/s.01k8rhncp4jt1\/2026\/04\/img_920x519uu2026-04-09-11-27-11-2431965.jpg\",\"width\":796,\"height\":448,\"caption\":\"Adeptos do Betis arrancaram torneiras da Pedreira: assim ficou a casa de banho da bancada visitante\"},{\"@type\":\"BreadcrumbList\",\"@id\":\"https:\/\/portaltela.pt\/noticias\/2026\/04\/09\/adeptos-do-betis-arrancam-torneiras-na-pedreira-deixando-casa-de-banho-da-bancada-visitante\/#breadcrumb\",\"itemListElement\":[{\"@type\":\"ListItem\",\"position\":1,\"name\":\"In\u00edcio\",\"item\":\"https:\/\/portaltela.pt\/\"},{\"@type\":\"ListItem\",\"position\":2,\"name\":\"Adeptos do Betis arrancam torneiras na Pedreira, deixando casa de banho da bancada visitante\"}]},{\"@type\":\"WebSite\",\"@id\":\"https:\/\/portaltela.pt\/#website\",\"url\":\"https:\/\/portaltela.pt\/\",\"name\":\"Portal Tela Portugal\",\"description\":\"\",\"potentialAction\":[{\"@type\":\"SearchAction\",\"target\":{\"@type\":\"EntryPoint\",\"urlTemplate\":\"https:\/\/portaltela.pt\/?s={search_term_string}\"},\"query-input\":{\"@type\":\"PropertyValueSpecification\",\"valueRequired\":true,\"valueName\":\"search_term_string\"}}],\"inLanguage\":\"pt-PT\"},{\"@type\":\"Person\",\"@id\":\"https:\/\/portaltela.pt\/#\/schema\/person\/c4278d4a6028830caff9ee44b42d32ed\",\"name\":\"Telinha\",\"image\":{\"@type\":\"ImageObject\",\"inLanguage\":\"pt-PT\",\"@id\":\"https:\/\/portaltela.pt\/s.01k8rhncp4jt1\/2025\/11\/talking-bot-125x125.png\",\"url\":\"https:\/\/portaltela.pt\/s.01k8rhncp4jt1\/2025\/11\/talking-bot-125x125.png\",\"contentUrl\":\"https:\/\/portaltela.pt\/s.01k8rhncp4jt1\/2025\/11\/talking-bot-125x125.png\",\"caption\":\"Telinha\"},\"sameAs\":[\"https:\/\/portaltela.pt\/\"],\"url\":\"https:\/\/portaltela.pt\/por\/367410592786\/\"}]}<\/script>\n<!-- \/ Yoast SEO plugin. -->","yoast_head_json":{"title":"Adeptos do Betis arrancam torneiras na Pedreira, deixando casa de banho da bancada visitante - Portal Tela Portugal","robots":{"index":"index","follow":"follow","max-snippet":"max-snippet:-1","max-image-preview":"max-image-preview:large","max-video-preview":"max-video-preview:-1"},"og_locale":"pt_PT","og_type":"article","og_title":"Adeptos do Betis arrancam torneiras na Pedreira, deixando casa de banho da bancada visitante - Portal Tela Portugal","og_description":"Adeptos do Betis vandalizaram a casa de banho da bancada visitante na Pedreira, arrancando torneiras da parede. A informa\u00e7\u00e3o foi partilhada pela p\u00e1gina SC Braga News na rede social X. As imagens seguem a divulga\u00e7\u00e3o do estado do Campo da Vinha, ap\u00f3s a concentra\u00e7\u00e3o antes do jogo em Braga. N\u00e3o foram apresentados detalhes adicionais sobre danos ou respons\u00e1veis.","og_url":"https:\/\/portaltela.pt\/noticias\/2026\/04\/09\/adeptos-do-betis-arrancam-torneiras-na-pedreira-deixando-casa-de-banho-da-bancada-visitante\/","og_site_name":"Portal Tela Portugal","article_published_time":"2026-04-09T10:47:06+00:00","author":"Telinha","twitter_card":"summary_large_image","twitter_misc":{"Escrito por":"Telinha","Tempo estimado de leitura":"1 minuto"},"schema":{"@context":"https:\/\/schema.org","@graph":[{"@type":"Article","@id":"https:\/\/portaltela.pt\/noticias\/2026\/04\/09\/adeptos-do-betis-arrancam-torneiras-na-pedreira-deixando-casa-de-banho-da-bancada-visitante\/#article","isPartOf":{"@id":"https:\/\/portaltela.pt\/noticias\/2026\/04\/09\/adeptos-do-betis-arrancam-torneiras-na-pedreira-deixando-casa-de-banho-da-bancada-visitante\/"},"author":{"name":"Telinha","@id":"https:\/\/portaltela.pt\/#\/schema\/person\/c4278d4a6028830caff9ee44b42d32ed"},"headline":"Adeptos do Betis arrancam torneiras na Pedreira, deixando casa de banho da bancada visitante","datePublished":"2026-04-09T10:47:06+00:00","mainEntityOfPage":{"@id":"https:\/\/portaltela.pt\/noticias\/2026\/04\/09\/adeptos-do-betis-arrancam-torneiras-na-pedreira-deixando-casa-de-banho-da-bancada-visitante\/"},"wordCount":176,"image":{"@id":"https:\/\/portaltela.pt\/noticias\/2026\/04\/09\/adeptos-do-betis-arrancam-torneiras-na-pedreira-deixando-casa-de-banho-da-bancada-visitante\/#primaryimage"},"thumbnailUrl":"https:\/\/portaltela.pt\/s.01k8rhncp4jt1\/2026\/04\/img_920x519uu2026-04-09-11-27-11-2431965.jpg","keywords":["Braga","desporto","futebol","vandalismo"],"articleSection":["Desporto","Futebol"],"inLanguage":"pt-PT"},{"@type":"WebPage","@id":"https:\/\/portaltela.pt\/noticias\/2026\/04\/09\/adeptos-do-betis-arrancam-torneiras-na-pedreira-deixando-casa-de-banho-da-bancada-visitante\/","url":"https:\/\/portaltela.pt\/noticias\/2026\/04\/09\/adeptos-do-betis-arrancam-torneiras-na-pedreira-deixando-casa-de-banho-da-bancada-visitante\/","name":"Adeptos do Betis arrancam torneiras na Pedreira, deixando casa de banho da bancada visitante - Portal Tela Portugal","isPartOf":{"@id":"https:\/\/portaltela.pt\/#website"},"primaryImageOfPage":{"@id":"https:\/\/portaltela.pt\/noticias\/2026\/04\/09\/adeptos-do-betis-arrancam-torneiras-na-pedreira-deixando-casa-de-banho-da-bancada-visitante\/#primaryimage"},"image":{"@id":"https:\/\/portaltela.pt\/noticias\/2026\/04\/09\/adeptos-do-betis-arrancam-torneiras-na-pedreira-deixando-casa-de-banho-da-bancada-visitante\/#primaryimage"},"thumbnailUrl":"https:\/\/portaltela.pt\/s.01k8rhncp4jt1\/2026\/04\/img_920x519uu2026-04-09-11-27-11-2431965.jpg","datePublished":"2026-04-09T10:47:06+00:00","author":{"@id":"https:\/\/portaltela.pt\/#\/schema\/person\/c4278d4a6028830caff9ee44b42d32ed"},"breadcrumb":{"@id":"https:\/\/portaltela.pt\/noticias\/2026\/04\/09\/adeptos-do-betis-arrancam-torneiras-na-pedreira-deixando-casa-de-banho-da-bancada-visitante\/#breadcrumb"},"inLanguage":"pt-PT","potentialAction":[{"@type":"ReadAction","target":["https:\/\/portaltela.pt\/noticias\/2026\/04\/09\/adeptos-do-betis-arrancam-torneiras-na-pedreira-deixando-casa-de-banho-da-bancada-visitante\/"]}]},{"@type":"ImageObject","inLanguage":"pt-PT","@id":"https:\/\/portaltela.pt\/noticias\/2026\/04\/09\/adeptos-do-betis-arrancam-torneiras-na-pedreira-deixando-casa-de-banho-da-bancada-visitante\/#primaryimage","url":"https:\/\/portaltela.pt\/s.01k8rhncp4jt1\/2026\/04\/img_920x519uu2026-04-09-11-27-11-2431965.jpg","contentUrl":"https:\/\/portaltela.pt\/s.01k8rhncp4jt1\/2026\/04\/img_920x519uu2026-04-09-11-27-11-2431965.jpg","width":796,"height":448,"caption":"Adeptos do Betis arrancaram torneiras da Pedreira: assim ficou a casa de banho da bancada visitante"},{"@type":"BreadcrumbList","@id":"https:\/\/portaltela.pt\/noticias\/2026\/04\/09\/adeptos-do-betis-arrancam-torneiras-na-pedreira-deixando-casa-de-banho-da-bancada-visitante\/#breadcrumb","itemListElement":[{"@type":"ListItem","position":1,"name":"In\u00edcio","item":"https:\/\/portaltela.pt\/"},{"@type":"ListItem","position":2,"name":"Adeptos do Betis arrancam torneiras na Pedreira, deixando casa de banho da bancada visitante"}]},{"@type":"WebSite","@id":"https:\/\/portaltela.pt\/#website","url":"https:\/\/portaltela.pt\/","name":"Portal Tela Portugal","description":"","potentialAction":[{"@type":"SearchAction","target":{"@type":"EntryPoint","urlTemplate":"https:\/\/portaltela.pt\/?s={search_term_string}"},"query-input":{"@type":"PropertyValueSpecification","valueRequired":true,"valueName":"search_term_string"}}],"inLanguage":"pt-PT"},{"@type":"Person","@id":"https:\/\/portaltela.pt\/#\/schema\/person\/c4278d4a6028830caff9ee44b42d32ed","name":"Telinha","image":{"@type":"ImageObject","inLanguage":"pt-PT","@id":"https:\/\/portaltela.pt\/s.01k8rhncp4jt1\/2025\/11\/talking-bot-125x125.png","url":"https:\/\/portaltela.pt\/s.01k8rhncp4jt1\/2025\/11\/talking-bot-125x125.png","contentUrl":"https:\/\/portaltela.pt\/s.01k8rhncp4jt1\/2025\/11\/talking-bot-125x125.png","caption":"Telinha"},"sameAs":["https:\/\/portaltela.pt\/"],"url":"https:\/\/portaltela.pt\/por\/367410592786\/"}]}},"_links":{"self":[{"href":"https:\/\/portaltela.pt\/api\/wp\/v2\/posts\/437780","targetHints":{"allow":["GET"]}}],"collection":[{"href":"https:\/\/portaltela.pt\/api\/wp\/v2\/posts"}],"about":[{"href":"https:\/\/portaltela.pt\/api\/wp\/v2\/types\/post"}],"author":[{"embeddable":true,"href":"https:\/\/portaltela.pt\/api\/wp\/v2\/users\/2"}],"replies":[{"embeddable":true,"href":"https:\/\/portaltela.pt\/api\/wp\/v2\/comments?post=437780"}],"version-history":[{"count":0,"href":"https:\/\/portaltela.pt\/api\/wp\/v2\/posts\/437780\/revisions"}],"wp:featuredmedia":[{"embeddable":true,"href":"https:\/\/portaltela.pt\/api\/wp\/v2\/media\/437782"}],"wp:attachment":[{"href":"https:\/\/portaltela.pt\/api\/wp\/v2\/media?parent=437780"}],"wp:term":[{"taxonomy":"category","embeddable":true,"href":"https:\/\/portaltela.pt\/api\/wp\/v2\/categories?post=437780"},{"taxonomy":"post_tag","embeddable":true,"href":"https:\/\/portaltela.pt\/api\/wp\/v2\/tags?post=437780"}],"curies":[{"name":"wp","href":"https:\/\/api.w.org\/{rel}","templated":true}]}}