{"id":437778,"date":"2026-04-09T07:47:02","date_gmt":"2026-04-09T10:47:02","guid":{"rendered":"https:\/\/portaltela.pt\/noticias\/2026\/04\/09\/preco-do-cabaz-de-bens-essenciais-sobe-tres-euros-face-a-semana-passada\/"},"modified":"2026-04-09T07:47:02","modified_gmt":"2026-04-09T10:47:02","slug":"preco-do-cabaz-de-bens-essenciais-sobe-tres-euros-face-a-semana-passada","status":"publish","type":"post","link":"https:\/\/portaltela.pt\/noticias\/economia\/2026\/04\/09\/preco-do-cabaz-de-bens-essenciais-sobe-tres-euros-face-a-semana-passada\/","title":{"rendered":"Pre\u00e7o do cabaz de bens essenciais sobe tr\u00eas euros face \u00e0 semana passada"},"content":{"rendered":"<p>O cabaz com bens essenciais aumentou 3 euros desde a semana passada, segundo a DECO PROteste, que divulgou os valores esta semana. O pre\u00e7o passou a ser de 45 euros, acima dos 42 euros de h\u00e1 uma semana.<\/p>\n<p>A associa\u00e7\u00e3o explica que o aumento resulta de varia\u00e7\u00f5es nos pre\u00e7os de v\u00e1rios itens, em especial p\u00e3o, leite e carne, que registaram aumentos significativos recentemente.<\/p>\n<p>A DECO PROteste aconselha os consumidores a comparar pre\u00e7os, escolher marcas mais econ\u00f3micas e aproveitar promo\u00e7\u00f5es para reduzir o impacto no or\u00e7amento familiar. O cen\u00e1rio refletido acompanha a infla\u00e7\u00e3o.<\/p>\n<p>O cabaz serve para acompanhar a evolu\u00e7\u00e3o dos pre\u00e7os dos bens mais consumidos pelas fam\u00edlias portuguesas. A organiza\u00e7\u00e3o continuar\u00e1 a monitorizar valores e a divulgar atualiza\u00e7\u00f5es para apoiar escolhas informadas.<\/p>\n<p>Segundo a associa\u00e7\u00e3o, h\u00e1 um peso maior dos bens essenciais na infla\u00e7\u00e3o e no custo de vida. A DECO PROteste refor\u00e7a a import\u00e2ncia de campanhas de descontos e promo\u00e7\u00f5es.<\/p>\n","protected":false},"excerpt":{"rendered":"<ul>\n<li>O cabaz com bens essenciais aumentou tr\u00eas euros em rela\u00e7\u00e3o \u00e0 semana passada, passando de 42 para 45 euros.<\/li>\n<li>A DECO PROteste anunciou os valores atualizados nesta semana.<\/li>\n<li>O aumento deve-se \u00e0 subida de pre\u00e7os de alguns itens, nomeadamente o p\u00e3o, o leite e a carne.<\/li>\n<li>A associa\u00e7\u00e3o aconselha os consumidores a comparar pre\u00e7os, escolher marcas mais econ\u00f3micas e aproveitar promo\u00e7\u00f5es.<\/li>\n<li>A DECO PROteste vai continuar a acompanhar a evolu\u00e7\u00e3o dos pre\u00e7os para ajudar os consumidores a tomar decis\u00f5es informadas.<\/li>\n<\/ul>\n","protected":false},"author":2,"featured_media":437779,"comment_status":"closed","ping_status":"closed","sticky":false,"template":"","format":"standard","meta":{"footnotes":""},"categories":[2,7385],"tags":[6115,86,7147,4991,7291,7296],"class_list":["post-437778","post","type-post","status-publish","format-standard","has-post-thumbnail","hentry","category-economia","category-precos","tag-_economia","tag-alimentacao","tag-consumidores","tag-consumo","tag-inflaccao","tag-precos"],"yoast_head":"<!-- This site is optimized with the Yoast SEO plugin v27.2 - https:\/\/yoast.com\/product\/yoast-seo-wordpress\/ -->\n<title>Pre\u00e7o do cabaz de bens essenciais sobe tr\u00eas euros face \u00e0 semana passada - Portal Tela Portugal<\/title>\n<meta name=\"robots\" content=\"index, follow, max-snippet:-1, max-image-preview:large, max-video-preview:-1\" \/>\n<meta property=\"og:locale\" content=\"pt_PT\" \/>\n<meta property=\"og:type\" content=\"article\" \/>\n<meta property=\"og:title\" content=\"Pre\u00e7o do cabaz de bens essenciais sobe tr\u00eas euros face \u00e0 semana passada - Portal Tela Portugal\" \/>\n<meta property=\"og:description\" content=\"O cabaz com bens essenciais aumentou tr\u00eas euros em rela\u00e7\u00e3o \u00e0 semana passada, passando de 42 para 45 euros. A DECO PROteste anunciou os valores atualizados nesta semana. O aumento deve-se \u00e0 subida de pre\u00e7os de alguns itens, nomeadamente o p\u00e3o, o leite e a carne. A associa\u00e7\u00e3o aconselha os consumidores a comparar pre\u00e7os, escolher marcas mais econ\u00f3micas e aproveitar promo\u00e7\u00f5es. A DECO PROteste vai continuar a acompanhar a evolu\u00e7\u00e3o dos pre\u00e7os para ajudar os consumidores a tomar decis\u00f5es informadas.\" \/>\n<meta property=\"og:url\" content=\"https:\/\/portaltela.pt\/noticias\/2026\/04\/09\/preco-do-cabaz-de-bens-essenciais-sobe-tres-euros-face-a-semana-passada\/\" \/>\n<meta property=\"og:site_name\" content=\"Portal Tela Portugal\" \/>\n<meta property=\"article:published_time\" content=\"2026-04-09T10:47:02+00:00\" \/>\n<meta name=\"author\" content=\"Telinha\" \/>\n<meta name=\"twitter:card\" content=\"summary_large_image\" \/>\n<meta name=\"twitter:label1\" content=\"Escrito por\" \/>\n\t<meta name=\"twitter:data1\" content=\"Telinha\" \/>\n\t<meta name=\"twitter:label2\" content=\"Tempo estimado de leitura\" \/>\n\t<meta name=\"twitter:data2\" content=\"1 minuto\" \/>\n<script type=\"application\/ld+json\" class=\"yoast-schema-graph\">{\"@context\":\"https:\/\/schema.org\",\"@graph\":[{\"@type\":\"Article\",\"@id\":\"https:\/\/portaltela.pt\/noticias\/2026\/04\/09\/preco-do-cabaz-de-bens-essenciais-sobe-tres-euros-face-a-semana-passada\/#article\",\"isPartOf\":{\"@id\":\"https:\/\/portaltela.pt\/noticias\/2026\/04\/09\/preco-do-cabaz-de-bens-essenciais-sobe-tres-euros-face-a-semana-passada\/\"},\"author\":{\"name\":\"Telinha\",\"@id\":\"https:\/\/portaltela.pt\/#\/schema\/person\/c4278d4a6028830caff9ee44b42d32ed\"},\"headline\":\"Pre\u00e7o do cabaz de bens essenciais sobe tr\u00eas euros face \u00e0 semana passada\",\"datePublished\":\"2026-04-09T10:47:02+00:00\",\"mainEntityOfPage\":{\"@id\":\"https:\/\/portaltela.pt\/noticias\/2026\/04\/09\/preco-do-cabaz-de-bens-essenciais-sobe-tres-euros-face-a-semana-passada\/\"},\"wordCount\":184,\"image\":{\"@id\":\"https:\/\/portaltela.pt\/noticias\/2026\/04\/09\/preco-do-cabaz-de-bens-essenciais-sobe-tres-euros-face-a-semana-passada\/#primaryimage\"},\"thumbnailUrl\":\"https:\/\/portaltela.pt\/s.01k8rhncp4jt1\/2026\/04\/img_1280x722uu2026-04-09-11-38-20-2277449.jpg\",\"keywords\":[\"_economia\",\"alimenta\u00e7\u00e3o\",\"consumidores\",\"consumo\",\"inflac\u00e7\u00e3o\",\"pre\u00e7os\"],\"articleSection\":[\"Economia\",\"Pre\u00e7os\"],\"inLanguage\":\"pt-PT\"},{\"@type\":\"WebPage\",\"@id\":\"https:\/\/portaltela.pt\/noticias\/2026\/04\/09\/preco-do-cabaz-de-bens-essenciais-sobe-tres-euros-face-a-semana-passada\/\",\"url\":\"https:\/\/portaltela.pt\/noticias\/2026\/04\/09\/preco-do-cabaz-de-bens-essenciais-sobe-tres-euros-face-a-semana-passada\/\",\"name\":\"Pre\u00e7o do cabaz de bens essenciais sobe tr\u00eas euros face \u00e0 semana passada - Portal Tela Portugal\",\"isPartOf\":{\"@id\":\"https:\/\/portaltela.pt\/#website\"},\"primaryImageOfPage\":{\"@id\":\"https:\/\/portaltela.pt\/noticias\/2026\/04\/09\/preco-do-cabaz-de-bens-essenciais-sobe-tres-euros-face-a-semana-passada\/#primaryimage\"},\"image\":{\"@id\":\"https:\/\/portaltela.pt\/noticias\/2026\/04\/09\/preco-do-cabaz-de-bens-essenciais-sobe-tres-euros-face-a-semana-passada\/#primaryimage\"},\"thumbnailUrl\":\"https:\/\/portaltela.pt\/s.01k8rhncp4jt1\/2026\/04\/img_1280x722uu2026-04-09-11-38-20-2277449.jpg\",\"datePublished\":\"2026-04-09T10:47:02+00:00\",\"author\":{\"@id\":\"https:\/\/portaltela.pt\/#\/schema\/person\/c4278d4a6028830caff9ee44b42d32ed\"},\"breadcrumb\":{\"@id\":\"https:\/\/portaltela.pt\/noticias\/2026\/04\/09\/preco-do-cabaz-de-bens-essenciais-sobe-tres-euros-face-a-semana-passada\/#breadcrumb\"},\"inLanguage\":\"pt-PT\",\"potentialAction\":[{\"@type\":\"ReadAction\",\"target\":[\"https:\/\/portaltela.pt\/noticias\/2026\/04\/09\/preco-do-cabaz-de-bens-essenciais-sobe-tres-euros-face-a-semana-passada\/\"]}]},{\"@type\":\"ImageObject\",\"inLanguage\":\"pt-PT\",\"@id\":\"https:\/\/portaltela.pt\/noticias\/2026\/04\/09\/preco-do-cabaz-de-bens-essenciais-sobe-tres-euros-face-a-semana-passada\/#primaryimage\",\"url\":\"https:\/\/portaltela.pt\/s.01k8rhncp4jt1\/2026\/04\/img_1280x722uu2026-04-09-11-38-20-2277449.jpg\",\"contentUrl\":\"https:\/\/portaltela.pt\/s.01k8rhncp4jt1\/2026\/04\/img_1280x722uu2026-04-09-11-38-20-2277449.jpg\",\"width\":796,\"height\":448,\"caption\":\"Pre\u00e7o do cabaz com bens essenciais aumentou tr\u00eas euros desde a semana passada\"},{\"@type\":\"BreadcrumbList\",\"@id\":\"https:\/\/portaltela.pt\/noticias\/2026\/04\/09\/preco-do-cabaz-de-bens-essenciais-sobe-tres-euros-face-a-semana-passada\/#breadcrumb\",\"itemListElement\":[{\"@type\":\"ListItem\",\"position\":1,\"name\":\"In\u00edcio\",\"item\":\"https:\/\/portaltela.pt\/\"},{\"@type\":\"ListItem\",\"position\":2,\"name\":\"Pre\u00e7o do cabaz de bens essenciais sobe tr\u00eas euros face \u00e0 semana passada\"}]},{\"@type\":\"WebSite\",\"@id\":\"https:\/\/portaltela.pt\/#website\",\"url\":\"https:\/\/portaltela.pt\/\",\"name\":\"Portal Tela Portugal\",\"description\":\"\",\"potentialAction\":[{\"@type\":\"SearchAction\",\"target\":{\"@type\":\"EntryPoint\",\"urlTemplate\":\"https:\/\/portaltela.pt\/?s={search_term_string}\"},\"query-input\":{\"@type\":\"PropertyValueSpecification\",\"valueRequired\":true,\"valueName\":\"search_term_string\"}}],\"inLanguage\":\"pt-PT\"},{\"@type\":\"Person\",\"@id\":\"https:\/\/portaltela.pt\/#\/schema\/person\/c4278d4a6028830caff9ee44b42d32ed\",\"name\":\"Telinha\",\"image\":{\"@type\":\"ImageObject\",\"inLanguage\":\"pt-PT\",\"@id\":\"https:\/\/portaltela.pt\/s.01k8rhncp4jt1\/2025\/11\/talking-bot-125x125.png\",\"url\":\"https:\/\/portaltela.pt\/s.01k8rhncp4jt1\/2025\/11\/talking-bot-125x125.png\",\"contentUrl\":\"https:\/\/portaltela.pt\/s.01k8rhncp4jt1\/2025\/11\/talking-bot-125x125.png\",\"caption\":\"Telinha\"},\"sameAs\":[\"https:\/\/portaltela.pt\/\"],\"url\":\"https:\/\/portaltela.pt\/por\/367410592786\/\"}]}<\/script>\n<!-- \/ Yoast SEO plugin. -->","yoast_head_json":{"title":"Pre\u00e7o do cabaz de bens essenciais sobe tr\u00eas euros face \u00e0 semana passada - Portal Tela Portugal","robots":{"index":"index","follow":"follow","max-snippet":"max-snippet:-1","max-image-preview":"max-image-preview:large","max-video-preview":"max-video-preview:-1"},"og_locale":"pt_PT","og_type":"article","og_title":"Pre\u00e7o do cabaz de bens essenciais sobe tr\u00eas euros face \u00e0 semana passada - Portal Tela Portugal","og_description":"O cabaz com bens essenciais aumentou tr\u00eas euros em rela\u00e7\u00e3o \u00e0 semana passada, passando de 42 para 45 euros. A DECO PROteste anunciou os valores atualizados nesta semana. O aumento deve-se \u00e0 subida de pre\u00e7os de alguns itens, nomeadamente o p\u00e3o, o leite e a carne. A associa\u00e7\u00e3o aconselha os consumidores a comparar pre\u00e7os, escolher marcas mais econ\u00f3micas e aproveitar promo\u00e7\u00f5es. A DECO PROteste vai continuar a acompanhar a evolu\u00e7\u00e3o dos pre\u00e7os para ajudar os consumidores a tomar decis\u00f5es informadas.","og_url":"https:\/\/portaltela.pt\/noticias\/2026\/04\/09\/preco-do-cabaz-de-bens-essenciais-sobe-tres-euros-face-a-semana-passada\/","og_site_name":"Portal Tela Portugal","article_published_time":"2026-04-09T10:47:02+00:00","author":"Telinha","twitter_card":"summary_large_image","twitter_misc":{"Escrito por":"Telinha","Tempo estimado de leitura":"1 minuto"},"schema":{"@context":"https:\/\/schema.org","@graph":[{"@type":"Article","@id":"https:\/\/portaltela.pt\/noticias\/2026\/04\/09\/preco-do-cabaz-de-bens-essenciais-sobe-tres-euros-face-a-semana-passada\/#article","isPartOf":{"@id":"https:\/\/portaltela.pt\/noticias\/2026\/04\/09\/preco-do-cabaz-de-bens-essenciais-sobe-tres-euros-face-a-semana-passada\/"},"author":{"name":"Telinha","@id":"https:\/\/portaltela.pt\/#\/schema\/person\/c4278d4a6028830caff9ee44b42d32ed"},"headline":"Pre\u00e7o do cabaz de bens essenciais sobe tr\u00eas euros face \u00e0 semana passada","datePublished":"2026-04-09T10:47:02+00:00","mainEntityOfPage":{"@id":"https:\/\/portaltela.pt\/noticias\/2026\/04\/09\/preco-do-cabaz-de-bens-essenciais-sobe-tres-euros-face-a-semana-passada\/"},"wordCount":184,"image":{"@id":"https:\/\/portaltela.pt\/noticias\/2026\/04\/09\/preco-do-cabaz-de-bens-essenciais-sobe-tres-euros-face-a-semana-passada\/#primaryimage"},"thumbnailUrl":"https:\/\/portaltela.pt\/s.01k8rhncp4jt1\/2026\/04\/img_1280x722uu2026-04-09-11-38-20-2277449.jpg","keywords":["_economia","alimenta\u00e7\u00e3o","consumidores","consumo","inflac\u00e7\u00e3o","pre\u00e7os"],"articleSection":["Economia","Pre\u00e7os"],"inLanguage":"pt-PT"},{"@type":"WebPage","@id":"https:\/\/portaltela.pt\/noticias\/2026\/04\/09\/preco-do-cabaz-de-bens-essenciais-sobe-tres-euros-face-a-semana-passada\/","url":"https:\/\/portaltela.pt\/noticias\/2026\/04\/09\/preco-do-cabaz-de-bens-essenciais-sobe-tres-euros-face-a-semana-passada\/","name":"Pre\u00e7o do cabaz de bens essenciais sobe tr\u00eas euros face \u00e0 semana passada - Portal Tela Portugal","isPartOf":{"@id":"https:\/\/portaltela.pt\/#website"},"primaryImageOfPage":{"@id":"https:\/\/portaltela.pt\/noticias\/2026\/04\/09\/preco-do-cabaz-de-bens-essenciais-sobe-tres-euros-face-a-semana-passada\/#primaryimage"},"image":{"@id":"https:\/\/portaltela.pt\/noticias\/2026\/04\/09\/preco-do-cabaz-de-bens-essenciais-sobe-tres-euros-face-a-semana-passada\/#primaryimage"},"thumbnailUrl":"https:\/\/portaltela.pt\/s.01k8rhncp4jt1\/2026\/04\/img_1280x722uu2026-04-09-11-38-20-2277449.jpg","datePublished":"2026-04-09T10:47:02+00:00","author":{"@id":"https:\/\/portaltela.pt\/#\/schema\/person\/c4278d4a6028830caff9ee44b42d32ed"},"breadcrumb":{"@id":"https:\/\/portaltela.pt\/noticias\/2026\/04\/09\/preco-do-cabaz-de-bens-essenciais-sobe-tres-euros-face-a-semana-passada\/#breadcrumb"},"inLanguage":"pt-PT","potentialAction":[{"@type":"ReadAction","target":["https:\/\/portaltela.pt\/noticias\/2026\/04\/09\/preco-do-cabaz-de-bens-essenciais-sobe-tres-euros-face-a-semana-passada\/"]}]},{"@type":"ImageObject","inLanguage":"pt-PT","@id":"https:\/\/portaltela.pt\/noticias\/2026\/04\/09\/preco-do-cabaz-de-bens-essenciais-sobe-tres-euros-face-a-semana-passada\/#primaryimage","url":"https:\/\/portaltela.pt\/s.01k8rhncp4jt1\/2026\/04\/img_1280x722uu2026-04-09-11-38-20-2277449.jpg","contentUrl":"https:\/\/portaltela.pt\/s.01k8rhncp4jt1\/2026\/04\/img_1280x722uu2026-04-09-11-38-20-2277449.jpg","width":796,"height":448,"caption":"Pre\u00e7o do cabaz com bens essenciais aumentou tr\u00eas euros desde a semana passada"},{"@type":"BreadcrumbList","@id":"https:\/\/portaltela.pt\/noticias\/2026\/04\/09\/preco-do-cabaz-de-bens-essenciais-sobe-tres-euros-face-a-semana-passada\/#breadcrumb","itemListElement":[{"@type":"ListItem","position":1,"name":"In\u00edcio","item":"https:\/\/portaltela.pt\/"},{"@type":"ListItem","position":2,"name":"Pre\u00e7o do cabaz de bens essenciais sobe tr\u00eas euros face \u00e0 semana passada"}]},{"@type":"WebSite","@id":"https:\/\/portaltela.pt\/#website","url":"https:\/\/portaltela.pt\/","name":"Portal Tela Portugal","description":"","potentialAction":[{"@type":"SearchAction","target":{"@type":"EntryPoint","urlTemplate":"https:\/\/portaltela.pt\/?s={search_term_string}"},"query-input":{"@type":"PropertyValueSpecification","valueRequired":true,"valueName":"search_term_string"}}],"inLanguage":"pt-PT"},{"@type":"Person","@id":"https:\/\/portaltela.pt\/#\/schema\/person\/c4278d4a6028830caff9ee44b42d32ed","name":"Telinha","image":{"@type":"ImageObject","inLanguage":"pt-PT","@id":"https:\/\/portaltela.pt\/s.01k8rhncp4jt1\/2025\/11\/talking-bot-125x125.png","url":"https:\/\/portaltela.pt\/s.01k8rhncp4jt1\/2025\/11\/talking-bot-125x125.png","contentUrl":"https:\/\/portaltela.pt\/s.01k8rhncp4jt1\/2025\/11\/talking-bot-125x125.png","caption":"Telinha"},"sameAs":["https:\/\/portaltela.pt\/"],"url":"https:\/\/portaltela.pt\/por\/367410592786\/"}]}},"_links":{"self":[{"href":"https:\/\/portaltela.pt\/api\/wp\/v2\/posts\/437778","targetHints":{"allow":["GET"]}}],"collection":[{"href":"https:\/\/portaltela.pt\/api\/wp\/v2\/posts"}],"about":[{"href":"https:\/\/portaltela.pt\/api\/wp\/v2\/types\/post"}],"author":[{"embeddable":true,"href":"https:\/\/portaltela.pt\/api\/wp\/v2\/users\/2"}],"replies":[{"embeddable":true,"href":"https:\/\/portaltela.pt\/api\/wp\/v2\/comments?post=437778"}],"version-history":[{"count":0,"href":"https:\/\/portaltela.pt\/api\/wp\/v2\/posts\/437778\/revisions"}],"wp:featuredmedia":[{"embeddable":true,"href":"https:\/\/portaltela.pt\/api\/wp\/v2\/media\/437779"}],"wp:attachment":[{"href":"https:\/\/portaltela.pt\/api\/wp\/v2\/media?parent=437778"}],"wp:term":[{"taxonomy":"category","embeddable":true,"href":"https:\/\/portaltela.pt\/api\/wp\/v2\/categories?post=437778"},{"taxonomy":"post_tag","embeddable":true,"href":"https:\/\/portaltela.pt\/api\/wp\/v2\/tags?post=437778"}],"curies":[{"name":"wp","href":"https:\/\/api.w.org\/{rel}","templated":true}]}}