{"id":437774,"date":"2026-04-09T07:46:54","date_gmt":"2026-04-09T10:46:54","guid":{"rendered":"https:\/\/portaltela.pt\/noticias\/2026\/04\/09\/enzo-de-prevencao-mourinho-enfrenta-dores-de-cabeca-na-defesa-do-benfica\/"},"modified":"2026-04-09T07:46:54","modified_gmt":"2026-04-09T10:46:54","slug":"enzo-de-prevencao-mourinho-enfrenta-dores-de-cabeca-na-defesa-do-benfica","status":"publish","type":"post","link":"https:\/\/portaltela.pt\/desporto\/futebol\/2026\/04\/09\/enzo-de-prevencao-mourinho-enfrenta-dores-de-cabeca-na-defesa-do-benfica\/","title":{"rendered":"Enzo de preven\u00e7\u00e3o: Mourinho enfrenta dores de cabe\u00e7a na defesa do Benfica"},"content":{"rendered":"<p>Benfica encara o jogo com o Nacional no domingo \u00e0s 18h, em casa, com constrangimentos na defesa. Jos\u00e9 Mourinho n\u00e3o tem op\u00e7\u00f5es naturais de eixo defensivo al\u00e9m de Otamendi e Ant\u00f3nio Silva, que ficam dispon\u00edveis para a rece\u00e7\u00e3o. Os centrais de raiz do plantel s\u00e3o estes dois jogadores, sob o comando t\u00e9cnico do treinador.<\/p>\n<p>Entre os que normalmente exercem fun\u00e7\u00f5es no setor, apenas Otamendi e Ant\u00f3nio Silva surgem como escolhas s\u00f3lidas para o eixo central. Os dois t\u00eam merecido a confian\u00e7a de Mourinho e aparecem como op\u00e7\u00f5es preferenciais para o duelo.<\/p>\n<p>H\u00e1 ainda Enzo Barrenechea, que tem sido utilizado noutras zonas do terreno, mas que surge como a terceira alternativa para o centro da defesa, caso seja necess\u00e1ria uma solu\u00e7\u00e3o adicional. A not\u00edcia foi confirmada pelo jornal Record.<\/p>\n<h3>Situa\u00e7\u00e3o na defesa de Benfica<\/h3>\n<p>A prepara\u00e7\u00e3o para o encontro mant\u00e9m-se sob foco na estabilidade defensiva, com Mourinho a ponderar todas as possibilidades para definir a linha central diante do Nacional. O encontro promete definir din\u00e2micas de jogo para a equipa nas pr\u00f3ximas jornadas.<\/p>\n","protected":false},"excerpt":{"rendered":"<ul>\n<li>Jos\u00e9 Mourinho s\u00f3 tem Nicol\u00e1s Otamendi e Ant\u00f3nio Silva como centrais de raiz dispon\u00edveis para a rece\u00e7\u00e3o ao Nacional, no domingo \u00e0s 18h.<\/li>\n<li>S\u00e3o estes os centrais da equipa que t\u00eam merecido a confian\u00e7a do treinador e que est\u00e3o \u00e0 disposi\u00e7\u00e3o para o jogo.<\/li>\n<li>Enzo Barrenechea, menos habituado \u00e0s zonas centrais, entra como terceira op\u00e7\u00e3o para o centro e est\u00e1 em precau\u00e7\u00e3o para eventual necessidade.<\/li>\n<li>A not\u00edcia \u00e9 de Record.<\/li>\n<\/ul>\n","protected":false},"author":2,"featured_media":437776,"comment_status":"closed","ping_status":"closed","sticky":false,"template":"","format":"standard","meta":{"footnotes":""},"categories":[21,24],"tags":[4143,6568,1946,5847,32,4117],"class_list":["post-437774","post","type-post","status-publish","format-standard","has-post-thumbnail","hentry","category-desporto","category-futebol","tag-1-liga","tag-antonio-silva","tag-benfica","tag-enzo-barrenechea","tag-futebol","tag-otamendi"],"yoast_head":"<!-- This site is optimized with the Yoast SEO plugin v27.2 - https:\/\/yoast.com\/product\/yoast-seo-wordpress\/ -->\n<title>Enzo de preven\u00e7\u00e3o: Mourinho enfrenta dores de cabe\u00e7a na defesa do Benfica - Portal Tela Portugal<\/title>\n<meta name=\"robots\" content=\"index, follow, max-snippet:-1, max-image-preview:large, max-video-preview:-1\" \/>\n<meta property=\"og:locale\" content=\"pt_PT\" \/>\n<meta property=\"og:type\" content=\"article\" \/>\n<meta property=\"og:title\" content=\"Enzo de preven\u00e7\u00e3o: Mourinho enfrenta dores de cabe\u00e7a na defesa do Benfica - Portal Tela Portugal\" \/>\n<meta property=\"og:description\" content=\"Jos\u00e9 Mourinho s\u00f3 tem Nicol\u00e1s Otamendi e Ant\u00f3nio Silva como centrais de raiz dispon\u00edveis para a rece\u00e7\u00e3o ao Nacional, no domingo \u00e0s 18h. S\u00e3o estes os centrais da equipa que t\u00eam merecido a confian\u00e7a do treinador e que est\u00e3o \u00e0 disposi\u00e7\u00e3o para o jogo. Enzo Barrenechea, menos habituado \u00e0s zonas centrais, entra como terceira op\u00e7\u00e3o para o centro e est\u00e1 em precau\u00e7\u00e3o para eventual necessidade. A not\u00edcia \u00e9 de Record.\" \/>\n<meta property=\"og:url\" content=\"https:\/\/portaltela.pt\/noticias\/2026\/04\/09\/enzo-de-prevencao-mourinho-enfrenta-dores-de-cabeca-na-defesa-do-benfica\/\" \/>\n<meta property=\"og:site_name\" content=\"Portal Tela Portugal\" \/>\n<meta property=\"article:published_time\" content=\"2026-04-09T10:46:54+00:00\" \/>\n<meta name=\"author\" content=\"Telinha\" \/>\n<meta name=\"twitter:card\" content=\"summary_large_image\" \/>\n<meta name=\"twitter:label1\" content=\"Escrito por\" \/>\n\t<meta name=\"twitter:data1\" content=\"Telinha\" \/>\n\t<meta name=\"twitter:label2\" content=\"Tempo estimado de leitura\" \/>\n\t<meta name=\"twitter:data2\" content=\"1 minuto\" \/>\n<script type=\"application\/ld+json\" class=\"yoast-schema-graph\">{\"@context\":\"https:\/\/schema.org\",\"@graph\":[{\"@type\":\"Article\",\"@id\":\"https:\/\/portaltela.pt\/noticias\/2026\/04\/09\/enzo-de-prevencao-mourinho-enfrenta-dores-de-cabeca-na-defesa-do-benfica\/#article\",\"isPartOf\":{\"@id\":\"https:\/\/portaltela.pt\/noticias\/2026\/04\/09\/enzo-de-prevencao-mourinho-enfrenta-dores-de-cabeca-na-defesa-do-benfica\/\"},\"author\":{\"name\":\"Telinha\",\"@id\":\"https:\/\/portaltela.pt\/#\/schema\/person\/c4278d4a6028830caff9ee44b42d32ed\"},\"headline\":\"Enzo de preven\u00e7\u00e3o: Mourinho enfrenta dores de cabe\u00e7a na defesa do Benfica\",\"datePublished\":\"2026-04-09T10:46:54+00:00\",\"mainEntityOfPage\":{\"@id\":\"https:\/\/portaltela.pt\/noticias\/2026\/04\/09\/enzo-de-prevencao-mourinho-enfrenta-dores-de-cabeca-na-defesa-do-benfica\/\"},\"wordCount\":208,\"image\":{\"@id\":\"https:\/\/portaltela.pt\/noticias\/2026\/04\/09\/enzo-de-prevencao-mourinho-enfrenta-dores-de-cabeca-na-defesa-do-benfica\/#primaryimage\"},\"thumbnailUrl\":\"https:\/\/portaltela.pt\/s.01k8rhncp4jt1\/2026\/04\/img_920x518uu2026-02-22-11-17-51-2423043-im-639113309829011768.jpg\",\"keywords\":[\"1. Liga\",\"Ant\u00f3nio Silva\",\"Benfica\",\"Enzo Barrenechea\",\"futebol\",\"Otamendi\"],\"articleSection\":[\"Desporto\",\"Futebol\"],\"inLanguage\":\"pt-PT\"},{\"@type\":\"WebPage\",\"@id\":\"https:\/\/portaltela.pt\/noticias\/2026\/04\/09\/enzo-de-prevencao-mourinho-enfrenta-dores-de-cabeca-na-defesa-do-benfica\/\",\"url\":\"https:\/\/portaltela.pt\/noticias\/2026\/04\/09\/enzo-de-prevencao-mourinho-enfrenta-dores-de-cabeca-na-defesa-do-benfica\/\",\"name\":\"Enzo de preven\u00e7\u00e3o: Mourinho enfrenta dores de cabe\u00e7a na defesa do Benfica - Portal Tela Portugal\",\"isPartOf\":{\"@id\":\"https:\/\/portaltela.pt\/#website\"},\"primaryImageOfPage\":{\"@id\":\"https:\/\/portaltela.pt\/noticias\/2026\/04\/09\/enzo-de-prevencao-mourinho-enfrenta-dores-de-cabeca-na-defesa-do-benfica\/#primaryimage\"},\"image\":{\"@id\":\"https:\/\/portaltela.pt\/noticias\/2026\/04\/09\/enzo-de-prevencao-mourinho-enfrenta-dores-de-cabeca-na-defesa-do-benfica\/#primaryimage\"},\"thumbnailUrl\":\"https:\/\/portaltela.pt\/s.01k8rhncp4jt1\/2026\/04\/img_920x518uu2026-02-22-11-17-51-2423043-im-639113309829011768.jpg\",\"datePublished\":\"2026-04-09T10:46:54+00:00\",\"author\":{\"@id\":\"https:\/\/portaltela.pt\/#\/schema\/person\/c4278d4a6028830caff9ee44b42d32ed\"},\"breadcrumb\":{\"@id\":\"https:\/\/portaltela.pt\/noticias\/2026\/04\/09\/enzo-de-prevencao-mourinho-enfrenta-dores-de-cabeca-na-defesa-do-benfica\/#breadcrumb\"},\"inLanguage\":\"pt-PT\",\"potentialAction\":[{\"@type\":\"ReadAction\",\"target\":[\"https:\/\/portaltela.pt\/noticias\/2026\/04\/09\/enzo-de-prevencao-mourinho-enfrenta-dores-de-cabeca-na-defesa-do-benfica\/\"]}]},{\"@type\":\"ImageObject\",\"inLanguage\":\"pt-PT\",\"@id\":\"https:\/\/portaltela.pt\/noticias\/2026\/04\/09\/enzo-de-prevencao-mourinho-enfrenta-dores-de-cabeca-na-defesa-do-benfica\/#primaryimage\",\"url\":\"https:\/\/portaltela.pt\/s.01k8rhncp4jt1\/2026\/04\/img_920x518uu2026-02-22-11-17-51-2423043-im-639113309829011768.jpg\",\"contentUrl\":\"https:\/\/portaltela.pt\/s.01k8rhncp4jt1\/2026\/04\/img_920x518uu2026-02-22-11-17-51-2423043-im-639113309829011768.jpg\",\"width\":796,\"height\":448,\"caption\":\"Enzo Barrenechea festeja golo frente ao AVS SAD\"},{\"@type\":\"BreadcrumbList\",\"@id\":\"https:\/\/portaltela.pt\/noticias\/2026\/04\/09\/enzo-de-prevencao-mourinho-enfrenta-dores-de-cabeca-na-defesa-do-benfica\/#breadcrumb\",\"itemListElement\":[{\"@type\":\"ListItem\",\"position\":1,\"name\":\"In\u00edcio\",\"item\":\"https:\/\/portaltela.pt\/\"},{\"@type\":\"ListItem\",\"position\":2,\"name\":\"Enzo de preven\u00e7\u00e3o: Mourinho enfrenta dores de cabe\u00e7a na defesa do Benfica\"}]},{\"@type\":\"WebSite\",\"@id\":\"https:\/\/portaltela.pt\/#website\",\"url\":\"https:\/\/portaltela.pt\/\",\"name\":\"Portal Tela Portugal\",\"description\":\"\",\"potentialAction\":[{\"@type\":\"SearchAction\",\"target\":{\"@type\":\"EntryPoint\",\"urlTemplate\":\"https:\/\/portaltela.pt\/?s={search_term_string}\"},\"query-input\":{\"@type\":\"PropertyValueSpecification\",\"valueRequired\":true,\"valueName\":\"search_term_string\"}}],\"inLanguage\":\"pt-PT\"},{\"@type\":\"Person\",\"@id\":\"https:\/\/portaltela.pt\/#\/schema\/person\/c4278d4a6028830caff9ee44b42d32ed\",\"name\":\"Telinha\",\"image\":{\"@type\":\"ImageObject\",\"inLanguage\":\"pt-PT\",\"@id\":\"https:\/\/portaltela.pt\/s.01k8rhncp4jt1\/2025\/11\/talking-bot-125x125.png\",\"url\":\"https:\/\/portaltela.pt\/s.01k8rhncp4jt1\/2025\/11\/talking-bot-125x125.png\",\"contentUrl\":\"https:\/\/portaltela.pt\/s.01k8rhncp4jt1\/2025\/11\/talking-bot-125x125.png\",\"caption\":\"Telinha\"},\"sameAs\":[\"https:\/\/portaltela.pt\/\"],\"url\":\"https:\/\/portaltela.pt\/por\/367410592786\/\"}]}<\/script>\n<!-- \/ Yoast SEO plugin. -->","yoast_head_json":{"title":"Enzo de preven\u00e7\u00e3o: Mourinho enfrenta dores de cabe\u00e7a na defesa do Benfica - Portal Tela Portugal","robots":{"index":"index","follow":"follow","max-snippet":"max-snippet:-1","max-image-preview":"max-image-preview:large","max-video-preview":"max-video-preview:-1"},"og_locale":"pt_PT","og_type":"article","og_title":"Enzo de preven\u00e7\u00e3o: Mourinho enfrenta dores de cabe\u00e7a na defesa do Benfica - Portal Tela Portugal","og_description":"Jos\u00e9 Mourinho s\u00f3 tem Nicol\u00e1s Otamendi e Ant\u00f3nio Silva como centrais de raiz dispon\u00edveis para a rece\u00e7\u00e3o ao Nacional, no domingo \u00e0s 18h. S\u00e3o estes os centrais da equipa que t\u00eam merecido a confian\u00e7a do treinador e que est\u00e3o \u00e0 disposi\u00e7\u00e3o para o jogo. Enzo Barrenechea, menos habituado \u00e0s zonas centrais, entra como terceira op\u00e7\u00e3o para o centro e est\u00e1 em precau\u00e7\u00e3o para eventual necessidade. A not\u00edcia \u00e9 de Record.","og_url":"https:\/\/portaltela.pt\/noticias\/2026\/04\/09\/enzo-de-prevencao-mourinho-enfrenta-dores-de-cabeca-na-defesa-do-benfica\/","og_site_name":"Portal Tela Portugal","article_published_time":"2026-04-09T10:46:54+00:00","author":"Telinha","twitter_card":"summary_large_image","twitter_misc":{"Escrito por":"Telinha","Tempo estimado de leitura":"1 minuto"},"schema":{"@context":"https:\/\/schema.org","@graph":[{"@type":"Article","@id":"https:\/\/portaltela.pt\/noticias\/2026\/04\/09\/enzo-de-prevencao-mourinho-enfrenta-dores-de-cabeca-na-defesa-do-benfica\/#article","isPartOf":{"@id":"https:\/\/portaltela.pt\/noticias\/2026\/04\/09\/enzo-de-prevencao-mourinho-enfrenta-dores-de-cabeca-na-defesa-do-benfica\/"},"author":{"name":"Telinha","@id":"https:\/\/portaltela.pt\/#\/schema\/person\/c4278d4a6028830caff9ee44b42d32ed"},"headline":"Enzo de preven\u00e7\u00e3o: Mourinho enfrenta dores de cabe\u00e7a na defesa do Benfica","datePublished":"2026-04-09T10:46:54+00:00","mainEntityOfPage":{"@id":"https:\/\/portaltela.pt\/noticias\/2026\/04\/09\/enzo-de-prevencao-mourinho-enfrenta-dores-de-cabeca-na-defesa-do-benfica\/"},"wordCount":208,"image":{"@id":"https:\/\/portaltela.pt\/noticias\/2026\/04\/09\/enzo-de-prevencao-mourinho-enfrenta-dores-de-cabeca-na-defesa-do-benfica\/#primaryimage"},"thumbnailUrl":"https:\/\/portaltela.pt\/s.01k8rhncp4jt1\/2026\/04\/img_920x518uu2026-02-22-11-17-51-2423043-im-639113309829011768.jpg","keywords":["1. Liga","Ant\u00f3nio Silva","Benfica","Enzo Barrenechea","futebol","Otamendi"],"articleSection":["Desporto","Futebol"],"inLanguage":"pt-PT"},{"@type":"WebPage","@id":"https:\/\/portaltela.pt\/noticias\/2026\/04\/09\/enzo-de-prevencao-mourinho-enfrenta-dores-de-cabeca-na-defesa-do-benfica\/","url":"https:\/\/portaltela.pt\/noticias\/2026\/04\/09\/enzo-de-prevencao-mourinho-enfrenta-dores-de-cabeca-na-defesa-do-benfica\/","name":"Enzo de preven\u00e7\u00e3o: Mourinho enfrenta dores de cabe\u00e7a na defesa do Benfica - Portal Tela Portugal","isPartOf":{"@id":"https:\/\/portaltela.pt\/#website"},"primaryImageOfPage":{"@id":"https:\/\/portaltela.pt\/noticias\/2026\/04\/09\/enzo-de-prevencao-mourinho-enfrenta-dores-de-cabeca-na-defesa-do-benfica\/#primaryimage"},"image":{"@id":"https:\/\/portaltela.pt\/noticias\/2026\/04\/09\/enzo-de-prevencao-mourinho-enfrenta-dores-de-cabeca-na-defesa-do-benfica\/#primaryimage"},"thumbnailUrl":"https:\/\/portaltela.pt\/s.01k8rhncp4jt1\/2026\/04\/img_920x518uu2026-02-22-11-17-51-2423043-im-639113309829011768.jpg","datePublished":"2026-04-09T10:46:54+00:00","author":{"@id":"https:\/\/portaltela.pt\/#\/schema\/person\/c4278d4a6028830caff9ee44b42d32ed"},"breadcrumb":{"@id":"https:\/\/portaltela.pt\/noticias\/2026\/04\/09\/enzo-de-prevencao-mourinho-enfrenta-dores-de-cabeca-na-defesa-do-benfica\/#breadcrumb"},"inLanguage":"pt-PT","potentialAction":[{"@type":"ReadAction","target":["https:\/\/portaltela.pt\/noticias\/2026\/04\/09\/enzo-de-prevencao-mourinho-enfrenta-dores-de-cabeca-na-defesa-do-benfica\/"]}]},{"@type":"ImageObject","inLanguage":"pt-PT","@id":"https:\/\/portaltela.pt\/noticias\/2026\/04\/09\/enzo-de-prevencao-mourinho-enfrenta-dores-de-cabeca-na-defesa-do-benfica\/#primaryimage","url":"https:\/\/portaltela.pt\/s.01k8rhncp4jt1\/2026\/04\/img_920x518uu2026-02-22-11-17-51-2423043-im-639113309829011768.jpg","contentUrl":"https:\/\/portaltela.pt\/s.01k8rhncp4jt1\/2026\/04\/img_920x518uu2026-02-22-11-17-51-2423043-im-639113309829011768.jpg","width":796,"height":448,"caption":"Enzo Barrenechea festeja golo frente ao AVS SAD"},{"@type":"BreadcrumbList","@id":"https:\/\/portaltela.pt\/noticias\/2026\/04\/09\/enzo-de-prevencao-mourinho-enfrenta-dores-de-cabeca-na-defesa-do-benfica\/#breadcrumb","itemListElement":[{"@type":"ListItem","position":1,"name":"In\u00edcio","item":"https:\/\/portaltela.pt\/"},{"@type":"ListItem","position":2,"name":"Enzo de preven\u00e7\u00e3o: Mourinho enfrenta dores de cabe\u00e7a na defesa do Benfica"}]},{"@type":"WebSite","@id":"https:\/\/portaltela.pt\/#website","url":"https:\/\/portaltela.pt\/","name":"Portal Tela Portugal","description":"","potentialAction":[{"@type":"SearchAction","target":{"@type":"EntryPoint","urlTemplate":"https:\/\/portaltela.pt\/?s={search_term_string}"},"query-input":{"@type":"PropertyValueSpecification","valueRequired":true,"valueName":"search_term_string"}}],"inLanguage":"pt-PT"},{"@type":"Person","@id":"https:\/\/portaltela.pt\/#\/schema\/person\/c4278d4a6028830caff9ee44b42d32ed","name":"Telinha","image":{"@type":"ImageObject","inLanguage":"pt-PT","@id":"https:\/\/portaltela.pt\/s.01k8rhncp4jt1\/2025\/11\/talking-bot-125x125.png","url":"https:\/\/portaltela.pt\/s.01k8rhncp4jt1\/2025\/11\/talking-bot-125x125.png","contentUrl":"https:\/\/portaltela.pt\/s.01k8rhncp4jt1\/2025\/11\/talking-bot-125x125.png","caption":"Telinha"},"sameAs":["https:\/\/portaltela.pt\/"],"url":"https:\/\/portaltela.pt\/por\/367410592786\/"}]}},"_links":{"self":[{"href":"https:\/\/portaltela.pt\/api\/wp\/v2\/posts\/437774","targetHints":{"allow":["GET"]}}],"collection":[{"href":"https:\/\/portaltela.pt\/api\/wp\/v2\/posts"}],"about":[{"href":"https:\/\/portaltela.pt\/api\/wp\/v2\/types\/post"}],"author":[{"embeddable":true,"href":"https:\/\/portaltela.pt\/api\/wp\/v2\/users\/2"}],"replies":[{"embeddable":true,"href":"https:\/\/portaltela.pt\/api\/wp\/v2\/comments?post=437774"}],"version-history":[{"count":0,"href":"https:\/\/portaltela.pt\/api\/wp\/v2\/posts\/437774\/revisions"}],"wp:featuredmedia":[{"embeddable":true,"href":"https:\/\/portaltela.pt\/api\/wp\/v2\/media\/437776"}],"wp:attachment":[{"href":"https:\/\/portaltela.pt\/api\/wp\/v2\/media?parent=437774"}],"wp:term":[{"taxonomy":"category","embeddable":true,"href":"https:\/\/portaltela.pt\/api\/wp\/v2\/categories?post=437774"},{"taxonomy":"post_tag","embeddable":true,"href":"https:\/\/portaltela.pt\/api\/wp\/v2\/tags?post=437774"}],"curies":[{"name":"wp","href":"https:\/\/api.w.org\/{rel}","templated":true}]}}