{"id":437763,"date":"2026-04-09T07:32:06","date_gmt":"2026-04-09T10:32:06","guid":{"rendered":"https:\/\/portaltela.pt\/noticias\/2026\/04\/09\/cristiano-ronaldo-entra-na-colecao-de-biografias-ilustradas-para-criancas\/"},"modified":"2026-04-09T07:32:06","modified_gmt":"2026-04-09T10:32:06","slug":"cristiano-ronaldo-entra-na-colecao-de-biografias-ilustradas-para-criancas","status":"publish","type":"post","link":"https:\/\/portaltela.pt\/desporto\/futebol\/2026\/04\/09\/cristiano-ronaldo-entra-na-colecao-de-biografias-ilustradas-para-criancas\/","title":{"rendered":"Cristiano Ronaldo entra na cole\u00e7\u00e3o de biografias ilustradas para crian\u00e7as"},"content":{"rendered":"<p>Cristiano Ronaldo \u00e9 o primeiro portugu\u00eas a integrar a cole\u00e7\u00e3o brit\u00e2nica de biografias ilustradas para crian\u00e7as \u201cLittle People, Big Dreams\u201d. A obra \u00e9 criada pela autora espanhola Maria Isabel S\u00e1nchez Vegara, com ilustra\u00e7\u00f5es de Jo\u00e3o Fazenda.<\/p>\n<p>A edi\u00e7\u00e3o em l\u00edngua inglesa chega esta semana ao mercado. Em Portugal, a publica\u00e7\u00e3o est\u00e1 a cargo da editora Nuvem de Letras, do grupo Penguin Random House.<\/p>\n<p>A colec\u00e7\u00e3o, que j\u00e1 soma mais de 14 milh\u00f5es de exemplares vendidos, divulga figuras conhecidas ainda enquanto crian\u00e7as. Ronaldo junta-se a nomes de \u00e1reas como literatura, m\u00fasica, ci\u00eancia e desporto.<\/p>\n<h3>Sobre a publica\u00e7\u00e3o em Portugal<\/h3>\n<p>A edi\u00e7\u00e3o portuguesa j\u00e1 contou com v\u00e1rias biografias, incluindo Nelson Mandela, Frida Kahlo e Marie Curie. O pr\u00f3ximo volume a sair neste ano ser\u00e1 dedicado a Pel\u00e9, sem data definida para Ronaldo.<\/p>\n<h3>O que o livro destaca<\/h3>\n<p>O t\u00edtulo recorda que Ronaldo come\u00e7ou a jogar no Andorinha, na Madeira. A narrativa apresenta-o como atleta de refer\u00eancia, marcado por disciplina e ambi\u00e7\u00e3o.<\/p>\n","protected":false},"excerpt":{"rendered":"<ul>\n<li>Cristiano Ronaldo \u00e9 o primeiro portugu\u00eas a ser retratado na cole\u00e7\u00e3o brit\u00e2nica &#8220;Little People, Big Dreams&#8221;, com ilustra\u00e7\u00f5es de Jo\u00e3o Fazenda e texto de Maria Isabel S\u00e1nchez Vegara.<\/li>\n<li>A obra conta a hist\u00f3ria desde o come\u00e7o no Andorinha, na Madeira, apresentando o jogador como uma das maiores estrelas do futebol mundial.<\/li>\n<li>A cole\u00e7\u00e3o existe h\u00e1 cerca de dez anos e j\u00e1 vendeu mais de 14 milh\u00f5es de exemplares em v\u00e1rios pa\u00edses.<\/li>\n<li>Em Portugal, a editora Nuvem de Letras est\u00e1 a adaptar a obra, com o pr\u00f3ximo volume dedicado a Pel\u00e9; ainda n\u00e3o h\u00e1 data de lan\u00e7amento para Ronaldo.<\/li>\n<li>A cole\u00e7\u00e3o inclui personalidades de v\u00e1rias \u00e1reas, e Ronaldo junta-se a nomes como Mandela, Frida Kahlo, Einstein e outros.<\/li>\n<\/ul>\n","protected":false},"author":2,"featured_media":437767,"comment_status":"closed","ping_status":"closed","sticky":false,"template":"","format":"standard","meta":{"footnotes":""},"categories":[21,24],"tags":[7756,7795,32,1698,106,1014],"class_list":["post-437763","post","type-post","status-publish","format-standard","has-post-thumbnail","hentry","category-desporto","category-futebol","tag-_cultura","tag-_educacao","tag-futebol","tag-infantil","tag-literatura","tag-portugal"],"yoast_head":"<!-- This site is optimized with the Yoast SEO plugin v27.2 - https:\/\/yoast.com\/product\/yoast-seo-wordpress\/ -->\n<title>Cristiano Ronaldo entra na cole\u00e7\u00e3o de biografias ilustradas para crian\u00e7as - Portal Tela Portugal<\/title>\n<meta name=\"robots\" content=\"index, follow, max-snippet:-1, max-image-preview:large, max-video-preview:-1\" \/>\n<meta property=\"og:locale\" content=\"pt_PT\" \/>\n<meta property=\"og:type\" content=\"article\" \/>\n<meta property=\"og:title\" content=\"Cristiano Ronaldo entra na cole\u00e7\u00e3o de biografias ilustradas para crian\u00e7as - Portal Tela Portugal\" \/>\n<meta property=\"og:description\" content=\"Cristiano Ronaldo \u00e9 o primeiro portugu\u00eas a ser retratado na cole\u00e7\u00e3o brit\u00e2nica &quot;Little People, Big Dreams&quot;, com ilustra\u00e7\u00f5es de Jo\u00e3o Fazenda e texto de Maria Isabel S\u00e1nchez Vegara. A obra conta a hist\u00f3ria desde o come\u00e7o no Andorinha, na Madeira, apresentando o jogador como uma das maiores estrelas do futebol mundial. A cole\u00e7\u00e3o existe h\u00e1 cerca de dez anos e j\u00e1 vendeu mais de 14 milh\u00f5es de exemplares em v\u00e1rios pa\u00edses. Em Portugal, a editora Nuvem de Letras est\u00e1 a adaptar a obra, com o pr\u00f3ximo volume dedicado a Pel\u00e9; ainda n\u00e3o h\u00e1 data de lan\u00e7amento para Ronaldo. A cole\u00e7\u00e3o inclui personalidades de v\u00e1rias \u00e1reas, e Ronaldo junta-se a nomes como Mandela, Frida Kahlo, Einstein e outros.\" \/>\n<meta property=\"og:url\" content=\"https:\/\/portaltela.pt\/noticias\/2026\/04\/09\/cristiano-ronaldo-entra-na-colecao-de-biografias-ilustradas-para-criancas\/\" \/>\n<meta property=\"og:site_name\" content=\"Portal Tela Portugal\" \/>\n<meta property=\"article:published_time\" content=\"2026-04-09T10:32:06+00:00\" \/>\n<meta name=\"author\" content=\"Telinha\" \/>\n<meta name=\"twitter:card\" content=\"summary_large_image\" \/>\n<meta name=\"twitter:label1\" content=\"Escrito por\" \/>\n\t<meta name=\"twitter:data1\" content=\"Telinha\" \/>\n\t<meta name=\"twitter:label2\" content=\"Tempo estimado de leitura\" \/>\n\t<meta name=\"twitter:data2\" content=\"1 minuto\" \/>\n<script type=\"application\/ld+json\" class=\"yoast-schema-graph\">{\"@context\":\"https:\/\/schema.org\",\"@graph\":[{\"@type\":\"Article\",\"@id\":\"https:\/\/portaltela.pt\/noticias\/2026\/04\/09\/cristiano-ronaldo-entra-na-colecao-de-biografias-ilustradas-para-criancas\/#article\",\"isPartOf\":{\"@id\":\"https:\/\/portaltela.pt\/noticias\/2026\/04\/09\/cristiano-ronaldo-entra-na-colecao-de-biografias-ilustradas-para-criancas\/\"},\"author\":{\"name\":\"Telinha\",\"@id\":\"https:\/\/portaltela.pt\/#\/schema\/person\/c4278d4a6028830caff9ee44b42d32ed\"},\"headline\":\"Cristiano Ronaldo entra na cole\u00e7\u00e3o de biografias ilustradas para crian\u00e7as\",\"datePublished\":\"2026-04-09T10:32:06+00:00\",\"mainEntityOfPage\":{\"@id\":\"https:\/\/portaltela.pt\/noticias\/2026\/04\/09\/cristiano-ronaldo-entra-na-colecao-de-biografias-ilustradas-para-criancas\/\"},\"wordCount\":191,\"image\":{\"@id\":\"https:\/\/portaltela.pt\/noticias\/2026\/04\/09\/cristiano-ronaldo-entra-na-colecao-de-biografias-ilustradas-para-criancas\/#primaryimage\"},\"thumbnailUrl\":\"https:\/\/portaltela.pt\/s.01k8rhncp4jt1\/2026\/04\/2080124.jpg\",\"keywords\":[\"_cultura\",\"_educa\u00e7\u00e3o\",\"futebol\",\"infantil\",\"literatura\",\"Portugal\"],\"articleSection\":[\"Desporto\",\"Futebol\"],\"inLanguage\":\"pt-PT\"},{\"@type\":\"WebPage\",\"@id\":\"https:\/\/portaltela.pt\/noticias\/2026\/04\/09\/cristiano-ronaldo-entra-na-colecao-de-biografias-ilustradas-para-criancas\/\",\"url\":\"https:\/\/portaltela.pt\/noticias\/2026\/04\/09\/cristiano-ronaldo-entra-na-colecao-de-biografias-ilustradas-para-criancas\/\",\"name\":\"Cristiano Ronaldo entra na cole\u00e7\u00e3o de biografias ilustradas para crian\u00e7as - Portal Tela Portugal\",\"isPartOf\":{\"@id\":\"https:\/\/portaltela.pt\/#website\"},\"primaryImageOfPage\":{\"@id\":\"https:\/\/portaltela.pt\/noticias\/2026\/04\/09\/cristiano-ronaldo-entra-na-colecao-de-biografias-ilustradas-para-criancas\/#primaryimage\"},\"image\":{\"@id\":\"https:\/\/portaltela.pt\/noticias\/2026\/04\/09\/cristiano-ronaldo-entra-na-colecao-de-biografias-ilustradas-para-criancas\/#primaryimage\"},\"thumbnailUrl\":\"https:\/\/portaltela.pt\/s.01k8rhncp4jt1\/2026\/04\/2080124.jpg\",\"datePublished\":\"2026-04-09T10:32:06+00:00\",\"author\":{\"@id\":\"https:\/\/portaltela.pt\/#\/schema\/person\/c4278d4a6028830caff9ee44b42d32ed\"},\"breadcrumb\":{\"@id\":\"https:\/\/portaltela.pt\/noticias\/2026\/04\/09\/cristiano-ronaldo-entra-na-colecao-de-biografias-ilustradas-para-criancas\/#breadcrumb\"},\"inLanguage\":\"pt-PT\",\"potentialAction\":[{\"@type\":\"ReadAction\",\"target\":[\"https:\/\/portaltela.pt\/noticias\/2026\/04\/09\/cristiano-ronaldo-entra-na-colecao-de-biografias-ilustradas-para-criancas\/\"]}]},{\"@type\":\"ImageObject\",\"inLanguage\":\"pt-PT\",\"@id\":\"https:\/\/portaltela.pt\/noticias\/2026\/04\/09\/cristiano-ronaldo-entra-na-colecao-de-biografias-ilustradas-para-criancas\/#primaryimage\",\"url\":\"https:\/\/portaltela.pt\/s.01k8rhncp4jt1\/2026\/04\/2080124.jpg\",\"contentUrl\":\"https:\/\/portaltela.pt\/s.01k8rhncp4jt1\/2026\/04\/2080124.jpg\",\"width\":796,\"height\":448,\"caption\":\"Actualmente, Cristiano Ronaldo joga pelo Al Nassr\"},{\"@type\":\"BreadcrumbList\",\"@id\":\"https:\/\/portaltela.pt\/noticias\/2026\/04\/09\/cristiano-ronaldo-entra-na-colecao-de-biografias-ilustradas-para-criancas\/#breadcrumb\",\"itemListElement\":[{\"@type\":\"ListItem\",\"position\":1,\"name\":\"In\u00edcio\",\"item\":\"https:\/\/portaltela.pt\/\"},{\"@type\":\"ListItem\",\"position\":2,\"name\":\"Cristiano Ronaldo entra na cole\u00e7\u00e3o de biografias ilustradas para crian\u00e7as\"}]},{\"@type\":\"WebSite\",\"@id\":\"https:\/\/portaltela.pt\/#website\",\"url\":\"https:\/\/portaltela.pt\/\",\"name\":\"Portal Tela Portugal\",\"description\":\"\",\"potentialAction\":[{\"@type\":\"SearchAction\",\"target\":{\"@type\":\"EntryPoint\",\"urlTemplate\":\"https:\/\/portaltela.pt\/?s={search_term_string}\"},\"query-input\":{\"@type\":\"PropertyValueSpecification\",\"valueRequired\":true,\"valueName\":\"search_term_string\"}}],\"inLanguage\":\"pt-PT\"},{\"@type\":\"Person\",\"@id\":\"https:\/\/portaltela.pt\/#\/schema\/person\/c4278d4a6028830caff9ee44b42d32ed\",\"name\":\"Telinha\",\"image\":{\"@type\":\"ImageObject\",\"inLanguage\":\"pt-PT\",\"@id\":\"https:\/\/portaltela.pt\/s.01k8rhncp4jt1\/2025\/11\/talking-bot-125x125.png\",\"url\":\"https:\/\/portaltela.pt\/s.01k8rhncp4jt1\/2025\/11\/talking-bot-125x125.png\",\"contentUrl\":\"https:\/\/portaltela.pt\/s.01k8rhncp4jt1\/2025\/11\/talking-bot-125x125.png\",\"caption\":\"Telinha\"},\"sameAs\":[\"https:\/\/portaltela.pt\/\"],\"url\":\"https:\/\/portaltela.pt\/por\/367410592786\/\"}]}<\/script>\n<!-- \/ Yoast SEO plugin. -->","yoast_head_json":{"title":"Cristiano Ronaldo entra na cole\u00e7\u00e3o de biografias ilustradas para crian\u00e7as - Portal Tela Portugal","robots":{"index":"index","follow":"follow","max-snippet":"max-snippet:-1","max-image-preview":"max-image-preview:large","max-video-preview":"max-video-preview:-1"},"og_locale":"pt_PT","og_type":"article","og_title":"Cristiano Ronaldo entra na cole\u00e7\u00e3o de biografias ilustradas para crian\u00e7as - Portal Tela Portugal","og_description":"Cristiano Ronaldo \u00e9 o primeiro portugu\u00eas a ser retratado na cole\u00e7\u00e3o brit\u00e2nica \"Little People, Big Dreams\", com ilustra\u00e7\u00f5es de Jo\u00e3o Fazenda e texto de Maria Isabel S\u00e1nchez Vegara. A obra conta a hist\u00f3ria desde o come\u00e7o no Andorinha, na Madeira, apresentando o jogador como uma das maiores estrelas do futebol mundial. A cole\u00e7\u00e3o existe h\u00e1 cerca de dez anos e j\u00e1 vendeu mais de 14 milh\u00f5es de exemplares em v\u00e1rios pa\u00edses. Em Portugal, a editora Nuvem de Letras est\u00e1 a adaptar a obra, com o pr\u00f3ximo volume dedicado a Pel\u00e9; ainda n\u00e3o h\u00e1 data de lan\u00e7amento para Ronaldo. A cole\u00e7\u00e3o inclui personalidades de v\u00e1rias \u00e1reas, e Ronaldo junta-se a nomes como Mandela, Frida Kahlo, Einstein e outros.","og_url":"https:\/\/portaltela.pt\/noticias\/2026\/04\/09\/cristiano-ronaldo-entra-na-colecao-de-biografias-ilustradas-para-criancas\/","og_site_name":"Portal Tela Portugal","article_published_time":"2026-04-09T10:32:06+00:00","author":"Telinha","twitter_card":"summary_large_image","twitter_misc":{"Escrito por":"Telinha","Tempo estimado de leitura":"1 minuto"},"schema":{"@context":"https:\/\/schema.org","@graph":[{"@type":"Article","@id":"https:\/\/portaltela.pt\/noticias\/2026\/04\/09\/cristiano-ronaldo-entra-na-colecao-de-biografias-ilustradas-para-criancas\/#article","isPartOf":{"@id":"https:\/\/portaltela.pt\/noticias\/2026\/04\/09\/cristiano-ronaldo-entra-na-colecao-de-biografias-ilustradas-para-criancas\/"},"author":{"name":"Telinha","@id":"https:\/\/portaltela.pt\/#\/schema\/person\/c4278d4a6028830caff9ee44b42d32ed"},"headline":"Cristiano Ronaldo entra na cole\u00e7\u00e3o de biografias ilustradas para crian\u00e7as","datePublished":"2026-04-09T10:32:06+00:00","mainEntityOfPage":{"@id":"https:\/\/portaltela.pt\/noticias\/2026\/04\/09\/cristiano-ronaldo-entra-na-colecao-de-biografias-ilustradas-para-criancas\/"},"wordCount":191,"image":{"@id":"https:\/\/portaltela.pt\/noticias\/2026\/04\/09\/cristiano-ronaldo-entra-na-colecao-de-biografias-ilustradas-para-criancas\/#primaryimage"},"thumbnailUrl":"https:\/\/portaltela.pt\/s.01k8rhncp4jt1\/2026\/04\/2080124.jpg","keywords":["_cultura","_educa\u00e7\u00e3o","futebol","infantil","literatura","Portugal"],"articleSection":["Desporto","Futebol"],"inLanguage":"pt-PT"},{"@type":"WebPage","@id":"https:\/\/portaltela.pt\/noticias\/2026\/04\/09\/cristiano-ronaldo-entra-na-colecao-de-biografias-ilustradas-para-criancas\/","url":"https:\/\/portaltela.pt\/noticias\/2026\/04\/09\/cristiano-ronaldo-entra-na-colecao-de-biografias-ilustradas-para-criancas\/","name":"Cristiano Ronaldo entra na cole\u00e7\u00e3o de biografias ilustradas para crian\u00e7as - Portal Tela Portugal","isPartOf":{"@id":"https:\/\/portaltela.pt\/#website"},"primaryImageOfPage":{"@id":"https:\/\/portaltela.pt\/noticias\/2026\/04\/09\/cristiano-ronaldo-entra-na-colecao-de-biografias-ilustradas-para-criancas\/#primaryimage"},"image":{"@id":"https:\/\/portaltela.pt\/noticias\/2026\/04\/09\/cristiano-ronaldo-entra-na-colecao-de-biografias-ilustradas-para-criancas\/#primaryimage"},"thumbnailUrl":"https:\/\/portaltela.pt\/s.01k8rhncp4jt1\/2026\/04\/2080124.jpg","datePublished":"2026-04-09T10:32:06+00:00","author":{"@id":"https:\/\/portaltela.pt\/#\/schema\/person\/c4278d4a6028830caff9ee44b42d32ed"},"breadcrumb":{"@id":"https:\/\/portaltela.pt\/noticias\/2026\/04\/09\/cristiano-ronaldo-entra-na-colecao-de-biografias-ilustradas-para-criancas\/#breadcrumb"},"inLanguage":"pt-PT","potentialAction":[{"@type":"ReadAction","target":["https:\/\/portaltela.pt\/noticias\/2026\/04\/09\/cristiano-ronaldo-entra-na-colecao-de-biografias-ilustradas-para-criancas\/"]}]},{"@type":"ImageObject","inLanguage":"pt-PT","@id":"https:\/\/portaltela.pt\/noticias\/2026\/04\/09\/cristiano-ronaldo-entra-na-colecao-de-biografias-ilustradas-para-criancas\/#primaryimage","url":"https:\/\/portaltela.pt\/s.01k8rhncp4jt1\/2026\/04\/2080124.jpg","contentUrl":"https:\/\/portaltela.pt\/s.01k8rhncp4jt1\/2026\/04\/2080124.jpg","width":796,"height":448,"caption":"Actualmente, Cristiano Ronaldo joga pelo Al Nassr"},{"@type":"BreadcrumbList","@id":"https:\/\/portaltela.pt\/noticias\/2026\/04\/09\/cristiano-ronaldo-entra-na-colecao-de-biografias-ilustradas-para-criancas\/#breadcrumb","itemListElement":[{"@type":"ListItem","position":1,"name":"In\u00edcio","item":"https:\/\/portaltela.pt\/"},{"@type":"ListItem","position":2,"name":"Cristiano Ronaldo entra na cole\u00e7\u00e3o de biografias ilustradas para crian\u00e7as"}]},{"@type":"WebSite","@id":"https:\/\/portaltela.pt\/#website","url":"https:\/\/portaltela.pt\/","name":"Portal Tela Portugal","description":"","potentialAction":[{"@type":"SearchAction","target":{"@type":"EntryPoint","urlTemplate":"https:\/\/portaltela.pt\/?s={search_term_string}"},"query-input":{"@type":"PropertyValueSpecification","valueRequired":true,"valueName":"search_term_string"}}],"inLanguage":"pt-PT"},{"@type":"Person","@id":"https:\/\/portaltela.pt\/#\/schema\/person\/c4278d4a6028830caff9ee44b42d32ed","name":"Telinha","image":{"@type":"ImageObject","inLanguage":"pt-PT","@id":"https:\/\/portaltela.pt\/s.01k8rhncp4jt1\/2025\/11\/talking-bot-125x125.png","url":"https:\/\/portaltela.pt\/s.01k8rhncp4jt1\/2025\/11\/talking-bot-125x125.png","contentUrl":"https:\/\/portaltela.pt\/s.01k8rhncp4jt1\/2025\/11\/talking-bot-125x125.png","caption":"Telinha"},"sameAs":["https:\/\/portaltela.pt\/"],"url":"https:\/\/portaltela.pt\/por\/367410592786\/"}]}},"_links":{"self":[{"href":"https:\/\/portaltela.pt\/api\/wp\/v2\/posts\/437763","targetHints":{"allow":["GET"]}}],"collection":[{"href":"https:\/\/portaltela.pt\/api\/wp\/v2\/posts"}],"about":[{"href":"https:\/\/portaltela.pt\/api\/wp\/v2\/types\/post"}],"author":[{"embeddable":true,"href":"https:\/\/portaltela.pt\/api\/wp\/v2\/users\/2"}],"replies":[{"embeddable":true,"href":"https:\/\/portaltela.pt\/api\/wp\/v2\/comments?post=437763"}],"version-history":[{"count":0,"href":"https:\/\/portaltela.pt\/api\/wp\/v2\/posts\/437763\/revisions"}],"wp:featuredmedia":[{"embeddable":true,"href":"https:\/\/portaltela.pt\/api\/wp\/v2\/media\/437767"}],"wp:attachment":[{"href":"https:\/\/portaltela.pt\/api\/wp\/v2\/media?parent=437763"}],"wp:term":[{"taxonomy":"category","embeddable":true,"href":"https:\/\/portaltela.pt\/api\/wp\/v2\/categories?post=437763"},{"taxonomy":"post_tag","embeddable":true,"href":"https:\/\/portaltela.pt\/api\/wp\/v2\/tags?post=437763"}],"curies":[{"name":"wp","href":"https:\/\/api.w.org\/{rel}","templated":true}]}}