{"id":437754,"date":"2026-04-09T07:31:59","date_gmt":"2026-04-09T10:31:59","guid":{"rendered":"https:\/\/portaltela.pt\/noticias\/2026\/04\/09\/cristiano-ronaldo-integra-colecao-de-livros-meninos-pequenos-grandes-sonhos\/"},"modified":"2026-04-09T07:31:59","modified_gmt":"2026-04-09T10:31:59","slug":"cristiano-ronaldo-integra-colecao-de-livros-meninos-pequenos-grandes-sonhos","status":"publish","type":"post","link":"https:\/\/portaltela.pt\/desporto\/futebol\/2026\/04\/09\/cristiano-ronaldo-integra-colecao-de-livros-meninos-pequenos-grandes-sonhos\/","title":{"rendered":"Cristiano Ronaldo integra cole\u00e7\u00e3o de livros Meninos Pequenos, Grandes Sonhos"},"content":{"rendered":"<p>Cristiano Ronaldo entra na cole\u00e7\u00e3o de biografias infantis Meninos Pequenos, Grandes Sonhos. A obra retrata o atleta desde o in\u00edcio, quando jogava no clube Andorinha, na Madeira, onde nasceu, at\u00e9 se tornar uma estrela global do futebol. O t\u00edtulo faz parte da cole\u00e7\u00e3o Little People, Big Dreams, publicada em ingl\u00eas.<\/p>\n<p>A editora The Quarto Group descreve Ronaldo como um exemplo de disciplina e determina\u00e7\u00e3o, cuja hist\u00f3ria pretende inspirar jovens leitores a sonharem mais alto. A narrativa acompanha a evolu\u00e7\u00e3o do craque, sem recorrer a adjetivos laudat\u00f3rios, focando em dados da sua carreira.<\/p>\n<p>A hist\u00f3ria de Ronaldo tem ilustra\u00e7\u00f5es do ilustrador portugu\u00eas Jo\u00e3o Fazenda e chega aos leitores em l\u00edngua inglesa nesta semana. Em Portugal, ainda n\u00e3o h\u00e1 data de lan\u00e7amento anunciada oficialmente.<\/p>\n<h3>Sobre a cole\u00e7\u00e3o<\/h3>\n<p>A autora espanhola Maria Isabel S\u00e1nchez Vegara explica que a cole\u00e7\u00e3o visa mostrar que figuras reconhecidas foram crian\u00e7as antes de alcan\u00e7ar o estrelato. Os primeiros t\u00edtulos surgiram h\u00e1 dez anos e j\u00e1 somam mais de 100 biografias ilustradas.<\/p>\n<p>A publica\u00e7\u00e3o atual integra uma lista de personalidades de v\u00e1rias \u00e1reas, com mais de 14 milh\u00f5es de exemplares vendidos globalmente. Em Portugal, a obra j\u00e1 est\u00e1 presente atrav\u00e9s de edi\u00e7\u00f5es locais da editora.<\/p>\n<h3>Alcance internacional e nomes associados<\/h3>\n<p>Cristiano Ronaldo \u00e9 o primeiro portugu\u00eas a integrar a cole\u00e7\u00e3o, que j\u00e1 incluiu atletas como Muhammad Ali, Ayrton Senna, Megan Rapinoe, Usain Bolt e Simone Biles. A s\u00e9rie tamb\u00e9m apresenta a inf\u00e2ncia de artistas, ativistas e cientistas de renome.<\/p>\n<p>Entre as outras figuras destacadas no conjunto de t\u00edtulos encontram-se Taylor Swift, Beyonc\u00e9, Malala Yousafzai, Greta Thunberg, Albert Einstein e Charles Darwin. A cole\u00e7\u00e3o continua a expandir-se para v\u00e1rias regi\u00f5es.<\/p>\n","protected":false},"excerpt":{"rendered":"<ul>\n<li>Cristiano Ronaldo entra na cole\u00e7\u00e3o de biografias \u201cMeninos Pequenos, Grandes Sonhos\u201d (Little People, Big Dreams), sendo apresentado como uma megaestrela global do futebol.<\/li>\n<li>A hist\u00f3ria tra\u00e7a o in\u00edcio dele no clube Andorinha, na Madeira, onde nasceu.<\/li>\n<li>A edi\u00e7\u00e3o em l\u00edngua inglesa chega esta semana; em Portugal ainda n\u00e3o h\u00e1 data de lan\u00e7amento anunciada.<\/li>\n<li>A obra tem ilustra\u00e7\u00f5es de Jo\u00e3o Fazenda e \u00e9 apresentada pela autora Maria Isabel S\u00e1nchez Vegara.<\/li>\n<li>A cole\u00e7\u00e3o, com mais de uma centena de biografias ilustradas, j\u00e1 vendeu mais de 14 milh\u00f5es de exemplares e est\u00e1 presente em v\u00e1rios pa\u00edses, incluindo Portugal.<\/li>\n<\/ul>\n","protected":false},"author":2,"featured_media":437760,"comment_status":"closed","ping_status":"closed","sticky":false,"template":"","format":"standard","meta":{"footnotes":""},"categories":[21,24],"tags":[7795,7755,145,5955,1759,1014],"class_list":["post-437754","post","type-post","status-publish","format-standard","has-post-thumbnail","hentry","category-desporto","category-futebol","tag-_educacao","tag-_futebol","tag-cultura","tag-educacao-infantil","tag-infancia","tag-portugal"],"yoast_head":"<!-- This site is optimized with the Yoast SEO plugin v27.2 - https:\/\/yoast.com\/product\/yoast-seo-wordpress\/ -->\n<title>Cristiano Ronaldo integra cole\u00e7\u00e3o de livros Meninos Pequenos, Grandes Sonhos - Portal Tela Portugal<\/title>\n<meta name=\"robots\" content=\"index, follow, max-snippet:-1, max-image-preview:large, max-video-preview:-1\" \/>\n<meta property=\"og:locale\" content=\"pt_PT\" \/>\n<meta property=\"og:type\" content=\"article\" \/>\n<meta property=\"og:title\" content=\"Cristiano Ronaldo integra cole\u00e7\u00e3o de livros Meninos Pequenos, Grandes Sonhos - Portal Tela Portugal\" \/>\n<meta property=\"og:description\" content=\"Cristiano Ronaldo entra na cole\u00e7\u00e3o de biografias \u201cMeninos Pequenos, Grandes Sonhos\u201d (Little People, Big Dreams), sendo apresentado como uma megaestrela global do futebol. A hist\u00f3ria tra\u00e7a o in\u00edcio dele no clube Andorinha, na Madeira, onde nasceu. A edi\u00e7\u00e3o em l\u00edngua inglesa chega esta semana; em Portugal ainda n\u00e3o h\u00e1 data de lan\u00e7amento anunciada. A obra tem ilustra\u00e7\u00f5es de Jo\u00e3o Fazenda e \u00e9 apresentada pela autora Maria Isabel S\u00e1nchez Vegara. A cole\u00e7\u00e3o, com mais de uma centena de biografias ilustradas, j\u00e1 vendeu mais de 14 milh\u00f5es de exemplares e est\u00e1 presente em v\u00e1rios pa\u00edses, incluindo Portugal.\" \/>\n<meta property=\"og:url\" content=\"https:\/\/portaltela.pt\/noticias\/2026\/04\/09\/cristiano-ronaldo-integra-colecao-de-livros-meninos-pequenos-grandes-sonhos\/\" \/>\n<meta property=\"og:site_name\" content=\"Portal Tela Portugal\" \/>\n<meta property=\"article:published_time\" content=\"2026-04-09T10:31:59+00:00\" \/>\n<meta name=\"author\" content=\"Telinha\" \/>\n<meta name=\"twitter:card\" content=\"summary_large_image\" \/>\n<meta name=\"twitter:label1\" content=\"Escrito por\" \/>\n\t<meta name=\"twitter:data1\" content=\"Telinha\" \/>\n\t<meta name=\"twitter:label2\" content=\"Tempo estimado de leitura\" \/>\n\t<meta name=\"twitter:data2\" content=\"2 minutos\" \/>\n<script type=\"application\/ld+json\" class=\"yoast-schema-graph\">{\"@context\":\"https:\/\/schema.org\",\"@graph\":[{\"@type\":\"Article\",\"@id\":\"https:\/\/portaltela.pt\/noticias\/2026\/04\/09\/cristiano-ronaldo-integra-colecao-de-livros-meninos-pequenos-grandes-sonhos\/#article\",\"isPartOf\":{\"@id\":\"https:\/\/portaltela.pt\/noticias\/2026\/04\/09\/cristiano-ronaldo-integra-colecao-de-livros-meninos-pequenos-grandes-sonhos\/\"},\"author\":{\"name\":\"Telinha\",\"@id\":\"https:\/\/portaltela.pt\/#\/schema\/person\/c4278d4a6028830caff9ee44b42d32ed\"},\"headline\":\"Cristiano Ronaldo integra cole\u00e7\u00e3o de livros Meninos Pequenos, Grandes Sonhos\",\"datePublished\":\"2026-04-09T10:31:59+00:00\",\"mainEntityOfPage\":{\"@id\":\"https:\/\/portaltela.pt\/noticias\/2026\/04\/09\/cristiano-ronaldo-integra-colecao-de-livros-meninos-pequenos-grandes-sonhos\/\"},\"wordCount\":314,\"image\":{\"@id\":\"https:\/\/portaltela.pt\/noticias\/2026\/04\/09\/cristiano-ronaldo-integra-colecao-de-livros-meninos-pequenos-grandes-sonhos\/#primaryimage\"},\"thumbnailUrl\":\"https:\/\/portaltela.pt\/s.01k8rhncp4jt1\/2026\/04\/image-496.jpg\",\"keywords\":[\"_educa\u00e7\u00e3o\",\"_futebol\",\"cultura\",\"educa\u00e7\u00e3o infantil\",\"inf\u00e2ncia\",\"Portugal\"],\"articleSection\":[\"Desporto\",\"Futebol\"],\"inLanguage\":\"pt-PT\"},{\"@type\":\"WebPage\",\"@id\":\"https:\/\/portaltela.pt\/noticias\/2026\/04\/09\/cristiano-ronaldo-integra-colecao-de-livros-meninos-pequenos-grandes-sonhos\/\",\"url\":\"https:\/\/portaltela.pt\/noticias\/2026\/04\/09\/cristiano-ronaldo-integra-colecao-de-livros-meninos-pequenos-grandes-sonhos\/\",\"name\":\"Cristiano Ronaldo integra cole\u00e7\u00e3o de livros Meninos Pequenos, Grandes Sonhos - Portal Tela Portugal\",\"isPartOf\":{\"@id\":\"https:\/\/portaltela.pt\/#website\"},\"primaryImageOfPage\":{\"@id\":\"https:\/\/portaltela.pt\/noticias\/2026\/04\/09\/cristiano-ronaldo-integra-colecao-de-livros-meninos-pequenos-grandes-sonhos\/#primaryimage\"},\"image\":{\"@id\":\"https:\/\/portaltela.pt\/noticias\/2026\/04\/09\/cristiano-ronaldo-integra-colecao-de-livros-meninos-pequenos-grandes-sonhos\/#primaryimage\"},\"thumbnailUrl\":\"https:\/\/portaltela.pt\/s.01k8rhncp4jt1\/2026\/04\/image-496.jpg\",\"datePublished\":\"2026-04-09T10:31:59+00:00\",\"author\":{\"@id\":\"https:\/\/portaltela.pt\/#\/schema\/person\/c4278d4a6028830caff9ee44b42d32ed\"},\"breadcrumb\":{\"@id\":\"https:\/\/portaltela.pt\/noticias\/2026\/04\/09\/cristiano-ronaldo-integra-colecao-de-livros-meninos-pequenos-grandes-sonhos\/#breadcrumb\"},\"inLanguage\":\"pt-PT\",\"potentialAction\":[{\"@type\":\"ReadAction\",\"target\":[\"https:\/\/portaltela.pt\/noticias\/2026\/04\/09\/cristiano-ronaldo-integra-colecao-de-livros-meninos-pequenos-grandes-sonhos\/\"]}]},{\"@type\":\"ImageObject\",\"inLanguage\":\"pt-PT\",\"@id\":\"https:\/\/portaltela.pt\/noticias\/2026\/04\/09\/cristiano-ronaldo-integra-colecao-de-livros-meninos-pequenos-grandes-sonhos\/#primaryimage\",\"url\":\"https:\/\/portaltela.pt\/s.01k8rhncp4jt1\/2026\/04\/image-496.jpg\",\"contentUrl\":\"https:\/\/portaltela.pt\/s.01k8rhncp4jt1\/2026\/04\/image-496.jpg\",\"width\":796,\"height\":448,\"caption\":\"Biografia ilustrada de Ronaldo ainda sem data de publica\u00e7\u00e3o em portugu\u00eas\"},{\"@type\":\"BreadcrumbList\",\"@id\":\"https:\/\/portaltela.pt\/noticias\/2026\/04\/09\/cristiano-ronaldo-integra-colecao-de-livros-meninos-pequenos-grandes-sonhos\/#breadcrumb\",\"itemListElement\":[{\"@type\":\"ListItem\",\"position\":1,\"name\":\"In\u00edcio\",\"item\":\"https:\/\/portaltela.pt\/\"},{\"@type\":\"ListItem\",\"position\":2,\"name\":\"Cristiano Ronaldo integra cole\u00e7\u00e3o de livros Meninos Pequenos, Grandes Sonhos\"}]},{\"@type\":\"WebSite\",\"@id\":\"https:\/\/portaltela.pt\/#website\",\"url\":\"https:\/\/portaltela.pt\/\",\"name\":\"Portal Tela Portugal\",\"description\":\"\",\"potentialAction\":[{\"@type\":\"SearchAction\",\"target\":{\"@type\":\"EntryPoint\",\"urlTemplate\":\"https:\/\/portaltela.pt\/?s={search_term_string}\"},\"query-input\":{\"@type\":\"PropertyValueSpecification\",\"valueRequired\":true,\"valueName\":\"search_term_string\"}}],\"inLanguage\":\"pt-PT\"},{\"@type\":\"Person\",\"@id\":\"https:\/\/portaltela.pt\/#\/schema\/person\/c4278d4a6028830caff9ee44b42d32ed\",\"name\":\"Telinha\",\"image\":{\"@type\":\"ImageObject\",\"inLanguage\":\"pt-PT\",\"@id\":\"https:\/\/portaltela.pt\/s.01k8rhncp4jt1\/2025\/11\/talking-bot-125x125.png\",\"url\":\"https:\/\/portaltela.pt\/s.01k8rhncp4jt1\/2025\/11\/talking-bot-125x125.png\",\"contentUrl\":\"https:\/\/portaltela.pt\/s.01k8rhncp4jt1\/2025\/11\/talking-bot-125x125.png\",\"caption\":\"Telinha\"},\"sameAs\":[\"https:\/\/portaltela.pt\/\"],\"url\":\"https:\/\/portaltela.pt\/por\/367410592786\/\"}]}<\/script>\n<!-- \/ Yoast SEO plugin. -->","yoast_head_json":{"title":"Cristiano Ronaldo integra cole\u00e7\u00e3o de livros Meninos Pequenos, Grandes Sonhos - Portal Tela Portugal","robots":{"index":"index","follow":"follow","max-snippet":"max-snippet:-1","max-image-preview":"max-image-preview:large","max-video-preview":"max-video-preview:-1"},"og_locale":"pt_PT","og_type":"article","og_title":"Cristiano Ronaldo integra cole\u00e7\u00e3o de livros Meninos Pequenos, Grandes Sonhos - Portal Tela Portugal","og_description":"Cristiano Ronaldo entra na cole\u00e7\u00e3o de biografias \u201cMeninos Pequenos, Grandes Sonhos\u201d (Little People, Big Dreams), sendo apresentado como uma megaestrela global do futebol. A hist\u00f3ria tra\u00e7a o in\u00edcio dele no clube Andorinha, na Madeira, onde nasceu. A edi\u00e7\u00e3o em l\u00edngua inglesa chega esta semana; em Portugal ainda n\u00e3o h\u00e1 data de lan\u00e7amento anunciada. A obra tem ilustra\u00e7\u00f5es de Jo\u00e3o Fazenda e \u00e9 apresentada pela autora Maria Isabel S\u00e1nchez Vegara. A cole\u00e7\u00e3o, com mais de uma centena de biografias ilustradas, j\u00e1 vendeu mais de 14 milh\u00f5es de exemplares e est\u00e1 presente em v\u00e1rios pa\u00edses, incluindo Portugal.","og_url":"https:\/\/portaltela.pt\/noticias\/2026\/04\/09\/cristiano-ronaldo-integra-colecao-de-livros-meninos-pequenos-grandes-sonhos\/","og_site_name":"Portal Tela Portugal","article_published_time":"2026-04-09T10:31:59+00:00","author":"Telinha","twitter_card":"summary_large_image","twitter_misc":{"Escrito por":"Telinha","Tempo estimado de leitura":"2 minutos"},"schema":{"@context":"https:\/\/schema.org","@graph":[{"@type":"Article","@id":"https:\/\/portaltela.pt\/noticias\/2026\/04\/09\/cristiano-ronaldo-integra-colecao-de-livros-meninos-pequenos-grandes-sonhos\/#article","isPartOf":{"@id":"https:\/\/portaltela.pt\/noticias\/2026\/04\/09\/cristiano-ronaldo-integra-colecao-de-livros-meninos-pequenos-grandes-sonhos\/"},"author":{"name":"Telinha","@id":"https:\/\/portaltela.pt\/#\/schema\/person\/c4278d4a6028830caff9ee44b42d32ed"},"headline":"Cristiano Ronaldo integra cole\u00e7\u00e3o de livros Meninos Pequenos, Grandes Sonhos","datePublished":"2026-04-09T10:31:59+00:00","mainEntityOfPage":{"@id":"https:\/\/portaltela.pt\/noticias\/2026\/04\/09\/cristiano-ronaldo-integra-colecao-de-livros-meninos-pequenos-grandes-sonhos\/"},"wordCount":314,"image":{"@id":"https:\/\/portaltela.pt\/noticias\/2026\/04\/09\/cristiano-ronaldo-integra-colecao-de-livros-meninos-pequenos-grandes-sonhos\/#primaryimage"},"thumbnailUrl":"https:\/\/portaltela.pt\/s.01k8rhncp4jt1\/2026\/04\/image-496.jpg","keywords":["_educa\u00e7\u00e3o","_futebol","cultura","educa\u00e7\u00e3o infantil","inf\u00e2ncia","Portugal"],"articleSection":["Desporto","Futebol"],"inLanguage":"pt-PT"},{"@type":"WebPage","@id":"https:\/\/portaltela.pt\/noticias\/2026\/04\/09\/cristiano-ronaldo-integra-colecao-de-livros-meninos-pequenos-grandes-sonhos\/","url":"https:\/\/portaltela.pt\/noticias\/2026\/04\/09\/cristiano-ronaldo-integra-colecao-de-livros-meninos-pequenos-grandes-sonhos\/","name":"Cristiano Ronaldo integra cole\u00e7\u00e3o de livros Meninos Pequenos, Grandes Sonhos - Portal Tela Portugal","isPartOf":{"@id":"https:\/\/portaltela.pt\/#website"},"primaryImageOfPage":{"@id":"https:\/\/portaltela.pt\/noticias\/2026\/04\/09\/cristiano-ronaldo-integra-colecao-de-livros-meninos-pequenos-grandes-sonhos\/#primaryimage"},"image":{"@id":"https:\/\/portaltela.pt\/noticias\/2026\/04\/09\/cristiano-ronaldo-integra-colecao-de-livros-meninos-pequenos-grandes-sonhos\/#primaryimage"},"thumbnailUrl":"https:\/\/portaltela.pt\/s.01k8rhncp4jt1\/2026\/04\/image-496.jpg","datePublished":"2026-04-09T10:31:59+00:00","author":{"@id":"https:\/\/portaltela.pt\/#\/schema\/person\/c4278d4a6028830caff9ee44b42d32ed"},"breadcrumb":{"@id":"https:\/\/portaltela.pt\/noticias\/2026\/04\/09\/cristiano-ronaldo-integra-colecao-de-livros-meninos-pequenos-grandes-sonhos\/#breadcrumb"},"inLanguage":"pt-PT","potentialAction":[{"@type":"ReadAction","target":["https:\/\/portaltela.pt\/noticias\/2026\/04\/09\/cristiano-ronaldo-integra-colecao-de-livros-meninos-pequenos-grandes-sonhos\/"]}]},{"@type":"ImageObject","inLanguage":"pt-PT","@id":"https:\/\/portaltela.pt\/noticias\/2026\/04\/09\/cristiano-ronaldo-integra-colecao-de-livros-meninos-pequenos-grandes-sonhos\/#primaryimage","url":"https:\/\/portaltela.pt\/s.01k8rhncp4jt1\/2026\/04\/image-496.jpg","contentUrl":"https:\/\/portaltela.pt\/s.01k8rhncp4jt1\/2026\/04\/image-496.jpg","width":796,"height":448,"caption":"Biografia ilustrada de Ronaldo ainda sem data de publica\u00e7\u00e3o em portugu\u00eas"},{"@type":"BreadcrumbList","@id":"https:\/\/portaltela.pt\/noticias\/2026\/04\/09\/cristiano-ronaldo-integra-colecao-de-livros-meninos-pequenos-grandes-sonhos\/#breadcrumb","itemListElement":[{"@type":"ListItem","position":1,"name":"In\u00edcio","item":"https:\/\/portaltela.pt\/"},{"@type":"ListItem","position":2,"name":"Cristiano Ronaldo integra cole\u00e7\u00e3o de livros Meninos Pequenos, Grandes Sonhos"}]},{"@type":"WebSite","@id":"https:\/\/portaltela.pt\/#website","url":"https:\/\/portaltela.pt\/","name":"Portal Tela Portugal","description":"","potentialAction":[{"@type":"SearchAction","target":{"@type":"EntryPoint","urlTemplate":"https:\/\/portaltela.pt\/?s={search_term_string}"},"query-input":{"@type":"PropertyValueSpecification","valueRequired":true,"valueName":"search_term_string"}}],"inLanguage":"pt-PT"},{"@type":"Person","@id":"https:\/\/portaltela.pt\/#\/schema\/person\/c4278d4a6028830caff9ee44b42d32ed","name":"Telinha","image":{"@type":"ImageObject","inLanguage":"pt-PT","@id":"https:\/\/portaltela.pt\/s.01k8rhncp4jt1\/2025\/11\/talking-bot-125x125.png","url":"https:\/\/portaltela.pt\/s.01k8rhncp4jt1\/2025\/11\/talking-bot-125x125.png","contentUrl":"https:\/\/portaltela.pt\/s.01k8rhncp4jt1\/2025\/11\/talking-bot-125x125.png","caption":"Telinha"},"sameAs":["https:\/\/portaltela.pt\/"],"url":"https:\/\/portaltela.pt\/por\/367410592786\/"}]}},"_links":{"self":[{"href":"https:\/\/portaltela.pt\/api\/wp\/v2\/posts\/437754","targetHints":{"allow":["GET"]}}],"collection":[{"href":"https:\/\/portaltela.pt\/api\/wp\/v2\/posts"}],"about":[{"href":"https:\/\/portaltela.pt\/api\/wp\/v2\/types\/post"}],"author":[{"embeddable":true,"href":"https:\/\/portaltela.pt\/api\/wp\/v2\/users\/2"}],"replies":[{"embeddable":true,"href":"https:\/\/portaltela.pt\/api\/wp\/v2\/comments?post=437754"}],"version-history":[{"count":0,"href":"https:\/\/portaltela.pt\/api\/wp\/v2\/posts\/437754\/revisions"}],"wp:featuredmedia":[{"embeddable":true,"href":"https:\/\/portaltela.pt\/api\/wp\/v2\/media\/437760"}],"wp:attachment":[{"href":"https:\/\/portaltela.pt\/api\/wp\/v2\/media?parent=437754"}],"wp:term":[{"taxonomy":"category","embeddable":true,"href":"https:\/\/portaltela.pt\/api\/wp\/v2\/categories?post=437754"},{"taxonomy":"post_tag","embeddable":true,"href":"https:\/\/portaltela.pt\/api\/wp\/v2\/tags?post=437754"}],"curies":[{"name":"wp","href":"https:\/\/api.w.org\/{rel}","templated":true}]}}