{"id":437744,"date":"2026-04-09T07:31:55","date_gmt":"2026-04-09T10:31:55","guid":{"rendered":"https:\/\/portaltela.pt\/noticias\/2026\/04\/09\/psp-investiga-furto-de-autocarro-em-lisboa\/"},"modified":"2026-04-09T07:31:55","modified_gmt":"2026-04-09T10:31:55","slug":"psp-investiga-furto-de-autocarro-em-lisboa","status":"publish","type":"post","link":"https:\/\/portaltela.pt\/policia\/2026\/04\/09\/psp-investiga-furto-de-autocarro-em-lisboa\/","title":{"rendered":"PSP investiga furto de autocarro em Lisboa"},"content":{"rendered":"<p>A PSP est\u00e1 a investigar o furto de um autocarro de passageiros ocorrido na madrugada desta quinta-feira, na zona de Campo Grande, em Lisboa. O crime foi denunciado pelo propriet\u00e1rio da viatura de turismo, que informou ter estacionado o ve\u00edculo depois das 23h de quarta-feira junto ao Hotel Radisson.<\/p>\n<p>S\u00f3 pelas 07h desta quinta-feira o propriet\u00e1rio se apercebeu do furto quando chegou ao local onde tinha deixado o autocarro. A PSP assumiu a ocorr\u00eancia e j\u00e1 foi emitido um alerta nacional para todas as patrulhas em servi\u00e7o com as caracter\u00edsticas do ve\u00edculo desviado.<\/p>\n<h3>Autocarro furtado<\/h3>\n<p>Trata-se de um autocarro Mercedes, cinzento, com a matr\u00edcula CF-18-EV. A investiga\u00e7\u00e3o est\u00e1 em curso e envolve a recolha de informa\u00e7\u00f5es adicionais para esclarecer as circunst\u00e2ncias do furto.<\/p>\n","protected":false},"excerpt":{"rendered":"<ul>\n<li>A PSP (Pol\u00edcia de Seguran\u00e7a P\u00fablica) investiga o furto de um autocarro de passageiros ocorrido durante a madrugada de quinta-feira na zona de Campo Grande, em Lisboa.<\/li>\n<li>O propriet\u00e1rio denunciou o crime na esquadra da zona, dizendo ter estacionado o autocarro depois das 23h de quarta-feira junto ao Hotel Radisson.<\/li>\n<li>S\u00f3 pelas 07h de quinta-feira o propriet\u00e1rio percebeu o furto ao chegar ao local onde deixara o ve\u00edculo.<\/li>\n<li>A PSP difundiu um alerta nacional para patrulhas em servi\u00e7o com as caracter\u00edsticas do autocarro desviado.<\/li>\n<li>Trata-se de um autocarro Mercedes, cinzento, com a matr\u00edcula CF-18-EV.<\/li>\n<\/ul>\n","protected":false},"author":2,"featured_media":437753,"comment_status":"closed","ping_status":"closed","sticky":false,"template":"","format":"standard","meta":{"footnotes":""},"categories":[6907,6781],"tags":[3769,424,981,3418,250],"class_list":["post-437744","post","type-post","status-publish","format-standard","has-post-thumbnail","hentry","category-crime","category-policia","tag-autocarros","tag-furto","tag-lisboa","tag-policia-de-seguranca-publica","tag-seguranca-publica"],"yoast_head":"<!-- This site is optimized with the Yoast SEO plugin v27.2 - https:\/\/yoast.com\/product\/yoast-seo-wordpress\/ -->\n<title>PSP investiga furto de autocarro em Lisboa - Portal Tela Portugal<\/title>\n<meta name=\"robots\" content=\"index, follow, max-snippet:-1, max-image-preview:large, max-video-preview:-1\" \/>\n<meta property=\"og:locale\" content=\"pt_PT\" \/>\n<meta property=\"og:type\" content=\"article\" \/>\n<meta property=\"og:title\" content=\"PSP investiga furto de autocarro em Lisboa - Portal Tela Portugal\" \/>\n<meta property=\"og:description\" content=\"A PSP (Pol\u00edcia de Seguran\u00e7a P\u00fablica) investiga o furto de um autocarro de passageiros ocorrido durante a madrugada de quinta-feira na zona de Campo Grande, em Lisboa. O propriet\u00e1rio denunciou o crime na esquadra da zona, dizendo ter estacionado o autocarro depois das 23h de quarta-feira junto ao Hotel Radisson. S\u00f3 pelas 07h de quinta-feira o propriet\u00e1rio percebeu o furto ao chegar ao local onde deixara o ve\u00edculo. A PSP difundiu um alerta nacional para patrulhas em servi\u00e7o com as caracter\u00edsticas do autocarro desviado. Trata-se de um autocarro Mercedes, cinzento, com a matr\u00edcula CF-18-EV.\" \/>\n<meta property=\"og:url\" content=\"https:\/\/portaltela.pt\/noticias\/2026\/04\/09\/psp-investiga-furto-de-autocarro-em-lisboa\/\" \/>\n<meta property=\"og:site_name\" content=\"Portal Tela Portugal\" \/>\n<meta property=\"article:published_time\" content=\"2026-04-09T10:31:55+00:00\" \/>\n<meta name=\"author\" content=\"Telinha\" \/>\n<meta name=\"twitter:card\" content=\"summary_large_image\" \/>\n<meta name=\"twitter:label1\" content=\"Escrito por\" \/>\n\t<meta name=\"twitter:data1\" content=\"Telinha\" \/>\n\t<meta name=\"twitter:label2\" content=\"Tempo estimado de leitura\" \/>\n\t<meta name=\"twitter:data2\" content=\"1 minuto\" \/>\n<script type=\"application\/ld+json\" class=\"yoast-schema-graph\">{\"@context\":\"https:\/\/schema.org\",\"@graph\":[{\"@type\":\"Article\",\"@id\":\"https:\/\/portaltela.pt\/noticias\/2026\/04\/09\/psp-investiga-furto-de-autocarro-em-lisboa\/#article\",\"isPartOf\":{\"@id\":\"https:\/\/portaltela.pt\/noticias\/2026\/04\/09\/psp-investiga-furto-de-autocarro-em-lisboa\/\"},\"author\":{\"name\":\"Telinha\",\"@id\":\"https:\/\/portaltela.pt\/#\/schema\/person\/c4278d4a6028830caff9ee44b42d32ed\"},\"headline\":\"PSP investiga furto de autocarro em Lisboa\",\"datePublished\":\"2026-04-09T10:31:55+00:00\",\"mainEntityOfPage\":{\"@id\":\"https:\/\/portaltela.pt\/noticias\/2026\/04\/09\/psp-investiga-furto-de-autocarro-em-lisboa\/\"},\"wordCount\":142,\"image\":{\"@id\":\"https:\/\/portaltela.pt\/noticias\/2026\/04\/09\/psp-investiga-furto-de-autocarro-em-lisboa\/#primaryimage\"},\"thumbnailUrl\":\"https:\/\/portaltela.pt\/s.01k8rhncp4jt1\/2026\/04\/img_1500x1000uu2026-04-09-11-10-49-2277444-im-639113298812690417.jpg\",\"keywords\":[\"autocarros\",\"furto\",\"Lisboa\",\"Pol\u00edcia de Seguran\u00e7a P\u00fablica\",\"seguran\u00e7a p\u00fablica\"],\"articleSection\":[\"Crime\",\"Pol\u00edcia\"],\"inLanguage\":\"pt-PT\"},{\"@type\":\"WebPage\",\"@id\":\"https:\/\/portaltela.pt\/noticias\/2026\/04\/09\/psp-investiga-furto-de-autocarro-em-lisboa\/\",\"url\":\"https:\/\/portaltela.pt\/noticias\/2026\/04\/09\/psp-investiga-furto-de-autocarro-em-lisboa\/\",\"name\":\"PSP investiga furto de autocarro em Lisboa - Portal Tela Portugal\",\"isPartOf\":{\"@id\":\"https:\/\/portaltela.pt\/#website\"},\"primaryImageOfPage\":{\"@id\":\"https:\/\/portaltela.pt\/noticias\/2026\/04\/09\/psp-investiga-furto-de-autocarro-em-lisboa\/#primaryimage\"},\"image\":{\"@id\":\"https:\/\/portaltela.pt\/noticias\/2026\/04\/09\/psp-investiga-furto-de-autocarro-em-lisboa\/#primaryimage\"},\"thumbnailUrl\":\"https:\/\/portaltela.pt\/s.01k8rhncp4jt1\/2026\/04\/img_1500x1000uu2026-04-09-11-10-49-2277444-im-639113298812690417.jpg\",\"datePublished\":\"2026-04-09T10:31:55+00:00\",\"author\":{\"@id\":\"https:\/\/portaltela.pt\/#\/schema\/person\/c4278d4a6028830caff9ee44b42d32ed\"},\"breadcrumb\":{\"@id\":\"https:\/\/portaltela.pt\/noticias\/2026\/04\/09\/psp-investiga-furto-de-autocarro-em-lisboa\/#breadcrumb\"},\"inLanguage\":\"pt-PT\",\"potentialAction\":[{\"@type\":\"ReadAction\",\"target\":[\"https:\/\/portaltela.pt\/noticias\/2026\/04\/09\/psp-investiga-furto-de-autocarro-em-lisboa\/\"]}]},{\"@type\":\"ImageObject\",\"inLanguage\":\"pt-PT\",\"@id\":\"https:\/\/portaltela.pt\/noticias\/2026\/04\/09\/psp-investiga-furto-de-autocarro-em-lisboa\/#primaryimage\",\"url\":\"https:\/\/portaltela.pt\/s.01k8rhncp4jt1\/2026\/04\/img_1500x1000uu2026-04-09-11-10-49-2277444-im-639113298812690417.jpg\",\"contentUrl\":\"https:\/\/portaltela.pt\/s.01k8rhncp4jt1\/2026\/04\/img_1500x1000uu2026-04-09-11-10-49-2277444-im-639113298812690417.jpg\",\"width\":796,\"height\":448,\"caption\":\"Foto do autocarro desviado que est\u00e1 a ser partilhada nas redes sociais\"},{\"@type\":\"BreadcrumbList\",\"@id\":\"https:\/\/portaltela.pt\/noticias\/2026\/04\/09\/psp-investiga-furto-de-autocarro-em-lisboa\/#breadcrumb\",\"itemListElement\":[{\"@type\":\"ListItem\",\"position\":1,\"name\":\"In\u00edcio\",\"item\":\"https:\/\/portaltela.pt\/\"},{\"@type\":\"ListItem\",\"position\":2,\"name\":\"PSP investiga furto de autocarro em Lisboa\"}]},{\"@type\":\"WebSite\",\"@id\":\"https:\/\/portaltela.pt\/#website\",\"url\":\"https:\/\/portaltela.pt\/\",\"name\":\"Portal Tela Portugal\",\"description\":\"\",\"potentialAction\":[{\"@type\":\"SearchAction\",\"target\":{\"@type\":\"EntryPoint\",\"urlTemplate\":\"https:\/\/portaltela.pt\/?s={search_term_string}\"},\"query-input\":{\"@type\":\"PropertyValueSpecification\",\"valueRequired\":true,\"valueName\":\"search_term_string\"}}],\"inLanguage\":\"pt-PT\"},{\"@type\":\"Person\",\"@id\":\"https:\/\/portaltela.pt\/#\/schema\/person\/c4278d4a6028830caff9ee44b42d32ed\",\"name\":\"Telinha\",\"image\":{\"@type\":\"ImageObject\",\"inLanguage\":\"pt-PT\",\"@id\":\"https:\/\/portaltela.pt\/s.01k8rhncp4jt1\/2025\/11\/talking-bot-125x125.png\",\"url\":\"https:\/\/portaltela.pt\/s.01k8rhncp4jt1\/2025\/11\/talking-bot-125x125.png\",\"contentUrl\":\"https:\/\/portaltela.pt\/s.01k8rhncp4jt1\/2025\/11\/talking-bot-125x125.png\",\"caption\":\"Telinha\"},\"sameAs\":[\"https:\/\/portaltela.pt\/\"],\"url\":\"https:\/\/portaltela.pt\/por\/367410592786\/\"}]}<\/script>\n<!-- \/ Yoast SEO plugin. -->","yoast_head_json":{"title":"PSP investiga furto de autocarro em Lisboa - Portal Tela Portugal","robots":{"index":"index","follow":"follow","max-snippet":"max-snippet:-1","max-image-preview":"max-image-preview:large","max-video-preview":"max-video-preview:-1"},"og_locale":"pt_PT","og_type":"article","og_title":"PSP investiga furto de autocarro em Lisboa - Portal Tela Portugal","og_description":"A PSP (Pol\u00edcia de Seguran\u00e7a P\u00fablica) investiga o furto de um autocarro de passageiros ocorrido durante a madrugada de quinta-feira na zona de Campo Grande, em Lisboa. O propriet\u00e1rio denunciou o crime na esquadra da zona, dizendo ter estacionado o autocarro depois das 23h de quarta-feira junto ao Hotel Radisson. S\u00f3 pelas 07h de quinta-feira o propriet\u00e1rio percebeu o furto ao chegar ao local onde deixara o ve\u00edculo. A PSP difundiu um alerta nacional para patrulhas em servi\u00e7o com as caracter\u00edsticas do autocarro desviado. Trata-se de um autocarro Mercedes, cinzento, com a matr\u00edcula CF-18-EV.","og_url":"https:\/\/portaltela.pt\/noticias\/2026\/04\/09\/psp-investiga-furto-de-autocarro-em-lisboa\/","og_site_name":"Portal Tela Portugal","article_published_time":"2026-04-09T10:31:55+00:00","author":"Telinha","twitter_card":"summary_large_image","twitter_misc":{"Escrito por":"Telinha","Tempo estimado de leitura":"1 minuto"},"schema":{"@context":"https:\/\/schema.org","@graph":[{"@type":"Article","@id":"https:\/\/portaltela.pt\/noticias\/2026\/04\/09\/psp-investiga-furto-de-autocarro-em-lisboa\/#article","isPartOf":{"@id":"https:\/\/portaltela.pt\/noticias\/2026\/04\/09\/psp-investiga-furto-de-autocarro-em-lisboa\/"},"author":{"name":"Telinha","@id":"https:\/\/portaltela.pt\/#\/schema\/person\/c4278d4a6028830caff9ee44b42d32ed"},"headline":"PSP investiga furto de autocarro em Lisboa","datePublished":"2026-04-09T10:31:55+00:00","mainEntityOfPage":{"@id":"https:\/\/portaltela.pt\/noticias\/2026\/04\/09\/psp-investiga-furto-de-autocarro-em-lisboa\/"},"wordCount":142,"image":{"@id":"https:\/\/portaltela.pt\/noticias\/2026\/04\/09\/psp-investiga-furto-de-autocarro-em-lisboa\/#primaryimage"},"thumbnailUrl":"https:\/\/portaltela.pt\/s.01k8rhncp4jt1\/2026\/04\/img_1500x1000uu2026-04-09-11-10-49-2277444-im-639113298812690417.jpg","keywords":["autocarros","furto","Lisboa","Pol\u00edcia de Seguran\u00e7a P\u00fablica","seguran\u00e7a p\u00fablica"],"articleSection":["Crime","Pol\u00edcia"],"inLanguage":"pt-PT"},{"@type":"WebPage","@id":"https:\/\/portaltela.pt\/noticias\/2026\/04\/09\/psp-investiga-furto-de-autocarro-em-lisboa\/","url":"https:\/\/portaltela.pt\/noticias\/2026\/04\/09\/psp-investiga-furto-de-autocarro-em-lisboa\/","name":"PSP investiga furto de autocarro em Lisboa - Portal Tela Portugal","isPartOf":{"@id":"https:\/\/portaltela.pt\/#website"},"primaryImageOfPage":{"@id":"https:\/\/portaltela.pt\/noticias\/2026\/04\/09\/psp-investiga-furto-de-autocarro-em-lisboa\/#primaryimage"},"image":{"@id":"https:\/\/portaltela.pt\/noticias\/2026\/04\/09\/psp-investiga-furto-de-autocarro-em-lisboa\/#primaryimage"},"thumbnailUrl":"https:\/\/portaltela.pt\/s.01k8rhncp4jt1\/2026\/04\/img_1500x1000uu2026-04-09-11-10-49-2277444-im-639113298812690417.jpg","datePublished":"2026-04-09T10:31:55+00:00","author":{"@id":"https:\/\/portaltela.pt\/#\/schema\/person\/c4278d4a6028830caff9ee44b42d32ed"},"breadcrumb":{"@id":"https:\/\/portaltela.pt\/noticias\/2026\/04\/09\/psp-investiga-furto-de-autocarro-em-lisboa\/#breadcrumb"},"inLanguage":"pt-PT","potentialAction":[{"@type":"ReadAction","target":["https:\/\/portaltela.pt\/noticias\/2026\/04\/09\/psp-investiga-furto-de-autocarro-em-lisboa\/"]}]},{"@type":"ImageObject","inLanguage":"pt-PT","@id":"https:\/\/portaltela.pt\/noticias\/2026\/04\/09\/psp-investiga-furto-de-autocarro-em-lisboa\/#primaryimage","url":"https:\/\/portaltela.pt\/s.01k8rhncp4jt1\/2026\/04\/img_1500x1000uu2026-04-09-11-10-49-2277444-im-639113298812690417.jpg","contentUrl":"https:\/\/portaltela.pt\/s.01k8rhncp4jt1\/2026\/04\/img_1500x1000uu2026-04-09-11-10-49-2277444-im-639113298812690417.jpg","width":796,"height":448,"caption":"Foto do autocarro desviado que est\u00e1 a ser partilhada nas redes sociais"},{"@type":"BreadcrumbList","@id":"https:\/\/portaltela.pt\/noticias\/2026\/04\/09\/psp-investiga-furto-de-autocarro-em-lisboa\/#breadcrumb","itemListElement":[{"@type":"ListItem","position":1,"name":"In\u00edcio","item":"https:\/\/portaltela.pt\/"},{"@type":"ListItem","position":2,"name":"PSP investiga furto de autocarro em Lisboa"}]},{"@type":"WebSite","@id":"https:\/\/portaltela.pt\/#website","url":"https:\/\/portaltela.pt\/","name":"Portal Tela Portugal","description":"","potentialAction":[{"@type":"SearchAction","target":{"@type":"EntryPoint","urlTemplate":"https:\/\/portaltela.pt\/?s={search_term_string}"},"query-input":{"@type":"PropertyValueSpecification","valueRequired":true,"valueName":"search_term_string"}}],"inLanguage":"pt-PT"},{"@type":"Person","@id":"https:\/\/portaltela.pt\/#\/schema\/person\/c4278d4a6028830caff9ee44b42d32ed","name":"Telinha","image":{"@type":"ImageObject","inLanguage":"pt-PT","@id":"https:\/\/portaltela.pt\/s.01k8rhncp4jt1\/2025\/11\/talking-bot-125x125.png","url":"https:\/\/portaltela.pt\/s.01k8rhncp4jt1\/2025\/11\/talking-bot-125x125.png","contentUrl":"https:\/\/portaltela.pt\/s.01k8rhncp4jt1\/2025\/11\/talking-bot-125x125.png","caption":"Telinha"},"sameAs":["https:\/\/portaltela.pt\/"],"url":"https:\/\/portaltela.pt\/por\/367410592786\/"}]}},"_links":{"self":[{"href":"https:\/\/portaltela.pt\/api\/wp\/v2\/posts\/437744","targetHints":{"allow":["GET"]}}],"collection":[{"href":"https:\/\/portaltela.pt\/api\/wp\/v2\/posts"}],"about":[{"href":"https:\/\/portaltela.pt\/api\/wp\/v2\/types\/post"}],"author":[{"embeddable":true,"href":"https:\/\/portaltela.pt\/api\/wp\/v2\/users\/2"}],"replies":[{"embeddable":true,"href":"https:\/\/portaltela.pt\/api\/wp\/v2\/comments?post=437744"}],"version-history":[{"count":0,"href":"https:\/\/portaltela.pt\/api\/wp\/v2\/posts\/437744\/revisions"}],"wp:featuredmedia":[{"embeddable":true,"href":"https:\/\/portaltela.pt\/api\/wp\/v2\/media\/437753"}],"wp:attachment":[{"href":"https:\/\/portaltela.pt\/api\/wp\/v2\/media?parent=437744"}],"wp:term":[{"taxonomy":"category","embeddable":true,"href":"https:\/\/portaltela.pt\/api\/wp\/v2\/categories?post=437744"},{"taxonomy":"post_tag","embeddable":true,"href":"https:\/\/portaltela.pt\/api\/wp\/v2\/tags?post=437744"}],"curies":[{"name":"wp","href":"https:\/\/api.w.org\/{rel}","templated":true}]}}