{"id":437721,"date":"2026-04-09T07:17:02","date_gmt":"2026-04-09T10:17:02","guid":{"rendered":"https:\/\/portaltela.pt\/noticias\/2026\/04\/09\/agropecuaria-sofre-com-alta-de-precos-devido-ao-conflito-no-medio-oriente\/"},"modified":"2026-04-09T07:17:02","modified_gmt":"2026-04-09T10:17:02","slug":"agropecuaria-sofre-com-alta-de-precos-devido-ao-conflito-no-medio-oriente","status":"publish","type":"post","link":"https:\/\/portaltela.pt\/noticias\/economia\/2026\/04\/09\/agropecuaria-sofre-com-alta-de-precos-devido-ao-conflito-no-medio-oriente\/","title":{"rendered":"Agropecu\u00e1ria sofre com alta de pre\u00e7os devido ao conflito no M\u00e9dio Oriente"},"content":{"rendered":"<p>Nos agricultores da regi\u00e3o de \u00c9vora tem aumentado a press\u00e3o financeira, devido ao aumento dos pre\u00e7os de produtos agr\u00edcolas e de combust\u00edveis, relacionado com o conflito no M\u00e9dio Oriente. A produ\u00e7\u00e3o agropecu\u00e1ria \u00e9 afetada pela escalada de custos e pela instabilidade no mercado internacional.<\/p>\n<p>Os produtores dizem que os custos de insumos importados e dos combust\u00edveis dificultam a manuten\u00e7\u00e3o das opera\u00e7\u00f5es agr\u00edcolas e pecu\u00e1rias. A subida de pre\u00e7o de mercadorias b\u00e1sicas agrava a gest\u00e3o de custos e o funcionamento de maquinaria e transporte.<\/p>\n<p>H\u00e1 expectativa entre os agricultores de que o pre\u00e7o do combust\u00edvel possa recuar em breve, o que ajudaria a mitigar parte da press\u00e3o financeira sobre o setor. Enquanto isso, a atividade continua com a esperan\u00e7a de estabiliza\u00e7\u00e3o de pre\u00e7os.<\/p>\n<h3>Contexto econ\u00f3mico recente<\/h3>\n<ul>\n<li>A press\u00e3o sobre os custos de produ\u00e7\u00e3o permanece alta, especialmente para insumos importados.<\/li>\n<li>A instabilidade internacional alimenta incertezas no neg\u00f3cio agr\u00edcola local.<\/li>\n<li>A recupera\u00e7\u00e3o depende de melhorias nos pre\u00e7os de combust\u00edveis e de commodities.<\/li>\n<\/ul>\n<p>Atividades relacionadas<\/p>\n<ul>\n<li>Comandante dos Famalicenses fica preso apesar da investiga\u00e7\u00e3o<\/li>\n<li>PJ remete para o Minist\u00e9rio P\u00fablico investiga\u00e7\u00e3o sobre burlas de 3,5 milh\u00f5es de euros<\/li>\n<li>Homem resgatado de po\u00e7o com 20 metros em Mon\u00e7\u00e3o<\/li>\n<li>Dezanove detidos e mais de 34 mil doses de droga apreendidas pela GNR de Barcelos<\/li>\n<li>Iranianos assinalam 40 dias da morte de Ali Khamenei com marcha em Teer\u00e3o<\/li>\n<\/ul>\n","protected":false},"excerpt":{"rendered":"<ul>\n<li>Agricultores da regi\u00e3o de \u00c9vora dizem que os pre\u00e7os de produtos agr\u00edcolas e de combust\u00edveis subiram devido ao conflito no M\u00e9dio Oriente.<\/li>\n<li>A subida dos custos est\u00e1 a dificultar a atividade agropecu\u00e1ria, que depende de insumos importados e de combust\u00edvel para m\u00e1quinas e transporte.<\/li>\n<li>Os produtores esperam que o pre\u00e7o do combust\u00edvel diminua em breve para aliviar a press\u00e3o financeira.<\/li>\n<li>Apesar das dificuldades, os agricultores mant\u00eam o foco na produ\u00e7\u00e3o na perspetiva de estabilizar pre\u00e7os e assegurar a continuidade da atividade na regi\u00e3o.<\/li>\n<\/ul>\n","protected":false},"author":2,"featured_media":437726,"comment_status":"closed","ping_status":"closed","sticky":false,"template":"","format":"standard","meta":{"footnotes":""},"categories":[2,6735],"tags":[6115,7775,760,1222],"class_list":["post-437721","post","type-post","status-publish","format-standard","has-post-thumbnail","hentry","category-economia","category-negocios","tag-_economia","tag-_energia","tag-agroalimentar","tag-agroindustria"],"yoast_head":"<!-- This site is optimized with the Yoast SEO plugin v27.2 - https:\/\/yoast.com\/product\/yoast-seo-wordpress\/ -->\n<title>Agropecu\u00e1ria sofre com alta de pre\u00e7os devido ao conflito no M\u00e9dio Oriente - Portal Tela Portugal<\/title>\n<meta name=\"robots\" content=\"index, follow, max-snippet:-1, max-image-preview:large, max-video-preview:-1\" \/>\n<meta property=\"og:locale\" content=\"pt_PT\" \/>\n<meta property=\"og:type\" content=\"article\" \/>\n<meta property=\"og:title\" content=\"Agropecu\u00e1ria sofre com alta de pre\u00e7os devido ao conflito no M\u00e9dio Oriente - Portal Tela Portugal\" \/>\n<meta property=\"og:description\" content=\"Agricultores da regi\u00e3o de \u00c9vora dizem que os pre\u00e7os de produtos agr\u00edcolas e de combust\u00edveis subiram devido ao conflito no M\u00e9dio Oriente. A subida dos custos est\u00e1 a dificultar a atividade agropecu\u00e1ria, que depende de insumos importados e de combust\u00edvel para m\u00e1quinas e transporte. Os produtores esperam que o pre\u00e7o do combust\u00edvel diminua em breve para aliviar a press\u00e3o financeira. Apesar das dificuldades, os agricultores mant\u00eam o foco na produ\u00e7\u00e3o na perspetiva de estabilizar pre\u00e7os e assegurar a continuidade da atividade na regi\u00e3o.\" \/>\n<meta property=\"og:url\" content=\"https:\/\/portaltela.pt\/noticias\/2026\/04\/09\/agropecuaria-sofre-com-alta-de-precos-devido-ao-conflito-no-medio-oriente\/\" \/>\n<meta property=\"og:site_name\" content=\"Portal Tela Portugal\" \/>\n<meta property=\"article:published_time\" content=\"2026-04-09T10:17:02+00:00\" \/>\n<meta name=\"author\" content=\"Telinha\" \/>\n<meta name=\"twitter:card\" content=\"summary_large_image\" \/>\n<meta name=\"twitter:label1\" content=\"Escrito por\" \/>\n\t<meta name=\"twitter:data1\" content=\"Telinha\" \/>\n\t<meta name=\"twitter:label2\" content=\"Tempo estimado de leitura\" \/>\n\t<meta name=\"twitter:data2\" content=\"1 minuto\" \/>\n<script type=\"application\/ld+json\" class=\"yoast-schema-graph\">{\"@context\":\"https:\/\/schema.org\",\"@graph\":[{\"@type\":\"Article\",\"@id\":\"https:\/\/portaltela.pt\/noticias\/2026\/04\/09\/agropecuaria-sofre-com-alta-de-precos-devido-ao-conflito-no-medio-oriente\/#article\",\"isPartOf\":{\"@id\":\"https:\/\/portaltela.pt\/noticias\/2026\/04\/09\/agropecuaria-sofre-com-alta-de-precos-devido-ao-conflito-no-medio-oriente\/\"},\"author\":{\"name\":\"Telinha\",\"@id\":\"https:\/\/portaltela.pt\/#\/schema\/person\/c4278d4a6028830caff9ee44b42d32ed\"},\"headline\":\"Agropecu\u00e1ria sofre com alta de pre\u00e7os devido ao conflito no M\u00e9dio Oriente\",\"datePublished\":\"2026-04-09T10:17:02+00:00\",\"mainEntityOfPage\":{\"@id\":\"https:\/\/portaltela.pt\/noticias\/2026\/04\/09\/agropecuaria-sofre-com-alta-de-precos-devido-ao-conflito-no-medio-oriente\/\"},\"wordCount\":268,\"image\":{\"@id\":\"https:\/\/portaltela.pt\/noticias\/2026\/04\/09\/agropecuaria-sofre-com-alta-de-precos-devido-ao-conflito-no-medio-oriente\/#primaryimage\"},\"thumbnailUrl\":\"https:\/\/portaltela.pt\/s.01k8rhncp4jt1\/2026\/04\/img_1280x722uu2026-04-09-11-11-20-2277443.jpg\",\"keywords\":[\"_economia\",\"_energia\",\"agroalimentar\",\"agroind\u00fastria\"],\"articleSection\":[\"Economia\",\"Neg\u00f3cios\"],\"inLanguage\":\"pt-PT\"},{\"@type\":\"WebPage\",\"@id\":\"https:\/\/portaltela.pt\/noticias\/2026\/04\/09\/agropecuaria-sofre-com-alta-de-precos-devido-ao-conflito-no-medio-oriente\/\",\"url\":\"https:\/\/portaltela.pt\/noticias\/2026\/04\/09\/agropecuaria-sofre-com-alta-de-precos-devido-ao-conflito-no-medio-oriente\/\",\"name\":\"Agropecu\u00e1ria sofre com alta de pre\u00e7os devido ao conflito no M\u00e9dio Oriente - Portal Tela Portugal\",\"isPartOf\":{\"@id\":\"https:\/\/portaltela.pt\/#website\"},\"primaryImageOfPage\":{\"@id\":\"https:\/\/portaltela.pt\/noticias\/2026\/04\/09\/agropecuaria-sofre-com-alta-de-precos-devido-ao-conflito-no-medio-oriente\/#primaryimage\"},\"image\":{\"@id\":\"https:\/\/portaltela.pt\/noticias\/2026\/04\/09\/agropecuaria-sofre-com-alta-de-precos-devido-ao-conflito-no-medio-oriente\/#primaryimage\"},\"thumbnailUrl\":\"https:\/\/portaltela.pt\/s.01k8rhncp4jt1\/2026\/04\/img_1280x722uu2026-04-09-11-11-20-2277443.jpg\",\"datePublished\":\"2026-04-09T10:17:02+00:00\",\"author\":{\"@id\":\"https:\/\/portaltela.pt\/#\/schema\/person\/c4278d4a6028830caff9ee44b42d32ed\"},\"breadcrumb\":{\"@id\":\"https:\/\/portaltela.pt\/noticias\/2026\/04\/09\/agropecuaria-sofre-com-alta-de-precos-devido-ao-conflito-no-medio-oriente\/#breadcrumb\"},\"inLanguage\":\"pt-PT\",\"potentialAction\":[{\"@type\":\"ReadAction\",\"target\":[\"https:\/\/portaltela.pt\/noticias\/2026\/04\/09\/agropecuaria-sofre-com-alta-de-precos-devido-ao-conflito-no-medio-oriente\/\"]}]},{\"@type\":\"ImageObject\",\"inLanguage\":\"pt-PT\",\"@id\":\"https:\/\/portaltela.pt\/noticias\/2026\/04\/09\/agropecuaria-sofre-com-alta-de-precos-devido-ao-conflito-no-medio-oriente\/#primaryimage\",\"url\":\"https:\/\/portaltela.pt\/s.01k8rhncp4jt1\/2026\/04\/img_1280x722uu2026-04-09-11-11-20-2277443.jpg\",\"contentUrl\":\"https:\/\/portaltela.pt\/s.01k8rhncp4jt1\/2026\/04\/img_1280x722uu2026-04-09-11-11-20-2277443.jpg\",\"width\":796,\"height\":448,\"caption\":\"Photo\"},{\"@type\":\"BreadcrumbList\",\"@id\":\"https:\/\/portaltela.pt\/noticias\/2026\/04\/09\/agropecuaria-sofre-com-alta-de-precos-devido-ao-conflito-no-medio-oriente\/#breadcrumb\",\"itemListElement\":[{\"@type\":\"ListItem\",\"position\":1,\"name\":\"In\u00edcio\",\"item\":\"https:\/\/portaltela.pt\/\"},{\"@type\":\"ListItem\",\"position\":2,\"name\":\"Agropecu\u00e1ria sofre com alta de pre\u00e7os devido ao conflito no M\u00e9dio Oriente\"}]},{\"@type\":\"WebSite\",\"@id\":\"https:\/\/portaltela.pt\/#website\",\"url\":\"https:\/\/portaltela.pt\/\",\"name\":\"Portal Tela Portugal\",\"description\":\"\",\"potentialAction\":[{\"@type\":\"SearchAction\",\"target\":{\"@type\":\"EntryPoint\",\"urlTemplate\":\"https:\/\/portaltela.pt\/?s={search_term_string}\"},\"query-input\":{\"@type\":\"PropertyValueSpecification\",\"valueRequired\":true,\"valueName\":\"search_term_string\"}}],\"inLanguage\":\"pt-PT\"},{\"@type\":\"Person\",\"@id\":\"https:\/\/portaltela.pt\/#\/schema\/person\/c4278d4a6028830caff9ee44b42d32ed\",\"name\":\"Telinha\",\"image\":{\"@type\":\"ImageObject\",\"inLanguage\":\"pt-PT\",\"@id\":\"https:\/\/portaltela.pt\/s.01k8rhncp4jt1\/2025\/11\/talking-bot-125x125.png\",\"url\":\"https:\/\/portaltela.pt\/s.01k8rhncp4jt1\/2025\/11\/talking-bot-125x125.png\",\"contentUrl\":\"https:\/\/portaltela.pt\/s.01k8rhncp4jt1\/2025\/11\/talking-bot-125x125.png\",\"caption\":\"Telinha\"},\"sameAs\":[\"https:\/\/portaltela.pt\/\"],\"url\":\"https:\/\/portaltela.pt\/por\/367410592786\/\"}]}<\/script>\n<!-- \/ Yoast SEO plugin. -->","yoast_head_json":{"title":"Agropecu\u00e1ria sofre com alta de pre\u00e7os devido ao conflito no M\u00e9dio Oriente - Portal Tela Portugal","robots":{"index":"index","follow":"follow","max-snippet":"max-snippet:-1","max-image-preview":"max-image-preview:large","max-video-preview":"max-video-preview:-1"},"og_locale":"pt_PT","og_type":"article","og_title":"Agropecu\u00e1ria sofre com alta de pre\u00e7os devido ao conflito no M\u00e9dio Oriente - Portal Tela Portugal","og_description":"Agricultores da regi\u00e3o de \u00c9vora dizem que os pre\u00e7os de produtos agr\u00edcolas e de combust\u00edveis subiram devido ao conflito no M\u00e9dio Oriente. A subida dos custos est\u00e1 a dificultar a atividade agropecu\u00e1ria, que depende de insumos importados e de combust\u00edvel para m\u00e1quinas e transporte. Os produtores esperam que o pre\u00e7o do combust\u00edvel diminua em breve para aliviar a press\u00e3o financeira. Apesar das dificuldades, os agricultores mant\u00eam o foco na produ\u00e7\u00e3o na perspetiva de estabilizar pre\u00e7os e assegurar a continuidade da atividade na regi\u00e3o.","og_url":"https:\/\/portaltela.pt\/noticias\/2026\/04\/09\/agropecuaria-sofre-com-alta-de-precos-devido-ao-conflito-no-medio-oriente\/","og_site_name":"Portal Tela Portugal","article_published_time":"2026-04-09T10:17:02+00:00","author":"Telinha","twitter_card":"summary_large_image","twitter_misc":{"Escrito por":"Telinha","Tempo estimado de leitura":"1 minuto"},"schema":{"@context":"https:\/\/schema.org","@graph":[{"@type":"Article","@id":"https:\/\/portaltela.pt\/noticias\/2026\/04\/09\/agropecuaria-sofre-com-alta-de-precos-devido-ao-conflito-no-medio-oriente\/#article","isPartOf":{"@id":"https:\/\/portaltela.pt\/noticias\/2026\/04\/09\/agropecuaria-sofre-com-alta-de-precos-devido-ao-conflito-no-medio-oriente\/"},"author":{"name":"Telinha","@id":"https:\/\/portaltela.pt\/#\/schema\/person\/c4278d4a6028830caff9ee44b42d32ed"},"headline":"Agropecu\u00e1ria sofre com alta de pre\u00e7os devido ao conflito no M\u00e9dio Oriente","datePublished":"2026-04-09T10:17:02+00:00","mainEntityOfPage":{"@id":"https:\/\/portaltela.pt\/noticias\/2026\/04\/09\/agropecuaria-sofre-com-alta-de-precos-devido-ao-conflito-no-medio-oriente\/"},"wordCount":268,"image":{"@id":"https:\/\/portaltela.pt\/noticias\/2026\/04\/09\/agropecuaria-sofre-com-alta-de-precos-devido-ao-conflito-no-medio-oriente\/#primaryimage"},"thumbnailUrl":"https:\/\/portaltela.pt\/s.01k8rhncp4jt1\/2026\/04\/img_1280x722uu2026-04-09-11-11-20-2277443.jpg","keywords":["_economia","_energia","agroalimentar","agroind\u00fastria"],"articleSection":["Economia","Neg\u00f3cios"],"inLanguage":"pt-PT"},{"@type":"WebPage","@id":"https:\/\/portaltela.pt\/noticias\/2026\/04\/09\/agropecuaria-sofre-com-alta-de-precos-devido-ao-conflito-no-medio-oriente\/","url":"https:\/\/portaltela.pt\/noticias\/2026\/04\/09\/agropecuaria-sofre-com-alta-de-precos-devido-ao-conflito-no-medio-oriente\/","name":"Agropecu\u00e1ria sofre com alta de pre\u00e7os devido ao conflito no M\u00e9dio Oriente - Portal Tela Portugal","isPartOf":{"@id":"https:\/\/portaltela.pt\/#website"},"primaryImageOfPage":{"@id":"https:\/\/portaltela.pt\/noticias\/2026\/04\/09\/agropecuaria-sofre-com-alta-de-precos-devido-ao-conflito-no-medio-oriente\/#primaryimage"},"image":{"@id":"https:\/\/portaltela.pt\/noticias\/2026\/04\/09\/agropecuaria-sofre-com-alta-de-precos-devido-ao-conflito-no-medio-oriente\/#primaryimage"},"thumbnailUrl":"https:\/\/portaltela.pt\/s.01k8rhncp4jt1\/2026\/04\/img_1280x722uu2026-04-09-11-11-20-2277443.jpg","datePublished":"2026-04-09T10:17:02+00:00","author":{"@id":"https:\/\/portaltela.pt\/#\/schema\/person\/c4278d4a6028830caff9ee44b42d32ed"},"breadcrumb":{"@id":"https:\/\/portaltela.pt\/noticias\/2026\/04\/09\/agropecuaria-sofre-com-alta-de-precos-devido-ao-conflito-no-medio-oriente\/#breadcrumb"},"inLanguage":"pt-PT","potentialAction":[{"@type":"ReadAction","target":["https:\/\/portaltela.pt\/noticias\/2026\/04\/09\/agropecuaria-sofre-com-alta-de-precos-devido-ao-conflito-no-medio-oriente\/"]}]},{"@type":"ImageObject","inLanguage":"pt-PT","@id":"https:\/\/portaltela.pt\/noticias\/2026\/04\/09\/agropecuaria-sofre-com-alta-de-precos-devido-ao-conflito-no-medio-oriente\/#primaryimage","url":"https:\/\/portaltela.pt\/s.01k8rhncp4jt1\/2026\/04\/img_1280x722uu2026-04-09-11-11-20-2277443.jpg","contentUrl":"https:\/\/portaltela.pt\/s.01k8rhncp4jt1\/2026\/04\/img_1280x722uu2026-04-09-11-11-20-2277443.jpg","width":796,"height":448,"caption":"Photo"},{"@type":"BreadcrumbList","@id":"https:\/\/portaltela.pt\/noticias\/2026\/04\/09\/agropecuaria-sofre-com-alta-de-precos-devido-ao-conflito-no-medio-oriente\/#breadcrumb","itemListElement":[{"@type":"ListItem","position":1,"name":"In\u00edcio","item":"https:\/\/portaltela.pt\/"},{"@type":"ListItem","position":2,"name":"Agropecu\u00e1ria sofre com alta de pre\u00e7os devido ao conflito no M\u00e9dio Oriente"}]},{"@type":"WebSite","@id":"https:\/\/portaltela.pt\/#website","url":"https:\/\/portaltela.pt\/","name":"Portal Tela Portugal","description":"","potentialAction":[{"@type":"SearchAction","target":{"@type":"EntryPoint","urlTemplate":"https:\/\/portaltela.pt\/?s={search_term_string}"},"query-input":{"@type":"PropertyValueSpecification","valueRequired":true,"valueName":"search_term_string"}}],"inLanguage":"pt-PT"},{"@type":"Person","@id":"https:\/\/portaltela.pt\/#\/schema\/person\/c4278d4a6028830caff9ee44b42d32ed","name":"Telinha","image":{"@type":"ImageObject","inLanguage":"pt-PT","@id":"https:\/\/portaltela.pt\/s.01k8rhncp4jt1\/2025\/11\/talking-bot-125x125.png","url":"https:\/\/portaltela.pt\/s.01k8rhncp4jt1\/2025\/11\/talking-bot-125x125.png","contentUrl":"https:\/\/portaltela.pt\/s.01k8rhncp4jt1\/2025\/11\/talking-bot-125x125.png","caption":"Telinha"},"sameAs":["https:\/\/portaltela.pt\/"],"url":"https:\/\/portaltela.pt\/por\/367410592786\/"}]}},"_links":{"self":[{"href":"https:\/\/portaltela.pt\/api\/wp\/v2\/posts\/437721","targetHints":{"allow":["GET"]}}],"collection":[{"href":"https:\/\/portaltela.pt\/api\/wp\/v2\/posts"}],"about":[{"href":"https:\/\/portaltela.pt\/api\/wp\/v2\/types\/post"}],"author":[{"embeddable":true,"href":"https:\/\/portaltela.pt\/api\/wp\/v2\/users\/2"}],"replies":[{"embeddable":true,"href":"https:\/\/portaltela.pt\/api\/wp\/v2\/comments?post=437721"}],"version-history":[{"count":0,"href":"https:\/\/portaltela.pt\/api\/wp\/v2\/posts\/437721\/revisions"}],"wp:featuredmedia":[{"embeddable":true,"href":"https:\/\/portaltela.pt\/api\/wp\/v2\/media\/437726"}],"wp:attachment":[{"href":"https:\/\/portaltela.pt\/api\/wp\/v2\/media?parent=437721"}],"wp:term":[{"taxonomy":"category","embeddable":true,"href":"https:\/\/portaltela.pt\/api\/wp\/v2\/categories?post=437721"},{"taxonomy":"post_tag","embeddable":true,"href":"https:\/\/portaltela.pt\/api\/wp\/v2\/tags?post=437721"}],"curies":[{"name":"wp","href":"https:\/\/api.w.org\/{rel}","templated":true}]}}