{"id":437704,"date":"2026-04-09T07:02:24","date_gmt":"2026-04-09T10:02:24","guid":{"rendered":"https:\/\/portaltela.pt\/noticias\/2026\/04\/09\/presidente-interina-da-venezuela-anuncia-aumento-responsavel-dos-salarios-3\/"},"modified":"2026-04-09T07:02:24","modified_gmt":"2026-04-09T10:02:24","slug":"presidente-interina-da-venezuela-anuncia-aumento-responsavel-dos-salarios-3","status":"publish","type":"post","link":"https:\/\/portaltela.pt\/noticias\/economia\/2026\/04\/09\/presidente-interina-da-venezuela-anuncia-aumento-responsavel-dos-salarios-3\/","title":{"rendered":"Presidente interina da Venezuela anuncia aumento respons\u00e1vel dos sal\u00e1rios"},"content":{"rendered":"<p>Delcy Rodr\u00edguez, presidente interina da Venezuela, anunciou na quarta-feira um conjunto de medidas para um aumento salarial considerado respons\u00e1vel. A chefe de governo ressaltou o objetivo de recuperar, de forma sustentada e gradual, o rendimento dos trabalhadores atrav\u00e9s do crescimento produtivo, com foco nos setores de hidrocarbonetos e minera\u00e7\u00e3o.<\/p>\n<p>O sal\u00e1rio m\u00ednimo mensal permanece congelado desde mar\u00e7o de 2022, valendo hoje apenas 27 c\u00eantimos de d\u00f3lar (23 c\u00eantimos de euro) conforme a taxa oficial. Em mar\u00e7o, foi aumentado o b\u00f3nus mensal para funcion\u00e1rios p\u00fablicos, de 160 para 190 d\u00f3lares, numa opera\u00e7\u00e3o ligada \u00e0 venda de fuel\u00f3leo e \u00e0 abertura do sector petrol\u00edfero.<\/p>\n<p>Foi anunciada a cria\u00e7\u00e3o de uma comiss\u00e3o para o di\u00e1logo laboral, em resposta aos protestos de trabalhadores que exigem aumentos. Paralelamente, foi indicada a constitui\u00e7\u00e3o de outra comiss\u00e3o para a avalia\u00e7\u00e3o estrat\u00e9gica de ativos nacionais, envolvendo Estado, setor privado e trabalhadores, com exce\u00e7\u00e3o da ind\u00fastria dos hidrocarbonetos.<\/p>\n<h3>Medidas e inten\u00e7\u00f5es econ\u00f3micas<\/h3>\n<p>Caso haja recupera\u00e7\u00e3o r\u00e1pida de recursos bloqueados no estrangeiro devido a san\u00e7\u00f5es, estes fundos dever\u00e3o ser usados de imediato para incrementar sal\u00e1rios e reabilitar infraestruturas b\u00e1sicas, como electricidade, \u00e1gua, estradas, escolas e hospitais, afirmou a l\u00edder interina. A comunica\u00e7\u00e3o foi feita numa transmiss\u00e3o com falhas moment\u00e2neas devido a uma queda de energia.<\/p>\n<p>A agenda de medidas chegou \u00e0 v\u00e9spera de uma marcha de sindicalistas para a sede do Executivo em Caracas, em protesto contra o n\u00e3o cumprimento de reivindica\u00e7\u00f5es salariais. Delcy Rodr\u00edguez come\u00e7ou por justificar a necessidade de corrigir erros do passado, sem detalhar a\u00e7\u00f5es concretas.<\/p>\n","protected":false},"excerpt":{"rendered":"<ul>\n<li>A Presidente interina da Venezuela, Delcy Rodr\u00edguez, anunciou um \u201caumento respons\u00e1vel\u201d dos sal\u00e1rios, num discurso de quase meia hora.<\/li>\n<li>O objetivo \u00e9 recuperar, de forma sustentada e gradual, o rendimento dos trabalhadores atrav\u00e9s do crescimento produtivo, especialmente nos setores de hidrocarbonetos e minera\u00e7\u00e3o.<\/li>\n<li>O sal\u00e1rio m\u00ednimo mensal continua congelado desde mar\u00e7o de 2022 e, no momento, vale 27 c\u00eantimos de d\u00f3lar (23 c\u00eantimos de euro) \u00e0 taxa oficial.<\/li>\n<li>Em mar\u00e7o passado, um b\u00f3nus mensal para funcion\u00e1rios p\u00fablicos subiu de 160 para 190 d\u00f3lares, num contexto de venda de fuel\u00f3leo e abertura do sector petrol\u00edfero com aproxima\u00e7\u00e3o aos Estados Unidos.<\/li>\n<li>Foram criadas duas comiss\u00f5es: uma para o di\u00e1logo laboral (em resposta a protestos de trabalhadores) e outra para a avalia\u00e7\u00e3o estrat\u00e9gica de ativos nacionais, que n\u00e3o incluir\u00e1 a ind\u00fastria de hidrocarbonetos; se ativos bloqueados no estrangeiro forem recuperados, os recursos destinam\u2011se ao aumento salarial e \u00e0 reabilita\u00e7\u00e3o de infraestruturas.<\/li>\n<\/ul>\n","protected":false},"author":2,"featured_media":437707,"comment_status":"closed","ping_status":"closed","sticky":false,"template":"","format":"standard","meta":{"footnotes":""},"categories":[2,6735],"tags":[6115,7775,2551,4930,2832,2201],"class_list":["post-437704","post","type-post","status-publish","format-standard","has-post-thumbnail","hentry","category-economia","category-negocios","tag-_economia","tag-_energia","tag-hidrocarbonetos","tag-mineracao-artesanal","tag-politica","tag-trabalho"],"yoast_head":"<!-- This site is optimized with the Yoast SEO plugin v27.2 - https:\/\/yoast.com\/product\/yoast-seo-wordpress\/ -->\n<title>Presidente interina da Venezuela anuncia aumento respons\u00e1vel dos sal\u00e1rios - Portal Tela Portugal<\/title>\n<meta name=\"robots\" content=\"index, follow, max-snippet:-1, max-image-preview:large, max-video-preview:-1\" \/>\n<meta property=\"og:locale\" content=\"pt_PT\" \/>\n<meta property=\"og:type\" content=\"article\" \/>\n<meta property=\"og:title\" content=\"Presidente interina da Venezuela anuncia aumento respons\u00e1vel dos sal\u00e1rios - Portal Tela Portugal\" \/>\n<meta property=\"og:description\" content=\"A Presidente interina da Venezuela, Delcy Rodr\u00edguez, anunciou um \u201caumento respons\u00e1vel\u201d dos sal\u00e1rios, num discurso de quase meia hora. O objetivo \u00e9 recuperar, de forma sustentada e gradual, o rendimento dos trabalhadores atrav\u00e9s do crescimento produtivo, especialmente nos setores de hidrocarbonetos e minera\u00e7\u00e3o. O sal\u00e1rio m\u00ednimo mensal continua congelado desde mar\u00e7o de 2022 e, no momento, vale 27 c\u00eantimos de d\u00f3lar (23 c\u00eantimos de euro) \u00e0 taxa oficial. Em mar\u00e7o passado, um b\u00f3nus mensal para funcion\u00e1rios p\u00fablicos subiu de 160 para 190 d\u00f3lares, num contexto de venda de fuel\u00f3leo e abertura do sector petrol\u00edfero com aproxima\u00e7\u00e3o aos Estados Unidos. Foram criadas duas comiss\u00f5es: uma para o di\u00e1logo laboral (em resposta a protestos de trabalhadores) e outra para a avalia\u00e7\u00e3o estrat\u00e9gica de ativos nacionais, que n\u00e3o incluir\u00e1 a ind\u00fastria de hidrocarbonetos; se ativos bloqueados no estrangeiro forem recuperados, os recursos destinam\u2011se ao aumento salarial e \u00e0 reabilita\u00e7\u00e3o de infraestruturas.\" \/>\n<meta property=\"og:url\" content=\"https:\/\/portaltela.pt\/noticias\/2026\/04\/09\/presidente-interina-da-venezuela-anuncia-aumento-responsavel-dos-salarios-3\/\" \/>\n<meta property=\"og:site_name\" content=\"Portal Tela Portugal\" \/>\n<meta property=\"article:published_time\" content=\"2026-04-09T10:02:24+00:00\" \/>\n<meta name=\"author\" content=\"Telinha\" \/>\n<meta name=\"twitter:card\" content=\"summary_large_image\" \/>\n<meta name=\"twitter:label1\" content=\"Escrito por\" \/>\n\t<meta name=\"twitter:data1\" content=\"Telinha\" \/>\n\t<meta name=\"twitter:label2\" content=\"Tempo estimado de leitura\" \/>\n\t<meta name=\"twitter:data2\" content=\"1 minuto\" \/>\n<script type=\"application\/ld+json\" class=\"yoast-schema-graph\">{\"@context\":\"https:\/\/schema.org\",\"@graph\":[{\"@type\":\"Article\",\"@id\":\"https:\/\/portaltela.pt\/noticias\/2026\/04\/09\/presidente-interina-da-venezuela-anuncia-aumento-responsavel-dos-salarios-3\/#article\",\"isPartOf\":{\"@id\":\"https:\/\/portaltela.pt\/noticias\/2026\/04\/09\/presidente-interina-da-venezuela-anuncia-aumento-responsavel-dos-salarios-3\/\"},\"author\":{\"name\":\"Telinha\",\"@id\":\"https:\/\/portaltela.pt\/#\/schema\/person\/c4278d4a6028830caff9ee44b42d32ed\"},\"headline\":\"Presidente interina da Venezuela anuncia aumento respons\u00e1vel dos sal\u00e1rios\",\"datePublished\":\"2026-04-09T10:02:24+00:00\",\"mainEntityOfPage\":{\"@id\":\"https:\/\/portaltela.pt\/noticias\/2026\/04\/09\/presidente-interina-da-venezuela-anuncia-aumento-responsavel-dos-salarios-3\/\"},\"wordCount\":297,\"image\":{\"@id\":\"https:\/\/portaltela.pt\/noticias\/2026\/04\/09\/presidente-interina-da-venezuela-anuncia-aumento-responsavel-dos-salarios-3\/#primaryimage\"},\"thumbnailUrl\":\"https:\/\/portaltela.pt\/s.01k8rhncp4jt1\/2026\/04\/2080095.jpg\",\"keywords\":[\"_economia\",\"_energia\",\"hidrocarbonetos\",\"minera\u00e7\u00e3o artesanal\",\"pol\u00edtica\",\"trabalho\"],\"articleSection\":[\"Economia\",\"Neg\u00f3cios\"],\"inLanguage\":\"pt-PT\"},{\"@type\":\"WebPage\",\"@id\":\"https:\/\/portaltela.pt\/noticias\/2026\/04\/09\/presidente-interina-da-venezuela-anuncia-aumento-responsavel-dos-salarios-3\/\",\"url\":\"https:\/\/portaltela.pt\/noticias\/2026\/04\/09\/presidente-interina-da-venezuela-anuncia-aumento-responsavel-dos-salarios-3\/\",\"name\":\"Presidente interina da Venezuela anuncia aumento respons\u00e1vel dos sal\u00e1rios - Portal Tela Portugal\",\"isPartOf\":{\"@id\":\"https:\/\/portaltela.pt\/#website\"},\"primaryImageOfPage\":{\"@id\":\"https:\/\/portaltela.pt\/noticias\/2026\/04\/09\/presidente-interina-da-venezuela-anuncia-aumento-responsavel-dos-salarios-3\/#primaryimage\"},\"image\":{\"@id\":\"https:\/\/portaltela.pt\/noticias\/2026\/04\/09\/presidente-interina-da-venezuela-anuncia-aumento-responsavel-dos-salarios-3\/#primaryimage\"},\"thumbnailUrl\":\"https:\/\/portaltela.pt\/s.01k8rhncp4jt1\/2026\/04\/2080095.jpg\",\"datePublished\":\"2026-04-09T10:02:24+00:00\",\"author\":{\"@id\":\"https:\/\/portaltela.pt\/#\/schema\/person\/c4278d4a6028830caff9ee44b42d32ed\"},\"breadcrumb\":{\"@id\":\"https:\/\/portaltela.pt\/noticias\/2026\/04\/09\/presidente-interina-da-venezuela-anuncia-aumento-responsavel-dos-salarios-3\/#breadcrumb\"},\"inLanguage\":\"pt-PT\",\"potentialAction\":[{\"@type\":\"ReadAction\",\"target\":[\"https:\/\/portaltela.pt\/noticias\/2026\/04\/09\/presidente-interina-da-venezuela-anuncia-aumento-responsavel-dos-salarios-3\/\"]}]},{\"@type\":\"ImageObject\",\"inLanguage\":\"pt-PT\",\"@id\":\"https:\/\/portaltela.pt\/noticias\/2026\/04\/09\/presidente-interina-da-venezuela-anuncia-aumento-responsavel-dos-salarios-3\/#primaryimage\",\"url\":\"https:\/\/portaltela.pt\/s.01k8rhncp4jt1\/2026\/04\/2080095.jpg\",\"contentUrl\":\"https:\/\/portaltela.pt\/s.01k8rhncp4jt1\/2026\/04\/2080095.jpg\",\"width\":796,\"height\":448,\"caption\":\"A Presidente interina da Venezuela, Delcy Rodriguez, falou esta quarta-feira num discurso transmitido pela televis\u00e3o estatal\"},{\"@type\":\"BreadcrumbList\",\"@id\":\"https:\/\/portaltela.pt\/noticias\/2026\/04\/09\/presidente-interina-da-venezuela-anuncia-aumento-responsavel-dos-salarios-3\/#breadcrumb\",\"itemListElement\":[{\"@type\":\"ListItem\",\"position\":1,\"name\":\"In\u00edcio\",\"item\":\"https:\/\/portaltela.pt\/\"},{\"@type\":\"ListItem\",\"position\":2,\"name\":\"Presidente interina da Venezuela anuncia aumento respons\u00e1vel dos sal\u00e1rios\"}]},{\"@type\":\"WebSite\",\"@id\":\"https:\/\/portaltela.pt\/#website\",\"url\":\"https:\/\/portaltela.pt\/\",\"name\":\"Portal Tela Portugal\",\"description\":\"\",\"potentialAction\":[{\"@type\":\"SearchAction\",\"target\":{\"@type\":\"EntryPoint\",\"urlTemplate\":\"https:\/\/portaltela.pt\/?s={search_term_string}\"},\"query-input\":{\"@type\":\"PropertyValueSpecification\",\"valueRequired\":true,\"valueName\":\"search_term_string\"}}],\"inLanguage\":\"pt-PT\"},{\"@type\":\"Person\",\"@id\":\"https:\/\/portaltela.pt\/#\/schema\/person\/c4278d4a6028830caff9ee44b42d32ed\",\"name\":\"Telinha\",\"image\":{\"@type\":\"ImageObject\",\"inLanguage\":\"pt-PT\",\"@id\":\"https:\/\/portaltela.pt\/s.01k8rhncp4jt1\/2025\/11\/talking-bot-125x125.png\",\"url\":\"https:\/\/portaltela.pt\/s.01k8rhncp4jt1\/2025\/11\/talking-bot-125x125.png\",\"contentUrl\":\"https:\/\/portaltela.pt\/s.01k8rhncp4jt1\/2025\/11\/talking-bot-125x125.png\",\"caption\":\"Telinha\"},\"sameAs\":[\"https:\/\/portaltela.pt\/\"],\"url\":\"https:\/\/portaltela.pt\/por\/367410592786\/\"}]}<\/script>\n<!-- \/ Yoast SEO plugin. -->","yoast_head_json":{"title":"Presidente interina da Venezuela anuncia aumento respons\u00e1vel dos sal\u00e1rios - Portal Tela Portugal","robots":{"index":"index","follow":"follow","max-snippet":"max-snippet:-1","max-image-preview":"max-image-preview:large","max-video-preview":"max-video-preview:-1"},"og_locale":"pt_PT","og_type":"article","og_title":"Presidente interina da Venezuela anuncia aumento respons\u00e1vel dos sal\u00e1rios - Portal Tela Portugal","og_description":"A Presidente interina da Venezuela, Delcy Rodr\u00edguez, anunciou um \u201caumento respons\u00e1vel\u201d dos sal\u00e1rios, num discurso de quase meia hora. O objetivo \u00e9 recuperar, de forma sustentada e gradual, o rendimento dos trabalhadores atrav\u00e9s do crescimento produtivo, especialmente nos setores de hidrocarbonetos e minera\u00e7\u00e3o. O sal\u00e1rio m\u00ednimo mensal continua congelado desde mar\u00e7o de 2022 e, no momento, vale 27 c\u00eantimos de d\u00f3lar (23 c\u00eantimos de euro) \u00e0 taxa oficial. Em mar\u00e7o passado, um b\u00f3nus mensal para funcion\u00e1rios p\u00fablicos subiu de 160 para 190 d\u00f3lares, num contexto de venda de fuel\u00f3leo e abertura do sector petrol\u00edfero com aproxima\u00e7\u00e3o aos Estados Unidos. Foram criadas duas comiss\u00f5es: uma para o di\u00e1logo laboral (em resposta a protestos de trabalhadores) e outra para a avalia\u00e7\u00e3o estrat\u00e9gica de ativos nacionais, que n\u00e3o incluir\u00e1 a ind\u00fastria de hidrocarbonetos; se ativos bloqueados no estrangeiro forem recuperados, os recursos destinam\u2011se ao aumento salarial e \u00e0 reabilita\u00e7\u00e3o de infraestruturas.","og_url":"https:\/\/portaltela.pt\/noticias\/2026\/04\/09\/presidente-interina-da-venezuela-anuncia-aumento-responsavel-dos-salarios-3\/","og_site_name":"Portal Tela Portugal","article_published_time":"2026-04-09T10:02:24+00:00","author":"Telinha","twitter_card":"summary_large_image","twitter_misc":{"Escrito por":"Telinha","Tempo estimado de leitura":"1 minuto"},"schema":{"@context":"https:\/\/schema.org","@graph":[{"@type":"Article","@id":"https:\/\/portaltela.pt\/noticias\/2026\/04\/09\/presidente-interina-da-venezuela-anuncia-aumento-responsavel-dos-salarios-3\/#article","isPartOf":{"@id":"https:\/\/portaltela.pt\/noticias\/2026\/04\/09\/presidente-interina-da-venezuela-anuncia-aumento-responsavel-dos-salarios-3\/"},"author":{"name":"Telinha","@id":"https:\/\/portaltela.pt\/#\/schema\/person\/c4278d4a6028830caff9ee44b42d32ed"},"headline":"Presidente interina da Venezuela anuncia aumento respons\u00e1vel dos sal\u00e1rios","datePublished":"2026-04-09T10:02:24+00:00","mainEntityOfPage":{"@id":"https:\/\/portaltela.pt\/noticias\/2026\/04\/09\/presidente-interina-da-venezuela-anuncia-aumento-responsavel-dos-salarios-3\/"},"wordCount":297,"image":{"@id":"https:\/\/portaltela.pt\/noticias\/2026\/04\/09\/presidente-interina-da-venezuela-anuncia-aumento-responsavel-dos-salarios-3\/#primaryimage"},"thumbnailUrl":"https:\/\/portaltela.pt\/s.01k8rhncp4jt1\/2026\/04\/2080095.jpg","keywords":["_economia","_energia","hidrocarbonetos","minera\u00e7\u00e3o artesanal","pol\u00edtica","trabalho"],"articleSection":["Economia","Neg\u00f3cios"],"inLanguage":"pt-PT"},{"@type":"WebPage","@id":"https:\/\/portaltela.pt\/noticias\/2026\/04\/09\/presidente-interina-da-venezuela-anuncia-aumento-responsavel-dos-salarios-3\/","url":"https:\/\/portaltela.pt\/noticias\/2026\/04\/09\/presidente-interina-da-venezuela-anuncia-aumento-responsavel-dos-salarios-3\/","name":"Presidente interina da Venezuela anuncia aumento respons\u00e1vel dos sal\u00e1rios - Portal Tela Portugal","isPartOf":{"@id":"https:\/\/portaltela.pt\/#website"},"primaryImageOfPage":{"@id":"https:\/\/portaltela.pt\/noticias\/2026\/04\/09\/presidente-interina-da-venezuela-anuncia-aumento-responsavel-dos-salarios-3\/#primaryimage"},"image":{"@id":"https:\/\/portaltela.pt\/noticias\/2026\/04\/09\/presidente-interina-da-venezuela-anuncia-aumento-responsavel-dos-salarios-3\/#primaryimage"},"thumbnailUrl":"https:\/\/portaltela.pt\/s.01k8rhncp4jt1\/2026\/04\/2080095.jpg","datePublished":"2026-04-09T10:02:24+00:00","author":{"@id":"https:\/\/portaltela.pt\/#\/schema\/person\/c4278d4a6028830caff9ee44b42d32ed"},"breadcrumb":{"@id":"https:\/\/portaltela.pt\/noticias\/2026\/04\/09\/presidente-interina-da-venezuela-anuncia-aumento-responsavel-dos-salarios-3\/#breadcrumb"},"inLanguage":"pt-PT","potentialAction":[{"@type":"ReadAction","target":["https:\/\/portaltela.pt\/noticias\/2026\/04\/09\/presidente-interina-da-venezuela-anuncia-aumento-responsavel-dos-salarios-3\/"]}]},{"@type":"ImageObject","inLanguage":"pt-PT","@id":"https:\/\/portaltela.pt\/noticias\/2026\/04\/09\/presidente-interina-da-venezuela-anuncia-aumento-responsavel-dos-salarios-3\/#primaryimage","url":"https:\/\/portaltela.pt\/s.01k8rhncp4jt1\/2026\/04\/2080095.jpg","contentUrl":"https:\/\/portaltela.pt\/s.01k8rhncp4jt1\/2026\/04\/2080095.jpg","width":796,"height":448,"caption":"A Presidente interina da Venezuela, Delcy Rodriguez, falou esta quarta-feira num discurso transmitido pela televis\u00e3o estatal"},{"@type":"BreadcrumbList","@id":"https:\/\/portaltela.pt\/noticias\/2026\/04\/09\/presidente-interina-da-venezuela-anuncia-aumento-responsavel-dos-salarios-3\/#breadcrumb","itemListElement":[{"@type":"ListItem","position":1,"name":"In\u00edcio","item":"https:\/\/portaltela.pt\/"},{"@type":"ListItem","position":2,"name":"Presidente interina da Venezuela anuncia aumento respons\u00e1vel dos sal\u00e1rios"}]},{"@type":"WebSite","@id":"https:\/\/portaltela.pt\/#website","url":"https:\/\/portaltela.pt\/","name":"Portal Tela Portugal","description":"","potentialAction":[{"@type":"SearchAction","target":{"@type":"EntryPoint","urlTemplate":"https:\/\/portaltela.pt\/?s={search_term_string}"},"query-input":{"@type":"PropertyValueSpecification","valueRequired":true,"valueName":"search_term_string"}}],"inLanguage":"pt-PT"},{"@type":"Person","@id":"https:\/\/portaltela.pt\/#\/schema\/person\/c4278d4a6028830caff9ee44b42d32ed","name":"Telinha","image":{"@type":"ImageObject","inLanguage":"pt-PT","@id":"https:\/\/portaltela.pt\/s.01k8rhncp4jt1\/2025\/11\/talking-bot-125x125.png","url":"https:\/\/portaltela.pt\/s.01k8rhncp4jt1\/2025\/11\/talking-bot-125x125.png","contentUrl":"https:\/\/portaltela.pt\/s.01k8rhncp4jt1\/2025\/11\/talking-bot-125x125.png","caption":"Telinha"},"sameAs":["https:\/\/portaltela.pt\/"],"url":"https:\/\/portaltela.pt\/por\/367410592786\/"}]}},"_links":{"self":[{"href":"https:\/\/portaltela.pt\/api\/wp\/v2\/posts\/437704","targetHints":{"allow":["GET"]}}],"collection":[{"href":"https:\/\/portaltela.pt\/api\/wp\/v2\/posts"}],"about":[{"href":"https:\/\/portaltela.pt\/api\/wp\/v2\/types\/post"}],"author":[{"embeddable":true,"href":"https:\/\/portaltela.pt\/api\/wp\/v2\/users\/2"}],"replies":[{"embeddable":true,"href":"https:\/\/portaltela.pt\/api\/wp\/v2\/comments?post=437704"}],"version-history":[{"count":0,"href":"https:\/\/portaltela.pt\/api\/wp\/v2\/posts\/437704\/revisions"}],"wp:featuredmedia":[{"embeddable":true,"href":"https:\/\/portaltela.pt\/api\/wp\/v2\/media\/437707"}],"wp:attachment":[{"href":"https:\/\/portaltela.pt\/api\/wp\/v2\/media?parent=437704"}],"wp:term":[{"taxonomy":"category","embeddable":true,"href":"https:\/\/portaltela.pt\/api\/wp\/v2\/categories?post=437704"},{"taxonomy":"post_tag","embeddable":true,"href":"https:\/\/portaltela.pt\/api\/wp\/v2\/tags?post=437704"}],"curies":[{"name":"wp","href":"https:\/\/api.w.org\/{rel}","templated":true}]}}