{"id":437628,"date":"2026-04-08T19:16:00","date_gmt":"2026-04-08T22:16:00","guid":{"rendered":"https:\/\/portaltela.pt\/noticias\/2026\/04\/08\/roteiro-por-miranda-do-douro-terra-doce-debrucada-sobre-o-rio\/"},"modified":"2026-04-08T19:16:00","modified_gmt":"2026-04-08T22:16:00","slug":"roteiro-por-miranda-do-douro-terra-doce-debrucada-sobre-o-rio","status":"publish","type":"post","link":"https:\/\/portaltela.pt\/noticias\/2026\/04\/08\/roteiro-por-miranda-do-douro-terra-doce-debrucada-sobre-o-rio\/","title":{"rendered":"Roteiro por Miranda do Douro: terra doce debru\u00e7ada sobre o rio"},"content":{"rendered":"<p>Durante uma visita ao Miradouro da Fraga do Piuo, em Miranda do Douro, jornalistas locais destacaram a paisagem sobre o rio e a identidade mirandesa, incluindo dan\u00e7a, gastronomia e tradi\u00e7\u00f5es como as pauliteiras. A reportagem descreve o conjunto art\u00edstico da regi\u00e3o.<\/p>\n<p>O roteiro enfatizou elementos distintivos da terra: burros na paisagem, amendoeiras em flor, m\u00e1scaras e capas de burel, bem como a arquitetura hist\u00f3rica da S\u00e9 situada numa arriba. O objetivo \u00e9 mostrar como o territ\u00f3rio aproxima o distantemente acess\u00edvel.<\/p>\n<p>Os relatos apontam que a experi\u00eancia ocorreu no planalto mirand\u00eas, com a inclina\u00e7\u00e3o para o contacto com comunidades locais e o patrim\u00f3nio cultural. A cidade \u00e9 apresentada como um destino imerso em cores, cheiros e sons pr\u00f3prios da fronteira com Espanha.<\/p>\n<p>Entre os pontos citados, destaca-se Atenor, onde se encontra o santu\u00e1rio dos burros, e a Casa da M\u00fasica Mirandesa, marcada pela paisagem de fim de tarde. A narrativa ressalta ainda o potencial tur\u00edstico da regi\u00e3o sem indicar datas espec\u00edficas.<\/p>\n","protected":false},"excerpt":{"rendered":"<ul>\n<li>Miranda do Douro \u00e9 apresentada como uma terra raiana com paisagens naturais e identidade lingu\u00edstica pr\u00f3pria.<\/li>\n<li>O texto destaca o Miradouro da Fraga do Pui como cen\u00e1rio de contempla\u00e7\u00e3o da regi\u00e3o mirandesa.<\/li>\n<li>Descri\u00e7\u00f5es mencionam burros no santu\u00e1rio de Atenor, neblina matinal sobre a S\u00e9 e amendoeiras em flor na Casa da M\u00fasica Mirandesa.<\/li>\n<li>Um grupo de jovens pauliteiras prepara\u2011se para dan\u00e7ar ao p\u00f4r do sol.<\/li>\n<li>A not\u00edcia sugere que a regi\u00e3o inspira vontade de ficar mais tempo, pela sua beleza e cultura.<\/li>\n<\/ul>\n","protected":false},"author":2,"featured_media":437630,"comment_status":"closed","ping_status":"closed","sticky":false,"template":"","format":"standard","meta":{"footnotes":""},"categories":[7375,1],"tags":[7756,1683,219,1175,146,169],"class_list":["post-437628","post","type-post","status-publish","format-standard","has-post-thumbnail","hentry","category-cultura","category-noticias","tag-_cultura","tag-danca","tag-gastronomia","tag-patrimonio-cultural","tag-tradicoes","tag-turismo"],"yoast_head":"<!-- This site is optimized with the Yoast SEO plugin v27.2 - https:\/\/yoast.com\/product\/yoast-seo-wordpress\/ -->\n<title>Roteiro por Miranda do Douro: terra doce debru\u00e7ada sobre o rio - Portal Tela Portugal<\/title>\n<meta name=\"robots\" content=\"index, follow, max-snippet:-1, max-image-preview:large, max-video-preview:-1\" \/>\n<meta property=\"og:locale\" content=\"pt_PT\" \/>\n<meta property=\"og:type\" content=\"article\" \/>\n<meta property=\"og:title\" content=\"Roteiro por Miranda do Douro: terra doce debru\u00e7ada sobre o rio - Portal Tela Portugal\" \/>\n<meta property=\"og:description\" content=\"Miranda do Douro \u00e9 apresentada como uma terra raiana com paisagens naturais e identidade lingu\u00edstica pr\u00f3pria. O texto destaca o Miradouro da Fraga do Pui como cen\u00e1rio de contempla\u00e7\u00e3o da regi\u00e3o mirandesa. Descri\u00e7\u00f5es mencionam burros no santu\u00e1rio de Atenor, neblina matinal sobre a S\u00e9 e amendoeiras em flor na Casa da M\u00fasica Mirandesa. Um grupo de jovens pauliteiras prepara\u2011se para dan\u00e7ar ao p\u00f4r do sol. A not\u00edcia sugere que a regi\u00e3o inspira vontade de ficar mais tempo, pela sua beleza e cultura.\" \/>\n<meta property=\"og:url\" content=\"https:\/\/portaltela.pt\/noticias\/2026\/04\/08\/roteiro-por-miranda-do-douro-terra-doce-debrucada-sobre-o-rio\/\" \/>\n<meta property=\"og:site_name\" content=\"Portal Tela Portugal\" \/>\n<meta property=\"article:published_time\" content=\"2026-04-08T22:16:00+00:00\" \/>\n<meta name=\"author\" content=\"Telinha\" \/>\n<meta name=\"twitter:card\" content=\"summary_large_image\" \/>\n<meta name=\"twitter:label1\" content=\"Escrito por\" \/>\n\t<meta name=\"twitter:data1\" content=\"Telinha\" \/>\n\t<meta name=\"twitter:label2\" content=\"Tempo estimado de leitura\" \/>\n\t<meta name=\"twitter:data2\" content=\"1 minuto\" \/>\n<script type=\"application\/ld+json\" class=\"yoast-schema-graph\">{\"@context\":\"https:\/\/schema.org\",\"@graph\":[{\"@type\":\"Article\",\"@id\":\"https:\/\/portaltela.pt\/noticias\/2026\/04\/08\/roteiro-por-miranda-do-douro-terra-doce-debrucada-sobre-o-rio\/#article\",\"isPartOf\":{\"@id\":\"https:\/\/portaltela.pt\/noticias\/2026\/04\/08\/roteiro-por-miranda-do-douro-terra-doce-debrucada-sobre-o-rio\/\"},\"author\":{\"name\":\"Telinha\",\"@id\":\"https:\/\/portaltela.pt\/#\/schema\/person\/c4278d4a6028830caff9ee44b42d32ed\"},\"headline\":\"Roteiro por Miranda do Douro: terra doce debru\u00e7ada sobre o rio\",\"datePublished\":\"2026-04-08T22:16:00+00:00\",\"mainEntityOfPage\":{\"@id\":\"https:\/\/portaltela.pt\/noticias\/2026\/04\/08\/roteiro-por-miranda-do-douro-terra-doce-debrucada-sobre-o-rio\/\"},\"wordCount\":188,\"image\":{\"@id\":\"https:\/\/portaltela.pt\/noticias\/2026\/04\/08\/roteiro-por-miranda-do-douro-terra-doce-debrucada-sobre-o-rio\/#primaryimage\"},\"thumbnailUrl\":\"https:\/\/portaltela.pt\/s.01k8rhncp4jt1\/2026\/04\/image-484.jpg\",\"keywords\":[\"_cultura\",\"dan\u00e7a\",\"gastronomia\",\"Patrim\u00f3nio Cultural\",\"tradi\u00e7\u00f5es\",\"turismo\"],\"articleSection\":[\"Cultura\",\"Not\u00edcias\"],\"inLanguage\":\"pt-PT\"},{\"@type\":\"WebPage\",\"@id\":\"https:\/\/portaltela.pt\/noticias\/2026\/04\/08\/roteiro-por-miranda-do-douro-terra-doce-debrucada-sobre-o-rio\/\",\"url\":\"https:\/\/portaltela.pt\/noticias\/2026\/04\/08\/roteiro-por-miranda-do-douro-terra-doce-debrucada-sobre-o-rio\/\",\"name\":\"Roteiro por Miranda do Douro: terra doce debru\u00e7ada sobre o rio - Portal Tela Portugal\",\"isPartOf\":{\"@id\":\"https:\/\/portaltela.pt\/#website\"},\"primaryImageOfPage\":{\"@id\":\"https:\/\/portaltela.pt\/noticias\/2026\/04\/08\/roteiro-por-miranda-do-douro-terra-doce-debrucada-sobre-o-rio\/#primaryimage\"},\"image\":{\"@id\":\"https:\/\/portaltela.pt\/noticias\/2026\/04\/08\/roteiro-por-miranda-do-douro-terra-doce-debrucada-sobre-o-rio\/#primaryimage\"},\"thumbnailUrl\":\"https:\/\/portaltela.pt\/s.01k8rhncp4jt1\/2026\/04\/image-484.jpg\",\"datePublished\":\"2026-04-08T22:16:00+00:00\",\"author\":{\"@id\":\"https:\/\/portaltela.pt\/#\/schema\/person\/c4278d4a6028830caff9ee44b42d32ed\"},\"breadcrumb\":{\"@id\":\"https:\/\/portaltela.pt\/noticias\/2026\/04\/08\/roteiro-por-miranda-do-douro-terra-doce-debrucada-sobre-o-rio\/#breadcrumb\"},\"inLanguage\":\"pt-PT\",\"potentialAction\":[{\"@type\":\"ReadAction\",\"target\":[\"https:\/\/portaltela.pt\/noticias\/2026\/04\/08\/roteiro-por-miranda-do-douro-terra-doce-debrucada-sobre-o-rio\/\"]}]},{\"@type\":\"ImageObject\",\"inLanguage\":\"pt-PT\",\"@id\":\"https:\/\/portaltela.pt\/noticias\/2026\/04\/08\/roteiro-por-miranda-do-douro-terra-doce-debrucada-sobre-o-rio\/#primaryimage\",\"url\":\"https:\/\/portaltela.pt\/s.01k8rhncp4jt1\/2026\/04\/image-484.jpg\",\"contentUrl\":\"https:\/\/portaltela.pt\/s.01k8rhncp4jt1\/2026\/04\/image-484.jpg\",\"width\":796,\"height\":448,\"caption\":\"Centro de Valoriza\u00e7\u00e3o do Burro de Miranda\"},{\"@type\":\"BreadcrumbList\",\"@id\":\"https:\/\/portaltela.pt\/noticias\/2026\/04\/08\/roteiro-por-miranda-do-douro-terra-doce-debrucada-sobre-o-rio\/#breadcrumb\",\"itemListElement\":[{\"@type\":\"ListItem\",\"position\":1,\"name\":\"In\u00edcio\",\"item\":\"https:\/\/portaltela.pt\/\"},{\"@type\":\"ListItem\",\"position\":2,\"name\":\"Roteiro por Miranda do Douro: terra doce debru\u00e7ada sobre o rio\"}]},{\"@type\":\"WebSite\",\"@id\":\"https:\/\/portaltela.pt\/#website\",\"url\":\"https:\/\/portaltela.pt\/\",\"name\":\"Portal Tela Portugal\",\"description\":\"\",\"potentialAction\":[{\"@type\":\"SearchAction\",\"target\":{\"@type\":\"EntryPoint\",\"urlTemplate\":\"https:\/\/portaltela.pt\/?s={search_term_string}\"},\"query-input\":{\"@type\":\"PropertyValueSpecification\",\"valueRequired\":true,\"valueName\":\"search_term_string\"}}],\"inLanguage\":\"pt-PT\"},{\"@type\":\"Person\",\"@id\":\"https:\/\/portaltela.pt\/#\/schema\/person\/c4278d4a6028830caff9ee44b42d32ed\",\"name\":\"Telinha\",\"image\":{\"@type\":\"ImageObject\",\"inLanguage\":\"pt-PT\",\"@id\":\"https:\/\/portaltela.pt\/s.01k8rhncp4jt1\/2025\/11\/talking-bot-125x125.png\",\"url\":\"https:\/\/portaltela.pt\/s.01k8rhncp4jt1\/2025\/11\/talking-bot-125x125.png\",\"contentUrl\":\"https:\/\/portaltela.pt\/s.01k8rhncp4jt1\/2025\/11\/talking-bot-125x125.png\",\"caption\":\"Telinha\"},\"sameAs\":[\"https:\/\/portaltela.pt\/\"],\"url\":\"https:\/\/portaltela.pt\/por\/367410592786\/\"}]}<\/script>\n<!-- \/ Yoast SEO plugin. -->","yoast_head_json":{"title":"Roteiro por Miranda do Douro: terra doce debru\u00e7ada sobre o rio - Portal Tela Portugal","robots":{"index":"index","follow":"follow","max-snippet":"max-snippet:-1","max-image-preview":"max-image-preview:large","max-video-preview":"max-video-preview:-1"},"og_locale":"pt_PT","og_type":"article","og_title":"Roteiro por Miranda do Douro: terra doce debru\u00e7ada sobre o rio - Portal Tela Portugal","og_description":"Miranda do Douro \u00e9 apresentada como uma terra raiana com paisagens naturais e identidade lingu\u00edstica pr\u00f3pria. O texto destaca o Miradouro da Fraga do Pui como cen\u00e1rio de contempla\u00e7\u00e3o da regi\u00e3o mirandesa. Descri\u00e7\u00f5es mencionam burros no santu\u00e1rio de Atenor, neblina matinal sobre a S\u00e9 e amendoeiras em flor na Casa da M\u00fasica Mirandesa. Um grupo de jovens pauliteiras prepara\u2011se para dan\u00e7ar ao p\u00f4r do sol. A not\u00edcia sugere que a regi\u00e3o inspira vontade de ficar mais tempo, pela sua beleza e cultura.","og_url":"https:\/\/portaltela.pt\/noticias\/2026\/04\/08\/roteiro-por-miranda-do-douro-terra-doce-debrucada-sobre-o-rio\/","og_site_name":"Portal Tela Portugal","article_published_time":"2026-04-08T22:16:00+00:00","author":"Telinha","twitter_card":"summary_large_image","twitter_misc":{"Escrito por":"Telinha","Tempo estimado de leitura":"1 minuto"},"schema":{"@context":"https:\/\/schema.org","@graph":[{"@type":"Article","@id":"https:\/\/portaltela.pt\/noticias\/2026\/04\/08\/roteiro-por-miranda-do-douro-terra-doce-debrucada-sobre-o-rio\/#article","isPartOf":{"@id":"https:\/\/portaltela.pt\/noticias\/2026\/04\/08\/roteiro-por-miranda-do-douro-terra-doce-debrucada-sobre-o-rio\/"},"author":{"name":"Telinha","@id":"https:\/\/portaltela.pt\/#\/schema\/person\/c4278d4a6028830caff9ee44b42d32ed"},"headline":"Roteiro por Miranda do Douro: terra doce debru\u00e7ada sobre o rio","datePublished":"2026-04-08T22:16:00+00:00","mainEntityOfPage":{"@id":"https:\/\/portaltela.pt\/noticias\/2026\/04\/08\/roteiro-por-miranda-do-douro-terra-doce-debrucada-sobre-o-rio\/"},"wordCount":188,"image":{"@id":"https:\/\/portaltela.pt\/noticias\/2026\/04\/08\/roteiro-por-miranda-do-douro-terra-doce-debrucada-sobre-o-rio\/#primaryimage"},"thumbnailUrl":"https:\/\/portaltela.pt\/s.01k8rhncp4jt1\/2026\/04\/image-484.jpg","keywords":["_cultura","dan\u00e7a","gastronomia","Patrim\u00f3nio Cultural","tradi\u00e7\u00f5es","turismo"],"articleSection":["Cultura","Not\u00edcias"],"inLanguage":"pt-PT"},{"@type":"WebPage","@id":"https:\/\/portaltela.pt\/noticias\/2026\/04\/08\/roteiro-por-miranda-do-douro-terra-doce-debrucada-sobre-o-rio\/","url":"https:\/\/portaltela.pt\/noticias\/2026\/04\/08\/roteiro-por-miranda-do-douro-terra-doce-debrucada-sobre-o-rio\/","name":"Roteiro por Miranda do Douro: terra doce debru\u00e7ada sobre o rio - Portal Tela Portugal","isPartOf":{"@id":"https:\/\/portaltela.pt\/#website"},"primaryImageOfPage":{"@id":"https:\/\/portaltela.pt\/noticias\/2026\/04\/08\/roteiro-por-miranda-do-douro-terra-doce-debrucada-sobre-o-rio\/#primaryimage"},"image":{"@id":"https:\/\/portaltela.pt\/noticias\/2026\/04\/08\/roteiro-por-miranda-do-douro-terra-doce-debrucada-sobre-o-rio\/#primaryimage"},"thumbnailUrl":"https:\/\/portaltela.pt\/s.01k8rhncp4jt1\/2026\/04\/image-484.jpg","datePublished":"2026-04-08T22:16:00+00:00","author":{"@id":"https:\/\/portaltela.pt\/#\/schema\/person\/c4278d4a6028830caff9ee44b42d32ed"},"breadcrumb":{"@id":"https:\/\/portaltela.pt\/noticias\/2026\/04\/08\/roteiro-por-miranda-do-douro-terra-doce-debrucada-sobre-o-rio\/#breadcrumb"},"inLanguage":"pt-PT","potentialAction":[{"@type":"ReadAction","target":["https:\/\/portaltela.pt\/noticias\/2026\/04\/08\/roteiro-por-miranda-do-douro-terra-doce-debrucada-sobre-o-rio\/"]}]},{"@type":"ImageObject","inLanguage":"pt-PT","@id":"https:\/\/portaltela.pt\/noticias\/2026\/04\/08\/roteiro-por-miranda-do-douro-terra-doce-debrucada-sobre-o-rio\/#primaryimage","url":"https:\/\/portaltela.pt\/s.01k8rhncp4jt1\/2026\/04\/image-484.jpg","contentUrl":"https:\/\/portaltela.pt\/s.01k8rhncp4jt1\/2026\/04\/image-484.jpg","width":796,"height":448,"caption":"Centro de Valoriza\u00e7\u00e3o do Burro de Miranda"},{"@type":"BreadcrumbList","@id":"https:\/\/portaltela.pt\/noticias\/2026\/04\/08\/roteiro-por-miranda-do-douro-terra-doce-debrucada-sobre-o-rio\/#breadcrumb","itemListElement":[{"@type":"ListItem","position":1,"name":"In\u00edcio","item":"https:\/\/portaltela.pt\/"},{"@type":"ListItem","position":2,"name":"Roteiro por Miranda do Douro: terra doce debru\u00e7ada sobre o rio"}]},{"@type":"WebSite","@id":"https:\/\/portaltela.pt\/#website","url":"https:\/\/portaltela.pt\/","name":"Portal Tela Portugal","description":"","potentialAction":[{"@type":"SearchAction","target":{"@type":"EntryPoint","urlTemplate":"https:\/\/portaltela.pt\/?s={search_term_string}"},"query-input":{"@type":"PropertyValueSpecification","valueRequired":true,"valueName":"search_term_string"}}],"inLanguage":"pt-PT"},{"@type":"Person","@id":"https:\/\/portaltela.pt\/#\/schema\/person\/c4278d4a6028830caff9ee44b42d32ed","name":"Telinha","image":{"@type":"ImageObject","inLanguage":"pt-PT","@id":"https:\/\/portaltela.pt\/s.01k8rhncp4jt1\/2025\/11\/talking-bot-125x125.png","url":"https:\/\/portaltela.pt\/s.01k8rhncp4jt1\/2025\/11\/talking-bot-125x125.png","contentUrl":"https:\/\/portaltela.pt\/s.01k8rhncp4jt1\/2025\/11\/talking-bot-125x125.png","caption":"Telinha"},"sameAs":["https:\/\/portaltela.pt\/"],"url":"https:\/\/portaltela.pt\/por\/367410592786\/"}]}},"_links":{"self":[{"href":"https:\/\/portaltela.pt\/api\/wp\/v2\/posts\/437628","targetHints":{"allow":["GET"]}}],"collection":[{"href":"https:\/\/portaltela.pt\/api\/wp\/v2\/posts"}],"about":[{"href":"https:\/\/portaltela.pt\/api\/wp\/v2\/types\/post"}],"author":[{"embeddable":true,"href":"https:\/\/portaltela.pt\/api\/wp\/v2\/users\/2"}],"replies":[{"embeddable":true,"href":"https:\/\/portaltela.pt\/api\/wp\/v2\/comments?post=437628"}],"version-history":[{"count":0,"href":"https:\/\/portaltela.pt\/api\/wp\/v2\/posts\/437628\/revisions"}],"wp:featuredmedia":[{"embeddable":true,"href":"https:\/\/portaltela.pt\/api\/wp\/v2\/media\/437630"}],"wp:attachment":[{"href":"https:\/\/portaltela.pt\/api\/wp\/v2\/media?parent=437628"}],"wp:term":[{"taxonomy":"category","embeddable":true,"href":"https:\/\/portaltela.pt\/api\/wp\/v2\/categories?post=437628"},{"taxonomy":"post_tag","embeddable":true,"href":"https:\/\/portaltela.pt\/api\/wp\/v2\/tags?post=437628"}],"curies":[{"name":"wp","href":"https:\/\/api.w.org\/{rel}","templated":true}]}}