{"id":437622,"date":"2026-04-09T06:02:31","date_gmt":"2026-04-09T09:02:31","guid":{"rendered":"https:\/\/portaltela.pt\/noticias\/2026\/04\/09\/caes-vadios-matam-ponei-em-carrazeda-de-ansiaes\/"},"modified":"2026-04-09T06:02:31","modified_gmt":"2026-04-09T09:02:31","slug":"caes-vadios-matam-ponei-em-carrazeda-de-ansiaes","status":"publish","type":"post","link":"https:\/\/portaltela.pt\/sociedade\/2026\/04\/09\/caes-vadios-matam-ponei-em-carrazeda-de-ansiaes\/","title":{"rendered":"C\u00e3es vadios matam p\u00f3nei em Carrazeda de Ansi\u00e3es"},"content":{"rendered":"<p>Um p\u00f3nei morreu e outro ficou ferido ap\u00f3s um ataque de c\u00e3es vadios em Luzelos, aldeia no concelho de Carrazeda de Ansi\u00e3es. O incidente ocorreu numa \u00e1rea pr\u00f3xima de uma propriedade com cerca de 48 hectares, onde estavam dois p\u00f3neis.<\/p>\n<p>Jorge Carvalho contou que os animais de estima\u00e7\u00e3o estavam num lameiro dentro da propriedade do irm\u00e3o quando foram atacados. Relata ter visto quatro c\u00e3es grandes, tr\u00eas deles a avan\u00e7ar para os animais, enquanto um atacava o p\u00f3nei maior.<\/p>\n<p>Ao ouvir os gritos, Jorge Carvalho lan\u00e7ou pedras e alertou-se para deter os c\u00e3es, que acabaram por recuar. O p\u00f3nei mais jovem ficou gravemente ferido e acabou por morrer no local; o mais velho conseguiu escapar com ferimentos e encontra-se est\u00e1vel.<\/p>\n<p>O propriet\u00e1rio comunicou o ataque \u00e0 Guarda Nacional Rep\u00fablica (GNR) e \u00e0 C\u00e2mara Municipal de Carrazeda de Ansi\u00e3es, solicitando medidas. A v\u00edtima \u00e9 o segundo p\u00f3nei a sofrer ataques de c\u00e3es vadios na regi\u00e3o.<\/p>\n<p>O morador lamenta a aus\u00eancia de resposta eficaz das autoridades, afirmando que o problema \u00e9 conhecido, sem resolu\u00e7\u00e3o pr\u00e1tica. Critica que as pr\u00e1ticas de den\u00fancia n\u00e3o levam a a\u00e7\u00f5es concretas, deixando os preju\u00edzos por conta dos afetados.<\/p>\n","protected":false},"excerpt":{"rendered":"<ul>\n<li>Em Luzelos, aldeia de Carrazeda de Ansi\u00e3es, um p\u00f3nei morreu e outro ficou ferido ap\u00f3s ataque de c\u00e3es vadios.<\/li>\n<li>O epis\u00f3dio ocorreu num lameiro numa propriedade de 48 hectares, perto daquela aldeia, onde se encontravam os animais.<\/li>\n<li>Jorge Carvalho contou que viu quatro c\u00e3es grandes a atacar o p\u00f3nei pequeno, e um dos c\u00e3es tamb\u00e9m ter\u00e1 atacado o p\u00f3nei mais velho, antes de os animais se afastarem.<\/li>\n<li>O p\u00f3nei menor ficou todo rasgado e perdeu a vida no local; o p\u00f3nei mais velho escapou com ferimentos e est\u00e1 bem.<\/li>\n<li>A den\u00fancia foi entregues \u00e0 Guarda Nacional Republicana e \u00e0 C\u00e2mara Municipal de Carrazeda de Ansi\u00e3es, com cr\u00edticas \u00e0 falta de resolu\u00e7\u00e3o do problema dos c\u00e3es vadios e aos preju\u00edzos para os produtores.<\/li>\n<\/ul>\n","protected":false},"author":2,"featured_media":437625,"comment_status":"closed","ping_status":"closed","sticky":false,"template":"","format":"standard","meta":{"footnotes":""},"categories":[6871],"tags":[7767,3091,4577,4182,7842,5869],"class_list":["post-437622","post","type-post","status-publish","format-standard","has-post-thumbnail","hentry","category-sociedade","tag-_meio-ambiente","tag-animais","tag-animais-de-companhia","tag-carrazeda-de-ansiaes","tag-luzelos","tag-maus-tratos"],"yoast_head":"<!-- This site is optimized with the Yoast SEO plugin v27.2 - https:\/\/yoast.com\/product\/yoast-seo-wordpress\/ -->\n<title>C\u00e3es vadios matam p\u00f3nei em Carrazeda de Ansi\u00e3es - Portal Tela Portugal<\/title>\n<meta name=\"robots\" content=\"index, follow, max-snippet:-1, max-image-preview:large, max-video-preview:-1\" \/>\n<meta property=\"og:locale\" content=\"pt_PT\" \/>\n<meta property=\"og:type\" content=\"article\" \/>\n<meta property=\"og:title\" content=\"C\u00e3es vadios matam p\u00f3nei em Carrazeda de Ansi\u00e3es - Portal Tela Portugal\" \/>\n<meta property=\"og:description\" content=\"Em Luzelos, aldeia de Carrazeda de Ansi\u00e3es, um p\u00f3nei morreu e outro ficou ferido ap\u00f3s ataque de c\u00e3es vadios. O epis\u00f3dio ocorreu num lameiro numa propriedade de 48 hectares, perto daquela aldeia, onde se encontravam os animais. Jorge Carvalho contou que viu quatro c\u00e3es grandes a atacar o p\u00f3nei pequeno, e um dos c\u00e3es tamb\u00e9m ter\u00e1 atacado o p\u00f3nei mais velho, antes de os animais se afastarem. O p\u00f3nei menor ficou todo rasgado e perdeu a vida no local; o p\u00f3nei mais velho escapou com ferimentos e est\u00e1 bem. A den\u00fancia foi entregues \u00e0 Guarda Nacional Republicana e \u00e0 C\u00e2mara Municipal de Carrazeda de Ansi\u00e3es, com cr\u00edticas \u00e0 falta de resolu\u00e7\u00e3o do problema dos c\u00e3es vadios e aos preju\u00edzos para os produtores.\" \/>\n<meta property=\"og:url\" content=\"https:\/\/portaltela.pt\/noticias\/2026\/04\/09\/caes-vadios-matam-ponei-em-carrazeda-de-ansiaes\/\" \/>\n<meta property=\"og:site_name\" content=\"Portal Tela Portugal\" \/>\n<meta property=\"article:published_time\" content=\"2026-04-09T09:02:31+00:00\" \/>\n<meta name=\"author\" content=\"Telinha\" \/>\n<meta name=\"twitter:card\" content=\"summary_large_image\" \/>\n<meta name=\"twitter:label1\" content=\"Escrito por\" \/>\n\t<meta name=\"twitter:data1\" content=\"Telinha\" \/>\n\t<meta name=\"twitter:label2\" content=\"Tempo estimado de leitura\" \/>\n\t<meta name=\"twitter:data2\" content=\"1 minuto\" \/>\n<script type=\"application\/ld+json\" class=\"yoast-schema-graph\">{\"@context\":\"https:\/\/schema.org\",\"@graph\":[{\"@type\":\"Article\",\"@id\":\"https:\/\/portaltela.pt\/noticias\/2026\/04\/09\/caes-vadios-matam-ponei-em-carrazeda-de-ansiaes\/#article\",\"isPartOf\":{\"@id\":\"https:\/\/portaltela.pt\/noticias\/2026\/04\/09\/caes-vadios-matam-ponei-em-carrazeda-de-ansiaes\/\"},\"author\":{\"name\":\"Telinha\",\"@id\":\"https:\/\/portaltela.pt\/#\/schema\/person\/c4278d4a6028830caff9ee44b42d32ed\"},\"headline\":\"C\u00e3es vadios matam p\u00f3nei em Carrazeda de Ansi\u00e3es\",\"datePublished\":\"2026-04-09T09:02:31+00:00\",\"mainEntityOfPage\":{\"@id\":\"https:\/\/portaltela.pt\/noticias\/2026\/04\/09\/caes-vadios-matam-ponei-em-carrazeda-de-ansiaes\/\"},\"wordCount\":228,\"image\":{\"@id\":\"https:\/\/portaltela.pt\/noticias\/2026\/04\/09\/caes-vadios-matam-ponei-em-carrazeda-de-ansiaes\/#primaryimage\"},\"thumbnailUrl\":\"https:\/\/portaltela.pt\/s.01k8rhncp4jt1\/2026\/04\/image-483.jpg\",\"keywords\":[\"_meio-ambiente\",\"animais\",\"animais de companhia\",\"Carrazeda de Ansi\u00e3es\",\"Luzelos\",\"maus-tratos\"],\"articleSection\":[\"Sociedade\"],\"inLanguage\":\"pt-PT\"},{\"@type\":\"WebPage\",\"@id\":\"https:\/\/portaltela.pt\/noticias\/2026\/04\/09\/caes-vadios-matam-ponei-em-carrazeda-de-ansiaes\/\",\"url\":\"https:\/\/portaltela.pt\/noticias\/2026\/04\/09\/caes-vadios-matam-ponei-em-carrazeda-de-ansiaes\/\",\"name\":\"C\u00e3es vadios matam p\u00f3nei em Carrazeda de Ansi\u00e3es - Portal Tela Portugal\",\"isPartOf\":{\"@id\":\"https:\/\/portaltela.pt\/#website\"},\"primaryImageOfPage\":{\"@id\":\"https:\/\/portaltela.pt\/noticias\/2026\/04\/09\/caes-vadios-matam-ponei-em-carrazeda-de-ansiaes\/#primaryimage\"},\"image\":{\"@id\":\"https:\/\/portaltela.pt\/noticias\/2026\/04\/09\/caes-vadios-matam-ponei-em-carrazeda-de-ansiaes\/#primaryimage\"},\"thumbnailUrl\":\"https:\/\/portaltela.pt\/s.01k8rhncp4jt1\/2026\/04\/image-483.jpg\",\"datePublished\":\"2026-04-09T09:02:31+00:00\",\"author\":{\"@id\":\"https:\/\/portaltela.pt\/#\/schema\/person\/c4278d4a6028830caff9ee44b42d32ed\"},\"breadcrumb\":{\"@id\":\"https:\/\/portaltela.pt\/noticias\/2026\/04\/09\/caes-vadios-matam-ponei-em-carrazeda-de-ansiaes\/#breadcrumb\"},\"inLanguage\":\"pt-PT\",\"potentialAction\":[{\"@type\":\"ReadAction\",\"target\":[\"https:\/\/portaltela.pt\/noticias\/2026\/04\/09\/caes-vadios-matam-ponei-em-carrazeda-de-ansiaes\/\"]}]},{\"@type\":\"ImageObject\",\"inLanguage\":\"pt-PT\",\"@id\":\"https:\/\/portaltela.pt\/noticias\/2026\/04\/09\/caes-vadios-matam-ponei-em-carrazeda-de-ansiaes\/#primaryimage\",\"url\":\"https:\/\/portaltela.pt\/s.01k8rhncp4jt1\/2026\/04\/image-483.jpg\",\"contentUrl\":\"https:\/\/portaltela.pt\/s.01k8rhncp4jt1\/2026\/04\/image-483.jpg\",\"width\":796,\"height\":448,\"caption\":\"P\u00f3nei atacado pro c\u00e3es vadios morreu\"},{\"@type\":\"BreadcrumbList\",\"@id\":\"https:\/\/portaltela.pt\/noticias\/2026\/04\/09\/caes-vadios-matam-ponei-em-carrazeda-de-ansiaes\/#breadcrumb\",\"itemListElement\":[{\"@type\":\"ListItem\",\"position\":1,\"name\":\"In\u00edcio\",\"item\":\"https:\/\/portaltela.pt\/\"},{\"@type\":\"ListItem\",\"position\":2,\"name\":\"C\u00e3es vadios matam p\u00f3nei em Carrazeda de Ansi\u00e3es\"}]},{\"@type\":\"WebSite\",\"@id\":\"https:\/\/portaltela.pt\/#website\",\"url\":\"https:\/\/portaltela.pt\/\",\"name\":\"Portal Tela Portugal\",\"description\":\"\",\"potentialAction\":[{\"@type\":\"SearchAction\",\"target\":{\"@type\":\"EntryPoint\",\"urlTemplate\":\"https:\/\/portaltela.pt\/?s={search_term_string}\"},\"query-input\":{\"@type\":\"PropertyValueSpecification\",\"valueRequired\":true,\"valueName\":\"search_term_string\"}}],\"inLanguage\":\"pt-PT\"},{\"@type\":\"Person\",\"@id\":\"https:\/\/portaltela.pt\/#\/schema\/person\/c4278d4a6028830caff9ee44b42d32ed\",\"name\":\"Telinha\",\"image\":{\"@type\":\"ImageObject\",\"inLanguage\":\"pt-PT\",\"@id\":\"https:\/\/portaltela.pt\/s.01k8rhncp4jt1\/2025\/11\/talking-bot-125x125.png\",\"url\":\"https:\/\/portaltela.pt\/s.01k8rhncp4jt1\/2025\/11\/talking-bot-125x125.png\",\"contentUrl\":\"https:\/\/portaltela.pt\/s.01k8rhncp4jt1\/2025\/11\/talking-bot-125x125.png\",\"caption\":\"Telinha\"},\"sameAs\":[\"https:\/\/portaltela.pt\/\"],\"url\":\"https:\/\/portaltela.pt\/por\/367410592786\/\"}]}<\/script>\n<!-- \/ Yoast SEO plugin. -->","yoast_head_json":{"title":"C\u00e3es vadios matam p\u00f3nei em Carrazeda de Ansi\u00e3es - Portal Tela Portugal","robots":{"index":"index","follow":"follow","max-snippet":"max-snippet:-1","max-image-preview":"max-image-preview:large","max-video-preview":"max-video-preview:-1"},"og_locale":"pt_PT","og_type":"article","og_title":"C\u00e3es vadios matam p\u00f3nei em Carrazeda de Ansi\u00e3es - Portal Tela Portugal","og_description":"Em Luzelos, aldeia de Carrazeda de Ansi\u00e3es, um p\u00f3nei morreu e outro ficou ferido ap\u00f3s ataque de c\u00e3es vadios. O epis\u00f3dio ocorreu num lameiro numa propriedade de 48 hectares, perto daquela aldeia, onde se encontravam os animais. Jorge Carvalho contou que viu quatro c\u00e3es grandes a atacar o p\u00f3nei pequeno, e um dos c\u00e3es tamb\u00e9m ter\u00e1 atacado o p\u00f3nei mais velho, antes de os animais se afastarem. O p\u00f3nei menor ficou todo rasgado e perdeu a vida no local; o p\u00f3nei mais velho escapou com ferimentos e est\u00e1 bem. A den\u00fancia foi entregues \u00e0 Guarda Nacional Republicana e \u00e0 C\u00e2mara Municipal de Carrazeda de Ansi\u00e3es, com cr\u00edticas \u00e0 falta de resolu\u00e7\u00e3o do problema dos c\u00e3es vadios e aos preju\u00edzos para os produtores.","og_url":"https:\/\/portaltela.pt\/noticias\/2026\/04\/09\/caes-vadios-matam-ponei-em-carrazeda-de-ansiaes\/","og_site_name":"Portal Tela Portugal","article_published_time":"2026-04-09T09:02:31+00:00","author":"Telinha","twitter_card":"summary_large_image","twitter_misc":{"Escrito por":"Telinha","Tempo estimado de leitura":"1 minuto"},"schema":{"@context":"https:\/\/schema.org","@graph":[{"@type":"Article","@id":"https:\/\/portaltela.pt\/noticias\/2026\/04\/09\/caes-vadios-matam-ponei-em-carrazeda-de-ansiaes\/#article","isPartOf":{"@id":"https:\/\/portaltela.pt\/noticias\/2026\/04\/09\/caes-vadios-matam-ponei-em-carrazeda-de-ansiaes\/"},"author":{"name":"Telinha","@id":"https:\/\/portaltela.pt\/#\/schema\/person\/c4278d4a6028830caff9ee44b42d32ed"},"headline":"C\u00e3es vadios matam p\u00f3nei em Carrazeda de Ansi\u00e3es","datePublished":"2026-04-09T09:02:31+00:00","mainEntityOfPage":{"@id":"https:\/\/portaltela.pt\/noticias\/2026\/04\/09\/caes-vadios-matam-ponei-em-carrazeda-de-ansiaes\/"},"wordCount":228,"image":{"@id":"https:\/\/portaltela.pt\/noticias\/2026\/04\/09\/caes-vadios-matam-ponei-em-carrazeda-de-ansiaes\/#primaryimage"},"thumbnailUrl":"https:\/\/portaltela.pt\/s.01k8rhncp4jt1\/2026\/04\/image-483.jpg","keywords":["_meio-ambiente","animais","animais de companhia","Carrazeda de Ansi\u00e3es","Luzelos","maus-tratos"],"articleSection":["Sociedade"],"inLanguage":"pt-PT"},{"@type":"WebPage","@id":"https:\/\/portaltela.pt\/noticias\/2026\/04\/09\/caes-vadios-matam-ponei-em-carrazeda-de-ansiaes\/","url":"https:\/\/portaltela.pt\/noticias\/2026\/04\/09\/caes-vadios-matam-ponei-em-carrazeda-de-ansiaes\/","name":"C\u00e3es vadios matam p\u00f3nei em Carrazeda de Ansi\u00e3es - Portal Tela Portugal","isPartOf":{"@id":"https:\/\/portaltela.pt\/#website"},"primaryImageOfPage":{"@id":"https:\/\/portaltela.pt\/noticias\/2026\/04\/09\/caes-vadios-matam-ponei-em-carrazeda-de-ansiaes\/#primaryimage"},"image":{"@id":"https:\/\/portaltela.pt\/noticias\/2026\/04\/09\/caes-vadios-matam-ponei-em-carrazeda-de-ansiaes\/#primaryimage"},"thumbnailUrl":"https:\/\/portaltela.pt\/s.01k8rhncp4jt1\/2026\/04\/image-483.jpg","datePublished":"2026-04-09T09:02:31+00:00","author":{"@id":"https:\/\/portaltela.pt\/#\/schema\/person\/c4278d4a6028830caff9ee44b42d32ed"},"breadcrumb":{"@id":"https:\/\/portaltela.pt\/noticias\/2026\/04\/09\/caes-vadios-matam-ponei-em-carrazeda-de-ansiaes\/#breadcrumb"},"inLanguage":"pt-PT","potentialAction":[{"@type":"ReadAction","target":["https:\/\/portaltela.pt\/noticias\/2026\/04\/09\/caes-vadios-matam-ponei-em-carrazeda-de-ansiaes\/"]}]},{"@type":"ImageObject","inLanguage":"pt-PT","@id":"https:\/\/portaltela.pt\/noticias\/2026\/04\/09\/caes-vadios-matam-ponei-em-carrazeda-de-ansiaes\/#primaryimage","url":"https:\/\/portaltela.pt\/s.01k8rhncp4jt1\/2026\/04\/image-483.jpg","contentUrl":"https:\/\/portaltela.pt\/s.01k8rhncp4jt1\/2026\/04\/image-483.jpg","width":796,"height":448,"caption":"P\u00f3nei atacado pro c\u00e3es vadios morreu"},{"@type":"BreadcrumbList","@id":"https:\/\/portaltela.pt\/noticias\/2026\/04\/09\/caes-vadios-matam-ponei-em-carrazeda-de-ansiaes\/#breadcrumb","itemListElement":[{"@type":"ListItem","position":1,"name":"In\u00edcio","item":"https:\/\/portaltela.pt\/"},{"@type":"ListItem","position":2,"name":"C\u00e3es vadios matam p\u00f3nei em Carrazeda de Ansi\u00e3es"}]},{"@type":"WebSite","@id":"https:\/\/portaltela.pt\/#website","url":"https:\/\/portaltela.pt\/","name":"Portal Tela Portugal","description":"","potentialAction":[{"@type":"SearchAction","target":{"@type":"EntryPoint","urlTemplate":"https:\/\/portaltela.pt\/?s={search_term_string}"},"query-input":{"@type":"PropertyValueSpecification","valueRequired":true,"valueName":"search_term_string"}}],"inLanguage":"pt-PT"},{"@type":"Person","@id":"https:\/\/portaltela.pt\/#\/schema\/person\/c4278d4a6028830caff9ee44b42d32ed","name":"Telinha","image":{"@type":"ImageObject","inLanguage":"pt-PT","@id":"https:\/\/portaltela.pt\/s.01k8rhncp4jt1\/2025\/11\/talking-bot-125x125.png","url":"https:\/\/portaltela.pt\/s.01k8rhncp4jt1\/2025\/11\/talking-bot-125x125.png","contentUrl":"https:\/\/portaltela.pt\/s.01k8rhncp4jt1\/2025\/11\/talking-bot-125x125.png","caption":"Telinha"},"sameAs":["https:\/\/portaltela.pt\/"],"url":"https:\/\/portaltela.pt\/por\/367410592786\/"}]}},"_links":{"self":[{"href":"https:\/\/portaltela.pt\/api\/wp\/v2\/posts\/437622","targetHints":{"allow":["GET"]}}],"collection":[{"href":"https:\/\/portaltela.pt\/api\/wp\/v2\/posts"}],"about":[{"href":"https:\/\/portaltela.pt\/api\/wp\/v2\/types\/post"}],"author":[{"embeddable":true,"href":"https:\/\/portaltela.pt\/api\/wp\/v2\/users\/2"}],"replies":[{"embeddable":true,"href":"https:\/\/portaltela.pt\/api\/wp\/v2\/comments?post=437622"}],"version-history":[{"count":0,"href":"https:\/\/portaltela.pt\/api\/wp\/v2\/posts\/437622\/revisions"}],"wp:featuredmedia":[{"embeddable":true,"href":"https:\/\/portaltela.pt\/api\/wp\/v2\/media\/437625"}],"wp:attachment":[{"href":"https:\/\/portaltela.pt\/api\/wp\/v2\/media?parent=437622"}],"wp:term":[{"taxonomy":"category","embeddable":true,"href":"https:\/\/portaltela.pt\/api\/wp\/v2\/categories?post=437622"},{"taxonomy":"post_tag","embeddable":true,"href":"https:\/\/portaltela.pt\/api\/wp\/v2\/tags?post=437622"}],"curies":[{"name":"wp","href":"https:\/\/api.w.org\/{rel}","templated":true}]}}