{"id":437609,"date":"2026-04-09T05:47:31","date_gmt":"2026-04-09T08:47:31","guid":{"rendered":"https:\/\/portaltela.pt\/noticias\/2026\/04\/09\/amorim-segura-mourinho-sporting-com-dupla-em-risco-e-porto-entra-em-acao\/"},"modified":"2026-04-09T05:47:31","modified_gmt":"2026-04-09T08:47:31","slug":"amorim-segura-mourinho-sporting-com-dupla-em-risco-e-porto-entra-em-acao","status":"publish","type":"post","link":"https:\/\/portaltela.pt\/desporto\/futebol\/2026\/04\/09\/amorim-segura-mourinho-sporting-com-dupla-em-risco-e-porto-entra-em-acao\/","title":{"rendered":"Amorim segura Mourinho; Sporting com dupla em risco e Porto entra em a\u00e7\u00e3o"},"content":{"rendered":"<p>O 10 Minutos Record analisa hoje a atualidade desportiva, com foco em tr\u00eas temas centrais. O texto aborda a influ\u00eancia de Amorim sobre Mourinho e as implica\u00e7\u00f5es para as escolhas no plantel, sem fazer ju\u00edzos de valor.<\/p>\n<p>No Sporting, surge a not\u00edcia de uma dupla em risco, o que pode afetar a rota\u00e7\u00e3o de jogadores e a estrat\u00e9gia para pr\u00f3ximos jogos. A abordagem mira entender as consequ\u00eancias para o onze titular e para a prepara\u00e7\u00e3o da equipa.<\/p>\n<p>No FC Porto, a equipa entra em a\u00e7\u00e3o com movimentos estrat\u00e9gicos j\u00e1 delineados, que poder\u00e3o influenciar o desempenho a curto prazo. A an\u00e1lise promete esclarecer o que est\u00e1 em jogo para o clube neste momento.<\/p>\n<h3>An\u00e1lise aos temas que marcam a atualidade desportiva esta quinta-feira<\/h3>\n<p>O texto, assinado pelo jornalista Pedro Gon\u00e7alo Pinto, coloca cada tema no contexto vigente, explorando impactos cl\u00ednicos, t\u00e9cnicos e institucionais. Analisa ainda poss\u00edveis cen\u00e1rios futuros com base nas informa\u00e7\u00f5es dispon\u00edveis.<\/p>\n","protected":false},"excerpt":{"rendered":"<ul>\n<li>Amorim &#8220;segura&#8221; Mourinho.<\/li>\n<li>Sporting com dupla em risco.<\/li>\n<li>FC Porto entra em a\u00e7\u00e3o.<\/li>\n<li>An\u00e1lise aos temas que marcam a atualidade desportiva nesta quinta-feira, por Pedro Gon\u00e7alo Pinto.<\/li>\n<\/ul>\n","protected":false},"author":2,"featured_media":437613,"comment_status":"closed","ping_status":"closed","sticky":false,"template":"","format":"standard","meta":{"footnotes":""},"categories":[21,24],"tags":[4143,2868,32,3310,982,1652],"class_list":["post-437609","post","type-post","status-publish","format-standard","has-post-thumbnail","hentry","category-desporto","category-futebol","tag-1-liga","tag-amorim","tag-futebol","tag-mourinho","tag-porto","tag-sporting"],"yoast_head":"<!-- This site is optimized with the Yoast SEO plugin v27.2 - https:\/\/yoast.com\/product\/yoast-seo-wordpress\/ -->\n<title>Amorim segura Mourinho; Sporting com dupla em risco e Porto entra em a\u00e7\u00e3o - Portal Tela Portugal<\/title>\n<meta name=\"robots\" content=\"index, follow, max-snippet:-1, max-image-preview:large, max-video-preview:-1\" \/>\n<meta property=\"og:locale\" content=\"pt_PT\" \/>\n<meta property=\"og:type\" content=\"article\" \/>\n<meta property=\"og:title\" content=\"Amorim segura Mourinho; Sporting com dupla em risco e Porto entra em a\u00e7\u00e3o - Portal Tela Portugal\" \/>\n<meta property=\"og:description\" content=\"Amorim &quot;segura&quot; Mourinho. Sporting com dupla em risco. FC Porto entra em a\u00e7\u00e3o. An\u00e1lise aos temas que marcam a atualidade desportiva nesta quinta-feira, por Pedro Gon\u00e7alo Pinto.\" \/>\n<meta property=\"og:url\" content=\"https:\/\/portaltela.pt\/noticias\/2026\/04\/09\/amorim-segura-mourinho-sporting-com-dupla-em-risco-e-porto-entra-em-acao\/\" \/>\n<meta property=\"og:site_name\" content=\"Portal Tela Portugal\" \/>\n<meta property=\"article:published_time\" content=\"2026-04-09T08:47:31+00:00\" \/>\n<meta name=\"author\" content=\"Telinha\" \/>\n<meta name=\"twitter:card\" content=\"summary_large_image\" \/>\n<meta name=\"twitter:label1\" content=\"Escrito por\" \/>\n\t<meta name=\"twitter:data1\" content=\"Telinha\" \/>\n\t<meta name=\"twitter:label2\" content=\"Tempo estimado de leitura\" \/>\n\t<meta name=\"twitter:data2\" content=\"1 minuto\" \/>\n<script type=\"application\/ld+json\" class=\"yoast-schema-graph\">{\"@context\":\"https:\/\/schema.org\",\"@graph\":[{\"@type\":\"Article\",\"@id\":\"https:\/\/portaltela.pt\/noticias\/2026\/04\/09\/amorim-segura-mourinho-sporting-com-dupla-em-risco-e-porto-entra-em-acao\/#article\",\"isPartOf\":{\"@id\":\"https:\/\/portaltela.pt\/noticias\/2026\/04\/09\/amorim-segura-mourinho-sporting-com-dupla-em-risco-e-porto-entra-em-acao\/\"},\"author\":{\"name\":\"Telinha\",\"@id\":\"https:\/\/portaltela.pt\/#\/schema\/person\/c4278d4a6028830caff9ee44b42d32ed\"},\"headline\":\"Amorim segura Mourinho; Sporting com dupla em risco e Porto entra em a\u00e7\u00e3o\",\"datePublished\":\"2026-04-09T08:47:31+00:00\",\"mainEntityOfPage\":{\"@id\":\"https:\/\/portaltela.pt\/noticias\/2026\/04\/09\/amorim-segura-mourinho-sporting-com-dupla-em-risco-e-porto-entra-em-acao\/\"},\"wordCount\":187,\"image\":{\"@id\":\"https:\/\/portaltela.pt\/noticias\/2026\/04\/09\/amorim-segura-mourinho-sporting-com-dupla-em-risco-e-porto-entra-em-acao\/#primaryimage\"},\"thumbnailUrl\":\"https:\/\/portaltela.pt\/s.01k8rhncp4jt1\/2026\/04\/img_1200x721uu2026-04-09-09-38-44-2431944.jpg\",\"keywords\":[\"1. Liga\",\"Amorim\",\"futebol\",\"Mourinho\",\"Porto\",\"Sporting\"],\"articleSection\":[\"Desporto\",\"Futebol\"],\"inLanguage\":\"pt-PT\"},{\"@type\":\"WebPage\",\"@id\":\"https:\/\/portaltela.pt\/noticias\/2026\/04\/09\/amorim-segura-mourinho-sporting-com-dupla-em-risco-e-porto-entra-em-acao\/\",\"url\":\"https:\/\/portaltela.pt\/noticias\/2026\/04\/09\/amorim-segura-mourinho-sporting-com-dupla-em-risco-e-porto-entra-em-acao\/\",\"name\":\"Amorim segura Mourinho; Sporting com dupla em risco e Porto entra em a\u00e7\u00e3o - Portal Tela Portugal\",\"isPartOf\":{\"@id\":\"https:\/\/portaltela.pt\/#website\"},\"primaryImageOfPage\":{\"@id\":\"https:\/\/portaltela.pt\/noticias\/2026\/04\/09\/amorim-segura-mourinho-sporting-com-dupla-em-risco-e-porto-entra-em-acao\/#primaryimage\"},\"image\":{\"@id\":\"https:\/\/portaltela.pt\/noticias\/2026\/04\/09\/amorim-segura-mourinho-sporting-com-dupla-em-risco-e-porto-entra-em-acao\/#primaryimage\"},\"thumbnailUrl\":\"https:\/\/portaltela.pt\/s.01k8rhncp4jt1\/2026\/04\/img_1200x721uu2026-04-09-09-38-44-2431944.jpg\",\"datePublished\":\"2026-04-09T08:47:31+00:00\",\"author\":{\"@id\":\"https:\/\/portaltela.pt\/#\/schema\/person\/c4278d4a6028830caff9ee44b42d32ed\"},\"breadcrumb\":{\"@id\":\"https:\/\/portaltela.pt\/noticias\/2026\/04\/09\/amorim-segura-mourinho-sporting-com-dupla-em-risco-e-porto-entra-em-acao\/#breadcrumb\"},\"inLanguage\":\"pt-PT\",\"potentialAction\":[{\"@type\":\"ReadAction\",\"target\":[\"https:\/\/portaltela.pt\/noticias\/2026\/04\/09\/amorim-segura-mourinho-sporting-com-dupla-em-risco-e-porto-entra-em-acao\/\"]}]},{\"@type\":\"ImageObject\",\"inLanguage\":\"pt-PT\",\"@id\":\"https:\/\/portaltela.pt\/noticias\/2026\/04\/09\/amorim-segura-mourinho-sporting-com-dupla-em-risco-e-porto-entra-em-acao\/#primaryimage\",\"url\":\"https:\/\/portaltela.pt\/s.01k8rhncp4jt1\/2026\/04\/img_1200x721uu2026-04-09-09-38-44-2431944.jpg\",\"contentUrl\":\"https:\/\/portaltela.pt\/s.01k8rhncp4jt1\/2026\/04\/img_1200x721uu2026-04-09-09-38-44-2431944.jpg\",\"width\":796,\"height\":448,\"caption\":\"An\u00e1lise aos temas que marcam a atualidade desportiva esta quinta-feira\"},{\"@type\":\"BreadcrumbList\",\"@id\":\"https:\/\/portaltela.pt\/noticias\/2026\/04\/09\/amorim-segura-mourinho-sporting-com-dupla-em-risco-e-porto-entra-em-acao\/#breadcrumb\",\"itemListElement\":[{\"@type\":\"ListItem\",\"position\":1,\"name\":\"In\u00edcio\",\"item\":\"https:\/\/portaltela.pt\/\"},{\"@type\":\"ListItem\",\"position\":2,\"name\":\"Amorim segura Mourinho; Sporting com dupla em risco e Porto entra em a\u00e7\u00e3o\"}]},{\"@type\":\"WebSite\",\"@id\":\"https:\/\/portaltela.pt\/#website\",\"url\":\"https:\/\/portaltela.pt\/\",\"name\":\"Portal Tela Portugal\",\"description\":\"\",\"potentialAction\":[{\"@type\":\"SearchAction\",\"target\":{\"@type\":\"EntryPoint\",\"urlTemplate\":\"https:\/\/portaltela.pt\/?s={search_term_string}\"},\"query-input\":{\"@type\":\"PropertyValueSpecification\",\"valueRequired\":true,\"valueName\":\"search_term_string\"}}],\"inLanguage\":\"pt-PT\"},{\"@type\":\"Person\",\"@id\":\"https:\/\/portaltela.pt\/#\/schema\/person\/c4278d4a6028830caff9ee44b42d32ed\",\"name\":\"Telinha\",\"image\":{\"@type\":\"ImageObject\",\"inLanguage\":\"pt-PT\",\"@id\":\"https:\/\/portaltela.pt\/s.01k8rhncp4jt1\/2025\/11\/talking-bot-125x125.png\",\"url\":\"https:\/\/portaltela.pt\/s.01k8rhncp4jt1\/2025\/11\/talking-bot-125x125.png\",\"contentUrl\":\"https:\/\/portaltela.pt\/s.01k8rhncp4jt1\/2025\/11\/talking-bot-125x125.png\",\"caption\":\"Telinha\"},\"sameAs\":[\"https:\/\/portaltela.pt\/\"],\"url\":\"https:\/\/portaltela.pt\/por\/367410592786\/\"}]}<\/script>\n<!-- \/ Yoast SEO plugin. -->","yoast_head_json":{"title":"Amorim segura Mourinho; Sporting com dupla em risco e Porto entra em a\u00e7\u00e3o - Portal Tela Portugal","robots":{"index":"index","follow":"follow","max-snippet":"max-snippet:-1","max-image-preview":"max-image-preview:large","max-video-preview":"max-video-preview:-1"},"og_locale":"pt_PT","og_type":"article","og_title":"Amorim segura Mourinho; Sporting com dupla em risco e Porto entra em a\u00e7\u00e3o - Portal Tela Portugal","og_description":"Amorim \"segura\" Mourinho. Sporting com dupla em risco. FC Porto entra em a\u00e7\u00e3o. An\u00e1lise aos temas que marcam a atualidade desportiva nesta quinta-feira, por Pedro Gon\u00e7alo Pinto.","og_url":"https:\/\/portaltela.pt\/noticias\/2026\/04\/09\/amorim-segura-mourinho-sporting-com-dupla-em-risco-e-porto-entra-em-acao\/","og_site_name":"Portal Tela Portugal","article_published_time":"2026-04-09T08:47:31+00:00","author":"Telinha","twitter_card":"summary_large_image","twitter_misc":{"Escrito por":"Telinha","Tempo estimado de leitura":"1 minuto"},"schema":{"@context":"https:\/\/schema.org","@graph":[{"@type":"Article","@id":"https:\/\/portaltela.pt\/noticias\/2026\/04\/09\/amorim-segura-mourinho-sporting-com-dupla-em-risco-e-porto-entra-em-acao\/#article","isPartOf":{"@id":"https:\/\/portaltela.pt\/noticias\/2026\/04\/09\/amorim-segura-mourinho-sporting-com-dupla-em-risco-e-porto-entra-em-acao\/"},"author":{"name":"Telinha","@id":"https:\/\/portaltela.pt\/#\/schema\/person\/c4278d4a6028830caff9ee44b42d32ed"},"headline":"Amorim segura Mourinho; Sporting com dupla em risco e Porto entra em a\u00e7\u00e3o","datePublished":"2026-04-09T08:47:31+00:00","mainEntityOfPage":{"@id":"https:\/\/portaltela.pt\/noticias\/2026\/04\/09\/amorim-segura-mourinho-sporting-com-dupla-em-risco-e-porto-entra-em-acao\/"},"wordCount":187,"image":{"@id":"https:\/\/portaltela.pt\/noticias\/2026\/04\/09\/amorim-segura-mourinho-sporting-com-dupla-em-risco-e-porto-entra-em-acao\/#primaryimage"},"thumbnailUrl":"https:\/\/portaltela.pt\/s.01k8rhncp4jt1\/2026\/04\/img_1200x721uu2026-04-09-09-38-44-2431944.jpg","keywords":["1. Liga","Amorim","futebol","Mourinho","Porto","Sporting"],"articleSection":["Desporto","Futebol"],"inLanguage":"pt-PT"},{"@type":"WebPage","@id":"https:\/\/portaltela.pt\/noticias\/2026\/04\/09\/amorim-segura-mourinho-sporting-com-dupla-em-risco-e-porto-entra-em-acao\/","url":"https:\/\/portaltela.pt\/noticias\/2026\/04\/09\/amorim-segura-mourinho-sporting-com-dupla-em-risco-e-porto-entra-em-acao\/","name":"Amorim segura Mourinho; Sporting com dupla em risco e Porto entra em a\u00e7\u00e3o - Portal Tela Portugal","isPartOf":{"@id":"https:\/\/portaltela.pt\/#website"},"primaryImageOfPage":{"@id":"https:\/\/portaltela.pt\/noticias\/2026\/04\/09\/amorim-segura-mourinho-sporting-com-dupla-em-risco-e-porto-entra-em-acao\/#primaryimage"},"image":{"@id":"https:\/\/portaltela.pt\/noticias\/2026\/04\/09\/amorim-segura-mourinho-sporting-com-dupla-em-risco-e-porto-entra-em-acao\/#primaryimage"},"thumbnailUrl":"https:\/\/portaltela.pt\/s.01k8rhncp4jt1\/2026\/04\/img_1200x721uu2026-04-09-09-38-44-2431944.jpg","datePublished":"2026-04-09T08:47:31+00:00","author":{"@id":"https:\/\/portaltela.pt\/#\/schema\/person\/c4278d4a6028830caff9ee44b42d32ed"},"breadcrumb":{"@id":"https:\/\/portaltela.pt\/noticias\/2026\/04\/09\/amorim-segura-mourinho-sporting-com-dupla-em-risco-e-porto-entra-em-acao\/#breadcrumb"},"inLanguage":"pt-PT","potentialAction":[{"@type":"ReadAction","target":["https:\/\/portaltela.pt\/noticias\/2026\/04\/09\/amorim-segura-mourinho-sporting-com-dupla-em-risco-e-porto-entra-em-acao\/"]}]},{"@type":"ImageObject","inLanguage":"pt-PT","@id":"https:\/\/portaltela.pt\/noticias\/2026\/04\/09\/amorim-segura-mourinho-sporting-com-dupla-em-risco-e-porto-entra-em-acao\/#primaryimage","url":"https:\/\/portaltela.pt\/s.01k8rhncp4jt1\/2026\/04\/img_1200x721uu2026-04-09-09-38-44-2431944.jpg","contentUrl":"https:\/\/portaltela.pt\/s.01k8rhncp4jt1\/2026\/04\/img_1200x721uu2026-04-09-09-38-44-2431944.jpg","width":796,"height":448,"caption":"An\u00e1lise aos temas que marcam a atualidade desportiva esta quinta-feira"},{"@type":"BreadcrumbList","@id":"https:\/\/portaltela.pt\/noticias\/2026\/04\/09\/amorim-segura-mourinho-sporting-com-dupla-em-risco-e-porto-entra-em-acao\/#breadcrumb","itemListElement":[{"@type":"ListItem","position":1,"name":"In\u00edcio","item":"https:\/\/portaltela.pt\/"},{"@type":"ListItem","position":2,"name":"Amorim segura Mourinho; Sporting com dupla em risco e Porto entra em a\u00e7\u00e3o"}]},{"@type":"WebSite","@id":"https:\/\/portaltela.pt\/#website","url":"https:\/\/portaltela.pt\/","name":"Portal Tela Portugal","description":"","potentialAction":[{"@type":"SearchAction","target":{"@type":"EntryPoint","urlTemplate":"https:\/\/portaltela.pt\/?s={search_term_string}"},"query-input":{"@type":"PropertyValueSpecification","valueRequired":true,"valueName":"search_term_string"}}],"inLanguage":"pt-PT"},{"@type":"Person","@id":"https:\/\/portaltela.pt\/#\/schema\/person\/c4278d4a6028830caff9ee44b42d32ed","name":"Telinha","image":{"@type":"ImageObject","inLanguage":"pt-PT","@id":"https:\/\/portaltela.pt\/s.01k8rhncp4jt1\/2025\/11\/talking-bot-125x125.png","url":"https:\/\/portaltela.pt\/s.01k8rhncp4jt1\/2025\/11\/talking-bot-125x125.png","contentUrl":"https:\/\/portaltela.pt\/s.01k8rhncp4jt1\/2025\/11\/talking-bot-125x125.png","caption":"Telinha"},"sameAs":["https:\/\/portaltela.pt\/"],"url":"https:\/\/portaltela.pt\/por\/367410592786\/"}]}},"_links":{"self":[{"href":"https:\/\/portaltela.pt\/api\/wp\/v2\/posts\/437609","targetHints":{"allow":["GET"]}}],"collection":[{"href":"https:\/\/portaltela.pt\/api\/wp\/v2\/posts"}],"about":[{"href":"https:\/\/portaltela.pt\/api\/wp\/v2\/types\/post"}],"author":[{"embeddable":true,"href":"https:\/\/portaltela.pt\/api\/wp\/v2\/users\/2"}],"replies":[{"embeddable":true,"href":"https:\/\/portaltela.pt\/api\/wp\/v2\/comments?post=437609"}],"version-history":[{"count":0,"href":"https:\/\/portaltela.pt\/api\/wp\/v2\/posts\/437609\/revisions"}],"wp:featuredmedia":[{"embeddable":true,"href":"https:\/\/portaltela.pt\/api\/wp\/v2\/media\/437613"}],"wp:attachment":[{"href":"https:\/\/portaltela.pt\/api\/wp\/v2\/media?parent=437609"}],"wp:term":[{"taxonomy":"category","embeddable":true,"href":"https:\/\/portaltela.pt\/api\/wp\/v2\/categories?post=437609"},{"taxonomy":"post_tag","embeddable":true,"href":"https:\/\/portaltela.pt\/api\/wp\/v2\/tags?post=437609"}],"curies":[{"name":"wp","href":"https:\/\/api.w.org\/{rel}","templated":true}]}}