{"id":437607,"date":"2026-04-09T05:47:30","date_gmt":"2026-04-09T08:47:30","guid":{"rendered":"https:\/\/portaltela.pt\/noticias\/2026\/04\/09\/nao-devia-ter-de-escolher-qual-dos-filhos-salvar-primeiro\/"},"modified":"2026-04-09T05:47:30","modified_gmt":"2026-04-09T08:47:30","slug":"nao-devia-ter-de-escolher-qual-dos-filhos-salvar-primeiro","status":"publish","type":"post","link":"https:\/\/portaltela.pt\/guerra\/2026\/04\/09\/nao-devia-ter-de-escolher-qual-dos-filhos-salvar-primeiro\/","title":{"rendered":"N\u00e3o devia ter de escolher qual dos filhos salvar primeiro"},"content":{"rendered":"<p>Uma m\u00e3e libanesa partilhou o testemunho de um momento de ataque em Beirute, capital do L\u00edbano, que se tornou viral nas redes. Ghida Margie Fakih mostrou um v\u00eddeo em que a filha de 13 anos caminha para casa a p\u00e9 com o marido, enquanto explos\u00f5es come\u00e7am de forma repentina. Os outros dois filhos estavam em casa com a empregada.<\/p>\n<p>O v\u00eddeo transmite o p\u00e2nico da menina e a tentativa de acalmar da dupla, que procura um abrigo seguro. Na descri\u00e7\u00e3o, Ghida relata os pensamentos do marido sobre os filhos em casa e a incerteza sobre a seguran\u00e7a, bem como a localiza\u00e7\u00e3o do pr\u00f3ximo m\u00edssil.<\/p>\n<p>A m\u00e3e explicou que inicialmente n\u00e3o conseguiu contactar a filha por telefone, mas depois conseguiu falar com o marido, que ficou mais tranquilo. Ainda assim, ela expressou preocupa\u00e7\u00e3o pelos filhos mais novos, com relatos de tremores e nervosismo entre eles.<\/p>\n<p>Beirute \u00e9 descrita pela autora como alvo de um ataque cruel e desumano, com m\u00edsseis a sobrevoarem a cidade, vindos de v\u00e1rias dire\u00e7\u00f5es. Ghida comenta o dif\u00edcil desafio de proteger os tr\u00eas filhos de forma imediata e a vontade de p\u00f4r termo \u00e0 situa\u00e7\u00e3o.<\/p>\n<h3>Repercuss\u00e3o e contexto<\/h3>\n<p>A testemunha destaca o peso emocional de n\u00e3o conseguir escolher qual filho salvar primeiro, uma reflex\u00e3o sobre a gravidade dos bombardeamentos atravessando a vida familiar. O caso \u00e9 usado para ilustrar o impacto humano das hostilidades na regi\u00e3o.<\/p>\n","protected":false},"excerpt":{"rendered":"<ul>\n<li>Ghida Margie Fakih, investigadora socio\u2011econ\u00f3mica, partilhou um v\u00eddeo no Instagram que mostra a filha de 13 anos e o marido a refugiarem\u2011se em Beirute, enquanto dois outros filhos estavam em casa.<\/li>\n<li>O v\u00eddeo regista o p\u00e2nico da filha e do pai, que tentam chegar a um local seguro durante os bombardeamentos repentinamente iniciados.<\/li>\n<li>Na descri\u00e7\u00e3o, o marido questiona os rapazes em casa com a empregada: \u201conde \u00e9 que o pr\u00f3ximo m\u00edssil vai cair?\u201d e se estar\u00e3o bem.<\/li>\n<li>Ghida conseguiu contactar o marido ap\u00f3s dificuldades iniciais de comunica\u00e7\u00e3o; o filho de 11 anos filmava e o mais novo, de 4 anos, tremia.<\/li>\n<li>Ela descreve Beirute como alvo de um ataque cruel e desumano, e afirma que nenhuma m\u00e3e deveria ter de escolher qual dos filhos salvar primeiro.<\/li>\n<\/ul>\n","protected":false},"author":2,"featured_media":437612,"comment_status":"closed","ping_status":"closed","sticky":false,"template":"","format":"standard","meta":{"footnotes":""},"categories":[6790,6804],"tags":[5267,6465,2198,3953,64,62],"class_list":["post-437607","post","type-post","status-publish","format-standard","has-post-thumbnail","hentry","category-conflitos","category-guerra","tag-ataques","tag-bombardeamentos","tag-conflitos-internacionais","tag-criancas","tag-familia","tag-guerra"],"yoast_head":"<!-- This site is optimized with the Yoast SEO plugin v27.2 - https:\/\/yoast.com\/product\/yoast-seo-wordpress\/ -->\n<title>N\u00e3o devia ter de escolher qual dos filhos salvar primeiro - Portal Tela Portugal<\/title>\n<meta name=\"robots\" content=\"index, follow, max-snippet:-1, max-image-preview:large, max-video-preview:-1\" \/>\n<meta property=\"og:locale\" content=\"pt_PT\" \/>\n<meta property=\"og:type\" content=\"article\" \/>\n<meta property=\"og:title\" content=\"N\u00e3o devia ter de escolher qual dos filhos salvar primeiro - Portal Tela Portugal\" \/>\n<meta property=\"og:description\" content=\"Ghida Margie Fakih, investigadora socio\u2011econ\u00f3mica, partilhou um v\u00eddeo no Instagram que mostra a filha de 13 anos e o marido a refugiarem\u2011se em Beirute, enquanto dois outros filhos estavam em casa. O v\u00eddeo regista o p\u00e2nico da filha e do pai, que tentam chegar a um local seguro durante os bombardeamentos repentinamente iniciados. Na descri\u00e7\u00e3o, o marido questiona os rapazes em casa com a empregada: \u201conde \u00e9 que o pr\u00f3ximo m\u00edssil vai cair?\u201d e se estar\u00e3o bem. Ghida conseguiu contactar o marido ap\u00f3s dificuldades iniciais de comunica\u00e7\u00e3o; o filho de 11 anos filmava e o mais novo, de 4 anos, tremia. Ela descreve Beirute como alvo de um ataque cruel e desumano, e afirma que nenhuma m\u00e3e deveria ter de escolher qual dos filhos salvar primeiro.\" \/>\n<meta property=\"og:url\" content=\"https:\/\/portaltela.pt\/noticias\/2026\/04\/09\/nao-devia-ter-de-escolher-qual-dos-filhos-salvar-primeiro\/\" \/>\n<meta property=\"og:site_name\" content=\"Portal Tela Portugal\" \/>\n<meta property=\"article:published_time\" content=\"2026-04-09T08:47:30+00:00\" \/>\n<meta name=\"author\" content=\"Telinha\" \/>\n<meta name=\"twitter:card\" content=\"summary_large_image\" \/>\n<meta name=\"twitter:label1\" content=\"Escrito por\" \/>\n\t<meta name=\"twitter:data1\" content=\"Telinha\" \/>\n\t<meta name=\"twitter:label2\" content=\"Tempo estimado de leitura\" \/>\n\t<meta name=\"twitter:data2\" content=\"1 minuto\" \/>\n<script type=\"application\/ld+json\" class=\"yoast-schema-graph\">{\"@context\":\"https:\/\/schema.org\",\"@graph\":[{\"@type\":\"Article\",\"@id\":\"https:\/\/portaltela.pt\/noticias\/2026\/04\/09\/nao-devia-ter-de-escolher-qual-dos-filhos-salvar-primeiro\/#article\",\"isPartOf\":{\"@id\":\"https:\/\/portaltela.pt\/noticias\/2026\/04\/09\/nao-devia-ter-de-escolher-qual-dos-filhos-salvar-primeiro\/\"},\"author\":{\"name\":\"Telinha\",\"@id\":\"https:\/\/portaltela.pt\/#\/schema\/person\/c4278d4a6028830caff9ee44b42d32ed\"},\"headline\":\"N\u00e3o devia ter de escolher qual dos filhos salvar primeiro\",\"datePublished\":\"2026-04-09T08:47:30+00:00\",\"mainEntityOfPage\":{\"@id\":\"https:\/\/portaltela.pt\/noticias\/2026\/04\/09\/nao-devia-ter-de-escolher-qual-dos-filhos-salvar-primeiro\/\"},\"wordCount\":262,\"image\":{\"@id\":\"https:\/\/portaltela.pt\/noticias\/2026\/04\/09\/nao-devia-ter-de-escolher-qual-dos-filhos-salvar-primeiro\/#primaryimage\"},\"thumbnailUrl\":\"https:\/\/portaltela.pt\/s.01k8rhncp4jt1\/2026\/04\/img_1500x1000uu2026-04-08-17-15-15-2277325.jpg\",\"keywords\":[\"ataques\",\"bombardeamentos\",\"conflitos internacionais\",\"crian\u00e7as\",\"fam\u00edlia\",\"guerra\"],\"articleSection\":[\"Conflitos\",\"Guerra\"],\"inLanguage\":\"pt-PT\"},{\"@type\":\"WebPage\",\"@id\":\"https:\/\/portaltela.pt\/noticias\/2026\/04\/09\/nao-devia-ter-de-escolher-qual-dos-filhos-salvar-primeiro\/\",\"url\":\"https:\/\/portaltela.pt\/noticias\/2026\/04\/09\/nao-devia-ter-de-escolher-qual-dos-filhos-salvar-primeiro\/\",\"name\":\"N\u00e3o devia ter de escolher qual dos filhos salvar primeiro - Portal Tela Portugal\",\"isPartOf\":{\"@id\":\"https:\/\/portaltela.pt\/#website\"},\"primaryImageOfPage\":{\"@id\":\"https:\/\/portaltela.pt\/noticias\/2026\/04\/09\/nao-devia-ter-de-escolher-qual-dos-filhos-salvar-primeiro\/#primaryimage\"},\"image\":{\"@id\":\"https:\/\/portaltela.pt\/noticias\/2026\/04\/09\/nao-devia-ter-de-escolher-qual-dos-filhos-salvar-primeiro\/#primaryimage\"},\"thumbnailUrl\":\"https:\/\/portaltela.pt\/s.01k8rhncp4jt1\/2026\/04\/img_1500x1000uu2026-04-08-17-15-15-2277325.jpg\",\"datePublished\":\"2026-04-09T08:47:30+00:00\",\"author\":{\"@id\":\"https:\/\/portaltela.pt\/#\/schema\/person\/c4278d4a6028830caff9ee44b42d32ed\"},\"breadcrumb\":{\"@id\":\"https:\/\/portaltela.pt\/noticias\/2026\/04\/09\/nao-devia-ter-de-escolher-qual-dos-filhos-salvar-primeiro\/#breadcrumb\"},\"inLanguage\":\"pt-PT\",\"potentialAction\":[{\"@type\":\"ReadAction\",\"target\":[\"https:\/\/portaltela.pt\/noticias\/2026\/04\/09\/nao-devia-ter-de-escolher-qual-dos-filhos-salvar-primeiro\/\"]}]},{\"@type\":\"ImageObject\",\"inLanguage\":\"pt-PT\",\"@id\":\"https:\/\/portaltela.pt\/noticias\/2026\/04\/09\/nao-devia-ter-de-escolher-qual-dos-filhos-salvar-primeiro\/#primaryimage\",\"url\":\"https:\/\/portaltela.pt\/s.01k8rhncp4jt1\/2026\/04\/img_1500x1000uu2026-04-08-17-15-15-2277325.jpg\",\"contentUrl\":\"https:\/\/portaltela.pt\/s.01k8rhncp4jt1\/2026\/04\/img_1500x1000uu2026-04-08-17-15-15-2277325.jpg\",\"width\":796,\"height\":448,\"caption\":\"Cidade de Beirute \u00e9 bastante fustigada por ataques desde o in\u00edcio do conflito\"},{\"@type\":\"BreadcrumbList\",\"@id\":\"https:\/\/portaltela.pt\/noticias\/2026\/04\/09\/nao-devia-ter-de-escolher-qual-dos-filhos-salvar-primeiro\/#breadcrumb\",\"itemListElement\":[{\"@type\":\"ListItem\",\"position\":1,\"name\":\"In\u00edcio\",\"item\":\"https:\/\/portaltela.pt\/\"},{\"@type\":\"ListItem\",\"position\":2,\"name\":\"N\u00e3o devia ter de escolher qual dos filhos salvar primeiro\"}]},{\"@type\":\"WebSite\",\"@id\":\"https:\/\/portaltela.pt\/#website\",\"url\":\"https:\/\/portaltela.pt\/\",\"name\":\"Portal Tela Portugal\",\"description\":\"\",\"potentialAction\":[{\"@type\":\"SearchAction\",\"target\":{\"@type\":\"EntryPoint\",\"urlTemplate\":\"https:\/\/portaltela.pt\/?s={search_term_string}\"},\"query-input\":{\"@type\":\"PropertyValueSpecification\",\"valueRequired\":true,\"valueName\":\"search_term_string\"}}],\"inLanguage\":\"pt-PT\"},{\"@type\":\"Person\",\"@id\":\"https:\/\/portaltela.pt\/#\/schema\/person\/c4278d4a6028830caff9ee44b42d32ed\",\"name\":\"Telinha\",\"image\":{\"@type\":\"ImageObject\",\"inLanguage\":\"pt-PT\",\"@id\":\"https:\/\/portaltela.pt\/s.01k8rhncp4jt1\/2025\/11\/talking-bot-125x125.png\",\"url\":\"https:\/\/portaltela.pt\/s.01k8rhncp4jt1\/2025\/11\/talking-bot-125x125.png\",\"contentUrl\":\"https:\/\/portaltela.pt\/s.01k8rhncp4jt1\/2025\/11\/talking-bot-125x125.png\",\"caption\":\"Telinha\"},\"sameAs\":[\"https:\/\/portaltela.pt\/\"],\"url\":\"https:\/\/portaltela.pt\/por\/367410592786\/\"}]}<\/script>\n<!-- \/ Yoast SEO plugin. -->","yoast_head_json":{"title":"N\u00e3o devia ter de escolher qual dos filhos salvar primeiro - Portal Tela Portugal","robots":{"index":"index","follow":"follow","max-snippet":"max-snippet:-1","max-image-preview":"max-image-preview:large","max-video-preview":"max-video-preview:-1"},"og_locale":"pt_PT","og_type":"article","og_title":"N\u00e3o devia ter de escolher qual dos filhos salvar primeiro - Portal Tela Portugal","og_description":"Ghida Margie Fakih, investigadora socio\u2011econ\u00f3mica, partilhou um v\u00eddeo no Instagram que mostra a filha de 13 anos e o marido a refugiarem\u2011se em Beirute, enquanto dois outros filhos estavam em casa. O v\u00eddeo regista o p\u00e2nico da filha e do pai, que tentam chegar a um local seguro durante os bombardeamentos repentinamente iniciados. Na descri\u00e7\u00e3o, o marido questiona os rapazes em casa com a empregada: \u201conde \u00e9 que o pr\u00f3ximo m\u00edssil vai cair?\u201d e se estar\u00e3o bem. Ghida conseguiu contactar o marido ap\u00f3s dificuldades iniciais de comunica\u00e7\u00e3o; o filho de 11 anos filmava e o mais novo, de 4 anos, tremia. Ela descreve Beirute como alvo de um ataque cruel e desumano, e afirma que nenhuma m\u00e3e deveria ter de escolher qual dos filhos salvar primeiro.","og_url":"https:\/\/portaltela.pt\/noticias\/2026\/04\/09\/nao-devia-ter-de-escolher-qual-dos-filhos-salvar-primeiro\/","og_site_name":"Portal Tela Portugal","article_published_time":"2026-04-09T08:47:30+00:00","author":"Telinha","twitter_card":"summary_large_image","twitter_misc":{"Escrito por":"Telinha","Tempo estimado de leitura":"1 minuto"},"schema":{"@context":"https:\/\/schema.org","@graph":[{"@type":"Article","@id":"https:\/\/portaltela.pt\/noticias\/2026\/04\/09\/nao-devia-ter-de-escolher-qual-dos-filhos-salvar-primeiro\/#article","isPartOf":{"@id":"https:\/\/portaltela.pt\/noticias\/2026\/04\/09\/nao-devia-ter-de-escolher-qual-dos-filhos-salvar-primeiro\/"},"author":{"name":"Telinha","@id":"https:\/\/portaltela.pt\/#\/schema\/person\/c4278d4a6028830caff9ee44b42d32ed"},"headline":"N\u00e3o devia ter de escolher qual dos filhos salvar primeiro","datePublished":"2026-04-09T08:47:30+00:00","mainEntityOfPage":{"@id":"https:\/\/portaltela.pt\/noticias\/2026\/04\/09\/nao-devia-ter-de-escolher-qual-dos-filhos-salvar-primeiro\/"},"wordCount":262,"image":{"@id":"https:\/\/portaltela.pt\/noticias\/2026\/04\/09\/nao-devia-ter-de-escolher-qual-dos-filhos-salvar-primeiro\/#primaryimage"},"thumbnailUrl":"https:\/\/portaltela.pt\/s.01k8rhncp4jt1\/2026\/04\/img_1500x1000uu2026-04-08-17-15-15-2277325.jpg","keywords":["ataques","bombardeamentos","conflitos internacionais","crian\u00e7as","fam\u00edlia","guerra"],"articleSection":["Conflitos","Guerra"],"inLanguage":"pt-PT"},{"@type":"WebPage","@id":"https:\/\/portaltela.pt\/noticias\/2026\/04\/09\/nao-devia-ter-de-escolher-qual-dos-filhos-salvar-primeiro\/","url":"https:\/\/portaltela.pt\/noticias\/2026\/04\/09\/nao-devia-ter-de-escolher-qual-dos-filhos-salvar-primeiro\/","name":"N\u00e3o devia ter de escolher qual dos filhos salvar primeiro - Portal Tela Portugal","isPartOf":{"@id":"https:\/\/portaltela.pt\/#website"},"primaryImageOfPage":{"@id":"https:\/\/portaltela.pt\/noticias\/2026\/04\/09\/nao-devia-ter-de-escolher-qual-dos-filhos-salvar-primeiro\/#primaryimage"},"image":{"@id":"https:\/\/portaltela.pt\/noticias\/2026\/04\/09\/nao-devia-ter-de-escolher-qual-dos-filhos-salvar-primeiro\/#primaryimage"},"thumbnailUrl":"https:\/\/portaltela.pt\/s.01k8rhncp4jt1\/2026\/04\/img_1500x1000uu2026-04-08-17-15-15-2277325.jpg","datePublished":"2026-04-09T08:47:30+00:00","author":{"@id":"https:\/\/portaltela.pt\/#\/schema\/person\/c4278d4a6028830caff9ee44b42d32ed"},"breadcrumb":{"@id":"https:\/\/portaltela.pt\/noticias\/2026\/04\/09\/nao-devia-ter-de-escolher-qual-dos-filhos-salvar-primeiro\/#breadcrumb"},"inLanguage":"pt-PT","potentialAction":[{"@type":"ReadAction","target":["https:\/\/portaltela.pt\/noticias\/2026\/04\/09\/nao-devia-ter-de-escolher-qual-dos-filhos-salvar-primeiro\/"]}]},{"@type":"ImageObject","inLanguage":"pt-PT","@id":"https:\/\/portaltela.pt\/noticias\/2026\/04\/09\/nao-devia-ter-de-escolher-qual-dos-filhos-salvar-primeiro\/#primaryimage","url":"https:\/\/portaltela.pt\/s.01k8rhncp4jt1\/2026\/04\/img_1500x1000uu2026-04-08-17-15-15-2277325.jpg","contentUrl":"https:\/\/portaltela.pt\/s.01k8rhncp4jt1\/2026\/04\/img_1500x1000uu2026-04-08-17-15-15-2277325.jpg","width":796,"height":448,"caption":"Cidade de Beirute \u00e9 bastante fustigada por ataques desde o in\u00edcio do conflito"},{"@type":"BreadcrumbList","@id":"https:\/\/portaltela.pt\/noticias\/2026\/04\/09\/nao-devia-ter-de-escolher-qual-dos-filhos-salvar-primeiro\/#breadcrumb","itemListElement":[{"@type":"ListItem","position":1,"name":"In\u00edcio","item":"https:\/\/portaltela.pt\/"},{"@type":"ListItem","position":2,"name":"N\u00e3o devia ter de escolher qual dos filhos salvar primeiro"}]},{"@type":"WebSite","@id":"https:\/\/portaltela.pt\/#website","url":"https:\/\/portaltela.pt\/","name":"Portal Tela Portugal","description":"","potentialAction":[{"@type":"SearchAction","target":{"@type":"EntryPoint","urlTemplate":"https:\/\/portaltela.pt\/?s={search_term_string}"},"query-input":{"@type":"PropertyValueSpecification","valueRequired":true,"valueName":"search_term_string"}}],"inLanguage":"pt-PT"},{"@type":"Person","@id":"https:\/\/portaltela.pt\/#\/schema\/person\/c4278d4a6028830caff9ee44b42d32ed","name":"Telinha","image":{"@type":"ImageObject","inLanguage":"pt-PT","@id":"https:\/\/portaltela.pt\/s.01k8rhncp4jt1\/2025\/11\/talking-bot-125x125.png","url":"https:\/\/portaltela.pt\/s.01k8rhncp4jt1\/2025\/11\/talking-bot-125x125.png","contentUrl":"https:\/\/portaltela.pt\/s.01k8rhncp4jt1\/2025\/11\/talking-bot-125x125.png","caption":"Telinha"},"sameAs":["https:\/\/portaltela.pt\/"],"url":"https:\/\/portaltela.pt\/por\/367410592786\/"}]}},"_links":{"self":[{"href":"https:\/\/portaltela.pt\/api\/wp\/v2\/posts\/437607","targetHints":{"allow":["GET"]}}],"collection":[{"href":"https:\/\/portaltela.pt\/api\/wp\/v2\/posts"}],"about":[{"href":"https:\/\/portaltela.pt\/api\/wp\/v2\/types\/post"}],"author":[{"embeddable":true,"href":"https:\/\/portaltela.pt\/api\/wp\/v2\/users\/2"}],"replies":[{"embeddable":true,"href":"https:\/\/portaltela.pt\/api\/wp\/v2\/comments?post=437607"}],"version-history":[{"count":0,"href":"https:\/\/portaltela.pt\/api\/wp\/v2\/posts\/437607\/revisions"}],"wp:featuredmedia":[{"embeddable":true,"href":"https:\/\/portaltela.pt\/api\/wp\/v2\/media\/437612"}],"wp:attachment":[{"href":"https:\/\/portaltela.pt\/api\/wp\/v2\/media?parent=437607"}],"wp:term":[{"taxonomy":"category","embeddable":true,"href":"https:\/\/portaltela.pt\/api\/wp\/v2\/categories?post=437607"},{"taxonomy":"post_tag","embeddable":true,"href":"https:\/\/portaltela.pt\/api\/wp\/v2\/tags?post=437607"}],"curies":[{"name":"wp","href":"https:\/\/api.w.org\/{rel}","templated":true}]}}